
{"id":4469,"date":"2010-05-04T10:10:30","date_gmt":"2010-05-04T08:10:30","guid":{"rendered":"http:\/\/www.blogdelaautoescuela.com\/blog\/?p=4469"},"modified":"2010-05-04T10:10:30","modified_gmt":"2010-05-04T08:10:30","slug":"ix-encuentro-iberoamericano-de-responsables-de-transito-y-seguridad-vial","status":"publish","type":"post","link":"https:\/\/www.blogdelaautoescuela.com\/blog\/ix-encuentro-iberoamericano-de-responsables-de-transito-y-seguridad-vial\/","title":{"rendered":"IX Encuentro Iberoamericano de Responsables de Tr\u00e1nsito y Seguridad Vial"},"content":{"rendered":"<p style=\"text-align: center;\"><img loading=\"lazy\" decoding=\"async\" class=\"size-full wp-image-4470 aligncenter\" title=\"iberoamerica\" src=\"http:\/\/www.blogdelaautoescuela.com\/blog\/wp-content\/uploads\/2010\/05\/iberoamerica.jpg\" alt=\"iberoamerica\" width=\"400\" height=\"176\" \/><\/p>\n<p>Ayer comenz\u00f3 en<strong> Montevideo<\/strong>, Uruguay, el <strong>IX Encuentro Iberoamericano de Responsables de Tr\u00e1nsito y Seguridad Vial<\/strong>, encuentro organizado por la <strong>Agencia Espa\u00f1ola de Cooperaci\u00f3n Internacional y desarrollo (AECID)<\/strong> y que finalizar\u00e1 ma\u00f1ana 5 de mayo.<\/p>\n<p>Los temas fundamentales de este encuentro son las <strong>pol\u00ed\u00adticas de control en el tr\u00e1fico, el permiso por puntos y la creaci\u00f3n de un observatorio sobre siniestralidad.<\/strong><\/p>\n<p>En este<strong> encuentro iberoamericano<\/strong> participan 19 naciones de Latinoam\u00e9rica y tambi\u00e9n cuenta con representaci\u00f3n espa\u00f1ola con la presencia de <strong>Pere Navarro, Director General de Tr\u00e1fico<\/strong>, quien cree que cada pa\u00ed\u00ads debe adecuar esas soluciones a su idiosincrasia y debe aprender tanto de los \u00e9xitos como de los fracasos.<\/p>\n<p><strong>El Director General de Tr\u00e1fico apuesta por la creaci\u00f3n de un Espacio Iberoamericano de Seguridad Vial<\/strong> en el que se pongan de acuerdo <em>&#8220;unos m\u00ed\u00adnimos&#8221;<\/em> en las <strong>pol\u00ed\u00adticas de autoridad, las licencias de conducci\u00f3n y los indicadores<\/strong>, y explic\u00f3 que resultar\u00ed\u00ada favorable que atravesar diferentes fronteras entre pa\u00ed\u00adses no fuera sin\u00f3nimo de cambio en las normativas viales.<\/p>\n<p>Para <strong>Pere Navarro<\/strong> su inter\u00e9s principal en este foro es transmitir a los pa\u00ed\u00adses iberoamericanos un mensaje de optimismo de que es posible hacer frente a los accidentes de tr\u00e1fico, y para ello Espa\u00f1a puede servir como ejemplo ya que en nuestro pa\u00ed\u00ads se han conseguido ciertos cambios de comportamiento al volante, motivados en gran medida por la implantaci\u00f3n del permiso por puntos del que dijo <em>&#8220;es el que puso en marcha la revoluci\u00f3n silenciosa de la seguridad vial en Espa\u00f1a&#8221;.<\/em><\/p>\n","protected":false},"excerpt":{"rendered":"<p>Ayer comenz\u00f3 en Montevideo, Uruguay, el IX Encuentro Iberoamericano de Responsables de Tr\u00e1nsito y Seguridad Vial, encuentro organizado por la Agencia Espa\u00f1ola de Cooperaci\u00f3n Internacional y desarrollo (AECID) y que finalizar\u00e1 ma\u00f1ana 5 de mayo. Los temas fundamentales de este encuentro son las pol\u00ed\u00adticas de control en el tr\u00e1fico, el permiso por puntos y la [&hellip;]<\/p>\n","protected":false},"author":1,"featured_media":4470,"comment_status":"open","ping_status":"closed","sticky":false,"template":"","format":"standard","meta":{"footnotes":"","jetpack_publicize_message":"","jetpack_publicize_feature_enabled":true,"jetpack_social_post_already_shared":false,"jetpack_social_options":{"image_generator_settings":{"template":"highway","enabled":false},"version":2}},"categories":[12,19],"tags":[391,725,1678],"class_list":["post-4469","post","type-post","status-publish","format-standard","has-post-thumbnail","hentry","category-noticias","category-seguridad-vial","tag-congreso","tag-ibero-americano","tag-seguridad-vial"],"wppr_data":[],"jetpack_publicize_connections":[],"yoast_head":"<!-- This site is optimized with the Yoast SEO plugin v24.7 - https:\/\/yoast.com\/wordpress\/plugins\/seo\/ -->\n<title>IX Encuentro Iberoamericano de Responsables de Tr\u00e1nsito y Seguridad Vial<\/title>\n<meta name=\"description\" content=\"Los temas fundamentales de este encuentro son las pol\u00ed\u00adticas de control en el tr\u00e1fico, el permiso por puntos y la creaci\u00f3n de un observatorio sobre siniestralidad\" \/>\n<meta name=\"robots\" content=\"index, follow, max-snippet:-1, max-image-preview:large, max-video-preview:-1\" \/>\n<link rel=\"canonical\" href=\"https:\/\/www.blogdelaautoescuela.com\/blog\/ix-encuentro-iberoamericano-de-responsables-de-transito-y-seguridad-vial\/\" \/>\n<meta property=\"og:locale\" content=\"es_ES\" \/>\n<meta property=\"og:type\" content=\"article\" \/>\n<meta property=\"og:title\" content=\"IX Encuentro Iberoamericano de Responsables de Tr\u00e1nsito y Seguridad Vial\" \/>\n<meta property=\"og:description\" content=\"Los temas fundamentales de este encuentro son las pol\u00ed\u00adticas de control en el tr\u00e1fico, el permiso por puntos y la creaci\u00f3n de un observatorio sobre siniestralidad\" \/>\n<meta property=\"og:url\" content=\"https:\/\/www.blogdelaautoescuela.com\/blog\/ix-encuentro-iberoamericano-de-responsables-de-transito-y-seguridad-vial\/\" \/>\n<meta property=\"og:site_name\" content=\"Blog de la autoescuela\" \/>\n<meta property=\"article:author\" content=\"https:\/\/www.facebook.com\/blogdelaautoescuela\" \/>\n<meta property=\"article:published_time\" content=\"2010-05-04T08:10:30+00:00\" \/>\n<meta property=\"og:image\" content=\"https:\/\/www.blogdelaautoescuela.com\/blog\/wp-content\/uploads\/2010\/05\/iberoamerica1.jpg\" \/>\n\t<meta property=\"og:image:width\" content=\"400\" \/>\n\t<meta property=\"og:image:height\" content=\"176\" \/>\n\t<meta property=\"og:image:type\" content=\"image\/jpeg\" \/>\n<meta name=\"author\" content=\"usr_blogauto\" \/>\n<meta name=\"twitter:label1\" content=\"Escrito por\" \/>\n\t<meta name=\"twitter:data1\" content=\"usr_blogauto\" \/>\n\t<meta name=\"twitter:label2\" content=\"Tiempo de lectura\" \/>\n\t<meta name=\"twitter:data2\" content=\"1 minuto\" \/>\n<script type=\"application\/ld+json\" class=\"yoast-schema-graph\">{\"@context\":\"https:\/\/schema.org\",\"@graph\":[{\"@type\":\"WebPage\",\"@id\":\"https:\/\/www.blogdelaautoescuela.com\/blog\/ix-encuentro-iberoamericano-de-responsables-de-transito-y-seguridad-vial\/\",\"url\":\"https:\/\/www.blogdelaautoescuela.com\/blog\/ix-encuentro-iberoamericano-de-responsables-de-transito-y-seguridad-vial\/\",\"name\":\"IX Encuentro Iberoamericano de Responsables de Tr\u00e1nsito y Seguridad Vial\",\"isPartOf\":{\"@id\":\"https:\/\/www.blogdelaautoescuela.com\/blog\/#website\"},\"primaryImageOfPage\":{\"@id\":\"https:\/\/www.blogdelaautoescuela.com\/blog\/ix-encuentro-iberoamericano-de-responsables-de-transito-y-seguridad-vial\/#primaryimage\"},\"image\":{\"@id\":\"https:\/\/www.blogdelaautoescuela.com\/blog\/ix-encuentro-iberoamericano-de-responsables-de-transito-y-seguridad-vial\/#primaryimage\"},\"thumbnailUrl\":\"https:\/\/www.blogdelaautoescuela.com\/blog\/wp-content\/uploads\/2010\/05\/iberoamerica1.jpg\",\"datePublished\":\"2010-05-04T08:10:30+00:00\",\"author\":{\"@id\":\"https:\/\/www.blogdelaautoescuela.com\/blog\/#\/schema\/person\/f209a64ca5dfe74b9acb6317240e792f\"},\"description\":\"Los temas fundamentales de este encuentro son las pol\u00ed\u00adticas de control en el tr\u00e1fico, el permiso por puntos y la creaci\u00f3n de un observatorio sobre siniestralidad\",\"breadcrumb\":{\"@id\":\"https:\/\/www.blogdelaautoescuela.com\/blog\/ix-encuentro-iberoamericano-de-responsables-de-transito-y-seguridad-vial\/#breadcrumb\"},\"inLanguage\":\"es\",\"potentialAction\":[{\"@type\":\"ReadAction\",\"target\":[\"https:\/\/www.blogdelaautoescuela.com\/blog\/ix-encuentro-iberoamericano-de-responsables-de-transito-y-seguridad-vial\/\"]}]},{\"@type\":\"ImageObject\",\"inLanguage\":\"es\",\"@id\":\"https:\/\/www.blogdelaautoescuela.com\/blog\/ix-encuentro-iberoamericano-de-responsables-de-transito-y-seguridad-vial\/#primaryimage\",\"url\":\"https:\/\/www.blogdelaautoescuela.com\/blog\/wp-content\/uploads\/2010\/05\/iberoamerica1.jpg\",\"contentUrl\":\"https:\/\/www.blogdelaautoescuela.com\/blog\/wp-content\/uploads\/2010\/05\/iberoamerica1.jpg\",\"width\":400,\"height\":176},{\"@type\":\"BreadcrumbList\",\"@id\":\"https:\/\/www.blogdelaautoescuela.com\/blog\/ix-encuentro-iberoamericano-de-responsables-de-transito-y-seguridad-vial\/#breadcrumb\",\"itemListElement\":[{\"@type\":\"ListItem\",\"position\":1,\"name\":\"Portada\",\"item\":\"https:\/\/www.blogdelaautoescuela.com\/blog\/\"},{\"@type\":\"ListItem\",\"position\":2,\"name\":\"IX Encuentro Iberoamericano de Responsables de Tr\u00e1nsito y Seguridad Vial\"}]},{\"@type\":\"WebSite\",\"@id\":\"https:\/\/www.blogdelaautoescuela.com\/blog\/#website\",\"url\":\"https:\/\/www.blogdelaautoescuela.com\/blog\/\",\"name\":\"Blog de la autoescuela\",\"description\":\"Noticias sobre autoescuelas y seguridad vial\",\"potentialAction\":[{\"@type\":\"SearchAction\",\"target\":{\"@type\":\"EntryPoint\",\"urlTemplate\":\"https:\/\/www.blogdelaautoescuela.com\/blog\/?s={search_term_string}\"},\"query-input\":{\"@type\":\"PropertyValueSpecification\",\"valueRequired\":true,\"valueName\":\"search_term_string\"}}],\"inLanguage\":\"es\"},{\"@type\":\"Person\",\"@id\":\"https:\/\/www.blogdelaautoescuela.com\/blog\/#\/schema\/person\/f209a64ca5dfe74b9acb6317240e792f\",\"name\":\"usr_blogauto\",\"image\":{\"@type\":\"ImageObject\",\"inLanguage\":\"es\",\"@id\":\"https:\/\/www.blogdelaautoescuela.com\/blog\/#\/schema\/person\/image\/\",\"url\":\"https:\/\/secure.gravatar.com\/avatar\/d3939d4ea521ac8421c86d2980321cc9?s=96&d=mm&r=g\",\"contentUrl\":\"https:\/\/secure.gravatar.com\/avatar\/d3939d4ea521ac8421c86d2980321cc9?s=96&d=mm&r=g\",\"caption\":\"usr_blogauto\"},\"description\":\"Blog dedicado a la conducci\u00f3n, las autoescuelas y la seguridad vial. Est\u00e1 creado por un grupo de profesionales de la formaci\u00f3n vial que comparten inquietudes y experiencias. Aqu\u00ed\u00ad podr\u00e1s encontrar informaci\u00f3n variada sobre el d\u00ed\u00ada a d\u00ed\u00ada de la autoescuela, ex\u00e1menes, test o novedades y consejos para una conducci\u00f3n m\u00e1s segura.\",\"sameAs\":[\"http:\/\/www.blogdelaautoescuela.com\/\",\"https:\/\/www.facebook.com\/blogdelaautoescuela\",\"https:\/\/x.com\/autoescuelas\"],\"url\":\"https:\/\/www.blogdelaautoescuela.com\/blog\/author\/usr_blogauto\/\"}]}<\/script>\n<!-- \/ Yoast SEO plugin. -->","yoast_head_json":{"title":"IX Encuentro Iberoamericano de Responsables de Tr\u00e1nsito y Seguridad Vial","description":"Los temas fundamentales de este encuentro son las pol\u00ed\u00adticas de control en el tr\u00e1fico, el permiso por puntos y la creaci\u00f3n de un observatorio sobre siniestralidad","robots":{"index":"index","follow":"follow","max-snippet":"max-snippet:-1","max-image-preview":"max-image-preview:large","max-video-preview":"max-video-preview:-1"},"canonical":"https:\/\/www.blogdelaautoescuela.com\/blog\/ix-encuentro-iberoamericano-de-responsables-de-transito-y-seguridad-vial\/","og_locale":"es_ES","og_type":"article","og_title":"IX Encuentro Iberoamericano de Responsables de Tr\u00e1nsito y Seguridad Vial","og_description":"Los temas fundamentales de este encuentro son las pol\u00ed\u00adticas de control en el tr\u00e1fico, el permiso por puntos y la creaci\u00f3n de un observatorio sobre siniestralidad","og_url":"https:\/\/www.blogdelaautoescuela.com\/blog\/ix-encuentro-iberoamericano-de-responsables-de-transito-y-seguridad-vial\/","og_site_name":"Blog de la autoescuela","article_author":"https:\/\/www.facebook.com\/blogdelaautoescuela","article_published_time":"2010-05-04T08:10:30+00:00","og_image":[{"width":400,"height":176,"url":"https:\/\/www.blogdelaautoescuela.com\/blog\/wp-content\/uploads\/2010\/05\/iberoamerica1.jpg","type":"image\/jpeg"}],"author":"usr_blogauto","twitter_misc":{"Escrito por":"usr_blogauto","Tiempo de lectura":"1 minuto"},"schema":{"@context":"https:\/\/schema.org","@graph":[{"@type":"WebPage","@id":"https:\/\/www.blogdelaautoescuela.com\/blog\/ix-encuentro-iberoamericano-de-responsables-de-transito-y-seguridad-vial\/","url":"https:\/\/www.blogdelaautoescuela.com\/blog\/ix-encuentro-iberoamericano-de-responsables-de-transito-y-seguridad-vial\/","name":"IX Encuentro Iberoamericano de Responsables de Tr\u00e1nsito y Seguridad Vial","isPartOf":{"@id":"https:\/\/www.blogdelaautoescuela.com\/blog\/#website"},"primaryImageOfPage":{"@id":"https:\/\/www.blogdelaautoescuela.com\/blog\/ix-encuentro-iberoamericano-de-responsables-de-transito-y-seguridad-vial\/#primaryimage"},"image":{"@id":"https:\/\/www.blogdelaautoescuela.com\/blog\/ix-encuentro-iberoamericano-de-responsables-de-transito-y-seguridad-vial\/#primaryimage"},"thumbnailUrl":"https:\/\/www.blogdelaautoescuela.com\/blog\/wp-content\/uploads\/2010\/05\/iberoamerica1.jpg","datePublished":"2010-05-04T08:10:30+00:00","author":{"@id":"https:\/\/www.blogdelaautoescuela.com\/blog\/#\/schema\/person\/f209a64ca5dfe74b9acb6317240e792f"},"description":"Los temas fundamentales de este encuentro son las pol\u00ed\u00adticas de control en el tr\u00e1fico, el permiso por puntos y la creaci\u00f3n de un observatorio sobre siniestralidad","breadcrumb":{"@id":"https:\/\/www.blogdelaautoescuela.com\/blog\/ix-encuentro-iberoamericano-de-responsables-de-transito-y-seguridad-vial\/#breadcrumb"},"inLanguage":"es","potentialAction":[{"@type":"ReadAction","target":["https:\/\/www.blogdelaautoescuela.com\/blog\/ix-encuentro-iberoamericano-de-responsables-de-transito-y-seguridad-vial\/"]}]},{"@type":"ImageObject","inLanguage":"es","@id":"https:\/\/www.blogdelaautoescuela.com\/blog\/ix-encuentro-iberoamericano-de-responsables-de-transito-y-seguridad-vial\/#primaryimage","url":"https:\/\/www.blogdelaautoescuela.com\/blog\/wp-content\/uploads\/2010\/05\/iberoamerica1.jpg","contentUrl":"https:\/\/www.blogdelaautoescuela.com\/blog\/wp-content\/uploads\/2010\/05\/iberoamerica1.jpg","width":400,"height":176},{"@type":"BreadcrumbList","@id":"https:\/\/www.blogdelaautoescuela.com\/blog\/ix-encuentro-iberoamericano-de-responsables-de-transito-y-seguridad-vial\/#breadcrumb","itemListElement":[{"@type":"ListItem","position":1,"name":"Portada","item":"https:\/\/www.blogdelaautoescuela.com\/blog\/"},{"@type":"ListItem","position":2,"name":"IX Encuentro Iberoamericano de Responsables de Tr\u00e1nsito y Seguridad Vial"}]},{"@type":"WebSite","@id":"https:\/\/www.blogdelaautoescuela.com\/blog\/#website","url":"https:\/\/www.blogdelaautoescuela.com\/blog\/","name":"Blog de la autoescuela","description":"Noticias sobre autoescuelas y seguridad vial","potentialAction":[{"@type":"SearchAction","target":{"@type":"EntryPoint","urlTemplate":"https:\/\/www.blogdelaautoescuela.com\/blog\/?s={search_term_string}"},"query-input":{"@type":"PropertyValueSpecification","valueRequired":true,"valueName":"search_term_string"}}],"inLanguage":"es"},{"@type":"Person","@id":"https:\/\/www.blogdelaautoescuela.com\/blog\/#\/schema\/person\/f209a64ca5dfe74b9acb6317240e792f","name":"usr_blogauto","image":{"@type":"ImageObject","inLanguage":"es","@id":"https:\/\/www.blogdelaautoescuela.com\/blog\/#\/schema\/person\/image\/","url":"https:\/\/secure.gravatar.com\/avatar\/d3939d4ea521ac8421c86d2980321cc9?s=96&d=mm&r=g","contentUrl":"https:\/\/secure.gravatar.com\/avatar\/d3939d4ea521ac8421c86d2980321cc9?s=96&d=mm&r=g","caption":"usr_blogauto"},"description":"Blog dedicado a la conducci\u00f3n, las autoescuelas y la seguridad vial. Est\u00e1 creado por un grupo de profesionales de la formaci\u00f3n vial que comparten inquietudes y experiencias. Aqu\u00ed\u00ad podr\u00e1s encontrar informaci\u00f3n variada sobre el d\u00ed\u00ada a d\u00ed\u00ada de la autoescuela, ex\u00e1menes, test o novedades y consejos para una conducci\u00f3n m\u00e1s segura.","sameAs":["http:\/\/www.blogdelaautoescuela.com\/","https:\/\/www.facebook.com\/blogdelaautoescuela","https:\/\/x.com\/autoescuelas"],"url":"https:\/\/www.blogdelaautoescuela.com\/blog\/author\/usr_blogauto\/"}]}},"jetpack_featured_media_url":"https:\/\/www.blogdelaautoescuela.com\/blog\/wp-content\/uploads\/2010\/05\/iberoamerica1.jpg","_links":{"self":[{"href":"https:\/\/www.blogdelaautoescuela.com\/blog\/wp-json\/wp\/v2\/posts\/4469","targetHints":{"allow":["GET"]}}],"collection":[{"href":"https:\/\/www.blogdelaautoescuela.com\/blog\/wp-json\/wp\/v2\/posts"}],"about":[{"href":"https:\/\/www.blogdelaautoescuela.com\/blog\/wp-json\/wp\/v2\/types\/post"}],"author":[{"embeddable":true,"href":"https:\/\/www.blogdelaautoescuela.com\/blog\/wp-json\/wp\/v2\/users\/1"}],"replies":[{"embeddable":true,"href":"https:\/\/www.blogdelaautoescuela.com\/blog\/wp-json\/wp\/v2\/comments?post=4469"}],"version-history":[{"count":0,"href":"https:\/\/www.blogdelaautoescuela.com\/blog\/wp-json\/wp\/v2\/posts\/4469\/revisions"}],"wp:featuredmedia":[{"embeddable":true,"href":"https:\/\/www.blogdelaautoescuela.com\/blog\/wp-json\/wp\/v2\/media\/4470"}],"wp:attachment":[{"href":"https:\/\/www.blogdelaautoescuela.com\/blog\/wp-json\/wp\/v2\/media?parent=4469"}],"wp:term":[{"taxonomy":"category","embeddable":true,"href":"https:\/\/www.blogdelaautoescuela.com\/blog\/wp-json\/wp\/v2\/categories?post=4469"},{"taxonomy":"post_tag","embeddable":true,"href":"https:\/\/www.blogdelaautoescuela.com\/blog\/wp-json\/wp\/v2\/tags?post=4469"}],"curies":[{"name":"wp","href":"https:\/\/api.w.org\/{rel}","templated":true}]}}