
{"id":4464,"date":"2010-05-03T11:59:38","date_gmt":"2010-05-03T09:59:38","guid":{"rendered":"http:\/\/www.blogdelaautoescuela.com\/blog\/?p=4464"},"modified":"2010-05-03T11:59:38","modified_gmt":"2010-05-03T09:59:38","slug":"espana-a-la-cabeza-de-firmantes-de-la-carta-europea-de-la-seguridad-vial","status":"publish","type":"post","link":"https:\/\/www.blogdelaautoescuela.com\/blog\/espana-a-la-cabeza-de-firmantes-de-la-carta-europea-de-la-seguridad-vial\/","title":{"rendered":"Espa\u00f1a a la cabeza de firmantes de la Carta Europea de la Seguridad Vial"},"content":{"rendered":"<p style=\"text-align: center;\"><img loading=\"lazy\" decoding=\"async\" class=\"size-full wp-image-748 aligncenter\" title=\"carta-europea\" src=\"http:\/\/www.blogdelaautoescuela.com\/blog\/wp-content\/uploads\/2009\/03\/carta-europea.jpg\" alt=\"carta-europea\" width=\"400\" height=\"276\" \/><\/p>\n<p>La <strong>Carta Europea\u00a0 de la Seguridad Vial<\/strong> ten\u00ed\u00ada como <strong>objetivo para el 2010 reducir el n\u00famero de fallecidos en accidentes de tr\u00e1fico en un 50%<\/strong>, algo que desgraciadamente no se ha conseguido en la mayor\u00ed\u00ada de los pa\u00ed\u00adses europeas y como media se ha logrado reducir el n\u00famero de v\u00ed\u00adctimas mortales en un 35%.<\/p>\n<p><strong>Espa\u00f1a ha sido uno de los pocos pa\u00ed\u00adses donde s\u00ed\u00ad se ha logrado cumplir con el objetivo<\/strong>, y adem\u00e1s lo logr\u00f3 con un a\u00f1o de antelaci\u00f3n, en el 2009.<\/p>\n<p>La <strong>Carta Europea de Seguridad Vial<\/strong>, tiene 1.700 firmantes en toda Europa y ha logrado que organizaciones, asociaciones y compa\u00f1\u00ed\u00adas se comprometan y lleven a cabo medidas encaminadas a reducir los fallecidos en accidentes de tr\u00e1fico.<\/p>\n<p><strong>Espa\u00f1a tambi\u00e9n es uno de los pa\u00ed\u00adses que se encuentran a la cabeza en organizaciones que se han sumado a la Carta Europea de la Seguridad Vial,<\/strong> en nuestro pa\u00ed\u00ads se han sumado a esta iniciativa 220 organizaciones, entre las que se encuentran Alsa, la Asociaci\u00f3n de Profesores de Formaci\u00f3n Vial de Valencia (AFVV), la Confederaci\u00f3n Espa\u00f1ola de Transporte de Mercanc\u00ed\u00adas (CETM), Mutua Madrile\u00f1a, L\u00ed\u00adnea Directa, la Federaci\u00f3n Espa\u00f1ola de Bebidas Espirituosas (FEBE), L\u00ed\u00adnea Directa&#8230;<\/p>\n<p>Esperemos que este compromiso se traduzca en que en nuestro pa\u00ed\u00ads se sigan reduciendo el n\u00famero de v\u00ed\u00adctimas mortales en accidentes de tr\u00e1fico en nuestro pa\u00ed\u00ads.<\/p>\n","protected":false},"excerpt":{"rendered":"<p>La Carta Europea\u00a0 de la Seguridad Vial ten\u00ed\u00ada como objetivo para el 2010 reducir el n\u00famero de fallecidos en accidentes de tr\u00e1fico en un 50%, algo que desgraciadamente no se ha conseguido en la mayor\u00ed\u00ada de los pa\u00ed\u00adses europeas y como media se ha logrado reducir el n\u00famero de v\u00ed\u00adctimas mortales en un 35%. Espa\u00f1a [&hellip;]<\/p>\n","protected":false},"author":1,"featured_media":748,"comment_status":"open","ping_status":"closed","sticky":false,"template":"","format":"standard","meta":{"footnotes":"","jetpack_publicize_message":"","jetpack_publicize_feature_enabled":true,"jetpack_social_post_already_shared":false,"jetpack_social_options":{"image_generator_settings":{"template":"highway","enabled":false},"version":2}},"categories":[19],"tags":[287,1672,1678],"class_list":["post-4464","post","type-post","status-publish","format-standard","has-post-thumbnail","hentry","category-seguridad-vial","tag-carta-europea-de-seguridad-vial","tag-noticias","tag-seguridad-vial"],"wppr_data":[],"jetpack_publicize_connections":[],"yoast_head":"<!-- This site is optimized with the Yoast SEO plugin v24.7 - https:\/\/yoast.com\/wordpress\/plugins\/seo\/ -->\n<title>Espa\u00f1a a la cabeza de firmantes de la Carta Europea de la Seguridad Vial<\/title>\n<meta name=\"description\" content=\"Espa\u00f1a se encuentran a la cabeza en organizaciones que se han sumado a la Carta Europea de la Seguridad Vial, se han sumado a esta iniciativa 220 organizaciones\" \/>\n<meta name=\"robots\" content=\"index, follow, max-snippet:-1, max-image-preview:large, max-video-preview:-1\" \/>\n<link rel=\"canonical\" href=\"https:\/\/www.blogdelaautoescuela.com\/blog\/espana-a-la-cabeza-de-firmantes-de-la-carta-europea-de-la-seguridad-vial\/\" \/>\n<meta property=\"og:locale\" content=\"es_ES\" \/>\n<meta property=\"og:type\" content=\"article\" \/>\n<meta property=\"og:title\" content=\"Espa\u00f1a a la cabeza de firmantes de la Carta Europea de la Seguridad Vial\" \/>\n<meta property=\"og:description\" content=\"Espa\u00f1a se encuentran a la cabeza en organizaciones que se han sumado a la Carta Europea de la Seguridad Vial, se han sumado a esta iniciativa 220 organizaciones\" \/>\n<meta property=\"og:url\" content=\"https:\/\/www.blogdelaautoescuela.com\/blog\/espana-a-la-cabeza-de-firmantes-de-la-carta-europea-de-la-seguridad-vial\/\" \/>\n<meta property=\"og:site_name\" content=\"Blog de la autoescuela\" \/>\n<meta property=\"article:author\" content=\"https:\/\/www.facebook.com\/blogdelaautoescuela\" \/>\n<meta property=\"article:published_time\" content=\"2010-05-03T09:59:38+00:00\" \/>\n<meta property=\"og:image\" content=\"https:\/\/www.blogdelaautoescuela.com\/blog\/wp-content\/uploads\/2009\/03\/carta-europea1.jpg\" \/>\n\t<meta property=\"og:image:width\" content=\"400\" \/>\n\t<meta property=\"og:image:height\" content=\"276\" \/>\n\t<meta property=\"og:image:type\" content=\"image\/jpeg\" \/>\n<meta name=\"author\" content=\"usr_blogauto\" \/>\n<meta name=\"twitter:label1\" content=\"Escrito por\" \/>\n\t<meta name=\"twitter:data1\" content=\"usr_blogauto\" \/>\n\t<meta name=\"twitter:label2\" content=\"Tiempo de lectura\" \/>\n\t<meta name=\"twitter:data2\" content=\"1 minuto\" \/>\n<script type=\"application\/ld+json\" class=\"yoast-schema-graph\">{\"@context\":\"https:\/\/schema.org\",\"@graph\":[{\"@type\":\"WebPage\",\"@id\":\"https:\/\/www.blogdelaautoescuela.com\/blog\/espana-a-la-cabeza-de-firmantes-de-la-carta-europea-de-la-seguridad-vial\/\",\"url\":\"https:\/\/www.blogdelaautoescuela.com\/blog\/espana-a-la-cabeza-de-firmantes-de-la-carta-europea-de-la-seguridad-vial\/\",\"name\":\"Espa\u00f1a a la cabeza de firmantes de la Carta Europea de la Seguridad Vial\",\"isPartOf\":{\"@id\":\"https:\/\/www.blogdelaautoescuela.com\/blog\/#website\"},\"primaryImageOfPage\":{\"@id\":\"https:\/\/www.blogdelaautoescuela.com\/blog\/espana-a-la-cabeza-de-firmantes-de-la-carta-europea-de-la-seguridad-vial\/#primaryimage\"},\"image\":{\"@id\":\"https:\/\/www.blogdelaautoescuela.com\/blog\/espana-a-la-cabeza-de-firmantes-de-la-carta-europea-de-la-seguridad-vial\/#primaryimage\"},\"thumbnailUrl\":\"https:\/\/www.blogdelaautoescuela.com\/blog\/wp-content\/uploads\/2009\/03\/carta-europea1.jpg\",\"datePublished\":\"2010-05-03T09:59:38+00:00\",\"author\":{\"@id\":\"https:\/\/www.blogdelaautoescuela.com\/blog\/#\/schema\/person\/f209a64ca5dfe74b9acb6317240e792f\"},\"description\":\"Espa\u00f1a se encuentran a la cabeza en organizaciones que se han sumado a la Carta Europea de la Seguridad Vial, se han sumado a esta iniciativa 220 organizaciones\",\"breadcrumb\":{\"@id\":\"https:\/\/www.blogdelaautoescuela.com\/blog\/espana-a-la-cabeza-de-firmantes-de-la-carta-europea-de-la-seguridad-vial\/#breadcrumb\"},\"inLanguage\":\"es\",\"potentialAction\":[{\"@type\":\"ReadAction\",\"target\":[\"https:\/\/www.blogdelaautoescuela.com\/blog\/espana-a-la-cabeza-de-firmantes-de-la-carta-europea-de-la-seguridad-vial\/\"]}]},{\"@type\":\"ImageObject\",\"inLanguage\":\"es\",\"@id\":\"https:\/\/www.blogdelaautoescuela.com\/blog\/espana-a-la-cabeza-de-firmantes-de-la-carta-europea-de-la-seguridad-vial\/#primaryimage\",\"url\":\"https:\/\/www.blogdelaautoescuela.com\/blog\/wp-content\/uploads\/2009\/03\/carta-europea1.jpg\",\"contentUrl\":\"https:\/\/www.blogdelaautoescuela.com\/blog\/wp-content\/uploads\/2009\/03\/carta-europea1.jpg\",\"width\":400,\"height\":276},{\"@type\":\"BreadcrumbList\",\"@id\":\"https:\/\/www.blogdelaautoescuela.com\/blog\/espana-a-la-cabeza-de-firmantes-de-la-carta-europea-de-la-seguridad-vial\/#breadcrumb\",\"itemListElement\":[{\"@type\":\"ListItem\",\"position\":1,\"name\":\"Portada\",\"item\":\"https:\/\/www.blogdelaautoescuela.com\/blog\/\"},{\"@type\":\"ListItem\",\"position\":2,\"name\":\"Espa\u00f1a a la cabeza de firmantes de la Carta Europea de la Seguridad Vial\"}]},{\"@type\":\"WebSite\",\"@id\":\"https:\/\/www.blogdelaautoescuela.com\/blog\/#website\",\"url\":\"https:\/\/www.blogdelaautoescuela.com\/blog\/\",\"name\":\"Blog de la autoescuela\",\"description\":\"Noticias sobre autoescuelas y seguridad vial\",\"potentialAction\":[{\"@type\":\"SearchAction\",\"target\":{\"@type\":\"EntryPoint\",\"urlTemplate\":\"https:\/\/www.blogdelaautoescuela.com\/blog\/?s={search_term_string}\"},\"query-input\":{\"@type\":\"PropertyValueSpecification\",\"valueRequired\":true,\"valueName\":\"search_term_string\"}}],\"inLanguage\":\"es\"},{\"@type\":\"Person\",\"@id\":\"https:\/\/www.blogdelaautoescuela.com\/blog\/#\/schema\/person\/f209a64ca5dfe74b9acb6317240e792f\",\"name\":\"usr_blogauto\",\"image\":{\"@type\":\"ImageObject\",\"inLanguage\":\"es\",\"@id\":\"https:\/\/www.blogdelaautoescuela.com\/blog\/#\/schema\/person\/image\/\",\"url\":\"https:\/\/secure.gravatar.com\/avatar\/d3939d4ea521ac8421c86d2980321cc9?s=96&d=mm&r=g\",\"contentUrl\":\"https:\/\/secure.gravatar.com\/avatar\/d3939d4ea521ac8421c86d2980321cc9?s=96&d=mm&r=g\",\"caption\":\"usr_blogauto\"},\"description\":\"Blog dedicado a la conducci\u00f3n, las autoescuelas y la seguridad vial. Est\u00e1 creado por un grupo de profesionales de la formaci\u00f3n vial que comparten inquietudes y experiencias. Aqu\u00ed\u00ad podr\u00e1s encontrar informaci\u00f3n variada sobre el d\u00ed\u00ada a d\u00ed\u00ada de la autoescuela, ex\u00e1menes, test o novedades y consejos para una conducci\u00f3n m\u00e1s segura.\",\"sameAs\":[\"http:\/\/www.blogdelaautoescuela.com\/\",\"https:\/\/www.facebook.com\/blogdelaautoescuela\",\"https:\/\/x.com\/autoescuelas\"],\"url\":\"https:\/\/www.blogdelaautoescuela.com\/blog\/author\/usr_blogauto\/\"}]}<\/script>\n<!-- \/ Yoast SEO plugin. -->","yoast_head_json":{"title":"Espa\u00f1a a la cabeza de firmantes de la Carta Europea de la Seguridad Vial","description":"Espa\u00f1a se encuentran a la cabeza en organizaciones que se han sumado a la Carta Europea de la Seguridad Vial, se han sumado a esta iniciativa 220 organizaciones","robots":{"index":"index","follow":"follow","max-snippet":"max-snippet:-1","max-image-preview":"max-image-preview:large","max-video-preview":"max-video-preview:-1"},"canonical":"https:\/\/www.blogdelaautoescuela.com\/blog\/espana-a-la-cabeza-de-firmantes-de-la-carta-europea-de-la-seguridad-vial\/","og_locale":"es_ES","og_type":"article","og_title":"Espa\u00f1a a la cabeza de firmantes de la Carta Europea de la Seguridad Vial","og_description":"Espa\u00f1a se encuentran a la cabeza en organizaciones que se han sumado a la Carta Europea de la Seguridad Vial, se han sumado a esta iniciativa 220 organizaciones","og_url":"https:\/\/www.blogdelaautoescuela.com\/blog\/espana-a-la-cabeza-de-firmantes-de-la-carta-europea-de-la-seguridad-vial\/","og_site_name":"Blog de la autoescuela","article_author":"https:\/\/www.facebook.com\/blogdelaautoescuela","article_published_time":"2010-05-03T09:59:38+00:00","og_image":[{"width":400,"height":276,"url":"https:\/\/www.blogdelaautoescuela.com\/blog\/wp-content\/uploads\/2009\/03\/carta-europea1.jpg","type":"image\/jpeg"}],"author":"usr_blogauto","twitter_misc":{"Escrito por":"usr_blogauto","Tiempo de lectura":"1 minuto"},"schema":{"@context":"https:\/\/schema.org","@graph":[{"@type":"WebPage","@id":"https:\/\/www.blogdelaautoescuela.com\/blog\/espana-a-la-cabeza-de-firmantes-de-la-carta-europea-de-la-seguridad-vial\/","url":"https:\/\/www.blogdelaautoescuela.com\/blog\/espana-a-la-cabeza-de-firmantes-de-la-carta-europea-de-la-seguridad-vial\/","name":"Espa\u00f1a a la cabeza de firmantes de la Carta Europea de la Seguridad Vial","isPartOf":{"@id":"https:\/\/www.blogdelaautoescuela.com\/blog\/#website"},"primaryImageOfPage":{"@id":"https:\/\/www.blogdelaautoescuela.com\/blog\/espana-a-la-cabeza-de-firmantes-de-la-carta-europea-de-la-seguridad-vial\/#primaryimage"},"image":{"@id":"https:\/\/www.blogdelaautoescuela.com\/blog\/espana-a-la-cabeza-de-firmantes-de-la-carta-europea-de-la-seguridad-vial\/#primaryimage"},"thumbnailUrl":"https:\/\/www.blogdelaautoescuela.com\/blog\/wp-content\/uploads\/2009\/03\/carta-europea1.jpg","datePublished":"2010-05-03T09:59:38+00:00","author":{"@id":"https:\/\/www.blogdelaautoescuela.com\/blog\/#\/schema\/person\/f209a64ca5dfe74b9acb6317240e792f"},"description":"Espa\u00f1a se encuentran a la cabeza en organizaciones que se han sumado a la Carta Europea de la Seguridad Vial, se han sumado a esta iniciativa 220 organizaciones","breadcrumb":{"@id":"https:\/\/www.blogdelaautoescuela.com\/blog\/espana-a-la-cabeza-de-firmantes-de-la-carta-europea-de-la-seguridad-vial\/#breadcrumb"},"inLanguage":"es","potentialAction":[{"@type":"ReadAction","target":["https:\/\/www.blogdelaautoescuela.com\/blog\/espana-a-la-cabeza-de-firmantes-de-la-carta-europea-de-la-seguridad-vial\/"]}]},{"@type":"ImageObject","inLanguage":"es","@id":"https:\/\/www.blogdelaautoescuela.com\/blog\/espana-a-la-cabeza-de-firmantes-de-la-carta-europea-de-la-seguridad-vial\/#primaryimage","url":"https:\/\/www.blogdelaautoescuela.com\/blog\/wp-content\/uploads\/2009\/03\/carta-europea1.jpg","contentUrl":"https:\/\/www.blogdelaautoescuela.com\/blog\/wp-content\/uploads\/2009\/03\/carta-europea1.jpg","width":400,"height":276},{"@type":"BreadcrumbList","@id":"https:\/\/www.blogdelaautoescuela.com\/blog\/espana-a-la-cabeza-de-firmantes-de-la-carta-europea-de-la-seguridad-vial\/#breadcrumb","itemListElement":[{"@type":"ListItem","position":1,"name":"Portada","item":"https:\/\/www.blogdelaautoescuela.com\/blog\/"},{"@type":"ListItem","position":2,"name":"Espa\u00f1a a la cabeza de firmantes de la Carta Europea de la Seguridad Vial"}]},{"@type":"WebSite","@id":"https:\/\/www.blogdelaautoescuela.com\/blog\/#website","url":"https:\/\/www.blogdelaautoescuela.com\/blog\/","name":"Blog de la autoescuela","description":"Noticias sobre autoescuelas y seguridad vial","potentialAction":[{"@type":"SearchAction","target":{"@type":"EntryPoint","urlTemplate":"https:\/\/www.blogdelaautoescuela.com\/blog\/?s={search_term_string}"},"query-input":{"@type":"PropertyValueSpecification","valueRequired":true,"valueName":"search_term_string"}}],"inLanguage":"es"},{"@type":"Person","@id":"https:\/\/www.blogdelaautoescuela.com\/blog\/#\/schema\/person\/f209a64ca5dfe74b9acb6317240e792f","name":"usr_blogauto","image":{"@type":"ImageObject","inLanguage":"es","@id":"https:\/\/www.blogdelaautoescuela.com\/blog\/#\/schema\/person\/image\/","url":"https:\/\/secure.gravatar.com\/avatar\/d3939d4ea521ac8421c86d2980321cc9?s=96&d=mm&r=g","contentUrl":"https:\/\/secure.gravatar.com\/avatar\/d3939d4ea521ac8421c86d2980321cc9?s=96&d=mm&r=g","caption":"usr_blogauto"},"description":"Blog dedicado a la conducci\u00f3n, las autoescuelas y la seguridad vial. Est\u00e1 creado por un grupo de profesionales de la formaci\u00f3n vial que comparten inquietudes y experiencias. Aqu\u00ed\u00ad podr\u00e1s encontrar informaci\u00f3n variada sobre el d\u00ed\u00ada a d\u00ed\u00ada de la autoescuela, ex\u00e1menes, test o novedades y consejos para una conducci\u00f3n m\u00e1s segura.","sameAs":["http:\/\/www.blogdelaautoescuela.com\/","https:\/\/www.facebook.com\/blogdelaautoescuela","https:\/\/x.com\/autoescuelas"],"url":"https:\/\/www.blogdelaautoescuela.com\/blog\/author\/usr_blogauto\/"}]}},"jetpack_featured_media_url":"https:\/\/www.blogdelaautoescuela.com\/blog\/wp-content\/uploads\/2009\/03\/carta-europea1.jpg","_links":{"self":[{"href":"https:\/\/www.blogdelaautoescuela.com\/blog\/wp-json\/wp\/v2\/posts\/4464","targetHints":{"allow":["GET"]}}],"collection":[{"href":"https:\/\/www.blogdelaautoescuela.com\/blog\/wp-json\/wp\/v2\/posts"}],"about":[{"href":"https:\/\/www.blogdelaautoescuela.com\/blog\/wp-json\/wp\/v2\/types\/post"}],"author":[{"embeddable":true,"href":"https:\/\/www.blogdelaautoescuela.com\/blog\/wp-json\/wp\/v2\/users\/1"}],"replies":[{"embeddable":true,"href":"https:\/\/www.blogdelaautoescuela.com\/blog\/wp-json\/wp\/v2\/comments?post=4464"}],"version-history":[{"count":0,"href":"https:\/\/www.blogdelaautoescuela.com\/blog\/wp-json\/wp\/v2\/posts\/4464\/revisions"}],"wp:featuredmedia":[{"embeddable":true,"href":"https:\/\/www.blogdelaautoescuela.com\/blog\/wp-json\/wp\/v2\/media\/748"}],"wp:attachment":[{"href":"https:\/\/www.blogdelaautoescuela.com\/blog\/wp-json\/wp\/v2\/media?parent=4464"}],"wp:term":[{"taxonomy":"category","embeddable":true,"href":"https:\/\/www.blogdelaautoescuela.com\/blog\/wp-json\/wp\/v2\/categories?post=4464"},{"taxonomy":"post_tag","embeddable":true,"href":"https:\/\/www.blogdelaautoescuela.com\/blog\/wp-json\/wp\/v2\/tags?post=4464"}],"curies":[{"name":"wp","href":"https:\/\/api.w.org\/{rel}","templated":true}]}}