
{"id":3946,"date":"2010-04-26T11:14:21","date_gmt":"2010-04-26T09:14:21","guid":{"rendered":"http:\/\/www.blogdelaautoescuela.com\/blog\/?p=3946"},"modified":"2010-04-26T11:14:21","modified_gmt":"2010-04-26T09:14:21","slug":"foro-ciudadano-de-madrid-si-tienes-ideas-para-mejorar-la-seguridad-vial-participa","status":"publish","type":"post","link":"https:\/\/www.blogdelaautoescuela.com\/blog\/foro-ciudadano-de-madrid-si-tienes-ideas-para-mejorar-la-seguridad-vial-participa\/","title":{"rendered":"Foro Ciudadano de Madrid, si tienes ideas para mejorar la seguridad vial participa"},"content":{"rendered":"<p style=\"text-align: center;\"><img loading=\"lazy\" decoding=\"async\" class=\"size-full wp-image-748 aligncenter\" title=\"carta-europea\" src=\"http:\/\/www.blogdelaautoescuela.com\/blog\/wp-content\/uploads\/2009\/03\/carta-europea.jpg\" alt=\"carta-europea\" width=\"400\" height=\"276\" \/><\/p>\n<p>El pr\u00f3ximo <strong>jueves 29 de abril<\/strong> tendr\u00e1 lugar el <strong>Foro Ciudadano de Madrid<\/strong>, foro organizado por el equipo de la <strong>Carta europea de la seguridad vial<\/strong>, una plataforma participativa integrada por empresas, asociaciones y autoridades p\u00fablicas implicadas en la seguridad vial.<\/p>\n<p>El objetivo de este <strong>Foro Ciudadano es recoger las opiniones y propuestas de los ciudadanos para mejorar la seguridad vial y reducir los accidentes de tr\u00e1fico<\/strong> y las muertes e incidencias que se generan con ellos.<\/p>\n<p><strong>Todos los ciudadanos<\/strong>, preocupados por la seguridad vial, est\u00e1n <strong>invitados a participar en este foro<\/strong> y tendr\u00e1n la oportunidad de que sus ideas para mejorar la seguridad vial, no s\u00f3lo en nuestro pa\u00ed\u00ads sino en todo el \u00e1mbito europeo ya que las ideas que salgan del <strong>Foro Ciudadano de Madrid<\/strong> ser\u00e1n presentadas ante la <strong>Comisi\u00f3n Europea.<\/strong><\/p>\n<p>El acto tendr\u00e1 lugar el<strong> jueves 29 de abril desde las 18:30 a las 20:00 horas<\/strong>, en el <strong>Instituto de Formacio\u00cc\u0081n y Estudios del Gobierno Local de Madrid<\/strong> (antigua Escuela de Formacio\u00cc\u0081n) que se encuentra en la calle Almagro N\u00ba 5.<\/p>\n<p>Quienes quieran <strong>participar en este Foro Ciudadano de Madrid<\/strong> tienen que enviar un <strong>correo electr\u00f3nico<\/strong> con los siguientes datos:<\/p>\n<ul>\n<li>Asunto: Foro Madrid<\/li>\n<li>Direcci\u00f3n de correo electr\u00f3nico: daniele.faccincani@paueducation.com Daniele Faccincani es el coordinador del foro<\/li>\n<li>Datos a incluir: Nombre completo y DNI<\/li>\n<\/ul>\n<p>Una vez que env\u00ed\u00ades este mail recibir\u00e1s un e-mail de confirmaci\u00f3n para participar en el foro.<\/p>\n","protected":false},"excerpt":{"rendered":"<p>El pr\u00f3ximo jueves 29 de abril tendr\u00e1 lugar el Foro Ciudadano de Madrid, foro organizado por el equipo de la Carta europea de la seguridad vial, una plataforma participativa integrada por empresas, asociaciones y autoridades p\u00fablicas implicadas en la seguridad vial. El objetivo de este Foro Ciudadano es recoger las opiniones y propuestas de los [&hellip;]<\/p>\n","protected":false},"author":1,"featured_media":748,"comment_status":"open","ping_status":"closed","sticky":false,"template":"","format":"standard","meta":{"footnotes":"","jetpack_publicize_message":"","jetpack_publicize_feature_enabled":true,"jetpack_social_post_already_shared":false,"jetpack_social_options":{"image_generator_settings":{"template":"highway","enabled":false},"version":2}},"categories":[12,19],"tags":[287,649,1672,1678],"class_list":["post-3946","post","type-post","status-publish","format-standard","has-post-thumbnail","hentry","category-noticias","category-seguridad-vial","tag-carta-europea-de-seguridad-vial","tag-foro-ciudadano","tag-noticias","tag-seguridad-vial"],"wppr_data":[],"jetpack_publicize_connections":[],"yoast_head":"<!-- This site is optimized with the Yoast SEO plugin v24.7 - https:\/\/yoast.com\/wordpress\/plugins\/seo\/ -->\n<title>Foro Ciudadano de Madrid, si tienes ideas para mejorar la seguridad vial participa<\/title>\n<meta name=\"description\" content=\"El pr\u00f3ximo jueves 29 de abril tendr\u00e1 lugar el Foro Ciudadano de Madrid, foro organizado por el equipo de la Carta europea de la seguridad vial\" \/>\n<meta name=\"robots\" content=\"index, follow, max-snippet:-1, max-image-preview:large, max-video-preview:-1\" \/>\n<link rel=\"canonical\" href=\"https:\/\/www.blogdelaautoescuela.com\/blog\/foro-ciudadano-de-madrid-si-tienes-ideas-para-mejorar-la-seguridad-vial-participa\/\" \/>\n<meta property=\"og:locale\" content=\"es_ES\" \/>\n<meta property=\"og:type\" content=\"article\" \/>\n<meta property=\"og:title\" content=\"Foro Ciudadano de Madrid, si tienes ideas para mejorar la seguridad vial participa\" \/>\n<meta property=\"og:description\" content=\"El pr\u00f3ximo jueves 29 de abril tendr\u00e1 lugar el Foro Ciudadano de Madrid, foro organizado por el equipo de la Carta europea de la seguridad vial\" \/>\n<meta property=\"og:url\" content=\"https:\/\/www.blogdelaautoescuela.com\/blog\/foro-ciudadano-de-madrid-si-tienes-ideas-para-mejorar-la-seguridad-vial-participa\/\" \/>\n<meta property=\"og:site_name\" content=\"Blog de la autoescuela\" \/>\n<meta property=\"article:author\" content=\"https:\/\/www.facebook.com\/blogdelaautoescuela\" \/>\n<meta property=\"article:published_time\" content=\"2010-04-26T09:14:21+00:00\" \/>\n<meta property=\"og:image\" content=\"https:\/\/www.blogdelaautoescuela.com\/blog\/wp-content\/uploads\/2009\/03\/carta-europea1.jpg\" \/>\n\t<meta property=\"og:image:width\" content=\"400\" \/>\n\t<meta property=\"og:image:height\" content=\"276\" \/>\n\t<meta property=\"og:image:type\" content=\"image\/jpeg\" \/>\n<meta name=\"author\" content=\"usr_blogauto\" \/>\n<meta name=\"twitter:label1\" content=\"Escrito por\" \/>\n\t<meta name=\"twitter:data1\" content=\"usr_blogauto\" \/>\n\t<meta name=\"twitter:label2\" content=\"Tiempo de lectura\" \/>\n\t<meta name=\"twitter:data2\" content=\"1 minuto\" \/>\n<script type=\"application\/ld+json\" class=\"yoast-schema-graph\">{\"@context\":\"https:\/\/schema.org\",\"@graph\":[{\"@type\":\"WebPage\",\"@id\":\"https:\/\/www.blogdelaautoescuela.com\/blog\/foro-ciudadano-de-madrid-si-tienes-ideas-para-mejorar-la-seguridad-vial-participa\/\",\"url\":\"https:\/\/www.blogdelaautoescuela.com\/blog\/foro-ciudadano-de-madrid-si-tienes-ideas-para-mejorar-la-seguridad-vial-participa\/\",\"name\":\"Foro Ciudadano de Madrid, si tienes ideas para mejorar la seguridad vial participa\",\"isPartOf\":{\"@id\":\"https:\/\/www.blogdelaautoescuela.com\/blog\/#website\"},\"primaryImageOfPage\":{\"@id\":\"https:\/\/www.blogdelaautoescuela.com\/blog\/foro-ciudadano-de-madrid-si-tienes-ideas-para-mejorar-la-seguridad-vial-participa\/#primaryimage\"},\"image\":{\"@id\":\"https:\/\/www.blogdelaautoescuela.com\/blog\/foro-ciudadano-de-madrid-si-tienes-ideas-para-mejorar-la-seguridad-vial-participa\/#primaryimage\"},\"thumbnailUrl\":\"https:\/\/www.blogdelaautoescuela.com\/blog\/wp-content\/uploads\/2009\/03\/carta-europea1.jpg\",\"datePublished\":\"2010-04-26T09:14:21+00:00\",\"author\":{\"@id\":\"https:\/\/www.blogdelaautoescuela.com\/blog\/#\/schema\/person\/f209a64ca5dfe74b9acb6317240e792f\"},\"description\":\"El pr\u00f3ximo jueves 29 de abril tendr\u00e1 lugar el Foro Ciudadano de Madrid, foro organizado por el equipo de la Carta europea de la seguridad vial\",\"breadcrumb\":{\"@id\":\"https:\/\/www.blogdelaautoescuela.com\/blog\/foro-ciudadano-de-madrid-si-tienes-ideas-para-mejorar-la-seguridad-vial-participa\/#breadcrumb\"},\"inLanguage\":\"es\",\"potentialAction\":[{\"@type\":\"ReadAction\",\"target\":[\"https:\/\/www.blogdelaautoescuela.com\/blog\/foro-ciudadano-de-madrid-si-tienes-ideas-para-mejorar-la-seguridad-vial-participa\/\"]}]},{\"@type\":\"ImageObject\",\"inLanguage\":\"es\",\"@id\":\"https:\/\/www.blogdelaautoescuela.com\/blog\/foro-ciudadano-de-madrid-si-tienes-ideas-para-mejorar-la-seguridad-vial-participa\/#primaryimage\",\"url\":\"https:\/\/www.blogdelaautoescuela.com\/blog\/wp-content\/uploads\/2009\/03\/carta-europea1.jpg\",\"contentUrl\":\"https:\/\/www.blogdelaautoescuela.com\/blog\/wp-content\/uploads\/2009\/03\/carta-europea1.jpg\",\"width\":400,\"height\":276},{\"@type\":\"BreadcrumbList\",\"@id\":\"https:\/\/www.blogdelaautoescuela.com\/blog\/foro-ciudadano-de-madrid-si-tienes-ideas-para-mejorar-la-seguridad-vial-participa\/#breadcrumb\",\"itemListElement\":[{\"@type\":\"ListItem\",\"position\":1,\"name\":\"Portada\",\"item\":\"https:\/\/www.blogdelaautoescuela.com\/blog\/\"},{\"@type\":\"ListItem\",\"position\":2,\"name\":\"Foro Ciudadano de Madrid, si tienes ideas para mejorar la seguridad vial participa\"}]},{\"@type\":\"WebSite\",\"@id\":\"https:\/\/www.blogdelaautoescuela.com\/blog\/#website\",\"url\":\"https:\/\/www.blogdelaautoescuela.com\/blog\/\",\"name\":\"Blog de la autoescuela\",\"description\":\"Noticias sobre autoescuelas y seguridad vial\",\"potentialAction\":[{\"@type\":\"SearchAction\",\"target\":{\"@type\":\"EntryPoint\",\"urlTemplate\":\"https:\/\/www.blogdelaautoescuela.com\/blog\/?s={search_term_string}\"},\"query-input\":{\"@type\":\"PropertyValueSpecification\",\"valueRequired\":true,\"valueName\":\"search_term_string\"}}],\"inLanguage\":\"es\"},{\"@type\":\"Person\",\"@id\":\"https:\/\/www.blogdelaautoescuela.com\/blog\/#\/schema\/person\/f209a64ca5dfe74b9acb6317240e792f\",\"name\":\"usr_blogauto\",\"image\":{\"@type\":\"ImageObject\",\"inLanguage\":\"es\",\"@id\":\"https:\/\/www.blogdelaautoescuela.com\/blog\/#\/schema\/person\/image\/\",\"url\":\"https:\/\/secure.gravatar.com\/avatar\/d3939d4ea521ac8421c86d2980321cc9?s=96&d=mm&r=g\",\"contentUrl\":\"https:\/\/secure.gravatar.com\/avatar\/d3939d4ea521ac8421c86d2980321cc9?s=96&d=mm&r=g\",\"caption\":\"usr_blogauto\"},\"description\":\"Blog dedicado a la conducci\u00f3n, las autoescuelas y la seguridad vial. Est\u00e1 creado por un grupo de profesionales de la formaci\u00f3n vial que comparten inquietudes y experiencias. Aqu\u00ed\u00ad podr\u00e1s encontrar informaci\u00f3n variada sobre el d\u00ed\u00ada a d\u00ed\u00ada de la autoescuela, ex\u00e1menes, test o novedades y consejos para una conducci\u00f3n m\u00e1s segura.\",\"sameAs\":[\"http:\/\/www.blogdelaautoescuela.com\/\",\"https:\/\/www.facebook.com\/blogdelaautoescuela\",\"https:\/\/x.com\/autoescuelas\"],\"url\":\"https:\/\/www.blogdelaautoescuela.com\/blog\/author\/usr_blogauto\/\"}]}<\/script>\n<!-- \/ Yoast SEO plugin. -->","yoast_head_json":{"title":"Foro Ciudadano de Madrid, si tienes ideas para mejorar la seguridad vial participa","description":"El pr\u00f3ximo jueves 29 de abril tendr\u00e1 lugar el Foro Ciudadano de Madrid, foro organizado por el equipo de la Carta europea de la seguridad vial","robots":{"index":"index","follow":"follow","max-snippet":"max-snippet:-1","max-image-preview":"max-image-preview:large","max-video-preview":"max-video-preview:-1"},"canonical":"https:\/\/www.blogdelaautoescuela.com\/blog\/foro-ciudadano-de-madrid-si-tienes-ideas-para-mejorar-la-seguridad-vial-participa\/","og_locale":"es_ES","og_type":"article","og_title":"Foro Ciudadano de Madrid, si tienes ideas para mejorar la seguridad vial participa","og_description":"El pr\u00f3ximo jueves 29 de abril tendr\u00e1 lugar el Foro Ciudadano de Madrid, foro organizado por el equipo de la Carta europea de la seguridad vial","og_url":"https:\/\/www.blogdelaautoescuela.com\/blog\/foro-ciudadano-de-madrid-si-tienes-ideas-para-mejorar-la-seguridad-vial-participa\/","og_site_name":"Blog de la autoescuela","article_author":"https:\/\/www.facebook.com\/blogdelaautoescuela","article_published_time":"2010-04-26T09:14:21+00:00","og_image":[{"width":400,"height":276,"url":"https:\/\/www.blogdelaautoescuela.com\/blog\/wp-content\/uploads\/2009\/03\/carta-europea1.jpg","type":"image\/jpeg"}],"author":"usr_blogauto","twitter_misc":{"Escrito por":"usr_blogauto","Tiempo de lectura":"1 minuto"},"schema":{"@context":"https:\/\/schema.org","@graph":[{"@type":"WebPage","@id":"https:\/\/www.blogdelaautoescuela.com\/blog\/foro-ciudadano-de-madrid-si-tienes-ideas-para-mejorar-la-seguridad-vial-participa\/","url":"https:\/\/www.blogdelaautoescuela.com\/blog\/foro-ciudadano-de-madrid-si-tienes-ideas-para-mejorar-la-seguridad-vial-participa\/","name":"Foro Ciudadano de Madrid, si tienes ideas para mejorar la seguridad vial participa","isPartOf":{"@id":"https:\/\/www.blogdelaautoescuela.com\/blog\/#website"},"primaryImageOfPage":{"@id":"https:\/\/www.blogdelaautoescuela.com\/blog\/foro-ciudadano-de-madrid-si-tienes-ideas-para-mejorar-la-seguridad-vial-participa\/#primaryimage"},"image":{"@id":"https:\/\/www.blogdelaautoescuela.com\/blog\/foro-ciudadano-de-madrid-si-tienes-ideas-para-mejorar-la-seguridad-vial-participa\/#primaryimage"},"thumbnailUrl":"https:\/\/www.blogdelaautoescuela.com\/blog\/wp-content\/uploads\/2009\/03\/carta-europea1.jpg","datePublished":"2010-04-26T09:14:21+00:00","author":{"@id":"https:\/\/www.blogdelaautoescuela.com\/blog\/#\/schema\/person\/f209a64ca5dfe74b9acb6317240e792f"},"description":"El pr\u00f3ximo jueves 29 de abril tendr\u00e1 lugar el Foro Ciudadano de Madrid, foro organizado por el equipo de la Carta europea de la seguridad vial","breadcrumb":{"@id":"https:\/\/www.blogdelaautoescuela.com\/blog\/foro-ciudadano-de-madrid-si-tienes-ideas-para-mejorar-la-seguridad-vial-participa\/#breadcrumb"},"inLanguage":"es","potentialAction":[{"@type":"ReadAction","target":["https:\/\/www.blogdelaautoescuela.com\/blog\/foro-ciudadano-de-madrid-si-tienes-ideas-para-mejorar-la-seguridad-vial-participa\/"]}]},{"@type":"ImageObject","inLanguage":"es","@id":"https:\/\/www.blogdelaautoescuela.com\/blog\/foro-ciudadano-de-madrid-si-tienes-ideas-para-mejorar-la-seguridad-vial-participa\/#primaryimage","url":"https:\/\/www.blogdelaautoescuela.com\/blog\/wp-content\/uploads\/2009\/03\/carta-europea1.jpg","contentUrl":"https:\/\/www.blogdelaautoescuela.com\/blog\/wp-content\/uploads\/2009\/03\/carta-europea1.jpg","width":400,"height":276},{"@type":"BreadcrumbList","@id":"https:\/\/www.blogdelaautoescuela.com\/blog\/foro-ciudadano-de-madrid-si-tienes-ideas-para-mejorar-la-seguridad-vial-participa\/#breadcrumb","itemListElement":[{"@type":"ListItem","position":1,"name":"Portada","item":"https:\/\/www.blogdelaautoescuela.com\/blog\/"},{"@type":"ListItem","position":2,"name":"Foro Ciudadano de Madrid, si tienes ideas para mejorar la seguridad vial participa"}]},{"@type":"WebSite","@id":"https:\/\/www.blogdelaautoescuela.com\/blog\/#website","url":"https:\/\/www.blogdelaautoescuela.com\/blog\/","name":"Blog de la autoescuela","description":"Noticias sobre autoescuelas y seguridad vial","potentialAction":[{"@type":"SearchAction","target":{"@type":"EntryPoint","urlTemplate":"https:\/\/www.blogdelaautoescuela.com\/blog\/?s={search_term_string}"},"query-input":{"@type":"PropertyValueSpecification","valueRequired":true,"valueName":"search_term_string"}}],"inLanguage":"es"},{"@type":"Person","@id":"https:\/\/www.blogdelaautoescuela.com\/blog\/#\/schema\/person\/f209a64ca5dfe74b9acb6317240e792f","name":"usr_blogauto","image":{"@type":"ImageObject","inLanguage":"es","@id":"https:\/\/www.blogdelaautoescuela.com\/blog\/#\/schema\/person\/image\/","url":"https:\/\/secure.gravatar.com\/avatar\/d3939d4ea521ac8421c86d2980321cc9?s=96&d=mm&r=g","contentUrl":"https:\/\/secure.gravatar.com\/avatar\/d3939d4ea521ac8421c86d2980321cc9?s=96&d=mm&r=g","caption":"usr_blogauto"},"description":"Blog dedicado a la conducci\u00f3n, las autoescuelas y la seguridad vial. Est\u00e1 creado por un grupo de profesionales de la formaci\u00f3n vial que comparten inquietudes y experiencias. Aqu\u00ed\u00ad podr\u00e1s encontrar informaci\u00f3n variada sobre el d\u00ed\u00ada a d\u00ed\u00ada de la autoescuela, ex\u00e1menes, test o novedades y consejos para una conducci\u00f3n m\u00e1s segura.","sameAs":["http:\/\/www.blogdelaautoescuela.com\/","https:\/\/www.facebook.com\/blogdelaautoescuela","https:\/\/x.com\/autoescuelas"],"url":"https:\/\/www.blogdelaautoescuela.com\/blog\/author\/usr_blogauto\/"}]}},"jetpack_featured_media_url":"https:\/\/www.blogdelaautoescuela.com\/blog\/wp-content\/uploads\/2009\/03\/carta-europea1.jpg","_links":{"self":[{"href":"https:\/\/www.blogdelaautoescuela.com\/blog\/wp-json\/wp\/v2\/posts\/3946","targetHints":{"allow":["GET"]}}],"collection":[{"href":"https:\/\/www.blogdelaautoescuela.com\/blog\/wp-json\/wp\/v2\/posts"}],"about":[{"href":"https:\/\/www.blogdelaautoescuela.com\/blog\/wp-json\/wp\/v2\/types\/post"}],"author":[{"embeddable":true,"href":"https:\/\/www.blogdelaautoescuela.com\/blog\/wp-json\/wp\/v2\/users\/1"}],"replies":[{"embeddable":true,"href":"https:\/\/www.blogdelaautoescuela.com\/blog\/wp-json\/wp\/v2\/comments?post=3946"}],"version-history":[{"count":0,"href":"https:\/\/www.blogdelaautoescuela.com\/blog\/wp-json\/wp\/v2\/posts\/3946\/revisions"}],"wp:featuredmedia":[{"embeddable":true,"href":"https:\/\/www.blogdelaautoescuela.com\/blog\/wp-json\/wp\/v2\/media\/748"}],"wp:attachment":[{"href":"https:\/\/www.blogdelaautoescuela.com\/blog\/wp-json\/wp\/v2\/media?parent=3946"}],"wp:term":[{"taxonomy":"category","embeddable":true,"href":"https:\/\/www.blogdelaautoescuela.com\/blog\/wp-json\/wp\/v2\/categories?post=3946"},{"taxonomy":"post_tag","embeddable":true,"href":"https:\/\/www.blogdelaautoescuela.com\/blog\/wp-json\/wp\/v2\/tags?post=3946"}],"curies":[{"name":"wp","href":"https:\/\/api.w.org\/{rel}","templated":true}]}}