
{"id":3677,"date":"2010-04-22T11:00:37","date_gmt":"2010-04-22T09:00:37","guid":{"rendered":"http:\/\/www.blogdelaautoescuela.com\/blog\/?p=3677"},"modified":"2010-04-22T11:00:37","modified_gmt":"2010-04-22T09:00:37","slug":"relacion-de-los-trastornos-del-sueno-y-la-percepcion-del-riesgo-en-la-conduccion","status":"publish","type":"post","link":"https:\/\/www.blogdelaautoescuela.com\/blog\/relacion-de-los-trastornos-del-sueno-y-la-percepcion-del-riesgo-en-la-conduccion\/","title":{"rendered":"Relaci\u00f3n de los trastornos del sue\u00f1o y la percepci\u00f3n del riesgo en la conducci\u00f3n"},"content":{"rendered":"<p style=\"text-align: center;\"><img loading=\"lazy\" decoding=\"async\" class=\"size-full wp-image-734 aligncenter\" title=\"dormir\" src=\"http:\/\/www.blogdelaautoescuela.com\/blog\/wp-content\/uploads\/2009\/03\/dormir.jpg\" alt=\"dormir\" width=\"400\" height=\"266\" \/><\/p>\n<p>La <strong>somnolencia al volante<\/strong> es un problema mucho m\u00e1s importante de lo que en principio pudiera parecer, casi todos los conductores han conducido con sue\u00f1o en alguna ocasi\u00f3n, pero <strong>un descanso adecuado podr\u00ed\u00ada reducir un tercio de los accidentes de tr\u00e1fico.<\/strong><\/p>\n<p>Para que nos hagamos una idea sobre los problemas del sue\u00f1o, <strong>en Espa\u00f1a pr\u00e1cticamente un tercio de los adultos y un 25% de los ni\u00f1os padecen alg\u00fan trastorno del sue\u00f1o<\/strong>, y la somnolencia excesiva es un problema que afecta al 5% de los espa\u00f1oles, lo que provoca que la siniestralidad se incremente de un modo considerable.<\/p>\n<p>Para ver <strong>de qu\u00e9 modo afectan estos trastornos a la percepci\u00f3n del riesgo que tienen los conductores<\/strong> que los padecen <strong>cient\u00ed\u00adficos de la Universidad de Granada (UGR)<\/strong>, dirigidos por los catedr\u00e1ticos <strong>Gualberto Buela<\/strong>, del Laboratorio de Psicofisiolog\u00ed\u00ada, y <strong>Antonio C\u00e1ndido<\/strong>, del departamento de Psicolog\u00ed\u00ada Experimental van a llevar a cabo un <strong>proyecto de investigaci\u00f3n<\/strong> para el que se emplear\u00e1n<strong> 3 simuladores de conducci\u00f3n de \u00faltima generaci\u00f3n <\/strong><a href=\"http:\/\/www.simuladordeconduccion.com\/\">Honda Riding Trainer, <\/a>que permiten recrear con un total realismo las situaciones a las que se tienen que enfrentar los conductores en un entorno real.<\/p>\n<p>Actualmente la <strong>Universidad de Granada<\/strong> es el \u00fanico centro de investigaci\u00f3n europeo donde <strong>se estudian los mecanismos mentales por los que las personas llevan a cabo conductas de riesgo al conducir motos.<\/strong><\/p>\n<p>Con los <strong>simuladores Honda Riding Trainer<\/strong> se analizar\u00e1 en qu\u00e9 modo el <strong>s\u00ed\u00adndrome de apnea-hipoapnea obstructiva del sue\u00f1o (SAHOS)<\/strong>, afecta a la percepci\u00f3n de las situaciones de riesgo durante la conducci\u00f3n que tienen quienes la padecen, y tambi\u00e9n se evaluar\u00e1 la eficacia de las terapias que se est\u00e1n desarrollando para curar este trastorno.<\/p>\n<p>Para valorar los <strong>efectos de los diferentes tratamientos para combatir el SAHOS<\/strong> se utilizar\u00e1n los<strong> simuladores Honda Riding Trainer <\/strong>y se aplicar\u00e1n mediciones tanto psicofisiol\u00f3gicas como conductuales y subjetivas.<\/p>\n","protected":false},"excerpt":{"rendered":"<p>La somnolencia al volante es un problema mucho m\u00e1s importante de lo que en principio pudiera parecer, casi todos los conductores han conducido con sue\u00f1o en alguna ocasi\u00f3n, pero un descanso adecuado podr\u00ed\u00ada reducir un tercio de los accidentes de tr\u00e1fico. Para que nos hagamos una idea sobre los problemas del sue\u00f1o, en Espa\u00f1a pr\u00e1cticamente [&hellip;]<\/p>\n","protected":false},"author":1,"featured_media":734,"comment_status":"open","ping_status":"closed","sticky":false,"template":"","format":"standard","meta":{"footnotes":"","jetpack_publicize_message":"","jetpack_publicize_feature_enabled":true,"jetpack_social_post_already_shared":false,"jetpack_social_options":{"image_generator_settings":{"template":"highway","enabled":false},"version":2}},"categories":[12,19],"tags":[618,1678,1229],"class_list":["post-3677","post","type-post","status-publish","format-standard","has-post-thumbnail","hentry","category-noticias","category-seguridad-vial","tag-fatiga","tag-seguridad-vial","tag-simulador-de-conduccion"],"wppr_data":[],"jetpack_publicize_connections":[],"yoast_head":"<!-- This site is optimized with the Yoast SEO plugin v24.7 - https:\/\/yoast.com\/wordpress\/plugins\/seo\/ -->\n<title>Relaci\u00f3n de los trastornos del sue\u00f1o y la percepci\u00f3n del riesgo en la conducci\u00f3n<\/title>\n<meta name=\"description\" content=\"Para ver de qu\u00e9 modo afectan estos trastornos del sue\u00f1o a la percepci\u00f3n del riesgo cient\u00ed\u00adficos de la UGR van a llevar a cabo un proyecto de investigaci\u00f3n\" \/>\n<meta name=\"robots\" content=\"index, follow, max-snippet:-1, max-image-preview:large, max-video-preview:-1\" \/>\n<link rel=\"canonical\" href=\"https:\/\/www.blogdelaautoescuela.com\/blog\/relacion-de-los-trastornos-del-sueno-y-la-percepcion-del-riesgo-en-la-conduccion\/\" \/>\n<meta property=\"og:locale\" content=\"es_ES\" \/>\n<meta property=\"og:type\" content=\"article\" \/>\n<meta property=\"og:title\" content=\"Relaci\u00f3n de los trastornos del sue\u00f1o y la percepci\u00f3n del riesgo en la conducci\u00f3n\" \/>\n<meta property=\"og:description\" content=\"Para ver de qu\u00e9 modo afectan estos trastornos del sue\u00f1o a la percepci\u00f3n del riesgo cient\u00ed\u00adficos de la UGR van a llevar a cabo un proyecto de investigaci\u00f3n\" \/>\n<meta property=\"og:url\" content=\"https:\/\/www.blogdelaautoescuela.com\/blog\/relacion-de-los-trastornos-del-sueno-y-la-percepcion-del-riesgo-en-la-conduccion\/\" \/>\n<meta property=\"og:site_name\" content=\"Blog de la autoescuela\" \/>\n<meta property=\"article:author\" content=\"https:\/\/www.facebook.com\/blogdelaautoescuela\" \/>\n<meta property=\"article:published_time\" content=\"2010-04-22T09:00:37+00:00\" \/>\n<meta property=\"og:image\" content=\"https:\/\/www.blogdelaautoescuela.com\/blog\/wp-content\/uploads\/2009\/03\/dormir1.jpg\" \/>\n\t<meta property=\"og:image:width\" content=\"400\" \/>\n\t<meta property=\"og:image:height\" content=\"266\" \/>\n\t<meta property=\"og:image:type\" content=\"image\/jpeg\" \/>\n<meta name=\"author\" content=\"usr_blogauto\" \/>\n<meta name=\"twitter:label1\" content=\"Escrito por\" \/>\n\t<meta name=\"twitter:data1\" content=\"usr_blogauto\" \/>\n\t<meta name=\"twitter:label2\" content=\"Tiempo de lectura\" \/>\n\t<meta name=\"twitter:data2\" content=\"2 minutos\" \/>\n<script type=\"application\/ld+json\" class=\"yoast-schema-graph\">{\"@context\":\"https:\/\/schema.org\",\"@graph\":[{\"@type\":\"WebPage\",\"@id\":\"https:\/\/www.blogdelaautoescuela.com\/blog\/relacion-de-los-trastornos-del-sueno-y-la-percepcion-del-riesgo-en-la-conduccion\/\",\"url\":\"https:\/\/www.blogdelaautoescuela.com\/blog\/relacion-de-los-trastornos-del-sueno-y-la-percepcion-del-riesgo-en-la-conduccion\/\",\"name\":\"Relaci\u00f3n de los trastornos del sue\u00f1o y la percepci\u00f3n del riesgo en la conducci\u00f3n\",\"isPartOf\":{\"@id\":\"https:\/\/www.blogdelaautoescuela.com\/blog\/#website\"},\"primaryImageOfPage\":{\"@id\":\"https:\/\/www.blogdelaautoescuela.com\/blog\/relacion-de-los-trastornos-del-sueno-y-la-percepcion-del-riesgo-en-la-conduccion\/#primaryimage\"},\"image\":{\"@id\":\"https:\/\/www.blogdelaautoescuela.com\/blog\/relacion-de-los-trastornos-del-sueno-y-la-percepcion-del-riesgo-en-la-conduccion\/#primaryimage\"},\"thumbnailUrl\":\"https:\/\/www.blogdelaautoescuela.com\/blog\/wp-content\/uploads\/2009\/03\/dormir1.jpg\",\"datePublished\":\"2010-04-22T09:00:37+00:00\",\"author\":{\"@id\":\"https:\/\/www.blogdelaautoescuela.com\/blog\/#\/schema\/person\/f209a64ca5dfe74b9acb6317240e792f\"},\"description\":\"Para ver de qu\u00e9 modo afectan estos trastornos del sue\u00f1o a la percepci\u00f3n del riesgo cient\u00ed\u00adficos de la UGR van a llevar a cabo un proyecto de investigaci\u00f3n\",\"breadcrumb\":{\"@id\":\"https:\/\/www.blogdelaautoescuela.com\/blog\/relacion-de-los-trastornos-del-sueno-y-la-percepcion-del-riesgo-en-la-conduccion\/#breadcrumb\"},\"inLanguage\":\"es\",\"potentialAction\":[{\"@type\":\"ReadAction\",\"target\":[\"https:\/\/www.blogdelaautoescuela.com\/blog\/relacion-de-los-trastornos-del-sueno-y-la-percepcion-del-riesgo-en-la-conduccion\/\"]}]},{\"@type\":\"ImageObject\",\"inLanguage\":\"es\",\"@id\":\"https:\/\/www.blogdelaautoescuela.com\/blog\/relacion-de-los-trastornos-del-sueno-y-la-percepcion-del-riesgo-en-la-conduccion\/#primaryimage\",\"url\":\"https:\/\/www.blogdelaautoescuela.com\/blog\/wp-content\/uploads\/2009\/03\/dormir1.jpg\",\"contentUrl\":\"https:\/\/www.blogdelaautoescuela.com\/blog\/wp-content\/uploads\/2009\/03\/dormir1.jpg\",\"width\":400,\"height\":266},{\"@type\":\"BreadcrumbList\",\"@id\":\"https:\/\/www.blogdelaautoescuela.com\/blog\/relacion-de-los-trastornos-del-sueno-y-la-percepcion-del-riesgo-en-la-conduccion\/#breadcrumb\",\"itemListElement\":[{\"@type\":\"ListItem\",\"position\":1,\"name\":\"Portada\",\"item\":\"https:\/\/www.blogdelaautoescuela.com\/blog\/\"},{\"@type\":\"ListItem\",\"position\":2,\"name\":\"Relaci\u00f3n de los trastornos del sue\u00f1o y la percepci\u00f3n del riesgo en la conducci\u00f3n\"}]},{\"@type\":\"WebSite\",\"@id\":\"https:\/\/www.blogdelaautoescuela.com\/blog\/#website\",\"url\":\"https:\/\/www.blogdelaautoescuela.com\/blog\/\",\"name\":\"Blog de la autoescuela\",\"description\":\"Noticias sobre autoescuelas y seguridad vial\",\"potentialAction\":[{\"@type\":\"SearchAction\",\"target\":{\"@type\":\"EntryPoint\",\"urlTemplate\":\"https:\/\/www.blogdelaautoescuela.com\/blog\/?s={search_term_string}\"},\"query-input\":{\"@type\":\"PropertyValueSpecification\",\"valueRequired\":true,\"valueName\":\"search_term_string\"}}],\"inLanguage\":\"es\"},{\"@type\":\"Person\",\"@id\":\"https:\/\/www.blogdelaautoescuela.com\/blog\/#\/schema\/person\/f209a64ca5dfe74b9acb6317240e792f\",\"name\":\"usr_blogauto\",\"image\":{\"@type\":\"ImageObject\",\"inLanguage\":\"es\",\"@id\":\"https:\/\/www.blogdelaautoescuela.com\/blog\/#\/schema\/person\/image\/\",\"url\":\"https:\/\/secure.gravatar.com\/avatar\/d3939d4ea521ac8421c86d2980321cc9?s=96&d=mm&r=g\",\"contentUrl\":\"https:\/\/secure.gravatar.com\/avatar\/d3939d4ea521ac8421c86d2980321cc9?s=96&d=mm&r=g\",\"caption\":\"usr_blogauto\"},\"description\":\"Blog dedicado a la conducci\u00f3n, las autoescuelas y la seguridad vial. Est\u00e1 creado por un grupo de profesionales de la formaci\u00f3n vial que comparten inquietudes y experiencias. Aqu\u00ed\u00ad podr\u00e1s encontrar informaci\u00f3n variada sobre el d\u00ed\u00ada a d\u00ed\u00ada de la autoescuela, ex\u00e1menes, test o novedades y consejos para una conducci\u00f3n m\u00e1s segura.\",\"sameAs\":[\"http:\/\/www.blogdelaautoescuela.com\/\",\"https:\/\/www.facebook.com\/blogdelaautoescuela\",\"https:\/\/x.com\/autoescuelas\"],\"url\":\"https:\/\/www.blogdelaautoescuela.com\/blog\/author\/usr_blogauto\/\"}]}<\/script>\n<!-- \/ Yoast SEO plugin. -->","yoast_head_json":{"title":"Relaci\u00f3n de los trastornos del sue\u00f1o y la percepci\u00f3n del riesgo en la conducci\u00f3n","description":"Para ver de qu\u00e9 modo afectan estos trastornos del sue\u00f1o a la percepci\u00f3n del riesgo cient\u00ed\u00adficos de la UGR van a llevar a cabo un proyecto de investigaci\u00f3n","robots":{"index":"index","follow":"follow","max-snippet":"max-snippet:-1","max-image-preview":"max-image-preview:large","max-video-preview":"max-video-preview:-1"},"canonical":"https:\/\/www.blogdelaautoescuela.com\/blog\/relacion-de-los-trastornos-del-sueno-y-la-percepcion-del-riesgo-en-la-conduccion\/","og_locale":"es_ES","og_type":"article","og_title":"Relaci\u00f3n de los trastornos del sue\u00f1o y la percepci\u00f3n del riesgo en la conducci\u00f3n","og_description":"Para ver de qu\u00e9 modo afectan estos trastornos del sue\u00f1o a la percepci\u00f3n del riesgo cient\u00ed\u00adficos de la UGR van a llevar a cabo un proyecto de investigaci\u00f3n","og_url":"https:\/\/www.blogdelaautoescuela.com\/blog\/relacion-de-los-trastornos-del-sueno-y-la-percepcion-del-riesgo-en-la-conduccion\/","og_site_name":"Blog de la autoescuela","article_author":"https:\/\/www.facebook.com\/blogdelaautoescuela","article_published_time":"2010-04-22T09:00:37+00:00","og_image":[{"width":400,"height":266,"url":"https:\/\/www.blogdelaautoescuela.com\/blog\/wp-content\/uploads\/2009\/03\/dormir1.jpg","type":"image\/jpeg"}],"author":"usr_blogauto","twitter_misc":{"Escrito por":"usr_blogauto","Tiempo de lectura":"2 minutos"},"schema":{"@context":"https:\/\/schema.org","@graph":[{"@type":"WebPage","@id":"https:\/\/www.blogdelaautoescuela.com\/blog\/relacion-de-los-trastornos-del-sueno-y-la-percepcion-del-riesgo-en-la-conduccion\/","url":"https:\/\/www.blogdelaautoescuela.com\/blog\/relacion-de-los-trastornos-del-sueno-y-la-percepcion-del-riesgo-en-la-conduccion\/","name":"Relaci\u00f3n de los trastornos del sue\u00f1o y la percepci\u00f3n del riesgo en la conducci\u00f3n","isPartOf":{"@id":"https:\/\/www.blogdelaautoescuela.com\/blog\/#website"},"primaryImageOfPage":{"@id":"https:\/\/www.blogdelaautoescuela.com\/blog\/relacion-de-los-trastornos-del-sueno-y-la-percepcion-del-riesgo-en-la-conduccion\/#primaryimage"},"image":{"@id":"https:\/\/www.blogdelaautoescuela.com\/blog\/relacion-de-los-trastornos-del-sueno-y-la-percepcion-del-riesgo-en-la-conduccion\/#primaryimage"},"thumbnailUrl":"https:\/\/www.blogdelaautoescuela.com\/blog\/wp-content\/uploads\/2009\/03\/dormir1.jpg","datePublished":"2010-04-22T09:00:37+00:00","author":{"@id":"https:\/\/www.blogdelaautoescuela.com\/blog\/#\/schema\/person\/f209a64ca5dfe74b9acb6317240e792f"},"description":"Para ver de qu\u00e9 modo afectan estos trastornos del sue\u00f1o a la percepci\u00f3n del riesgo cient\u00ed\u00adficos de la UGR van a llevar a cabo un proyecto de investigaci\u00f3n","breadcrumb":{"@id":"https:\/\/www.blogdelaautoescuela.com\/blog\/relacion-de-los-trastornos-del-sueno-y-la-percepcion-del-riesgo-en-la-conduccion\/#breadcrumb"},"inLanguage":"es","potentialAction":[{"@type":"ReadAction","target":["https:\/\/www.blogdelaautoescuela.com\/blog\/relacion-de-los-trastornos-del-sueno-y-la-percepcion-del-riesgo-en-la-conduccion\/"]}]},{"@type":"ImageObject","inLanguage":"es","@id":"https:\/\/www.blogdelaautoescuela.com\/blog\/relacion-de-los-trastornos-del-sueno-y-la-percepcion-del-riesgo-en-la-conduccion\/#primaryimage","url":"https:\/\/www.blogdelaautoescuela.com\/blog\/wp-content\/uploads\/2009\/03\/dormir1.jpg","contentUrl":"https:\/\/www.blogdelaautoescuela.com\/blog\/wp-content\/uploads\/2009\/03\/dormir1.jpg","width":400,"height":266},{"@type":"BreadcrumbList","@id":"https:\/\/www.blogdelaautoescuela.com\/blog\/relacion-de-los-trastornos-del-sueno-y-la-percepcion-del-riesgo-en-la-conduccion\/#breadcrumb","itemListElement":[{"@type":"ListItem","position":1,"name":"Portada","item":"https:\/\/www.blogdelaautoescuela.com\/blog\/"},{"@type":"ListItem","position":2,"name":"Relaci\u00f3n de los trastornos del sue\u00f1o y la percepci\u00f3n del riesgo en la conducci\u00f3n"}]},{"@type":"WebSite","@id":"https:\/\/www.blogdelaautoescuela.com\/blog\/#website","url":"https:\/\/www.blogdelaautoescuela.com\/blog\/","name":"Blog de la autoescuela","description":"Noticias sobre autoescuelas y seguridad vial","potentialAction":[{"@type":"SearchAction","target":{"@type":"EntryPoint","urlTemplate":"https:\/\/www.blogdelaautoescuela.com\/blog\/?s={search_term_string}"},"query-input":{"@type":"PropertyValueSpecification","valueRequired":true,"valueName":"search_term_string"}}],"inLanguage":"es"},{"@type":"Person","@id":"https:\/\/www.blogdelaautoescuela.com\/blog\/#\/schema\/person\/f209a64ca5dfe74b9acb6317240e792f","name":"usr_blogauto","image":{"@type":"ImageObject","inLanguage":"es","@id":"https:\/\/www.blogdelaautoescuela.com\/blog\/#\/schema\/person\/image\/","url":"https:\/\/secure.gravatar.com\/avatar\/d3939d4ea521ac8421c86d2980321cc9?s=96&d=mm&r=g","contentUrl":"https:\/\/secure.gravatar.com\/avatar\/d3939d4ea521ac8421c86d2980321cc9?s=96&d=mm&r=g","caption":"usr_blogauto"},"description":"Blog dedicado a la conducci\u00f3n, las autoescuelas y la seguridad vial. Est\u00e1 creado por un grupo de profesionales de la formaci\u00f3n vial que comparten inquietudes y experiencias. Aqu\u00ed\u00ad podr\u00e1s encontrar informaci\u00f3n variada sobre el d\u00ed\u00ada a d\u00ed\u00ada de la autoescuela, ex\u00e1menes, test o novedades y consejos para una conducci\u00f3n m\u00e1s segura.","sameAs":["http:\/\/www.blogdelaautoescuela.com\/","https:\/\/www.facebook.com\/blogdelaautoescuela","https:\/\/x.com\/autoescuelas"],"url":"https:\/\/www.blogdelaautoescuela.com\/blog\/author\/usr_blogauto\/"}]}},"jetpack_featured_media_url":"https:\/\/www.blogdelaautoescuela.com\/blog\/wp-content\/uploads\/2009\/03\/dormir1.jpg","_links":{"self":[{"href":"https:\/\/www.blogdelaautoescuela.com\/blog\/wp-json\/wp\/v2\/posts\/3677","targetHints":{"allow":["GET"]}}],"collection":[{"href":"https:\/\/www.blogdelaautoescuela.com\/blog\/wp-json\/wp\/v2\/posts"}],"about":[{"href":"https:\/\/www.blogdelaautoescuela.com\/blog\/wp-json\/wp\/v2\/types\/post"}],"author":[{"embeddable":true,"href":"https:\/\/www.blogdelaautoescuela.com\/blog\/wp-json\/wp\/v2\/users\/1"}],"replies":[{"embeddable":true,"href":"https:\/\/www.blogdelaautoescuela.com\/blog\/wp-json\/wp\/v2\/comments?post=3677"}],"version-history":[{"count":0,"href":"https:\/\/www.blogdelaautoescuela.com\/blog\/wp-json\/wp\/v2\/posts\/3677\/revisions"}],"wp:featuredmedia":[{"embeddable":true,"href":"https:\/\/www.blogdelaautoescuela.com\/blog\/wp-json\/wp\/v2\/media\/734"}],"wp:attachment":[{"href":"https:\/\/www.blogdelaautoescuela.com\/blog\/wp-json\/wp\/v2\/media?parent=3677"}],"wp:term":[{"taxonomy":"category","embeddable":true,"href":"https:\/\/www.blogdelaautoescuela.com\/blog\/wp-json\/wp\/v2\/categories?post=3677"},{"taxonomy":"post_tag","embeddable":true,"href":"https:\/\/www.blogdelaautoescuela.com\/blog\/wp-json\/wp\/v2\/tags?post=3677"}],"curies":[{"name":"wp","href":"https:\/\/api.w.org\/{rel}","templated":true}]}}