
{"id":3644,"date":"2010-04-19T11:09:36","date_gmt":"2010-04-19T09:09:36","guid":{"rendered":"http:\/\/www.blogdelaautoescuela.com\/blog\/?p=3644"},"modified":"2010-04-19T11:09:36","modified_gmt":"2010-04-19T09:09:36","slug":"baleares-es-la-comunidad-donde-mejor-se-puntua-a-las-senales","status":"publish","type":"post","link":"https:\/\/www.blogdelaautoescuela.com\/blog\/baleares-es-la-comunidad-donde-mejor-se-puntua-a-las-senales\/","title":{"rendered":"Baleares es la Comunidad donde mejor se punt\u00faa a las se\u00f1ales"},"content":{"rendered":"<p style=\"text-align: center;\"><img loading=\"lazy\" decoding=\"async\" class=\"size-full wp-image-214 aligncenter\" title=\"calidad-senales\" src=\"http:\/\/www.blogdelaautoescuela.com\/blog\/wp-content\/uploads\/2008\/12\/calidad-senales.jpg\" alt=\"calidad-senales\" width=\"400\" height=\"300\" \/><\/p>\n<p>Seg\u00fan el <a href=\"http:\/\/www.blogdelaautoescuela.com\/blog\/solo-conocemos-la-mitad-de-las-senales-de-trafico\/\">estudio &#8220;Las se\u00f1ales a examen: la opini\u00f3n de los conductores espa\u00f1oles sobre las se\u00f1ales de tr\u00e1fico\u20ac\u009d<\/a> desarrollado por la <strong>Fundaci\u00f3n para la Seguridad Vial (Fesvial)<\/strong> en colaboraci\u00f3n con la <strong>Confederaci\u00f3n Nacional de Autoescuelas (CNAE)<\/strong> y <strong>Seguros Zurich<\/strong>, <strong>Baleares en la Comunidad que mejor valora las se\u00f1ales de tr\u00e1fico<\/strong>, tanto las se\u00f1ales que existen tanto a nivel nacional, como las de nivel auton\u00f3mico y las urbanas.<\/p>\n<p>Seg\u00fan los datos del estudio e<strong>l 80% de los conductores de Baleares opina que las se\u00f1ales est\u00e1n bien situadas<\/strong> y s\u00f3lamente el 20% de los conductores cree que hay se\u00f1ales abandonadas.<\/p>\n<p>Adem\u00e1s mientras que la nota media de las carreteras espa\u00f1olas se sit\u00faa en un 6,4 sobre 10, <strong>los ciudadanos baleares punt\u00faan con un notable a sus carreteras con una nota media de 7,7<\/strong>. Baleares es tambi\u00e9n la Comunidad donde mejor se valoran las se\u00f1ales de las carreteras secundarias otorg\u00e1ndoles una puntuaci\u00f3n de 6,9 frente a la media nacional que se sit\u00faa en un 5,3.<\/p>\n<p>Seg\u00fan los datos del<strong> informe &#8220;Las se\u00f1ales a examen: la opini\u00f3n de los conductores espa\u00f1oles sobre  las se\u00f1ales de tr\u00e1fico\u20ac\u009d<\/strong> despu\u00e9s de los ciudadanos de las Baleares quienes mejor punt\u00faan los diferentes tipos de se\u00f1ales verticales son los ciudadanos de <strong>Cantabria, Castilla y Le\u00f3n, Madrid, Murcia y la Comunidad Valenciana<\/strong>, mientras que los que les otorgan la peor puntuaci\u00f3n son los ciudadanos de del P<strong>a\u00ed\u00ads Vasco, Castilla &#8211; La Mancha, Andaluc\u00ed\u00ada y Arag\u00f3n.<\/strong><\/p>\n<p>Fuente: <a href=\"http:\/\/www.20minutos.es\/noticia\/680762\/0\/\">20 minutos<\/a><\/p>\n","protected":false},"excerpt":{"rendered":"<p>Seg\u00fan el estudio &#8220;Las se\u00f1ales a examen: la opini\u00f3n de los conductores espa\u00f1oles sobre las se\u00f1ales de tr\u00e1fico\u20ac\u009d desarrollado por la Fundaci\u00f3n para la Seguridad Vial (Fesvial) en colaboraci\u00f3n con la Confederaci\u00f3n Nacional de Autoescuelas (CNAE) y Seguros Zurich, Baleares en la Comunidad que mejor valora las se\u00f1ales de tr\u00e1fico, tanto las se\u00f1ales que existen [&hellip;]<\/p>\n","protected":false},"author":1,"featured_media":214,"comment_status":"open","ping_status":"closed","sticky":false,"template":"","format":"standard","meta":{"footnotes":"","jetpack_publicize_message":"","jetpack_publicize_feature_enabled":true,"jetpack_social_post_already_shared":false,"jetpack_social_options":{"image_generator_settings":{"template":"highway","enabled":false},"version":2}},"categories":[12,19],"tags":[1672,1678,1207],"class_list":["post-3644","post","type-post","status-publish","format-standard","has-post-thumbnail","hentry","category-noticias","category-seguridad-vial","tag-noticias","tag-seguridad-vial","tag-senalizacion"],"wppr_data":[],"jetpack_publicize_connections":[],"yoast_head":"<!-- This site is optimized with the Yoast SEO plugin v24.7 - https:\/\/yoast.com\/wordpress\/plugins\/seo\/ -->\n<title>Baleares es la Comunidad donde mejor se punt\u00faa a las se\u00f1ales<\/title>\n<meta name=\"description\" content=\"el 80% de los conductores de Baleares opina que las se\u00f1ales est\u00e1n bien situadas y s\u00f3lamente el 20% de los conductores cree que hay se\u00f1ales abandonadas\" \/>\n<meta name=\"robots\" content=\"index, follow, max-snippet:-1, max-image-preview:large, max-video-preview:-1\" \/>\n<link rel=\"canonical\" href=\"https:\/\/www.blogdelaautoescuela.com\/blog\/baleares-es-la-comunidad-donde-mejor-se-puntua-a-las-senales\/\" \/>\n<meta property=\"og:locale\" content=\"es_ES\" \/>\n<meta property=\"og:type\" content=\"article\" \/>\n<meta property=\"og:title\" content=\"Baleares es la Comunidad donde mejor se punt\u00faa a las se\u00f1ales\" \/>\n<meta property=\"og:description\" content=\"el 80% de los conductores de Baleares opina que las se\u00f1ales est\u00e1n bien situadas y s\u00f3lamente el 20% de los conductores cree que hay se\u00f1ales abandonadas\" \/>\n<meta property=\"og:url\" content=\"https:\/\/www.blogdelaautoescuela.com\/blog\/baleares-es-la-comunidad-donde-mejor-se-puntua-a-las-senales\/\" \/>\n<meta property=\"og:site_name\" content=\"Blog de la autoescuela\" \/>\n<meta property=\"article:author\" content=\"https:\/\/www.facebook.com\/blogdelaautoescuela\" \/>\n<meta property=\"article:published_time\" content=\"2010-04-19T09:09:36+00:00\" \/>\n<meta property=\"og:image\" content=\"https:\/\/www.blogdelaautoescuela.com\/blog\/wp-content\/uploads\/2008\/12\/calidad-senales1.jpg\" \/>\n\t<meta property=\"og:image:width\" content=\"400\" \/>\n\t<meta property=\"og:image:height\" content=\"300\" \/>\n\t<meta property=\"og:image:type\" content=\"image\/jpeg\" \/>\n<meta name=\"author\" content=\"usr_blogauto\" \/>\n<meta name=\"twitter:label1\" content=\"Escrito por\" \/>\n\t<meta name=\"twitter:data1\" content=\"usr_blogauto\" \/>\n\t<meta name=\"twitter:label2\" content=\"Tiempo de lectura\" \/>\n\t<meta name=\"twitter:data2\" content=\"1 minuto\" \/>\n<script type=\"application\/ld+json\" class=\"yoast-schema-graph\">{\"@context\":\"https:\/\/schema.org\",\"@graph\":[{\"@type\":\"WebPage\",\"@id\":\"https:\/\/www.blogdelaautoescuela.com\/blog\/baleares-es-la-comunidad-donde-mejor-se-puntua-a-las-senales\/\",\"url\":\"https:\/\/www.blogdelaautoescuela.com\/blog\/baleares-es-la-comunidad-donde-mejor-se-puntua-a-las-senales\/\",\"name\":\"Baleares es la Comunidad donde mejor se punt\u00faa a las se\u00f1ales\",\"isPartOf\":{\"@id\":\"https:\/\/www.blogdelaautoescuela.com\/blog\/#website\"},\"primaryImageOfPage\":{\"@id\":\"https:\/\/www.blogdelaautoescuela.com\/blog\/baleares-es-la-comunidad-donde-mejor-se-puntua-a-las-senales\/#primaryimage\"},\"image\":{\"@id\":\"https:\/\/www.blogdelaautoescuela.com\/blog\/baleares-es-la-comunidad-donde-mejor-se-puntua-a-las-senales\/#primaryimage\"},\"thumbnailUrl\":\"https:\/\/www.blogdelaautoescuela.com\/blog\/wp-content\/uploads\/2008\/12\/calidad-senales1.jpg\",\"datePublished\":\"2010-04-19T09:09:36+00:00\",\"author\":{\"@id\":\"https:\/\/www.blogdelaautoescuela.com\/blog\/#\/schema\/person\/f209a64ca5dfe74b9acb6317240e792f\"},\"description\":\"el 80% de los conductores de Baleares opina que las se\u00f1ales est\u00e1n bien situadas y s\u00f3lamente el 20% de los conductores cree que hay se\u00f1ales abandonadas\",\"breadcrumb\":{\"@id\":\"https:\/\/www.blogdelaautoescuela.com\/blog\/baleares-es-la-comunidad-donde-mejor-se-puntua-a-las-senales\/#breadcrumb\"},\"inLanguage\":\"es\",\"potentialAction\":[{\"@type\":\"ReadAction\",\"target\":[\"https:\/\/www.blogdelaautoescuela.com\/blog\/baleares-es-la-comunidad-donde-mejor-se-puntua-a-las-senales\/\"]}]},{\"@type\":\"ImageObject\",\"inLanguage\":\"es\",\"@id\":\"https:\/\/www.blogdelaautoescuela.com\/blog\/baleares-es-la-comunidad-donde-mejor-se-puntua-a-las-senales\/#primaryimage\",\"url\":\"https:\/\/www.blogdelaautoescuela.com\/blog\/wp-content\/uploads\/2008\/12\/calidad-senales1.jpg\",\"contentUrl\":\"https:\/\/www.blogdelaautoescuela.com\/blog\/wp-content\/uploads\/2008\/12\/calidad-senales1.jpg\",\"width\":400,\"height\":300},{\"@type\":\"BreadcrumbList\",\"@id\":\"https:\/\/www.blogdelaautoescuela.com\/blog\/baleares-es-la-comunidad-donde-mejor-se-puntua-a-las-senales\/#breadcrumb\",\"itemListElement\":[{\"@type\":\"ListItem\",\"position\":1,\"name\":\"Portada\",\"item\":\"https:\/\/www.blogdelaautoescuela.com\/blog\/\"},{\"@type\":\"ListItem\",\"position\":2,\"name\":\"Baleares es la Comunidad donde mejor se punt\u00faa a las se\u00f1ales\"}]},{\"@type\":\"WebSite\",\"@id\":\"https:\/\/www.blogdelaautoescuela.com\/blog\/#website\",\"url\":\"https:\/\/www.blogdelaautoescuela.com\/blog\/\",\"name\":\"Blog de la autoescuela\",\"description\":\"Noticias sobre autoescuelas y seguridad vial\",\"potentialAction\":[{\"@type\":\"SearchAction\",\"target\":{\"@type\":\"EntryPoint\",\"urlTemplate\":\"https:\/\/www.blogdelaautoescuela.com\/blog\/?s={search_term_string}\"},\"query-input\":{\"@type\":\"PropertyValueSpecification\",\"valueRequired\":true,\"valueName\":\"search_term_string\"}}],\"inLanguage\":\"es\"},{\"@type\":\"Person\",\"@id\":\"https:\/\/www.blogdelaautoescuela.com\/blog\/#\/schema\/person\/f209a64ca5dfe74b9acb6317240e792f\",\"name\":\"usr_blogauto\",\"image\":{\"@type\":\"ImageObject\",\"inLanguage\":\"es\",\"@id\":\"https:\/\/www.blogdelaautoescuela.com\/blog\/#\/schema\/person\/image\/\",\"url\":\"https:\/\/secure.gravatar.com\/avatar\/d3939d4ea521ac8421c86d2980321cc9?s=96&d=mm&r=g\",\"contentUrl\":\"https:\/\/secure.gravatar.com\/avatar\/d3939d4ea521ac8421c86d2980321cc9?s=96&d=mm&r=g\",\"caption\":\"usr_blogauto\"},\"description\":\"Blog dedicado a la conducci\u00f3n, las autoescuelas y la seguridad vial. Est\u00e1 creado por un grupo de profesionales de la formaci\u00f3n vial que comparten inquietudes y experiencias. Aqu\u00ed\u00ad podr\u00e1s encontrar informaci\u00f3n variada sobre el d\u00ed\u00ada a d\u00ed\u00ada de la autoescuela, ex\u00e1menes, test o novedades y consejos para una conducci\u00f3n m\u00e1s segura.\",\"sameAs\":[\"http:\/\/www.blogdelaautoescuela.com\/\",\"https:\/\/www.facebook.com\/blogdelaautoescuela\",\"https:\/\/x.com\/autoescuelas\"],\"url\":\"https:\/\/www.blogdelaautoescuela.com\/blog\/author\/usr_blogauto\/\"}]}<\/script>\n<!-- \/ Yoast SEO plugin. -->","yoast_head_json":{"title":"Baleares es la Comunidad donde mejor se punt\u00faa a las se\u00f1ales","description":"el 80% de los conductores de Baleares opina que las se\u00f1ales est\u00e1n bien situadas y s\u00f3lamente el 20% de los conductores cree que hay se\u00f1ales abandonadas","robots":{"index":"index","follow":"follow","max-snippet":"max-snippet:-1","max-image-preview":"max-image-preview:large","max-video-preview":"max-video-preview:-1"},"canonical":"https:\/\/www.blogdelaautoescuela.com\/blog\/baleares-es-la-comunidad-donde-mejor-se-puntua-a-las-senales\/","og_locale":"es_ES","og_type":"article","og_title":"Baleares es la Comunidad donde mejor se punt\u00faa a las se\u00f1ales","og_description":"el 80% de los conductores de Baleares opina que las se\u00f1ales est\u00e1n bien situadas y s\u00f3lamente el 20% de los conductores cree que hay se\u00f1ales abandonadas","og_url":"https:\/\/www.blogdelaautoescuela.com\/blog\/baleares-es-la-comunidad-donde-mejor-se-puntua-a-las-senales\/","og_site_name":"Blog de la autoescuela","article_author":"https:\/\/www.facebook.com\/blogdelaautoescuela","article_published_time":"2010-04-19T09:09:36+00:00","og_image":[{"width":400,"height":300,"url":"https:\/\/www.blogdelaautoescuela.com\/blog\/wp-content\/uploads\/2008\/12\/calidad-senales1.jpg","type":"image\/jpeg"}],"author":"usr_blogauto","twitter_misc":{"Escrito por":"usr_blogauto","Tiempo de lectura":"1 minuto"},"schema":{"@context":"https:\/\/schema.org","@graph":[{"@type":"WebPage","@id":"https:\/\/www.blogdelaautoescuela.com\/blog\/baleares-es-la-comunidad-donde-mejor-se-puntua-a-las-senales\/","url":"https:\/\/www.blogdelaautoescuela.com\/blog\/baleares-es-la-comunidad-donde-mejor-se-puntua-a-las-senales\/","name":"Baleares es la Comunidad donde mejor se punt\u00faa a las se\u00f1ales","isPartOf":{"@id":"https:\/\/www.blogdelaautoescuela.com\/blog\/#website"},"primaryImageOfPage":{"@id":"https:\/\/www.blogdelaautoescuela.com\/blog\/baleares-es-la-comunidad-donde-mejor-se-puntua-a-las-senales\/#primaryimage"},"image":{"@id":"https:\/\/www.blogdelaautoescuela.com\/blog\/baleares-es-la-comunidad-donde-mejor-se-puntua-a-las-senales\/#primaryimage"},"thumbnailUrl":"https:\/\/www.blogdelaautoescuela.com\/blog\/wp-content\/uploads\/2008\/12\/calidad-senales1.jpg","datePublished":"2010-04-19T09:09:36+00:00","author":{"@id":"https:\/\/www.blogdelaautoescuela.com\/blog\/#\/schema\/person\/f209a64ca5dfe74b9acb6317240e792f"},"description":"el 80% de los conductores de Baleares opina que las se\u00f1ales est\u00e1n bien situadas y s\u00f3lamente el 20% de los conductores cree que hay se\u00f1ales abandonadas","breadcrumb":{"@id":"https:\/\/www.blogdelaautoescuela.com\/blog\/baleares-es-la-comunidad-donde-mejor-se-puntua-a-las-senales\/#breadcrumb"},"inLanguage":"es","potentialAction":[{"@type":"ReadAction","target":["https:\/\/www.blogdelaautoescuela.com\/blog\/baleares-es-la-comunidad-donde-mejor-se-puntua-a-las-senales\/"]}]},{"@type":"ImageObject","inLanguage":"es","@id":"https:\/\/www.blogdelaautoescuela.com\/blog\/baleares-es-la-comunidad-donde-mejor-se-puntua-a-las-senales\/#primaryimage","url":"https:\/\/www.blogdelaautoescuela.com\/blog\/wp-content\/uploads\/2008\/12\/calidad-senales1.jpg","contentUrl":"https:\/\/www.blogdelaautoescuela.com\/blog\/wp-content\/uploads\/2008\/12\/calidad-senales1.jpg","width":400,"height":300},{"@type":"BreadcrumbList","@id":"https:\/\/www.blogdelaautoescuela.com\/blog\/baleares-es-la-comunidad-donde-mejor-se-puntua-a-las-senales\/#breadcrumb","itemListElement":[{"@type":"ListItem","position":1,"name":"Portada","item":"https:\/\/www.blogdelaautoescuela.com\/blog\/"},{"@type":"ListItem","position":2,"name":"Baleares es la Comunidad donde mejor se punt\u00faa a las se\u00f1ales"}]},{"@type":"WebSite","@id":"https:\/\/www.blogdelaautoescuela.com\/blog\/#website","url":"https:\/\/www.blogdelaautoescuela.com\/blog\/","name":"Blog de la autoescuela","description":"Noticias sobre autoescuelas y seguridad vial","potentialAction":[{"@type":"SearchAction","target":{"@type":"EntryPoint","urlTemplate":"https:\/\/www.blogdelaautoescuela.com\/blog\/?s={search_term_string}"},"query-input":{"@type":"PropertyValueSpecification","valueRequired":true,"valueName":"search_term_string"}}],"inLanguage":"es"},{"@type":"Person","@id":"https:\/\/www.blogdelaautoescuela.com\/blog\/#\/schema\/person\/f209a64ca5dfe74b9acb6317240e792f","name":"usr_blogauto","image":{"@type":"ImageObject","inLanguage":"es","@id":"https:\/\/www.blogdelaautoescuela.com\/blog\/#\/schema\/person\/image\/","url":"https:\/\/secure.gravatar.com\/avatar\/d3939d4ea521ac8421c86d2980321cc9?s=96&d=mm&r=g","contentUrl":"https:\/\/secure.gravatar.com\/avatar\/d3939d4ea521ac8421c86d2980321cc9?s=96&d=mm&r=g","caption":"usr_blogauto"},"description":"Blog dedicado a la conducci\u00f3n, las autoescuelas y la seguridad vial. Est\u00e1 creado por un grupo de profesionales de la formaci\u00f3n vial que comparten inquietudes y experiencias. Aqu\u00ed\u00ad podr\u00e1s encontrar informaci\u00f3n variada sobre el d\u00ed\u00ada a d\u00ed\u00ada de la autoescuela, ex\u00e1menes, test o novedades y consejos para una conducci\u00f3n m\u00e1s segura.","sameAs":["http:\/\/www.blogdelaautoescuela.com\/","https:\/\/www.facebook.com\/blogdelaautoescuela","https:\/\/x.com\/autoescuelas"],"url":"https:\/\/www.blogdelaautoescuela.com\/blog\/author\/usr_blogauto\/"}]}},"jetpack_featured_media_url":"https:\/\/www.blogdelaautoescuela.com\/blog\/wp-content\/uploads\/2008\/12\/calidad-senales1.jpg","_links":{"self":[{"href":"https:\/\/www.blogdelaautoescuela.com\/blog\/wp-json\/wp\/v2\/posts\/3644","targetHints":{"allow":["GET"]}}],"collection":[{"href":"https:\/\/www.blogdelaautoescuela.com\/blog\/wp-json\/wp\/v2\/posts"}],"about":[{"href":"https:\/\/www.blogdelaautoescuela.com\/blog\/wp-json\/wp\/v2\/types\/post"}],"author":[{"embeddable":true,"href":"https:\/\/www.blogdelaautoescuela.com\/blog\/wp-json\/wp\/v2\/users\/1"}],"replies":[{"embeddable":true,"href":"https:\/\/www.blogdelaautoescuela.com\/blog\/wp-json\/wp\/v2\/comments?post=3644"}],"version-history":[{"count":0,"href":"https:\/\/www.blogdelaautoescuela.com\/blog\/wp-json\/wp\/v2\/posts\/3644\/revisions"}],"wp:featuredmedia":[{"embeddable":true,"href":"https:\/\/www.blogdelaautoescuela.com\/blog\/wp-json\/wp\/v2\/media\/214"}],"wp:attachment":[{"href":"https:\/\/www.blogdelaautoescuela.com\/blog\/wp-json\/wp\/v2\/media?parent=3644"}],"wp:term":[{"taxonomy":"category","embeddable":true,"href":"https:\/\/www.blogdelaautoescuela.com\/blog\/wp-json\/wp\/v2\/categories?post=3644"},{"taxonomy":"post_tag","embeddable":true,"href":"https:\/\/www.blogdelaautoescuela.com\/blog\/wp-json\/wp\/v2\/tags?post=3644"}],"curies":[{"name":"wp","href":"https:\/\/api.w.org\/{rel}","templated":true}]}}