
{"id":3577,"date":"2010-04-09T10:03:09","date_gmt":"2010-04-09T08:03:09","guid":{"rendered":"http:\/\/www.blogdelaautoescuela.com\/blog\/?p=3577"},"modified":"2010-04-09T10:03:09","modified_gmt":"2010-04-09T08:03:09","slug":"espana-y-argentina-cooperaran-en-materia-de-seguridad-vial","status":"publish","type":"post","link":"https:\/\/www.blogdelaautoescuela.com\/blog\/espana-y-argentina-cooperaran-en-materia-de-seguridad-vial\/","title":{"rendered":"Espa\u00f1a y Argentina cooperar\u00e1n en materia de Seguridad Vial"},"content":{"rendered":"<p style=\"text-align: center;\"><img loading=\"lazy\" decoding=\"async\" class=\"size-full wp-image-3578 aligncenter\" title=\"espana-argentina\" src=\"http:\/\/www.blogdelaautoescuela.com\/blog\/wp-content\/uploads\/2010\/04\/espana-argentina.jpg\" alt=\"espana-argentina\" width=\"400\" height=\"320\" \/><\/p>\n<p>Los <strong>accidentes de tr\u00e1fico<\/strong> desgraciadamente causan miles de muertes al a\u00f1o en el mundo y <strong>reducir la siniestralidad vial<\/strong> es uno de los principales objetivos de muchos pa\u00ed\u00adses.<\/p>\n<p>Afortunadamente<strong> en Espa\u00f1a la siniestralidad en accidentes de tr\u00e1fico ha bajado considerablemente<\/strong> en los \u00faltimos a\u00f1os, aunque a\u00fan tenemos mucho camino por delante para conseguir que los accidentes de tr\u00e1fico no sean una de las principales causas de muerte, especialmente entre los j\u00f3venes.<\/p>\n<p>Para intentar reducir la siniestralidad <strong>Espa\u00f1a y Argentina empezar\u00e1n a cooperar en materia de Seguridad Vial <\/strong>gracias al <strong>Plan Estrat\u00e9gico 2010-2020<\/strong> que ha sido firmado entre <strong>Felipe Rodr\u00ed\u00adguez Laguens,\u00a0 director Ejecutivo de la Agencia Nacional de Seguridad Vial<\/strong> de <strong>Argentina<\/strong> (<strong>ANSV<\/strong>), y<strong> Pere Navarro, director general de Tr\u00e1fico.<\/strong><\/p>\n<p>A trav\u00e9s de este acuerdo entre ambos pa\u00ed\u00adses se tratar\u00e1 de<strong> reducir la siniestralidad vial<\/strong>, algo en lo que <strong>nuestro pa\u00ed\u00ads puede servir de ejemplo<\/strong> seg\u00fan ha comentado el propio <strong>Felipe Rodr\u00ed\u00adguez Laguens<\/strong> quien ha dicho que <em>\u20ac\u0153Espa\u00f1a es modelo en materia de seguridad vial, y trabajar\u00e1 apoyando a la Agencia. Este avance estrat\u00e9gico es b\u00e1sico en la definici\u00f3n del plan operativo anual 2010. Tomar la experiencia de la DGT nos garantiza seguir transitando por la buena senda en la materia\u20ac\u009d.<\/em><\/p>\n<p>Esperamos que la aprobaci\u00f3n de este <strong>Plan Estrat\u00e9gico 2010-2020 entre Espa\u00f1a y Argentina<\/strong> consiga que el n\u00famero de v\u00ed\u00adctimas mortales en accidentes de tr\u00e1fico.<\/p>\n","protected":false},"excerpt":{"rendered":"<p>Los accidentes de tr\u00e1fico desgraciadamente causan miles de muertes al a\u00f1o en el mundo y reducir la siniestralidad vial es uno de los principales objetivos de muchos pa\u00ed\u00adses. Afortunadamente en Espa\u00f1a la siniestralidad en accidentes de tr\u00e1fico ha bajado considerablemente en los \u00faltimos a\u00f1os, aunque a\u00fan tenemos mucho camino por delante para conseguir que los [&hellip;]<\/p>\n","protected":false},"author":1,"featured_media":3578,"comment_status":"open","ping_status":"closed","sticky":false,"template":"","format":"standard","meta":{"footnotes":"","jetpack_publicize_message":"","jetpack_publicize_feature_enabled":true,"jetpack_social_post_already_shared":false,"jetpack_social_options":{"image_generator_settings":{"template":"highway","enabled":false},"version":2}},"categories":[12,19],"tags":[128,565,1009,1678],"class_list":["post-3577","post","type-post","status-publish","format-standard","has-post-thumbnail","hentry","category-noticias","category-seguridad-vial","tag-argentina","tag-espana","tag-plan-estrategico-2010-2020","tag-seguridad-vial"],"wppr_data":[],"jetpack_publicize_connections":[],"yoast_head":"<!-- This site is optimized with the Yoast SEO plugin v24.7 - https:\/\/yoast.com\/wordpress\/plugins\/seo\/ -->\n<title>Espa\u00f1a y Argentina cooperar\u00e1n en materia de Seguridad Vial<\/title>\n<meta name=\"description\" content=\"Espa\u00f1a y Argentina empezar\u00e1n a cooperar en materia de Seguridad Vial gracias al Plan Estrat\u00e9gico 2010-2020\" \/>\n<meta name=\"robots\" content=\"index, follow, max-snippet:-1, max-image-preview:large, max-video-preview:-1\" \/>\n<link rel=\"canonical\" href=\"https:\/\/www.blogdelaautoescuela.com\/blog\/espana-y-argentina-cooperaran-en-materia-de-seguridad-vial\/\" \/>\n<meta property=\"og:locale\" content=\"es_ES\" \/>\n<meta property=\"og:type\" content=\"article\" \/>\n<meta property=\"og:title\" content=\"Espa\u00f1a y Argentina cooperar\u00e1n en materia de Seguridad Vial\" \/>\n<meta property=\"og:description\" content=\"Espa\u00f1a y Argentina empezar\u00e1n a cooperar en materia de Seguridad Vial gracias al Plan Estrat\u00e9gico 2010-2020\" \/>\n<meta property=\"og:url\" content=\"https:\/\/www.blogdelaautoescuela.com\/blog\/espana-y-argentina-cooperaran-en-materia-de-seguridad-vial\/\" \/>\n<meta property=\"og:site_name\" content=\"Blog de la autoescuela\" \/>\n<meta property=\"article:author\" content=\"https:\/\/www.facebook.com\/blogdelaautoescuela\" \/>\n<meta property=\"article:published_time\" content=\"2010-04-09T08:03:09+00:00\" \/>\n<meta property=\"og:image\" content=\"https:\/\/www.blogdelaautoescuela.com\/blog\/wp-content\/uploads\/2010\/04\/espana-argentina1.jpg\" \/>\n\t<meta property=\"og:image:width\" content=\"400\" \/>\n\t<meta property=\"og:image:height\" content=\"320\" \/>\n\t<meta property=\"og:image:type\" content=\"image\/jpeg\" \/>\n<meta name=\"author\" content=\"usr_blogauto\" \/>\n<meta name=\"twitter:label1\" content=\"Escrito por\" \/>\n\t<meta name=\"twitter:data1\" content=\"usr_blogauto\" \/>\n\t<meta name=\"twitter:label2\" content=\"Tiempo de lectura\" \/>\n\t<meta name=\"twitter:data2\" content=\"1 minuto\" \/>\n<script type=\"application\/ld+json\" class=\"yoast-schema-graph\">{\"@context\":\"https:\/\/schema.org\",\"@graph\":[{\"@type\":\"WebPage\",\"@id\":\"https:\/\/www.blogdelaautoescuela.com\/blog\/espana-y-argentina-cooperaran-en-materia-de-seguridad-vial\/\",\"url\":\"https:\/\/www.blogdelaautoescuela.com\/blog\/espana-y-argentina-cooperaran-en-materia-de-seguridad-vial\/\",\"name\":\"Espa\u00f1a y Argentina cooperar\u00e1n en materia de Seguridad Vial\",\"isPartOf\":{\"@id\":\"https:\/\/www.blogdelaautoescuela.com\/blog\/#website\"},\"primaryImageOfPage\":{\"@id\":\"https:\/\/www.blogdelaautoescuela.com\/blog\/espana-y-argentina-cooperaran-en-materia-de-seguridad-vial\/#primaryimage\"},\"image\":{\"@id\":\"https:\/\/www.blogdelaautoescuela.com\/blog\/espana-y-argentina-cooperaran-en-materia-de-seguridad-vial\/#primaryimage\"},\"thumbnailUrl\":\"https:\/\/www.blogdelaautoescuela.com\/blog\/wp-content\/uploads\/2010\/04\/espana-argentina1.jpg\",\"datePublished\":\"2010-04-09T08:03:09+00:00\",\"author\":{\"@id\":\"https:\/\/www.blogdelaautoescuela.com\/blog\/#\/schema\/person\/f209a64ca5dfe74b9acb6317240e792f\"},\"description\":\"Espa\u00f1a y Argentina empezar\u00e1n a cooperar en materia de Seguridad Vial gracias al Plan Estrat\u00e9gico 2010-2020\",\"breadcrumb\":{\"@id\":\"https:\/\/www.blogdelaautoescuela.com\/blog\/espana-y-argentina-cooperaran-en-materia-de-seguridad-vial\/#breadcrumb\"},\"inLanguage\":\"es\",\"potentialAction\":[{\"@type\":\"ReadAction\",\"target\":[\"https:\/\/www.blogdelaautoescuela.com\/blog\/espana-y-argentina-cooperaran-en-materia-de-seguridad-vial\/\"]}]},{\"@type\":\"ImageObject\",\"inLanguage\":\"es\",\"@id\":\"https:\/\/www.blogdelaautoescuela.com\/blog\/espana-y-argentina-cooperaran-en-materia-de-seguridad-vial\/#primaryimage\",\"url\":\"https:\/\/www.blogdelaautoescuela.com\/blog\/wp-content\/uploads\/2010\/04\/espana-argentina1.jpg\",\"contentUrl\":\"https:\/\/www.blogdelaautoescuela.com\/blog\/wp-content\/uploads\/2010\/04\/espana-argentina1.jpg\",\"width\":400,\"height\":320},{\"@type\":\"BreadcrumbList\",\"@id\":\"https:\/\/www.blogdelaautoescuela.com\/blog\/espana-y-argentina-cooperaran-en-materia-de-seguridad-vial\/#breadcrumb\",\"itemListElement\":[{\"@type\":\"ListItem\",\"position\":1,\"name\":\"Portada\",\"item\":\"https:\/\/www.blogdelaautoescuela.com\/blog\/\"},{\"@type\":\"ListItem\",\"position\":2,\"name\":\"Espa\u00f1a y Argentina cooperar\u00e1n en materia de Seguridad Vial\"}]},{\"@type\":\"WebSite\",\"@id\":\"https:\/\/www.blogdelaautoescuela.com\/blog\/#website\",\"url\":\"https:\/\/www.blogdelaautoescuela.com\/blog\/\",\"name\":\"Blog de la autoescuela\",\"description\":\"Noticias sobre autoescuelas y seguridad vial\",\"potentialAction\":[{\"@type\":\"SearchAction\",\"target\":{\"@type\":\"EntryPoint\",\"urlTemplate\":\"https:\/\/www.blogdelaautoescuela.com\/blog\/?s={search_term_string}\"},\"query-input\":{\"@type\":\"PropertyValueSpecification\",\"valueRequired\":true,\"valueName\":\"search_term_string\"}}],\"inLanguage\":\"es\"},{\"@type\":\"Person\",\"@id\":\"https:\/\/www.blogdelaautoescuela.com\/blog\/#\/schema\/person\/f209a64ca5dfe74b9acb6317240e792f\",\"name\":\"usr_blogauto\",\"image\":{\"@type\":\"ImageObject\",\"inLanguage\":\"es\",\"@id\":\"https:\/\/www.blogdelaautoescuela.com\/blog\/#\/schema\/person\/image\/\",\"url\":\"https:\/\/secure.gravatar.com\/avatar\/d3939d4ea521ac8421c86d2980321cc9?s=96&d=mm&r=g\",\"contentUrl\":\"https:\/\/secure.gravatar.com\/avatar\/d3939d4ea521ac8421c86d2980321cc9?s=96&d=mm&r=g\",\"caption\":\"usr_blogauto\"},\"description\":\"Blog dedicado a la conducci\u00f3n, las autoescuelas y la seguridad vial. Est\u00e1 creado por un grupo de profesionales de la formaci\u00f3n vial que comparten inquietudes y experiencias. Aqu\u00ed\u00ad podr\u00e1s encontrar informaci\u00f3n variada sobre el d\u00ed\u00ada a d\u00ed\u00ada de la autoescuela, ex\u00e1menes, test o novedades y consejos para una conducci\u00f3n m\u00e1s segura.\",\"sameAs\":[\"http:\/\/www.blogdelaautoescuela.com\/\",\"https:\/\/www.facebook.com\/blogdelaautoescuela\",\"https:\/\/x.com\/autoescuelas\"],\"url\":\"https:\/\/www.blogdelaautoescuela.com\/blog\/author\/usr_blogauto\/\"}]}<\/script>\n<!-- \/ Yoast SEO plugin. -->","yoast_head_json":{"title":"Espa\u00f1a y Argentina cooperar\u00e1n en materia de Seguridad Vial","description":"Espa\u00f1a y Argentina empezar\u00e1n a cooperar en materia de Seguridad Vial gracias al Plan Estrat\u00e9gico 2010-2020","robots":{"index":"index","follow":"follow","max-snippet":"max-snippet:-1","max-image-preview":"max-image-preview:large","max-video-preview":"max-video-preview:-1"},"canonical":"https:\/\/www.blogdelaautoescuela.com\/blog\/espana-y-argentina-cooperaran-en-materia-de-seguridad-vial\/","og_locale":"es_ES","og_type":"article","og_title":"Espa\u00f1a y Argentina cooperar\u00e1n en materia de Seguridad Vial","og_description":"Espa\u00f1a y Argentina empezar\u00e1n a cooperar en materia de Seguridad Vial gracias al Plan Estrat\u00e9gico 2010-2020","og_url":"https:\/\/www.blogdelaautoescuela.com\/blog\/espana-y-argentina-cooperaran-en-materia-de-seguridad-vial\/","og_site_name":"Blog de la autoescuela","article_author":"https:\/\/www.facebook.com\/blogdelaautoescuela","article_published_time":"2010-04-09T08:03:09+00:00","og_image":[{"width":400,"height":320,"url":"https:\/\/www.blogdelaautoescuela.com\/blog\/wp-content\/uploads\/2010\/04\/espana-argentina1.jpg","type":"image\/jpeg"}],"author":"usr_blogauto","twitter_misc":{"Escrito por":"usr_blogauto","Tiempo de lectura":"1 minuto"},"schema":{"@context":"https:\/\/schema.org","@graph":[{"@type":"WebPage","@id":"https:\/\/www.blogdelaautoescuela.com\/blog\/espana-y-argentina-cooperaran-en-materia-de-seguridad-vial\/","url":"https:\/\/www.blogdelaautoescuela.com\/blog\/espana-y-argentina-cooperaran-en-materia-de-seguridad-vial\/","name":"Espa\u00f1a y Argentina cooperar\u00e1n en materia de Seguridad Vial","isPartOf":{"@id":"https:\/\/www.blogdelaautoescuela.com\/blog\/#website"},"primaryImageOfPage":{"@id":"https:\/\/www.blogdelaautoescuela.com\/blog\/espana-y-argentina-cooperaran-en-materia-de-seguridad-vial\/#primaryimage"},"image":{"@id":"https:\/\/www.blogdelaautoescuela.com\/blog\/espana-y-argentina-cooperaran-en-materia-de-seguridad-vial\/#primaryimage"},"thumbnailUrl":"https:\/\/www.blogdelaautoescuela.com\/blog\/wp-content\/uploads\/2010\/04\/espana-argentina1.jpg","datePublished":"2010-04-09T08:03:09+00:00","author":{"@id":"https:\/\/www.blogdelaautoescuela.com\/blog\/#\/schema\/person\/f209a64ca5dfe74b9acb6317240e792f"},"description":"Espa\u00f1a y Argentina empezar\u00e1n a cooperar en materia de Seguridad Vial gracias al Plan Estrat\u00e9gico 2010-2020","breadcrumb":{"@id":"https:\/\/www.blogdelaautoescuela.com\/blog\/espana-y-argentina-cooperaran-en-materia-de-seguridad-vial\/#breadcrumb"},"inLanguage":"es","potentialAction":[{"@type":"ReadAction","target":["https:\/\/www.blogdelaautoescuela.com\/blog\/espana-y-argentina-cooperaran-en-materia-de-seguridad-vial\/"]}]},{"@type":"ImageObject","inLanguage":"es","@id":"https:\/\/www.blogdelaautoescuela.com\/blog\/espana-y-argentina-cooperaran-en-materia-de-seguridad-vial\/#primaryimage","url":"https:\/\/www.blogdelaautoescuela.com\/blog\/wp-content\/uploads\/2010\/04\/espana-argentina1.jpg","contentUrl":"https:\/\/www.blogdelaautoescuela.com\/blog\/wp-content\/uploads\/2010\/04\/espana-argentina1.jpg","width":400,"height":320},{"@type":"BreadcrumbList","@id":"https:\/\/www.blogdelaautoescuela.com\/blog\/espana-y-argentina-cooperaran-en-materia-de-seguridad-vial\/#breadcrumb","itemListElement":[{"@type":"ListItem","position":1,"name":"Portada","item":"https:\/\/www.blogdelaautoescuela.com\/blog\/"},{"@type":"ListItem","position":2,"name":"Espa\u00f1a y Argentina cooperar\u00e1n en materia de Seguridad Vial"}]},{"@type":"WebSite","@id":"https:\/\/www.blogdelaautoescuela.com\/blog\/#website","url":"https:\/\/www.blogdelaautoescuela.com\/blog\/","name":"Blog de la autoescuela","description":"Noticias sobre autoescuelas y seguridad vial","potentialAction":[{"@type":"SearchAction","target":{"@type":"EntryPoint","urlTemplate":"https:\/\/www.blogdelaautoescuela.com\/blog\/?s={search_term_string}"},"query-input":{"@type":"PropertyValueSpecification","valueRequired":true,"valueName":"search_term_string"}}],"inLanguage":"es"},{"@type":"Person","@id":"https:\/\/www.blogdelaautoescuela.com\/blog\/#\/schema\/person\/f209a64ca5dfe74b9acb6317240e792f","name":"usr_blogauto","image":{"@type":"ImageObject","inLanguage":"es","@id":"https:\/\/www.blogdelaautoescuela.com\/blog\/#\/schema\/person\/image\/","url":"https:\/\/secure.gravatar.com\/avatar\/d3939d4ea521ac8421c86d2980321cc9?s=96&d=mm&r=g","contentUrl":"https:\/\/secure.gravatar.com\/avatar\/d3939d4ea521ac8421c86d2980321cc9?s=96&d=mm&r=g","caption":"usr_blogauto"},"description":"Blog dedicado a la conducci\u00f3n, las autoescuelas y la seguridad vial. Est\u00e1 creado por un grupo de profesionales de la formaci\u00f3n vial que comparten inquietudes y experiencias. Aqu\u00ed\u00ad podr\u00e1s encontrar informaci\u00f3n variada sobre el d\u00ed\u00ada a d\u00ed\u00ada de la autoescuela, ex\u00e1menes, test o novedades y consejos para una conducci\u00f3n m\u00e1s segura.","sameAs":["http:\/\/www.blogdelaautoescuela.com\/","https:\/\/www.facebook.com\/blogdelaautoescuela","https:\/\/x.com\/autoescuelas"],"url":"https:\/\/www.blogdelaautoescuela.com\/blog\/author\/usr_blogauto\/"}]}},"jetpack_featured_media_url":"https:\/\/www.blogdelaautoescuela.com\/blog\/wp-content\/uploads\/2010\/04\/espana-argentina1.jpg","_links":{"self":[{"href":"https:\/\/www.blogdelaautoescuela.com\/blog\/wp-json\/wp\/v2\/posts\/3577","targetHints":{"allow":["GET"]}}],"collection":[{"href":"https:\/\/www.blogdelaautoescuela.com\/blog\/wp-json\/wp\/v2\/posts"}],"about":[{"href":"https:\/\/www.blogdelaautoescuela.com\/blog\/wp-json\/wp\/v2\/types\/post"}],"author":[{"embeddable":true,"href":"https:\/\/www.blogdelaautoescuela.com\/blog\/wp-json\/wp\/v2\/users\/1"}],"replies":[{"embeddable":true,"href":"https:\/\/www.blogdelaautoescuela.com\/blog\/wp-json\/wp\/v2\/comments?post=3577"}],"version-history":[{"count":0,"href":"https:\/\/www.blogdelaautoescuela.com\/blog\/wp-json\/wp\/v2\/posts\/3577\/revisions"}],"wp:featuredmedia":[{"embeddable":true,"href":"https:\/\/www.blogdelaautoescuela.com\/blog\/wp-json\/wp\/v2\/media\/3578"}],"wp:attachment":[{"href":"https:\/\/www.blogdelaautoescuela.com\/blog\/wp-json\/wp\/v2\/media?parent=3577"}],"wp:term":[{"taxonomy":"category","embeddable":true,"href":"https:\/\/www.blogdelaautoescuela.com\/blog\/wp-json\/wp\/v2\/categories?post=3577"},{"taxonomy":"post_tag","embeddable":true,"href":"https:\/\/www.blogdelaautoescuela.com\/blog\/wp-json\/wp\/v2\/tags?post=3577"}],"curies":[{"name":"wp","href":"https:\/\/api.w.org\/{rel}","templated":true}]}}