
{"id":3569,"date":"2010-04-08T10:47:55","date_gmt":"2010-04-08T08:47:55","guid":{"rendered":"http:\/\/www.blogdelaautoescuela.com\/blog\/?p=3569"},"modified":"2014-12-15T13:17:04","modified_gmt":"2014-12-15T12:17:04","slug":"los-vecinos-de-vigo-podran-elegir-como-quieren-sus-semaforos","status":"publish","type":"post","link":"https:\/\/www.blogdelaautoescuela.com\/blog\/los-vecinos-de-vigo-podran-elegir-como-quieren-sus-semaforos\/","title":{"rendered":"Los vecinos de Vigo podr\u00e1n elegir como quieren sus sem\u00e1foros"},"content":{"rendered":"<p style=\"text-align: center;\"><img loading=\"lazy\" decoding=\"async\" class=\"size-full wp-image-3570 aligncenter\" title=\"semaforos vigo\" src=\"http:\/\/www.blogdelaautoescuela.com\/blog\/wp-content\/uploads\/2010\/04\/semaforos-vigo.jpg\" alt=\"semaforos vigo\" width=\"400\" height=\"300\" \/><\/p>\n<p style=\"text-align: justify;\">En <strong>Vigo<\/strong> se va a llevar a cabo a partir de este mes una<strong> renovaci\u00f3n integral de los sem\u00e1foros<\/strong> del municipio, y en esta renovaci\u00f3n <strong>los vecinos de Vigo<\/strong> tendr\u00e1n un papel muy importante porque ellos <strong>podr\u00e1n elegir su sem\u00e1foro preferido.<\/strong><\/p>\n<p style=\"text-align: justify;\">La <strong>Concejal\u00ed\u00ada de Tr\u00e1fico, Movilidad y Transporte<\/strong>, dirigida por <strong>Xulio Calvi\u00f1o<\/strong>, permitir\u00e1 elegir a los ciudadanos qu\u00e9 sem\u00e1foros quieren que se instalen, los vigueses <strong>podr\u00e1n elegir entre sem\u00e1foros con o sin viseras y hasta con 4 colores diferentes, amarillos, granates, grises o verdes.<\/strong><\/p>\n<p style=\"text-align: justify;\">Los ciudadanos tendr\u00e1n un plazo de dos semanas para elegir cual es su tipo de sem\u00e1foro favorito, aunque <strong>Xulio Calvi\u00f1o<\/strong> ya tiene su preferido:<\/p>\n<blockquote>\n<p style=\"text-align: justify;\">\u20ac\u0153Yo soy partidario del amarillo, porque es un color que se ve bien y eso es muy importante para la seguridad vial\u20ac\u009d.<\/p>\n<\/blockquote>\n<p style=\"text-align: justify;\">Esta <strong>renovaci\u00f3n integral de los sem\u00e1foros vigueses<\/strong> se har\u00e1 progresivamente y en los pr\u00f3ximos dos a\u00f1os se espera que ya la mayor parte de los 1.300 sem\u00e1foros ya hayan sido renovados por los que estas semanas elijan los ciudadanos.<\/p>\n<p style=\"text-align: justify;\">Adem\u00e1s tambi\u00e9n <strong>se modificar\u00e1n las se\u00f1ales ac\u00fasticas para los invidentes<\/strong> de los sem\u00e1foros, para llevar a cabo este cambio la Conseller\u00ed\u00ada cuenta con el <strong>apoyo de la ONCE<\/strong> y contar\u00e1n con <strong>un mensaje de voz que identificar\u00e1 la calle por la que cruzan los invidentes.<\/strong><\/p>\n<p style=\"text-align: justify;\">En <strong>Vigo<\/strong> tambi\u00e9n se pretende probar los <strong>contadores en los que se informa a los peatones con una cuenta atr\u00e1s del tiempo que queda para que su sem\u00e1foro pase de verde a rojo<\/strong> en los pasos de peatones.<\/p>\n<p style=\"text-align: justify;\">Adem\u00e1s seg\u00fan ha explicado el<strong> concejal de Tr\u00e1fico, Movilidad y Transporte<\/strong> esta renovaci\u00f3n en los sem\u00e1foros:<\/p>\n<blockquote>\n<p style=\"text-align: justify;\">\u20ac\u0153Tendr\u00e1 un coste cero para el Concello, se instalar\u00e1n con fibra \u00f3ptica y un sistema de \u00faltima generaci\u00f3n permitir\u00e1 que est\u00e9n controlados en todo momento para que, cuando alguno se aver\u00ed\u00ade, se pueda reparar de inmediato\u20ac\u009d<\/p>\n<\/blockquote>\n","protected":false},"excerpt":{"rendered":"<p>En Vigo se va a llevar a cabo a partir de este mes una renovaci\u00f3n integral de los sem\u00e1foros del municipio, y en esta renovaci\u00f3n los vecinos de Vigo tendr\u00e1n un papel muy importante porque ellos podr\u00e1n elegir su sem\u00e1foro preferido. La Concejal\u00ed\u00ada de Tr\u00e1fico, Movilidad y Transporte, dirigida por Xulio Calvi\u00f1o, permitir\u00e1 elegir a [&hellip;]<\/p>\n","protected":false},"author":1,"featured_media":3570,"comment_status":"open","ping_status":"closed","sticky":false,"template":"","format":"standard","meta":{"footnotes":"","jetpack_publicize_message":"","jetpack_publicize_feature_enabled":true,"jetpack_social_post_already_shared":false,"jetpack_social_options":{"image_generator_settings":{"template":"highway","enabled":false},"version":2}},"categories":[12,19],"tags":[1672,1678,1183,1388],"class_list":["post-3569","post","type-post","status-publish","format-standard","has-post-thumbnail","hentry","category-noticias","category-seguridad-vial","tag-noticias","tag-seguridad-vial","tag-semaforos","tag-vigo"],"wppr_data":{"cwp_meta_box_check":"No","cwp_rev_product_name":"","cwp_rev_product_image":"","cwp_image_link":"image","cwp_rev_price":""},"jetpack_publicize_connections":[],"yoast_head":"<!-- This site is optimized with the Yoast SEO plugin v24.7 - https:\/\/yoast.com\/wordpress\/plugins\/seo\/ -->\n<title>Los vecinos de Vigo podr\u00e1n elegir como quieren sus sem\u00e1foros<\/title>\n<meta name=\"description\" content=\"los vigueses podr\u00e1n elegir entre sem\u00e1foros con o sin viseras y hasta con 4 colores diferentes, amarillos, granates, grises o verdes.\" \/>\n<meta name=\"robots\" content=\"index, follow, max-snippet:-1, max-image-preview:large, max-video-preview:-1\" \/>\n<link rel=\"canonical\" href=\"https:\/\/www.blogdelaautoescuela.com\/blog\/los-vecinos-de-vigo-podran-elegir-como-quieren-sus-semaforos\/\" \/>\n<meta property=\"og:locale\" content=\"es_ES\" \/>\n<meta property=\"og:type\" content=\"article\" \/>\n<meta property=\"og:title\" content=\"Los vecinos de Vigo podr\u00e1n elegir como quieren sus sem\u00e1foros\" \/>\n<meta property=\"og:description\" content=\"los vigueses podr\u00e1n elegir entre sem\u00e1foros con o sin viseras y hasta con 4 colores diferentes, amarillos, granates, grises o verdes.\" \/>\n<meta property=\"og:url\" content=\"https:\/\/www.blogdelaautoescuela.com\/blog\/los-vecinos-de-vigo-podran-elegir-como-quieren-sus-semaforos\/\" \/>\n<meta property=\"og:site_name\" content=\"Blog de la autoescuela\" \/>\n<meta property=\"article:author\" content=\"https:\/\/www.facebook.com\/blogdelaautoescuela\" \/>\n<meta property=\"article:published_time\" content=\"2010-04-08T08:47:55+00:00\" \/>\n<meta property=\"article:modified_time\" content=\"2014-12-15T12:17:04+00:00\" \/>\n<meta property=\"og:image\" content=\"https:\/\/www.blogdelaautoescuela.com\/blog\/wp-content\/uploads\/2010\/04\/semaforos-vigo1.jpg\" \/>\n\t<meta property=\"og:image:width\" content=\"400\" \/>\n\t<meta property=\"og:image:height\" content=\"300\" \/>\n\t<meta property=\"og:image:type\" content=\"image\/jpeg\" \/>\n<meta name=\"author\" content=\"usr_blogauto\" \/>\n<meta name=\"twitter:label1\" content=\"Escrito por\" \/>\n\t<meta name=\"twitter:data1\" content=\"usr_blogauto\" \/>\n\t<meta name=\"twitter:label2\" content=\"Tiempo de lectura\" \/>\n\t<meta name=\"twitter:data2\" content=\"2 minutos\" \/>\n<script type=\"application\/ld+json\" class=\"yoast-schema-graph\">{\"@context\":\"https:\/\/schema.org\",\"@graph\":[{\"@type\":\"WebPage\",\"@id\":\"https:\/\/www.blogdelaautoescuela.com\/blog\/los-vecinos-de-vigo-podran-elegir-como-quieren-sus-semaforos\/\",\"url\":\"https:\/\/www.blogdelaautoescuela.com\/blog\/los-vecinos-de-vigo-podran-elegir-como-quieren-sus-semaforos\/\",\"name\":\"Los vecinos de Vigo podr\u00e1n elegir como quieren sus sem\u00e1foros\",\"isPartOf\":{\"@id\":\"https:\/\/www.blogdelaautoescuela.com\/blog\/#website\"},\"primaryImageOfPage\":{\"@id\":\"https:\/\/www.blogdelaautoescuela.com\/blog\/los-vecinos-de-vigo-podran-elegir-como-quieren-sus-semaforos\/#primaryimage\"},\"image\":{\"@id\":\"https:\/\/www.blogdelaautoescuela.com\/blog\/los-vecinos-de-vigo-podran-elegir-como-quieren-sus-semaforos\/#primaryimage\"},\"thumbnailUrl\":\"https:\/\/www.blogdelaautoescuela.com\/blog\/wp-content\/uploads\/2010\/04\/semaforos-vigo1.jpg\",\"datePublished\":\"2010-04-08T08:47:55+00:00\",\"dateModified\":\"2014-12-15T12:17:04+00:00\",\"author\":{\"@id\":\"https:\/\/www.blogdelaautoescuela.com\/blog\/#\/schema\/person\/f209a64ca5dfe74b9acb6317240e792f\"},\"description\":\"los vigueses podr\u00e1n elegir entre sem\u00e1foros con o sin viseras y hasta con 4 colores diferentes, amarillos, granates, grises o verdes.\",\"breadcrumb\":{\"@id\":\"https:\/\/www.blogdelaautoescuela.com\/blog\/los-vecinos-de-vigo-podran-elegir-como-quieren-sus-semaforos\/#breadcrumb\"},\"inLanguage\":\"es\",\"potentialAction\":[{\"@type\":\"ReadAction\",\"target\":[\"https:\/\/www.blogdelaautoescuela.com\/blog\/los-vecinos-de-vigo-podran-elegir-como-quieren-sus-semaforos\/\"]}]},{\"@type\":\"ImageObject\",\"inLanguage\":\"es\",\"@id\":\"https:\/\/www.blogdelaautoescuela.com\/blog\/los-vecinos-de-vigo-podran-elegir-como-quieren-sus-semaforos\/#primaryimage\",\"url\":\"https:\/\/www.blogdelaautoescuela.com\/blog\/wp-content\/uploads\/2010\/04\/semaforos-vigo1.jpg\",\"contentUrl\":\"https:\/\/www.blogdelaautoescuela.com\/blog\/wp-content\/uploads\/2010\/04\/semaforos-vigo1.jpg\",\"width\":400,\"height\":300},{\"@type\":\"BreadcrumbList\",\"@id\":\"https:\/\/www.blogdelaautoescuela.com\/blog\/los-vecinos-de-vigo-podran-elegir-como-quieren-sus-semaforos\/#breadcrumb\",\"itemListElement\":[{\"@type\":\"ListItem\",\"position\":1,\"name\":\"Portada\",\"item\":\"https:\/\/www.blogdelaautoescuela.com\/blog\/\"},{\"@type\":\"ListItem\",\"position\":2,\"name\":\"Los vecinos de Vigo podr\u00e1n elegir como quieren sus sem\u00e1foros\"}]},{\"@type\":\"WebSite\",\"@id\":\"https:\/\/www.blogdelaautoescuela.com\/blog\/#website\",\"url\":\"https:\/\/www.blogdelaautoescuela.com\/blog\/\",\"name\":\"Blog de la autoescuela\",\"description\":\"Noticias sobre autoescuelas y seguridad vial\",\"potentialAction\":[{\"@type\":\"SearchAction\",\"target\":{\"@type\":\"EntryPoint\",\"urlTemplate\":\"https:\/\/www.blogdelaautoescuela.com\/blog\/?s={search_term_string}\"},\"query-input\":{\"@type\":\"PropertyValueSpecification\",\"valueRequired\":true,\"valueName\":\"search_term_string\"}}],\"inLanguage\":\"es\"},{\"@type\":\"Person\",\"@id\":\"https:\/\/www.blogdelaautoescuela.com\/blog\/#\/schema\/person\/f209a64ca5dfe74b9acb6317240e792f\",\"name\":\"usr_blogauto\",\"image\":{\"@type\":\"ImageObject\",\"inLanguage\":\"es\",\"@id\":\"https:\/\/www.blogdelaautoescuela.com\/blog\/#\/schema\/person\/image\/\",\"url\":\"https:\/\/secure.gravatar.com\/avatar\/d3939d4ea521ac8421c86d2980321cc9?s=96&d=mm&r=g\",\"contentUrl\":\"https:\/\/secure.gravatar.com\/avatar\/d3939d4ea521ac8421c86d2980321cc9?s=96&d=mm&r=g\",\"caption\":\"usr_blogauto\"},\"description\":\"Blog dedicado a la conducci\u00f3n, las autoescuelas y la seguridad vial. Est\u00e1 creado por un grupo de profesionales de la formaci\u00f3n vial que comparten inquietudes y experiencias. Aqu\u00ed\u00ad podr\u00e1s encontrar informaci\u00f3n variada sobre el d\u00ed\u00ada a d\u00ed\u00ada de la autoescuela, ex\u00e1menes, test o novedades y consejos para una conducci\u00f3n m\u00e1s segura.\",\"sameAs\":[\"http:\/\/www.blogdelaautoescuela.com\/\",\"https:\/\/www.facebook.com\/blogdelaautoescuela\",\"https:\/\/x.com\/autoescuelas\"],\"url\":\"https:\/\/www.blogdelaautoescuela.com\/blog\/author\/usr_blogauto\/\"}]}<\/script>\n<!-- \/ Yoast SEO plugin. -->","yoast_head_json":{"title":"Los vecinos de Vigo podr\u00e1n elegir como quieren sus sem\u00e1foros","description":"los vigueses podr\u00e1n elegir entre sem\u00e1foros con o sin viseras y hasta con 4 colores diferentes, amarillos, granates, grises o verdes.","robots":{"index":"index","follow":"follow","max-snippet":"max-snippet:-1","max-image-preview":"max-image-preview:large","max-video-preview":"max-video-preview:-1"},"canonical":"https:\/\/www.blogdelaautoescuela.com\/blog\/los-vecinos-de-vigo-podran-elegir-como-quieren-sus-semaforos\/","og_locale":"es_ES","og_type":"article","og_title":"Los vecinos de Vigo podr\u00e1n elegir como quieren sus sem\u00e1foros","og_description":"los vigueses podr\u00e1n elegir entre sem\u00e1foros con o sin viseras y hasta con 4 colores diferentes, amarillos, granates, grises o verdes.","og_url":"https:\/\/www.blogdelaautoescuela.com\/blog\/los-vecinos-de-vigo-podran-elegir-como-quieren-sus-semaforos\/","og_site_name":"Blog de la autoescuela","article_author":"https:\/\/www.facebook.com\/blogdelaautoescuela","article_published_time":"2010-04-08T08:47:55+00:00","article_modified_time":"2014-12-15T12:17:04+00:00","og_image":[{"width":400,"height":300,"url":"https:\/\/www.blogdelaautoescuela.com\/blog\/wp-content\/uploads\/2010\/04\/semaforos-vigo1.jpg","type":"image\/jpeg"}],"author":"usr_blogauto","twitter_misc":{"Escrito por":"usr_blogauto","Tiempo de lectura":"2 minutos"},"schema":{"@context":"https:\/\/schema.org","@graph":[{"@type":"WebPage","@id":"https:\/\/www.blogdelaautoescuela.com\/blog\/los-vecinos-de-vigo-podran-elegir-como-quieren-sus-semaforos\/","url":"https:\/\/www.blogdelaautoescuela.com\/blog\/los-vecinos-de-vigo-podran-elegir-como-quieren-sus-semaforos\/","name":"Los vecinos de Vigo podr\u00e1n elegir como quieren sus sem\u00e1foros","isPartOf":{"@id":"https:\/\/www.blogdelaautoescuela.com\/blog\/#website"},"primaryImageOfPage":{"@id":"https:\/\/www.blogdelaautoescuela.com\/blog\/los-vecinos-de-vigo-podran-elegir-como-quieren-sus-semaforos\/#primaryimage"},"image":{"@id":"https:\/\/www.blogdelaautoescuela.com\/blog\/los-vecinos-de-vigo-podran-elegir-como-quieren-sus-semaforos\/#primaryimage"},"thumbnailUrl":"https:\/\/www.blogdelaautoescuela.com\/blog\/wp-content\/uploads\/2010\/04\/semaforos-vigo1.jpg","datePublished":"2010-04-08T08:47:55+00:00","dateModified":"2014-12-15T12:17:04+00:00","author":{"@id":"https:\/\/www.blogdelaautoescuela.com\/blog\/#\/schema\/person\/f209a64ca5dfe74b9acb6317240e792f"},"description":"los vigueses podr\u00e1n elegir entre sem\u00e1foros con o sin viseras y hasta con 4 colores diferentes, amarillos, granates, grises o verdes.","breadcrumb":{"@id":"https:\/\/www.blogdelaautoescuela.com\/blog\/los-vecinos-de-vigo-podran-elegir-como-quieren-sus-semaforos\/#breadcrumb"},"inLanguage":"es","potentialAction":[{"@type":"ReadAction","target":["https:\/\/www.blogdelaautoescuela.com\/blog\/los-vecinos-de-vigo-podran-elegir-como-quieren-sus-semaforos\/"]}]},{"@type":"ImageObject","inLanguage":"es","@id":"https:\/\/www.blogdelaautoescuela.com\/blog\/los-vecinos-de-vigo-podran-elegir-como-quieren-sus-semaforos\/#primaryimage","url":"https:\/\/www.blogdelaautoescuela.com\/blog\/wp-content\/uploads\/2010\/04\/semaforos-vigo1.jpg","contentUrl":"https:\/\/www.blogdelaautoescuela.com\/blog\/wp-content\/uploads\/2010\/04\/semaforos-vigo1.jpg","width":400,"height":300},{"@type":"BreadcrumbList","@id":"https:\/\/www.blogdelaautoescuela.com\/blog\/los-vecinos-de-vigo-podran-elegir-como-quieren-sus-semaforos\/#breadcrumb","itemListElement":[{"@type":"ListItem","position":1,"name":"Portada","item":"https:\/\/www.blogdelaautoescuela.com\/blog\/"},{"@type":"ListItem","position":2,"name":"Los vecinos de Vigo podr\u00e1n elegir como quieren sus sem\u00e1foros"}]},{"@type":"WebSite","@id":"https:\/\/www.blogdelaautoescuela.com\/blog\/#website","url":"https:\/\/www.blogdelaautoescuela.com\/blog\/","name":"Blog de la autoescuela","description":"Noticias sobre autoescuelas y seguridad vial","potentialAction":[{"@type":"SearchAction","target":{"@type":"EntryPoint","urlTemplate":"https:\/\/www.blogdelaautoescuela.com\/blog\/?s={search_term_string}"},"query-input":{"@type":"PropertyValueSpecification","valueRequired":true,"valueName":"search_term_string"}}],"inLanguage":"es"},{"@type":"Person","@id":"https:\/\/www.blogdelaautoescuela.com\/blog\/#\/schema\/person\/f209a64ca5dfe74b9acb6317240e792f","name":"usr_blogauto","image":{"@type":"ImageObject","inLanguage":"es","@id":"https:\/\/www.blogdelaautoescuela.com\/blog\/#\/schema\/person\/image\/","url":"https:\/\/secure.gravatar.com\/avatar\/d3939d4ea521ac8421c86d2980321cc9?s=96&d=mm&r=g","contentUrl":"https:\/\/secure.gravatar.com\/avatar\/d3939d4ea521ac8421c86d2980321cc9?s=96&d=mm&r=g","caption":"usr_blogauto"},"description":"Blog dedicado a la conducci\u00f3n, las autoescuelas y la seguridad vial. Est\u00e1 creado por un grupo de profesionales de la formaci\u00f3n vial que comparten inquietudes y experiencias. Aqu\u00ed\u00ad podr\u00e1s encontrar informaci\u00f3n variada sobre el d\u00ed\u00ada a d\u00ed\u00ada de la autoescuela, ex\u00e1menes, test o novedades y consejos para una conducci\u00f3n m\u00e1s segura.","sameAs":["http:\/\/www.blogdelaautoescuela.com\/","https:\/\/www.facebook.com\/blogdelaautoescuela","https:\/\/x.com\/autoescuelas"],"url":"https:\/\/www.blogdelaautoescuela.com\/blog\/author\/usr_blogauto\/"}]}},"jetpack_featured_media_url":"https:\/\/www.blogdelaautoescuela.com\/blog\/wp-content\/uploads\/2010\/04\/semaforos-vigo1.jpg","_links":{"self":[{"href":"https:\/\/www.blogdelaautoescuela.com\/blog\/wp-json\/wp\/v2\/posts\/3569","targetHints":{"allow":["GET"]}}],"collection":[{"href":"https:\/\/www.blogdelaautoescuela.com\/blog\/wp-json\/wp\/v2\/posts"}],"about":[{"href":"https:\/\/www.blogdelaautoescuela.com\/blog\/wp-json\/wp\/v2\/types\/post"}],"author":[{"embeddable":true,"href":"https:\/\/www.blogdelaautoescuela.com\/blog\/wp-json\/wp\/v2\/users\/1"}],"replies":[{"embeddable":true,"href":"https:\/\/www.blogdelaautoescuela.com\/blog\/wp-json\/wp\/v2\/comments?post=3569"}],"version-history":[{"count":0,"href":"https:\/\/www.blogdelaautoescuela.com\/blog\/wp-json\/wp\/v2\/posts\/3569\/revisions"}],"wp:featuredmedia":[{"embeddable":true,"href":"https:\/\/www.blogdelaautoescuela.com\/blog\/wp-json\/wp\/v2\/media\/3570"}],"wp:attachment":[{"href":"https:\/\/www.blogdelaautoescuela.com\/blog\/wp-json\/wp\/v2\/media?parent=3569"}],"wp:term":[{"taxonomy":"category","embeddable":true,"href":"https:\/\/www.blogdelaautoescuela.com\/blog\/wp-json\/wp\/v2\/categories?post=3569"},{"taxonomy":"post_tag","embeddable":true,"href":"https:\/\/www.blogdelaautoescuela.com\/blog\/wp-json\/wp\/v2\/tags?post=3569"}],"curies":[{"name":"wp","href":"https:\/\/api.w.org\/{rel}","templated":true}]}}