
{"id":3475,"date":"2010-03-24T13:12:41","date_gmt":"2010-03-24T11:12:41","guid":{"rendered":"http:\/\/www.blogdelaautoescuela.com\/blog\/?p=3475"},"modified":"2010-03-24T13:12:41","modified_gmt":"2010-03-24T11:12:41","slug":"lalin-no-tendra-centro-de-examenes-para-la-obtencion-del-permiso-de-conducir","status":"publish","type":"post","link":"https:\/\/www.blogdelaautoescuela.com\/blog\/lalin-no-tendra-centro-de-examenes-para-la-obtencion-del-permiso-de-conducir\/","title":{"rendered":"Lal\u00ed\u00adn no tendr\u00e1 centro de ex\u00e1menes para la obtenci\u00f3n del permiso de conducir"},"content":{"rendered":"<p style=\"text-align: center;\"><img loading=\"lazy\" decoding=\"async\" class=\"size-full wp-image-3476 aligncenter\" title=\"lalin\" src=\"http:\/\/www.blogdelaautoescuela.com\/blog\/wp-content\/uploads\/2010\/03\/lalin.jpg\" alt=\"lalin\" width=\"400\" height=\"409\" \/><\/p>\n<p><strong>Lal\u00ed\u00adn<\/strong>, municipio de la provincia de Pontevedra y <strong>capital de la comarca del Deza<\/strong>, <strong>no tendr\u00e1 centro de examen para la obtenci\u00f3n del permiso de conducir.<\/strong><\/p>\n<p>La <strong>diputada nacionalista Olaia Fernandez D\u00e1vila<\/strong> present\u00f3 ante el <strong>Congreso de los Diputados<\/strong> una petici\u00f3n para que la <strong>Direcci\u00f3n General de Tr\u00e1fico (DGT)<\/strong> <strong>promoviese un centro de ex\u00e1mene<\/strong>s en esta localidad gallega, considerada como el kil\u00f3metro 0 de Galicia, pero parece que finalmente <strong>Lal\u00ed\u00adn<\/strong> no contar\u00e1 con \u00e9l porque ha sido la <strong>Administraci\u00f3n Central<\/strong> quien ha decidido <strong>descartar la creaci\u00f3n de un centro de ex\u00e1menes<\/strong> para que los vecinos de la zona obtengan all\u00ed\u00ad sus <strong>permisos y licencias de conducir.<\/strong><\/p>\n<p><strong><span style=\"color: #99cc00;\">Entre los argumentos que ha dado la Administraci\u00f3n Central para oponerse a este centro de ex\u00e1menes se encuentran que:<\/span><\/strong><\/p>\n<ul>\n<li>El n\u00famero de aspirantes a la obtenci\u00f3n del permiso de conducir en dicha \u00e1rea geogr\u00e1fica no supera el 17% del total provincial<\/li>\n<li>Parece improbable que se pueda poner a prueba la aptitud de los aspirantes para circular en las debidas condiciones de fluidez y seguridad.<\/li>\n<\/ul>\n<p>Parece que aunque la situaci\u00f3n de Lal\u00ed\u00adn como centro geogr\u00e1fico gallego, lo sit\u00faa como un punto de confluencia comercial importante no es suficiente para que haya un<strong> centro de ex\u00e1menes<\/strong> y <strong>los vecinos de la zona que quieran obtener el permiso de conducir se tendr\u00e1n que seguir desplazando hasta Pontevedra.<\/strong><\/p>\n","protected":false},"excerpt":{"rendered":"<p>Lal\u00ed\u00adn, municipio de la provincia de Pontevedra y capital de la comarca del Deza, no tendr\u00e1 centro de examen para la obtenci\u00f3n del permiso de conducir. La diputada nacionalista Olaia Fernandez D\u00e1vila present\u00f3 ante el Congreso de los Diputados una petici\u00f3n para que la Direcci\u00f3n General de Tr\u00e1fico (DGT) promoviese un centro de ex\u00e1menes en [&hellip;]<\/p>\n","protected":false},"author":1,"featured_media":3476,"comment_status":"open","ping_status":"closed","sticky":false,"template":"","format":"standard","meta":{"footnotes":"","jetpack_publicize_message":"","jetpack_publicize_feature_enabled":true,"jetpack_social_post_already_shared":false,"jetpack_social_options":{"image_generator_settings":{"template":"highway","enabled":false},"version":2}},"categories":[3],"tags":[1664,306,790],"class_list":["post-3475","post","type-post","status-publish","format-standard","has-post-thumbnail","hentry","category-autoescuela","tag-autoescuela","tag-centro-de-examenes","tag-lalin"],"wppr_data":[],"jetpack_publicize_connections":[],"yoast_head":"<!-- This site is optimized with the Yoast SEO plugin v24.7 - https:\/\/yoast.com\/wordpress\/plugins\/seo\/ -->\n<title>Lal\u00ed\u00adn no tendr\u00e1 centro de ex\u00e1menes para la obtenci\u00f3n del permiso de conducir<\/title>\n<meta name=\"description\" content=\"la Administraci\u00f3n Central ha decidido descartar la creaci\u00f3n de un centro de ex\u00e1menesen Lal\u00ed\u00adn para que los vecinos de la zona obtengan sus permisos de conducir\" \/>\n<meta name=\"robots\" content=\"index, follow, max-snippet:-1, max-image-preview:large, max-video-preview:-1\" \/>\n<link rel=\"canonical\" href=\"https:\/\/www.blogdelaautoescuela.com\/blog\/lalin-no-tendra-centro-de-examenes-para-la-obtencion-del-permiso-de-conducir\/\" \/>\n<meta property=\"og:locale\" content=\"es_ES\" \/>\n<meta property=\"og:type\" content=\"article\" \/>\n<meta property=\"og:title\" content=\"Lal\u00ed\u00adn no tendr\u00e1 centro de ex\u00e1menes para la obtenci\u00f3n del permiso de conducir\" \/>\n<meta property=\"og:description\" content=\"la Administraci\u00f3n Central ha decidido descartar la creaci\u00f3n de un centro de ex\u00e1menesen Lal\u00ed\u00adn para que los vecinos de la zona obtengan sus permisos de conducir\" \/>\n<meta property=\"og:url\" content=\"https:\/\/www.blogdelaautoescuela.com\/blog\/lalin-no-tendra-centro-de-examenes-para-la-obtencion-del-permiso-de-conducir\/\" \/>\n<meta property=\"og:site_name\" content=\"Blog de la autoescuela\" \/>\n<meta property=\"article:author\" content=\"https:\/\/www.facebook.com\/blogdelaautoescuela\" \/>\n<meta property=\"article:published_time\" content=\"2010-03-24T11:12:41+00:00\" \/>\n<meta property=\"og:image\" content=\"https:\/\/www.blogdelaautoescuela.com\/blog\/wp-content\/uploads\/2010\/03\/lalin1.jpg\" \/>\n\t<meta property=\"og:image:width\" content=\"400\" \/>\n\t<meta property=\"og:image:height\" content=\"409\" \/>\n\t<meta property=\"og:image:type\" content=\"image\/jpeg\" \/>\n<meta name=\"author\" content=\"usr_blogauto\" \/>\n<meta name=\"twitter:label1\" content=\"Escrito por\" \/>\n\t<meta name=\"twitter:data1\" content=\"usr_blogauto\" \/>\n\t<meta name=\"twitter:label2\" content=\"Tiempo de lectura\" \/>\n\t<meta name=\"twitter:data2\" content=\"1 minuto\" \/>\n<script type=\"application\/ld+json\" class=\"yoast-schema-graph\">{\"@context\":\"https:\/\/schema.org\",\"@graph\":[{\"@type\":\"WebPage\",\"@id\":\"https:\/\/www.blogdelaautoescuela.com\/blog\/lalin-no-tendra-centro-de-examenes-para-la-obtencion-del-permiso-de-conducir\/\",\"url\":\"https:\/\/www.blogdelaautoescuela.com\/blog\/lalin-no-tendra-centro-de-examenes-para-la-obtencion-del-permiso-de-conducir\/\",\"name\":\"Lal\u00ed\u00adn no tendr\u00e1 centro de ex\u00e1menes para la obtenci\u00f3n del permiso de conducir\",\"isPartOf\":{\"@id\":\"https:\/\/www.blogdelaautoescuela.com\/blog\/#website\"},\"primaryImageOfPage\":{\"@id\":\"https:\/\/www.blogdelaautoescuela.com\/blog\/lalin-no-tendra-centro-de-examenes-para-la-obtencion-del-permiso-de-conducir\/#primaryimage\"},\"image\":{\"@id\":\"https:\/\/www.blogdelaautoescuela.com\/blog\/lalin-no-tendra-centro-de-examenes-para-la-obtencion-del-permiso-de-conducir\/#primaryimage\"},\"thumbnailUrl\":\"https:\/\/www.blogdelaautoescuela.com\/blog\/wp-content\/uploads\/2010\/03\/lalin1.jpg\",\"datePublished\":\"2010-03-24T11:12:41+00:00\",\"author\":{\"@id\":\"https:\/\/www.blogdelaautoescuela.com\/blog\/#\/schema\/person\/f209a64ca5dfe74b9acb6317240e792f\"},\"description\":\"la Administraci\u00f3n Central ha decidido descartar la creaci\u00f3n de un centro de ex\u00e1menesen Lal\u00ed\u00adn para que los vecinos de la zona obtengan sus permisos de conducir\",\"breadcrumb\":{\"@id\":\"https:\/\/www.blogdelaautoescuela.com\/blog\/lalin-no-tendra-centro-de-examenes-para-la-obtencion-del-permiso-de-conducir\/#breadcrumb\"},\"inLanguage\":\"es\",\"potentialAction\":[{\"@type\":\"ReadAction\",\"target\":[\"https:\/\/www.blogdelaautoescuela.com\/blog\/lalin-no-tendra-centro-de-examenes-para-la-obtencion-del-permiso-de-conducir\/\"]}]},{\"@type\":\"ImageObject\",\"inLanguage\":\"es\",\"@id\":\"https:\/\/www.blogdelaautoescuela.com\/blog\/lalin-no-tendra-centro-de-examenes-para-la-obtencion-del-permiso-de-conducir\/#primaryimage\",\"url\":\"https:\/\/www.blogdelaautoescuela.com\/blog\/wp-content\/uploads\/2010\/03\/lalin1.jpg\",\"contentUrl\":\"https:\/\/www.blogdelaautoescuela.com\/blog\/wp-content\/uploads\/2010\/03\/lalin1.jpg\",\"width\":400,\"height\":409},{\"@type\":\"BreadcrumbList\",\"@id\":\"https:\/\/www.blogdelaautoescuela.com\/blog\/lalin-no-tendra-centro-de-examenes-para-la-obtencion-del-permiso-de-conducir\/#breadcrumb\",\"itemListElement\":[{\"@type\":\"ListItem\",\"position\":1,\"name\":\"Portada\",\"item\":\"https:\/\/www.blogdelaautoescuela.com\/blog\/\"},{\"@type\":\"ListItem\",\"position\":2,\"name\":\"Lal\u00ed\u00adn no tendr\u00e1 centro de ex\u00e1menes para la obtenci\u00f3n del permiso de conducir\"}]},{\"@type\":\"WebSite\",\"@id\":\"https:\/\/www.blogdelaautoescuela.com\/blog\/#website\",\"url\":\"https:\/\/www.blogdelaautoescuela.com\/blog\/\",\"name\":\"Blog de la autoescuela\",\"description\":\"Noticias sobre autoescuelas y seguridad vial\",\"potentialAction\":[{\"@type\":\"SearchAction\",\"target\":{\"@type\":\"EntryPoint\",\"urlTemplate\":\"https:\/\/www.blogdelaautoescuela.com\/blog\/?s={search_term_string}\"},\"query-input\":{\"@type\":\"PropertyValueSpecification\",\"valueRequired\":true,\"valueName\":\"search_term_string\"}}],\"inLanguage\":\"es\"},{\"@type\":\"Person\",\"@id\":\"https:\/\/www.blogdelaautoescuela.com\/blog\/#\/schema\/person\/f209a64ca5dfe74b9acb6317240e792f\",\"name\":\"usr_blogauto\",\"image\":{\"@type\":\"ImageObject\",\"inLanguage\":\"es\",\"@id\":\"https:\/\/www.blogdelaautoescuela.com\/blog\/#\/schema\/person\/image\/\",\"url\":\"https:\/\/secure.gravatar.com\/avatar\/d3939d4ea521ac8421c86d2980321cc9?s=96&d=mm&r=g\",\"contentUrl\":\"https:\/\/secure.gravatar.com\/avatar\/d3939d4ea521ac8421c86d2980321cc9?s=96&d=mm&r=g\",\"caption\":\"usr_blogauto\"},\"description\":\"Blog dedicado a la conducci\u00f3n, las autoescuelas y la seguridad vial. Est\u00e1 creado por un grupo de profesionales de la formaci\u00f3n vial que comparten inquietudes y experiencias. Aqu\u00ed\u00ad podr\u00e1s encontrar informaci\u00f3n variada sobre el d\u00ed\u00ada a d\u00ed\u00ada de la autoescuela, ex\u00e1menes, test o novedades y consejos para una conducci\u00f3n m\u00e1s segura.\",\"sameAs\":[\"http:\/\/www.blogdelaautoescuela.com\/\",\"https:\/\/www.facebook.com\/blogdelaautoescuela\",\"https:\/\/x.com\/autoescuelas\"],\"url\":\"https:\/\/www.blogdelaautoescuela.com\/blog\/author\/usr_blogauto\/\"}]}<\/script>\n<!-- \/ Yoast SEO plugin. -->","yoast_head_json":{"title":"Lal\u00ed\u00adn no tendr\u00e1 centro de ex\u00e1menes para la obtenci\u00f3n del permiso de conducir","description":"la Administraci\u00f3n Central ha decidido descartar la creaci\u00f3n de un centro de ex\u00e1menesen Lal\u00ed\u00adn para que los vecinos de la zona obtengan sus permisos de conducir","robots":{"index":"index","follow":"follow","max-snippet":"max-snippet:-1","max-image-preview":"max-image-preview:large","max-video-preview":"max-video-preview:-1"},"canonical":"https:\/\/www.blogdelaautoescuela.com\/blog\/lalin-no-tendra-centro-de-examenes-para-la-obtencion-del-permiso-de-conducir\/","og_locale":"es_ES","og_type":"article","og_title":"Lal\u00ed\u00adn no tendr\u00e1 centro de ex\u00e1menes para la obtenci\u00f3n del permiso de conducir","og_description":"la Administraci\u00f3n Central ha decidido descartar la creaci\u00f3n de un centro de ex\u00e1menesen Lal\u00ed\u00adn para que los vecinos de la zona obtengan sus permisos de conducir","og_url":"https:\/\/www.blogdelaautoescuela.com\/blog\/lalin-no-tendra-centro-de-examenes-para-la-obtencion-del-permiso-de-conducir\/","og_site_name":"Blog de la autoescuela","article_author":"https:\/\/www.facebook.com\/blogdelaautoescuela","article_published_time":"2010-03-24T11:12:41+00:00","og_image":[{"width":400,"height":409,"url":"https:\/\/www.blogdelaautoescuela.com\/blog\/wp-content\/uploads\/2010\/03\/lalin1.jpg","type":"image\/jpeg"}],"author":"usr_blogauto","twitter_misc":{"Escrito por":"usr_blogauto","Tiempo de lectura":"1 minuto"},"schema":{"@context":"https:\/\/schema.org","@graph":[{"@type":"WebPage","@id":"https:\/\/www.blogdelaautoescuela.com\/blog\/lalin-no-tendra-centro-de-examenes-para-la-obtencion-del-permiso-de-conducir\/","url":"https:\/\/www.blogdelaautoescuela.com\/blog\/lalin-no-tendra-centro-de-examenes-para-la-obtencion-del-permiso-de-conducir\/","name":"Lal\u00ed\u00adn no tendr\u00e1 centro de ex\u00e1menes para la obtenci\u00f3n del permiso de conducir","isPartOf":{"@id":"https:\/\/www.blogdelaautoescuela.com\/blog\/#website"},"primaryImageOfPage":{"@id":"https:\/\/www.blogdelaautoescuela.com\/blog\/lalin-no-tendra-centro-de-examenes-para-la-obtencion-del-permiso-de-conducir\/#primaryimage"},"image":{"@id":"https:\/\/www.blogdelaautoescuela.com\/blog\/lalin-no-tendra-centro-de-examenes-para-la-obtencion-del-permiso-de-conducir\/#primaryimage"},"thumbnailUrl":"https:\/\/www.blogdelaautoescuela.com\/blog\/wp-content\/uploads\/2010\/03\/lalin1.jpg","datePublished":"2010-03-24T11:12:41+00:00","author":{"@id":"https:\/\/www.blogdelaautoescuela.com\/blog\/#\/schema\/person\/f209a64ca5dfe74b9acb6317240e792f"},"description":"la Administraci\u00f3n Central ha decidido descartar la creaci\u00f3n de un centro de ex\u00e1menesen Lal\u00ed\u00adn para que los vecinos de la zona obtengan sus permisos de conducir","breadcrumb":{"@id":"https:\/\/www.blogdelaautoescuela.com\/blog\/lalin-no-tendra-centro-de-examenes-para-la-obtencion-del-permiso-de-conducir\/#breadcrumb"},"inLanguage":"es","potentialAction":[{"@type":"ReadAction","target":["https:\/\/www.blogdelaautoescuela.com\/blog\/lalin-no-tendra-centro-de-examenes-para-la-obtencion-del-permiso-de-conducir\/"]}]},{"@type":"ImageObject","inLanguage":"es","@id":"https:\/\/www.blogdelaautoescuela.com\/blog\/lalin-no-tendra-centro-de-examenes-para-la-obtencion-del-permiso-de-conducir\/#primaryimage","url":"https:\/\/www.blogdelaautoescuela.com\/blog\/wp-content\/uploads\/2010\/03\/lalin1.jpg","contentUrl":"https:\/\/www.blogdelaautoescuela.com\/blog\/wp-content\/uploads\/2010\/03\/lalin1.jpg","width":400,"height":409},{"@type":"BreadcrumbList","@id":"https:\/\/www.blogdelaautoescuela.com\/blog\/lalin-no-tendra-centro-de-examenes-para-la-obtencion-del-permiso-de-conducir\/#breadcrumb","itemListElement":[{"@type":"ListItem","position":1,"name":"Portada","item":"https:\/\/www.blogdelaautoescuela.com\/blog\/"},{"@type":"ListItem","position":2,"name":"Lal\u00ed\u00adn no tendr\u00e1 centro de ex\u00e1menes para la obtenci\u00f3n del permiso de conducir"}]},{"@type":"WebSite","@id":"https:\/\/www.blogdelaautoescuela.com\/blog\/#website","url":"https:\/\/www.blogdelaautoescuela.com\/blog\/","name":"Blog de la autoescuela","description":"Noticias sobre autoescuelas y seguridad vial","potentialAction":[{"@type":"SearchAction","target":{"@type":"EntryPoint","urlTemplate":"https:\/\/www.blogdelaautoescuela.com\/blog\/?s={search_term_string}"},"query-input":{"@type":"PropertyValueSpecification","valueRequired":true,"valueName":"search_term_string"}}],"inLanguage":"es"},{"@type":"Person","@id":"https:\/\/www.blogdelaautoescuela.com\/blog\/#\/schema\/person\/f209a64ca5dfe74b9acb6317240e792f","name":"usr_blogauto","image":{"@type":"ImageObject","inLanguage":"es","@id":"https:\/\/www.blogdelaautoescuela.com\/blog\/#\/schema\/person\/image\/","url":"https:\/\/secure.gravatar.com\/avatar\/d3939d4ea521ac8421c86d2980321cc9?s=96&d=mm&r=g","contentUrl":"https:\/\/secure.gravatar.com\/avatar\/d3939d4ea521ac8421c86d2980321cc9?s=96&d=mm&r=g","caption":"usr_blogauto"},"description":"Blog dedicado a la conducci\u00f3n, las autoescuelas y la seguridad vial. Est\u00e1 creado por un grupo de profesionales de la formaci\u00f3n vial que comparten inquietudes y experiencias. Aqu\u00ed\u00ad podr\u00e1s encontrar informaci\u00f3n variada sobre el d\u00ed\u00ada a d\u00ed\u00ada de la autoescuela, ex\u00e1menes, test o novedades y consejos para una conducci\u00f3n m\u00e1s segura.","sameAs":["http:\/\/www.blogdelaautoescuela.com\/","https:\/\/www.facebook.com\/blogdelaautoescuela","https:\/\/x.com\/autoescuelas"],"url":"https:\/\/www.blogdelaautoescuela.com\/blog\/author\/usr_blogauto\/"}]}},"jetpack_featured_media_url":"https:\/\/www.blogdelaautoescuela.com\/blog\/wp-content\/uploads\/2010\/03\/lalin1.jpg","_links":{"self":[{"href":"https:\/\/www.blogdelaautoescuela.com\/blog\/wp-json\/wp\/v2\/posts\/3475","targetHints":{"allow":["GET"]}}],"collection":[{"href":"https:\/\/www.blogdelaautoescuela.com\/blog\/wp-json\/wp\/v2\/posts"}],"about":[{"href":"https:\/\/www.blogdelaautoescuela.com\/blog\/wp-json\/wp\/v2\/types\/post"}],"author":[{"embeddable":true,"href":"https:\/\/www.blogdelaautoescuela.com\/blog\/wp-json\/wp\/v2\/users\/1"}],"replies":[{"embeddable":true,"href":"https:\/\/www.blogdelaautoescuela.com\/blog\/wp-json\/wp\/v2\/comments?post=3475"}],"version-history":[{"count":0,"href":"https:\/\/www.blogdelaautoescuela.com\/blog\/wp-json\/wp\/v2\/posts\/3475\/revisions"}],"wp:featuredmedia":[{"embeddable":true,"href":"https:\/\/www.blogdelaautoescuela.com\/blog\/wp-json\/wp\/v2\/media\/3476"}],"wp:attachment":[{"href":"https:\/\/www.blogdelaautoescuela.com\/blog\/wp-json\/wp\/v2\/media?parent=3475"}],"wp:term":[{"taxonomy":"category","embeddable":true,"href":"https:\/\/www.blogdelaautoescuela.com\/blog\/wp-json\/wp\/v2\/categories?post=3475"},{"taxonomy":"post_tag","embeddable":true,"href":"https:\/\/www.blogdelaautoescuela.com\/blog\/wp-json\/wp\/v2\/tags?post=3475"}],"curies":[{"name":"wp","href":"https:\/\/api.w.org\/{rel}","templated":true}]}}