
{"id":3451,"date":"2010-03-22T13:10:55","date_gmt":"2010-03-22T11:10:55","guid":{"rendered":"http:\/\/www.blogdelaautoescuela.com\/blog\/?p=3451"},"modified":"2010-03-22T13:10:55","modified_gmt":"2010-03-22T11:10:55","slug":"perfil-de-los-condenados-por-delitos-de-trafico-hombre-espanol-de-menos-de-35-anos-que-ha-bebido-alcohol","status":"publish","type":"post","link":"https:\/\/www.blogdelaautoescuela.com\/blog\/perfil-de-los-condenados-por-delitos-de-trafico-hombre-espanol-de-menos-de-35-anos-que-ha-bebido-alcohol\/","title":{"rendered":"Perfil de los condenados por delitos de tr\u00e1fico: hombre espa\u00f1ol de menos de 35 a\u00f1os que ha bebido alcohol"},"content":{"rendered":"<p style=\"text-align: center;\"><img loading=\"lazy\" decoding=\"async\" class=\"size-full wp-image-3122 aligncenter\" title=\"delito-y-pena\" src=\"http:\/\/www.blogdelaautoescuela.com\/blog\/wp-content\/uploads\/2010\/02\/delito-y-pena.jpg\" alt=\"delito-y-pena\" width=\"400\" height=\"335\" \/><\/p>\n<p>El pasado mes de febrero la <strong>Secretar\u00ed\u00ada General de Instituciones Penitenciarias<\/strong> realiz\u00f3 un estudio del que se puede extraer el <strong>perfil de los conductores condenados por delitos de tr\u00e1fico<\/strong>, un <strong>hombre espa\u00f1ol de menos de 35 a\u00f1os que ha consumido alcohol.<\/strong><\/p>\n<p>Concretamente, seg\u00fan los datos del estudio:<\/p>\n<ul>\n<li>En m\u00e1s del 90% de los casos los condenados por delitos de tr\u00e1fico son hombres.<\/li>\n<li>En el 81% de los casos los condenados son de nacionalidad espa\u00f1ola.<\/li>\n<li>En m\u00e1s del 66% de las ocasiones el condenado conduce bajo los efectos del alcohol<\/li>\n<li>En el 46% de las ocasiones quien ha cometido delitos de tr\u00e1fico es menor de 35 a\u00f1os.<\/li>\n<\/ul>\n<p>Despu\u00e9s de que se hayan cumplido 2 a\u00f1os de la entrada e vigor de la <strong>ley de seguridad vial<\/strong> y se haya <strong>reformado el c\u00f3digo penal <\/strong>para castigar este tipo de delitos, el n\u00famero de condenados por delitos de tr\u00e1fico no deja de aumentar, muestra de ello es que actualmente ya hay <strong>casi 900 presos cumpliendo condenas en las c\u00e1rceles espa\u00f1olas<\/strong> por este tipo de delitos, y s\u00f3lo durante el a\u00f1o pasado de dictaron <strong>122.758 sentencias con penas de Trabajo en Beneficio de la Comunidad <\/strong>por delitos relacionados con la seguridad vial, el 71% de ellas con penas de menos de 30 d\u00ed\u00adas.<\/p>\n<div>Para el cumplimiento de este tipo de <strong>condenas de Trabajo en Beneficio de la Comunidad<\/strong> se han ideado <strong>talleres de seguridad vial (Taseval)<\/strong> en los que el contenido est\u00e1 directamente relacionado con el delito para sensibilizar y reeducar al infractor.<\/div>\n<div>Estos <strong>talleres de seguridad vial<\/strong> tendr\u00e1n una parte formativa y otra de utilidad p\u00fablica en las que los sentenciados tendr\u00e1n que observar y registrar &#8220;puntos negros&#8221;, detectar se\u00f1ales de tr\u00e1fico mal situadas, calzadas con el pavimento deteriorado o pasos de peatones mal se\u00f1alizados.<\/div>\n<div>Los talleres se impartir\u00e1n en toda Espa\u00f1a, en colaboraci\u00f3n con ayuntamientos y comunidades, los dirigir\u00e1 Instituciones Penitenciarias. Si el infractor no asiste tras aceptar o lo deja a medio, se considerar\u00e1 un quebrantamiento de condena.<\/div>\n<p>Fuente: <a href=\"http:\/\/www.abc.es\/20100318\/nacional-interior\/varon-espanol-menor-anos-201003181837.html\">ABC<\/a><\/p>\n","protected":false},"excerpt":{"rendered":"<p>El pasado mes de febrero la Secretar\u00ed\u00ada General de Instituciones Penitenciarias realiz\u00f3 un estudio del que se puede extraer el perfil de los conductores condenados por delitos de tr\u00e1fico, un hombre espa\u00f1ol de menos de 35 a\u00f1os que ha consumido alcohol. Concretamente, seg\u00fan los datos del estudio: En m\u00e1s del 90% de los casos los [&hellip;]<\/p>\n","protected":false},"author":1,"featured_media":3122,"comment_status":"open","ping_status":"closed","sticky":false,"template":"","format":"standard","meta":{"footnotes":"","jetpack_publicize_message":"","jetpack_publicize_feature_enabled":true,"jetpack_social_post_already_shared":false,"jetpack_social_options":{"image_generator_settings":{"template":"highway","enabled":false},"version":2}},"categories":[12,19],"tags":[465,741,1672,1678],"class_list":["post-3451","post","type-post","status-publish","format-standard","has-post-thumbnail","hentry","category-noticias","category-seguridad-vial","tag-delitos","tag-infracciones","tag-noticias","tag-seguridad-vial"],"wppr_data":[],"jetpack_publicize_connections":[],"yoast_head":"<!-- This site is optimized with the Yoast SEO plugin v24.7 - https:\/\/yoast.com\/wordpress\/plugins\/seo\/ -->\n<title>Perfil de los condenados por delitos de tr\u00e1fico: hombre espa\u00f1ol de menos de 35 a\u00f1os que ha bebido alcohol<\/title>\n<meta name=\"description\" content=\"el perfil de los conductores condenados por delitos de tr\u00e1fico, un hombre espa\u00f1ol de menos de 35 a\u00f1os que ha consumido alcohol.\" \/>\n<meta name=\"robots\" content=\"index, follow, max-snippet:-1, max-image-preview:large, max-video-preview:-1\" \/>\n<link rel=\"canonical\" href=\"https:\/\/www.blogdelaautoescuela.com\/blog\/perfil-de-los-condenados-por-delitos-de-trafico-hombre-espanol-de-menos-de-35-anos-que-ha-bebido-alcohol\/\" \/>\n<meta property=\"og:locale\" content=\"es_ES\" \/>\n<meta property=\"og:type\" content=\"article\" \/>\n<meta property=\"og:title\" content=\"Perfil de los condenados por delitos de tr\u00e1fico: hombre espa\u00f1ol de menos de 35 a\u00f1os que ha bebido alcohol\" \/>\n<meta property=\"og:description\" content=\"el perfil de los conductores condenados por delitos de tr\u00e1fico, un hombre espa\u00f1ol de menos de 35 a\u00f1os que ha consumido alcohol.\" \/>\n<meta property=\"og:url\" content=\"https:\/\/www.blogdelaautoescuela.com\/blog\/perfil-de-los-condenados-por-delitos-de-trafico-hombre-espanol-de-menos-de-35-anos-que-ha-bebido-alcohol\/\" \/>\n<meta property=\"og:site_name\" content=\"Blog de la autoescuela\" \/>\n<meta property=\"article:author\" content=\"https:\/\/www.facebook.com\/blogdelaautoescuela\" \/>\n<meta property=\"article:published_time\" content=\"2010-03-22T11:10:55+00:00\" \/>\n<meta property=\"og:image\" content=\"https:\/\/www.blogdelaautoescuela.com\/blog\/wp-content\/uploads\/2010\/02\/delito-y-pena1.jpg\" \/>\n\t<meta property=\"og:image:width\" content=\"400\" \/>\n\t<meta property=\"og:image:height\" content=\"335\" \/>\n\t<meta property=\"og:image:type\" content=\"image\/jpeg\" \/>\n<meta name=\"author\" content=\"usr_blogauto\" \/>\n<meta name=\"twitter:label1\" content=\"Escrito por\" \/>\n\t<meta name=\"twitter:data1\" content=\"usr_blogauto\" \/>\n\t<meta name=\"twitter:label2\" content=\"Tiempo de lectura\" \/>\n\t<meta name=\"twitter:data2\" content=\"2 minutos\" \/>\n<script type=\"application\/ld+json\" class=\"yoast-schema-graph\">{\"@context\":\"https:\/\/schema.org\",\"@graph\":[{\"@type\":\"WebPage\",\"@id\":\"https:\/\/www.blogdelaautoescuela.com\/blog\/perfil-de-los-condenados-por-delitos-de-trafico-hombre-espanol-de-menos-de-35-anos-que-ha-bebido-alcohol\/\",\"url\":\"https:\/\/www.blogdelaautoescuela.com\/blog\/perfil-de-los-condenados-por-delitos-de-trafico-hombre-espanol-de-menos-de-35-anos-que-ha-bebido-alcohol\/\",\"name\":\"Perfil de los condenados por delitos de tr\u00e1fico: hombre espa\u00f1ol de menos de 35 a\u00f1os que ha bebido alcohol\",\"isPartOf\":{\"@id\":\"https:\/\/www.blogdelaautoescuela.com\/blog\/#website\"},\"primaryImageOfPage\":{\"@id\":\"https:\/\/www.blogdelaautoescuela.com\/blog\/perfil-de-los-condenados-por-delitos-de-trafico-hombre-espanol-de-menos-de-35-anos-que-ha-bebido-alcohol\/#primaryimage\"},\"image\":{\"@id\":\"https:\/\/www.blogdelaautoescuela.com\/blog\/perfil-de-los-condenados-por-delitos-de-trafico-hombre-espanol-de-menos-de-35-anos-que-ha-bebido-alcohol\/#primaryimage\"},\"thumbnailUrl\":\"https:\/\/www.blogdelaautoescuela.com\/blog\/wp-content\/uploads\/2010\/02\/delito-y-pena1.jpg\",\"datePublished\":\"2010-03-22T11:10:55+00:00\",\"author\":{\"@id\":\"https:\/\/www.blogdelaautoescuela.com\/blog\/#\/schema\/person\/f209a64ca5dfe74b9acb6317240e792f\"},\"description\":\"el perfil de los conductores condenados por delitos de tr\u00e1fico, un hombre espa\u00f1ol de menos de 35 a\u00f1os que ha consumido alcohol.\",\"breadcrumb\":{\"@id\":\"https:\/\/www.blogdelaautoescuela.com\/blog\/perfil-de-los-condenados-por-delitos-de-trafico-hombre-espanol-de-menos-de-35-anos-que-ha-bebido-alcohol\/#breadcrumb\"},\"inLanguage\":\"es\",\"potentialAction\":[{\"@type\":\"ReadAction\",\"target\":[\"https:\/\/www.blogdelaautoescuela.com\/blog\/perfil-de-los-condenados-por-delitos-de-trafico-hombre-espanol-de-menos-de-35-anos-que-ha-bebido-alcohol\/\"]}]},{\"@type\":\"ImageObject\",\"inLanguage\":\"es\",\"@id\":\"https:\/\/www.blogdelaautoescuela.com\/blog\/perfil-de-los-condenados-por-delitos-de-trafico-hombre-espanol-de-menos-de-35-anos-que-ha-bebido-alcohol\/#primaryimage\",\"url\":\"https:\/\/www.blogdelaautoescuela.com\/blog\/wp-content\/uploads\/2010\/02\/delito-y-pena1.jpg\",\"contentUrl\":\"https:\/\/www.blogdelaautoescuela.com\/blog\/wp-content\/uploads\/2010\/02\/delito-y-pena1.jpg\",\"width\":400,\"height\":335},{\"@type\":\"BreadcrumbList\",\"@id\":\"https:\/\/www.blogdelaautoescuela.com\/blog\/perfil-de-los-condenados-por-delitos-de-trafico-hombre-espanol-de-menos-de-35-anos-que-ha-bebido-alcohol\/#breadcrumb\",\"itemListElement\":[{\"@type\":\"ListItem\",\"position\":1,\"name\":\"Portada\",\"item\":\"https:\/\/www.blogdelaautoescuela.com\/blog\/\"},{\"@type\":\"ListItem\",\"position\":2,\"name\":\"Perfil de los condenados por delitos de tr\u00e1fico: hombre espa\u00f1ol de menos de 35 a\u00f1os que ha bebido alcohol\"}]},{\"@type\":\"WebSite\",\"@id\":\"https:\/\/www.blogdelaautoescuela.com\/blog\/#website\",\"url\":\"https:\/\/www.blogdelaautoescuela.com\/blog\/\",\"name\":\"Blog de la autoescuela\",\"description\":\"Noticias sobre autoescuelas y seguridad vial\",\"potentialAction\":[{\"@type\":\"SearchAction\",\"target\":{\"@type\":\"EntryPoint\",\"urlTemplate\":\"https:\/\/www.blogdelaautoescuela.com\/blog\/?s={search_term_string}\"},\"query-input\":{\"@type\":\"PropertyValueSpecification\",\"valueRequired\":true,\"valueName\":\"search_term_string\"}}],\"inLanguage\":\"es\"},{\"@type\":\"Person\",\"@id\":\"https:\/\/www.blogdelaautoescuela.com\/blog\/#\/schema\/person\/f209a64ca5dfe74b9acb6317240e792f\",\"name\":\"usr_blogauto\",\"image\":{\"@type\":\"ImageObject\",\"inLanguage\":\"es\",\"@id\":\"https:\/\/www.blogdelaautoescuela.com\/blog\/#\/schema\/person\/image\/\",\"url\":\"https:\/\/secure.gravatar.com\/avatar\/d3939d4ea521ac8421c86d2980321cc9?s=96&d=mm&r=g\",\"contentUrl\":\"https:\/\/secure.gravatar.com\/avatar\/d3939d4ea521ac8421c86d2980321cc9?s=96&d=mm&r=g\",\"caption\":\"usr_blogauto\"},\"description\":\"Blog dedicado a la conducci\u00f3n, las autoescuelas y la seguridad vial. Est\u00e1 creado por un grupo de profesionales de la formaci\u00f3n vial que comparten inquietudes y experiencias. Aqu\u00ed\u00ad podr\u00e1s encontrar informaci\u00f3n variada sobre el d\u00ed\u00ada a d\u00ed\u00ada de la autoescuela, ex\u00e1menes, test o novedades y consejos para una conducci\u00f3n m\u00e1s segura.\",\"sameAs\":[\"http:\/\/www.blogdelaautoescuela.com\/\",\"https:\/\/www.facebook.com\/blogdelaautoescuela\",\"https:\/\/x.com\/autoescuelas\"],\"url\":\"https:\/\/www.blogdelaautoescuela.com\/blog\/author\/usr_blogauto\/\"}]}<\/script>\n<!-- \/ Yoast SEO plugin. -->","yoast_head_json":{"title":"Perfil de los condenados por delitos de tr\u00e1fico: hombre espa\u00f1ol de menos de 35 a\u00f1os que ha bebido alcohol","description":"el perfil de los conductores condenados por delitos de tr\u00e1fico, un hombre espa\u00f1ol de menos de 35 a\u00f1os que ha consumido alcohol.","robots":{"index":"index","follow":"follow","max-snippet":"max-snippet:-1","max-image-preview":"max-image-preview:large","max-video-preview":"max-video-preview:-1"},"canonical":"https:\/\/www.blogdelaautoescuela.com\/blog\/perfil-de-los-condenados-por-delitos-de-trafico-hombre-espanol-de-menos-de-35-anos-que-ha-bebido-alcohol\/","og_locale":"es_ES","og_type":"article","og_title":"Perfil de los condenados por delitos de tr\u00e1fico: hombre espa\u00f1ol de menos de 35 a\u00f1os que ha bebido alcohol","og_description":"el perfil de los conductores condenados por delitos de tr\u00e1fico, un hombre espa\u00f1ol de menos de 35 a\u00f1os que ha consumido alcohol.","og_url":"https:\/\/www.blogdelaautoescuela.com\/blog\/perfil-de-los-condenados-por-delitos-de-trafico-hombre-espanol-de-menos-de-35-anos-que-ha-bebido-alcohol\/","og_site_name":"Blog de la autoescuela","article_author":"https:\/\/www.facebook.com\/blogdelaautoescuela","article_published_time":"2010-03-22T11:10:55+00:00","og_image":[{"width":400,"height":335,"url":"https:\/\/www.blogdelaautoescuela.com\/blog\/wp-content\/uploads\/2010\/02\/delito-y-pena1.jpg","type":"image\/jpeg"}],"author":"usr_blogauto","twitter_misc":{"Escrito por":"usr_blogauto","Tiempo de lectura":"2 minutos"},"schema":{"@context":"https:\/\/schema.org","@graph":[{"@type":"WebPage","@id":"https:\/\/www.blogdelaautoescuela.com\/blog\/perfil-de-los-condenados-por-delitos-de-trafico-hombre-espanol-de-menos-de-35-anos-que-ha-bebido-alcohol\/","url":"https:\/\/www.blogdelaautoescuela.com\/blog\/perfil-de-los-condenados-por-delitos-de-trafico-hombre-espanol-de-menos-de-35-anos-que-ha-bebido-alcohol\/","name":"Perfil de los condenados por delitos de tr\u00e1fico: hombre espa\u00f1ol de menos de 35 a\u00f1os que ha bebido alcohol","isPartOf":{"@id":"https:\/\/www.blogdelaautoescuela.com\/blog\/#website"},"primaryImageOfPage":{"@id":"https:\/\/www.blogdelaautoescuela.com\/blog\/perfil-de-los-condenados-por-delitos-de-trafico-hombre-espanol-de-menos-de-35-anos-que-ha-bebido-alcohol\/#primaryimage"},"image":{"@id":"https:\/\/www.blogdelaautoescuela.com\/blog\/perfil-de-los-condenados-por-delitos-de-trafico-hombre-espanol-de-menos-de-35-anos-que-ha-bebido-alcohol\/#primaryimage"},"thumbnailUrl":"https:\/\/www.blogdelaautoescuela.com\/blog\/wp-content\/uploads\/2010\/02\/delito-y-pena1.jpg","datePublished":"2010-03-22T11:10:55+00:00","author":{"@id":"https:\/\/www.blogdelaautoescuela.com\/blog\/#\/schema\/person\/f209a64ca5dfe74b9acb6317240e792f"},"description":"el perfil de los conductores condenados por delitos de tr\u00e1fico, un hombre espa\u00f1ol de menos de 35 a\u00f1os que ha consumido alcohol.","breadcrumb":{"@id":"https:\/\/www.blogdelaautoescuela.com\/blog\/perfil-de-los-condenados-por-delitos-de-trafico-hombre-espanol-de-menos-de-35-anos-que-ha-bebido-alcohol\/#breadcrumb"},"inLanguage":"es","potentialAction":[{"@type":"ReadAction","target":["https:\/\/www.blogdelaautoescuela.com\/blog\/perfil-de-los-condenados-por-delitos-de-trafico-hombre-espanol-de-menos-de-35-anos-que-ha-bebido-alcohol\/"]}]},{"@type":"ImageObject","inLanguage":"es","@id":"https:\/\/www.blogdelaautoescuela.com\/blog\/perfil-de-los-condenados-por-delitos-de-trafico-hombre-espanol-de-menos-de-35-anos-que-ha-bebido-alcohol\/#primaryimage","url":"https:\/\/www.blogdelaautoescuela.com\/blog\/wp-content\/uploads\/2010\/02\/delito-y-pena1.jpg","contentUrl":"https:\/\/www.blogdelaautoescuela.com\/blog\/wp-content\/uploads\/2010\/02\/delito-y-pena1.jpg","width":400,"height":335},{"@type":"BreadcrumbList","@id":"https:\/\/www.blogdelaautoescuela.com\/blog\/perfil-de-los-condenados-por-delitos-de-trafico-hombre-espanol-de-menos-de-35-anos-que-ha-bebido-alcohol\/#breadcrumb","itemListElement":[{"@type":"ListItem","position":1,"name":"Portada","item":"https:\/\/www.blogdelaautoescuela.com\/blog\/"},{"@type":"ListItem","position":2,"name":"Perfil de los condenados por delitos de tr\u00e1fico: hombre espa\u00f1ol de menos de 35 a\u00f1os que ha bebido alcohol"}]},{"@type":"WebSite","@id":"https:\/\/www.blogdelaautoescuela.com\/blog\/#website","url":"https:\/\/www.blogdelaautoescuela.com\/blog\/","name":"Blog de la autoescuela","description":"Noticias sobre autoescuelas y seguridad vial","potentialAction":[{"@type":"SearchAction","target":{"@type":"EntryPoint","urlTemplate":"https:\/\/www.blogdelaautoescuela.com\/blog\/?s={search_term_string}"},"query-input":{"@type":"PropertyValueSpecification","valueRequired":true,"valueName":"search_term_string"}}],"inLanguage":"es"},{"@type":"Person","@id":"https:\/\/www.blogdelaautoescuela.com\/blog\/#\/schema\/person\/f209a64ca5dfe74b9acb6317240e792f","name":"usr_blogauto","image":{"@type":"ImageObject","inLanguage":"es","@id":"https:\/\/www.blogdelaautoescuela.com\/blog\/#\/schema\/person\/image\/","url":"https:\/\/secure.gravatar.com\/avatar\/d3939d4ea521ac8421c86d2980321cc9?s=96&d=mm&r=g","contentUrl":"https:\/\/secure.gravatar.com\/avatar\/d3939d4ea521ac8421c86d2980321cc9?s=96&d=mm&r=g","caption":"usr_blogauto"},"description":"Blog dedicado a la conducci\u00f3n, las autoescuelas y la seguridad vial. Est\u00e1 creado por un grupo de profesionales de la formaci\u00f3n vial que comparten inquietudes y experiencias. Aqu\u00ed\u00ad podr\u00e1s encontrar informaci\u00f3n variada sobre el d\u00ed\u00ada a d\u00ed\u00ada de la autoescuela, ex\u00e1menes, test o novedades y consejos para una conducci\u00f3n m\u00e1s segura.","sameAs":["http:\/\/www.blogdelaautoescuela.com\/","https:\/\/www.facebook.com\/blogdelaautoescuela","https:\/\/x.com\/autoescuelas"],"url":"https:\/\/www.blogdelaautoescuela.com\/blog\/author\/usr_blogauto\/"}]}},"jetpack_featured_media_url":"https:\/\/www.blogdelaautoescuela.com\/blog\/wp-content\/uploads\/2010\/02\/delito-y-pena1.jpg","_links":{"self":[{"href":"https:\/\/www.blogdelaautoescuela.com\/blog\/wp-json\/wp\/v2\/posts\/3451","targetHints":{"allow":["GET"]}}],"collection":[{"href":"https:\/\/www.blogdelaautoescuela.com\/blog\/wp-json\/wp\/v2\/posts"}],"about":[{"href":"https:\/\/www.blogdelaautoescuela.com\/blog\/wp-json\/wp\/v2\/types\/post"}],"author":[{"embeddable":true,"href":"https:\/\/www.blogdelaautoescuela.com\/blog\/wp-json\/wp\/v2\/users\/1"}],"replies":[{"embeddable":true,"href":"https:\/\/www.blogdelaautoescuela.com\/blog\/wp-json\/wp\/v2\/comments?post=3451"}],"version-history":[{"count":0,"href":"https:\/\/www.blogdelaautoescuela.com\/blog\/wp-json\/wp\/v2\/posts\/3451\/revisions"}],"wp:featuredmedia":[{"embeddable":true,"href":"https:\/\/www.blogdelaautoescuela.com\/blog\/wp-json\/wp\/v2\/media\/3122"}],"wp:attachment":[{"href":"https:\/\/www.blogdelaautoescuela.com\/blog\/wp-json\/wp\/v2\/media?parent=3451"}],"wp:term":[{"taxonomy":"category","embeddable":true,"href":"https:\/\/www.blogdelaautoescuela.com\/blog\/wp-json\/wp\/v2\/categories?post=3451"},{"taxonomy":"post_tag","embeddable":true,"href":"https:\/\/www.blogdelaautoescuela.com\/blog\/wp-json\/wp\/v2\/tags?post=3451"}],"curies":[{"name":"wp","href":"https:\/\/api.w.org\/{rel}","templated":true}]}}