
{"id":3438,"date":"2010-03-18T13:35:30","date_gmt":"2010-03-18T11:35:30","guid":{"rendered":"http:\/\/www.blogdelaautoescuela.com\/blog\/?p=3438"},"modified":"2010-03-18T13:35:30","modified_gmt":"2010-03-18T11:35:30","slug":"curso-sobre-amaxofobia-para-profesores-de-autoescuela-en-granada","status":"publish","type":"post","link":"https:\/\/www.blogdelaautoescuela.com\/blog\/curso-sobre-amaxofobia-para-profesores-de-autoescuela-en-granada\/","title":{"rendered":"Curso sobre amaxofobia para profesores de autoescuela en Granada"},"content":{"rendered":"<p style=\"text-align: center;\"><img loading=\"lazy\" decoding=\"async\" class=\"size-full wp-image-3199 aligncenter\" title=\"amaxofobia\" src=\"http:\/\/www.blogdelaautoescuela.com\/blog\/wp-content\/uploads\/2010\/02\/amaxofobia.jpg\" alt=\"amaxofobia\" width=\"400\" height=\"200\" \/><\/p>\n<p>Cada vez es m\u00e1s amplia la <strong>oferta formativa<\/strong> que tiene como fin superar la <strong>amaxobia, miedo a conducir<\/strong>, y ya hay un gran n\u00famero de autoescuelas en nuestro pa\u00ed\u00ads que cuenta con <strong>profesionales especializados en ayudar a los alumnos a superar ese miedo a conducir.<\/strong><\/p>\n<p>Los <strong>profesores de autoescuela<\/strong> que se quieran formar en amaxofobia tendr\u00e1n una oportunidad el pr\u00f3ximo <strong>15 de mayo<\/strong> porque se va a celebrar en <strong>Granada<\/strong> un <strong>curso sobre amaxofobia para profesores de formaci\u00f3n vial.<\/strong><\/p>\n<p><strong>\u00a0<\/strong><\/p>\n<p>A trav\u00e9s de este curso los<strong> profesores de autoescuela<\/strong> ser\u00e1n capaces de crear un<strong> programa de auto-exposici\u00f3n adaptado<\/strong> a cada cliente, dirigido a personas que sufren temor al volante como consecuencia de estr\u00e9s postraum\u00e1tico relacionado con accidentes de tr\u00e1fico propios o de personas muy allegadas, personas que sienten ansiedad durante la conducci\u00f3n o les produce estr\u00e9s, o personas que sufren inseguridad conduciendo.<\/p>\n<p>Tras este curso, que cuenta con la <strong>colaboraci\u00f3n de la Asociaci\u00f3n de Profesores de Autoescuela de Granada<\/strong>, los asistentes recibir\u00e1n un diploma acreditativo<\/p>\n<p><strong><span style=\"color: #99cc00;\">Inscripci\u00f3n:<\/span><\/strong><\/p>\n<ul>\n<li>El precio para los socios de la Asociaci\u00f3n de Profesores de Autoescuela de Granada es de 90 euros y de 110 para el resto de asistentes.<\/li>\n<li>Las plazas al curso son limitadas y se asignar\u00e1n por orden estricto de pago.<\/li>\n<li>La inscripci\u00f3n se puede hacer enviando un email con los datos personales a miedoaconducir@hotmail.com<\/li>\n<li>El plazo de inscripci\u00f3n finalizar\u00e1 el viernes 7 de may0.<\/li>\n<li>Para que la inscripci\u00f3n se formalice habr\u00e1 que hacer un ingreso en el n\u00famero de cuenta del Banco Santander 0049 4807 95 2895218153 poniendo en el concepto en nombre del participante.<\/li>\n<\/ul>\n<p><span style=\"color: #99cc00;\"><strong>Lugar y hora del curso:<\/strong><\/span> El curso tendr\u00e1 lugar en la Asociaci\u00f3n Provincial de Autoescuelas de Granada, que se encuentra en la calle Santiago Lozano, 15. local 21, Granada<\/p>\n<p><strong><span style=\"color: #99cc00;\">Horario:<\/span><\/strong> de 8:00 a 15:00 horas<\/p>\n<p>Quien quiera m\u00e1s informaci\u00f3n sobre el curso puede visitar <a href=\"http:\/\/miedoaconducir.wordpress.com\/2010\/01\/15\/curso-sobre-amaxofobia-para-profesores-de-formacion-vial-en-granada\/\">Miedo a conducir<\/a><\/p>\n","protected":false},"excerpt":{"rendered":"<p>Cada vez es m\u00e1s amplia la oferta formativa que tiene como fin superar la amaxobia, miedo a conducir, y ya hay un gran n\u00famero de autoescuelas en nuestro pa\u00ed\u00ads que cuenta con profesionales especializados en ayudar a los alumnos a superar ese miedo a conducir. Los profesores de autoescuela que se quieran formar en amaxofobia [&hellip;]<\/p>\n","protected":false},"author":1,"featured_media":3199,"comment_status":"open","ping_status":"closed","sticky":false,"template":"","format":"standard","meta":{"footnotes":"","jetpack_publicize_message":"","jetpack_publicize_feature_enabled":true,"jetpack_social_post_already_shared":false,"jetpack_social_options":{"image_generator_settings":{"template":"highway","enabled":false},"version":2}},"categories":[3,18],"tags":[95,1664,1677],"class_list":["post-3438","post","type-post","status-publish","format-standard","has-post-thumbnail","hentry","category-autoescuela","category-profesor-de-autoescuela","tag-amaxofobia","tag-autoescuela","tag-profesor-de-autoescuela"],"wppr_data":[],"jetpack_publicize_connections":[],"yoast_head":"<!-- This site is optimized with the Yoast SEO plugin v24.7 - https:\/\/yoast.com\/wordpress\/plugins\/seo\/ -->\n<title>Curso sobre amaxofobia para profesores de autoescuela en Granada<\/title>\n<meta name=\"description\" content=\"el pr\u00f3ximo 15 de mayo porque se va a celebrar en Granada un curso sobre amaxofobia para profesores de formaci\u00f3n vial.\" \/>\n<meta name=\"robots\" content=\"index, follow, max-snippet:-1, max-image-preview:large, max-video-preview:-1\" \/>\n<link rel=\"canonical\" href=\"https:\/\/www.blogdelaautoescuela.com\/blog\/curso-sobre-amaxofobia-para-profesores-de-autoescuela-en-granada\/\" \/>\n<meta property=\"og:locale\" content=\"es_ES\" \/>\n<meta property=\"og:type\" content=\"article\" \/>\n<meta property=\"og:title\" content=\"Curso sobre amaxofobia para profesores de autoescuela en Granada\" \/>\n<meta property=\"og:description\" content=\"el pr\u00f3ximo 15 de mayo porque se va a celebrar en Granada un curso sobre amaxofobia para profesores de formaci\u00f3n vial.\" \/>\n<meta property=\"og:url\" content=\"https:\/\/www.blogdelaautoescuela.com\/blog\/curso-sobre-amaxofobia-para-profesores-de-autoescuela-en-granada\/\" \/>\n<meta property=\"og:site_name\" content=\"Blog de la autoescuela\" \/>\n<meta property=\"article:author\" content=\"https:\/\/www.facebook.com\/blogdelaautoescuela\" \/>\n<meta property=\"article:published_time\" content=\"2010-03-18T11:35:30+00:00\" \/>\n<meta property=\"og:image\" content=\"https:\/\/www.blogdelaautoescuela.com\/blog\/wp-content\/uploads\/2010\/02\/amaxofobia1.jpg\" \/>\n\t<meta property=\"og:image:width\" content=\"400\" \/>\n\t<meta property=\"og:image:height\" content=\"200\" \/>\n\t<meta property=\"og:image:type\" content=\"image\/jpeg\" \/>\n<meta name=\"author\" content=\"usr_blogauto\" \/>\n<meta name=\"twitter:label1\" content=\"Escrito por\" \/>\n\t<meta name=\"twitter:data1\" content=\"usr_blogauto\" \/>\n\t<meta name=\"twitter:label2\" content=\"Tiempo de lectura\" \/>\n\t<meta name=\"twitter:data2\" content=\"2 minutos\" \/>\n<script type=\"application\/ld+json\" class=\"yoast-schema-graph\">{\"@context\":\"https:\/\/schema.org\",\"@graph\":[{\"@type\":\"WebPage\",\"@id\":\"https:\/\/www.blogdelaautoescuela.com\/blog\/curso-sobre-amaxofobia-para-profesores-de-autoescuela-en-granada\/\",\"url\":\"https:\/\/www.blogdelaautoescuela.com\/blog\/curso-sobre-amaxofobia-para-profesores-de-autoescuela-en-granada\/\",\"name\":\"Curso sobre amaxofobia para profesores de autoescuela en Granada\",\"isPartOf\":{\"@id\":\"https:\/\/www.blogdelaautoescuela.com\/blog\/#website\"},\"primaryImageOfPage\":{\"@id\":\"https:\/\/www.blogdelaautoescuela.com\/blog\/curso-sobre-amaxofobia-para-profesores-de-autoescuela-en-granada\/#primaryimage\"},\"image\":{\"@id\":\"https:\/\/www.blogdelaautoescuela.com\/blog\/curso-sobre-amaxofobia-para-profesores-de-autoescuela-en-granada\/#primaryimage\"},\"thumbnailUrl\":\"https:\/\/www.blogdelaautoescuela.com\/blog\/wp-content\/uploads\/2010\/02\/amaxofobia1.jpg\",\"datePublished\":\"2010-03-18T11:35:30+00:00\",\"author\":{\"@id\":\"https:\/\/www.blogdelaautoescuela.com\/blog\/#\/schema\/person\/f209a64ca5dfe74b9acb6317240e792f\"},\"description\":\"el pr\u00f3ximo 15 de mayo porque se va a celebrar en Granada un curso sobre amaxofobia para profesores de formaci\u00f3n vial.\",\"breadcrumb\":{\"@id\":\"https:\/\/www.blogdelaautoescuela.com\/blog\/curso-sobre-amaxofobia-para-profesores-de-autoescuela-en-granada\/#breadcrumb\"},\"inLanguage\":\"es\",\"potentialAction\":[{\"@type\":\"ReadAction\",\"target\":[\"https:\/\/www.blogdelaautoescuela.com\/blog\/curso-sobre-amaxofobia-para-profesores-de-autoescuela-en-granada\/\"]}]},{\"@type\":\"ImageObject\",\"inLanguage\":\"es\",\"@id\":\"https:\/\/www.blogdelaautoescuela.com\/blog\/curso-sobre-amaxofobia-para-profesores-de-autoescuela-en-granada\/#primaryimage\",\"url\":\"https:\/\/www.blogdelaautoescuela.com\/blog\/wp-content\/uploads\/2010\/02\/amaxofobia1.jpg\",\"contentUrl\":\"https:\/\/www.blogdelaautoescuela.com\/blog\/wp-content\/uploads\/2010\/02\/amaxofobia1.jpg\",\"width\":400,\"height\":200},{\"@type\":\"BreadcrumbList\",\"@id\":\"https:\/\/www.blogdelaautoescuela.com\/blog\/curso-sobre-amaxofobia-para-profesores-de-autoescuela-en-granada\/#breadcrumb\",\"itemListElement\":[{\"@type\":\"ListItem\",\"position\":1,\"name\":\"Portada\",\"item\":\"https:\/\/www.blogdelaautoescuela.com\/blog\/\"},{\"@type\":\"ListItem\",\"position\":2,\"name\":\"Curso sobre amaxofobia para profesores de autoescuela en Granada\"}]},{\"@type\":\"WebSite\",\"@id\":\"https:\/\/www.blogdelaautoescuela.com\/blog\/#website\",\"url\":\"https:\/\/www.blogdelaautoescuela.com\/blog\/\",\"name\":\"Blog de la autoescuela\",\"description\":\"Noticias sobre autoescuelas y seguridad vial\",\"potentialAction\":[{\"@type\":\"SearchAction\",\"target\":{\"@type\":\"EntryPoint\",\"urlTemplate\":\"https:\/\/www.blogdelaautoescuela.com\/blog\/?s={search_term_string}\"},\"query-input\":{\"@type\":\"PropertyValueSpecification\",\"valueRequired\":true,\"valueName\":\"search_term_string\"}}],\"inLanguage\":\"es\"},{\"@type\":\"Person\",\"@id\":\"https:\/\/www.blogdelaautoescuela.com\/blog\/#\/schema\/person\/f209a64ca5dfe74b9acb6317240e792f\",\"name\":\"usr_blogauto\",\"image\":{\"@type\":\"ImageObject\",\"inLanguage\":\"es\",\"@id\":\"https:\/\/www.blogdelaautoescuela.com\/blog\/#\/schema\/person\/image\/\",\"url\":\"https:\/\/secure.gravatar.com\/avatar\/d3939d4ea521ac8421c86d2980321cc9?s=96&d=mm&r=g\",\"contentUrl\":\"https:\/\/secure.gravatar.com\/avatar\/d3939d4ea521ac8421c86d2980321cc9?s=96&d=mm&r=g\",\"caption\":\"usr_blogauto\"},\"description\":\"Blog dedicado a la conducci\u00f3n, las autoescuelas y la seguridad vial. Est\u00e1 creado por un grupo de profesionales de la formaci\u00f3n vial que comparten inquietudes y experiencias. Aqu\u00ed\u00ad podr\u00e1s encontrar informaci\u00f3n variada sobre el d\u00ed\u00ada a d\u00ed\u00ada de la autoescuela, ex\u00e1menes, test o novedades y consejos para una conducci\u00f3n m\u00e1s segura.\",\"sameAs\":[\"http:\/\/www.blogdelaautoescuela.com\/\",\"https:\/\/www.facebook.com\/blogdelaautoescuela\",\"https:\/\/x.com\/autoescuelas\"],\"url\":\"https:\/\/www.blogdelaautoescuela.com\/blog\/author\/usr_blogauto\/\"}]}<\/script>\n<!-- \/ Yoast SEO plugin. -->","yoast_head_json":{"title":"Curso sobre amaxofobia para profesores de autoescuela en Granada","description":"el pr\u00f3ximo 15 de mayo porque se va a celebrar en Granada un curso sobre amaxofobia para profesores de formaci\u00f3n vial.","robots":{"index":"index","follow":"follow","max-snippet":"max-snippet:-1","max-image-preview":"max-image-preview:large","max-video-preview":"max-video-preview:-1"},"canonical":"https:\/\/www.blogdelaautoescuela.com\/blog\/curso-sobre-amaxofobia-para-profesores-de-autoescuela-en-granada\/","og_locale":"es_ES","og_type":"article","og_title":"Curso sobre amaxofobia para profesores de autoescuela en Granada","og_description":"el pr\u00f3ximo 15 de mayo porque se va a celebrar en Granada un curso sobre amaxofobia para profesores de formaci\u00f3n vial.","og_url":"https:\/\/www.blogdelaautoescuela.com\/blog\/curso-sobre-amaxofobia-para-profesores-de-autoescuela-en-granada\/","og_site_name":"Blog de la autoescuela","article_author":"https:\/\/www.facebook.com\/blogdelaautoescuela","article_published_time":"2010-03-18T11:35:30+00:00","og_image":[{"width":400,"height":200,"url":"https:\/\/www.blogdelaautoescuela.com\/blog\/wp-content\/uploads\/2010\/02\/amaxofobia1.jpg","type":"image\/jpeg"}],"author":"usr_blogauto","twitter_misc":{"Escrito por":"usr_blogauto","Tiempo de lectura":"2 minutos"},"schema":{"@context":"https:\/\/schema.org","@graph":[{"@type":"WebPage","@id":"https:\/\/www.blogdelaautoescuela.com\/blog\/curso-sobre-amaxofobia-para-profesores-de-autoescuela-en-granada\/","url":"https:\/\/www.blogdelaautoescuela.com\/blog\/curso-sobre-amaxofobia-para-profesores-de-autoescuela-en-granada\/","name":"Curso sobre amaxofobia para profesores de autoescuela en Granada","isPartOf":{"@id":"https:\/\/www.blogdelaautoescuela.com\/blog\/#website"},"primaryImageOfPage":{"@id":"https:\/\/www.blogdelaautoescuela.com\/blog\/curso-sobre-amaxofobia-para-profesores-de-autoescuela-en-granada\/#primaryimage"},"image":{"@id":"https:\/\/www.blogdelaautoescuela.com\/blog\/curso-sobre-amaxofobia-para-profesores-de-autoescuela-en-granada\/#primaryimage"},"thumbnailUrl":"https:\/\/www.blogdelaautoescuela.com\/blog\/wp-content\/uploads\/2010\/02\/amaxofobia1.jpg","datePublished":"2010-03-18T11:35:30+00:00","author":{"@id":"https:\/\/www.blogdelaautoescuela.com\/blog\/#\/schema\/person\/f209a64ca5dfe74b9acb6317240e792f"},"description":"el pr\u00f3ximo 15 de mayo porque se va a celebrar en Granada un curso sobre amaxofobia para profesores de formaci\u00f3n vial.","breadcrumb":{"@id":"https:\/\/www.blogdelaautoescuela.com\/blog\/curso-sobre-amaxofobia-para-profesores-de-autoescuela-en-granada\/#breadcrumb"},"inLanguage":"es","potentialAction":[{"@type":"ReadAction","target":["https:\/\/www.blogdelaautoescuela.com\/blog\/curso-sobre-amaxofobia-para-profesores-de-autoescuela-en-granada\/"]}]},{"@type":"ImageObject","inLanguage":"es","@id":"https:\/\/www.blogdelaautoescuela.com\/blog\/curso-sobre-amaxofobia-para-profesores-de-autoescuela-en-granada\/#primaryimage","url":"https:\/\/www.blogdelaautoescuela.com\/blog\/wp-content\/uploads\/2010\/02\/amaxofobia1.jpg","contentUrl":"https:\/\/www.blogdelaautoescuela.com\/blog\/wp-content\/uploads\/2010\/02\/amaxofobia1.jpg","width":400,"height":200},{"@type":"BreadcrumbList","@id":"https:\/\/www.blogdelaautoescuela.com\/blog\/curso-sobre-amaxofobia-para-profesores-de-autoescuela-en-granada\/#breadcrumb","itemListElement":[{"@type":"ListItem","position":1,"name":"Portada","item":"https:\/\/www.blogdelaautoescuela.com\/blog\/"},{"@type":"ListItem","position":2,"name":"Curso sobre amaxofobia para profesores de autoescuela en Granada"}]},{"@type":"WebSite","@id":"https:\/\/www.blogdelaautoescuela.com\/blog\/#website","url":"https:\/\/www.blogdelaautoescuela.com\/blog\/","name":"Blog de la autoescuela","description":"Noticias sobre autoescuelas y seguridad vial","potentialAction":[{"@type":"SearchAction","target":{"@type":"EntryPoint","urlTemplate":"https:\/\/www.blogdelaautoescuela.com\/blog\/?s={search_term_string}"},"query-input":{"@type":"PropertyValueSpecification","valueRequired":true,"valueName":"search_term_string"}}],"inLanguage":"es"},{"@type":"Person","@id":"https:\/\/www.blogdelaautoescuela.com\/blog\/#\/schema\/person\/f209a64ca5dfe74b9acb6317240e792f","name":"usr_blogauto","image":{"@type":"ImageObject","inLanguage":"es","@id":"https:\/\/www.blogdelaautoescuela.com\/blog\/#\/schema\/person\/image\/","url":"https:\/\/secure.gravatar.com\/avatar\/d3939d4ea521ac8421c86d2980321cc9?s=96&d=mm&r=g","contentUrl":"https:\/\/secure.gravatar.com\/avatar\/d3939d4ea521ac8421c86d2980321cc9?s=96&d=mm&r=g","caption":"usr_blogauto"},"description":"Blog dedicado a la conducci\u00f3n, las autoescuelas y la seguridad vial. Est\u00e1 creado por un grupo de profesionales de la formaci\u00f3n vial que comparten inquietudes y experiencias. Aqu\u00ed\u00ad podr\u00e1s encontrar informaci\u00f3n variada sobre el d\u00ed\u00ada a d\u00ed\u00ada de la autoescuela, ex\u00e1menes, test o novedades y consejos para una conducci\u00f3n m\u00e1s segura.","sameAs":["http:\/\/www.blogdelaautoescuela.com\/","https:\/\/www.facebook.com\/blogdelaautoescuela","https:\/\/x.com\/autoescuelas"],"url":"https:\/\/www.blogdelaautoescuela.com\/blog\/author\/usr_blogauto\/"}]}},"jetpack_featured_media_url":"https:\/\/www.blogdelaautoescuela.com\/blog\/wp-content\/uploads\/2010\/02\/amaxofobia1.jpg","_links":{"self":[{"href":"https:\/\/www.blogdelaautoescuela.com\/blog\/wp-json\/wp\/v2\/posts\/3438","targetHints":{"allow":["GET"]}}],"collection":[{"href":"https:\/\/www.blogdelaautoescuela.com\/blog\/wp-json\/wp\/v2\/posts"}],"about":[{"href":"https:\/\/www.blogdelaautoescuela.com\/blog\/wp-json\/wp\/v2\/types\/post"}],"author":[{"embeddable":true,"href":"https:\/\/www.blogdelaautoescuela.com\/blog\/wp-json\/wp\/v2\/users\/1"}],"replies":[{"embeddable":true,"href":"https:\/\/www.blogdelaautoescuela.com\/blog\/wp-json\/wp\/v2\/comments?post=3438"}],"version-history":[{"count":0,"href":"https:\/\/www.blogdelaautoescuela.com\/blog\/wp-json\/wp\/v2\/posts\/3438\/revisions"}],"wp:featuredmedia":[{"embeddable":true,"href":"https:\/\/www.blogdelaautoescuela.com\/blog\/wp-json\/wp\/v2\/media\/3199"}],"wp:attachment":[{"href":"https:\/\/www.blogdelaautoescuela.com\/blog\/wp-json\/wp\/v2\/media?parent=3438"}],"wp:term":[{"taxonomy":"category","embeddable":true,"href":"https:\/\/www.blogdelaautoescuela.com\/blog\/wp-json\/wp\/v2\/categories?post=3438"},{"taxonomy":"post_tag","embeddable":true,"href":"https:\/\/www.blogdelaautoescuela.com\/blog\/wp-json\/wp\/v2\/tags?post=3438"}],"curies":[{"name":"wp","href":"https:\/\/api.w.org\/{rel}","templated":true}]}}