
{"id":3426,"date":"2010-03-17T14:09:51","date_gmt":"2010-03-17T12:09:51","guid":{"rendered":"http:\/\/www.blogdelaautoescuela.com\/blog\/?p=3426"},"modified":"2010-03-17T14:09:51","modified_gmt":"2010-03-17T12:09:51","slug":"la-historia-de-monica-su-paralisis-cerebral-y-el-permiso-de-conducir","status":"publish","type":"post","link":"https:\/\/www.blogdelaautoescuela.com\/blog\/la-historia-de-monica-su-paralisis-cerebral-y-el-permiso-de-conducir\/","title":{"rendered":"La historia de M\u00f3nica su par\u00e1lisis cerebral y el permiso de conducir"},"content":{"rendered":"<p style=\"text-align: center;\"><img loading=\"lazy\" decoding=\"async\" class=\"size-full wp-image-3427 aligncenter\" title=\"cerebro\" src=\"http:\/\/www.blogdelaautoescuela.com\/blog\/wp-content\/uploads\/2010\/03\/cerebro.jpg\" alt=\"cerebro\" width=\"400\" height=\"400\" \/><\/p>\n<p>Las <strong>personas con minusval\u00ed\u00adas<\/strong> se enfrentan a muchas <strong>dificultades para poder obtener el permiso de conducir<\/strong>, y hoy os vamos a contar la historia concreta de <strong>M\u00f3nica, una j\u00f3ven universitaria gallega de 20 a\u00f1os con par\u00e1lisis cerebral.<\/strong><\/p>\n<p>La<strong> inspecci\u00f3n del Sergas que realiza informes m\u00e9dicos para la Jefatura de Tr\u00e1fico en Lugo<\/strong> debe valorar si una persona con discapacidad es apta o no para sacar el carn\u00e9 de conducir antes de que se matricule en una autoescuela. <strong>En abril del 2009 el Sergas emiti\u00f3 un informe<\/strong>, basado en un certificado del psicot\u00e9cnico, se hace constar que <strong>M\u00f3nica puede conducir turismos con caja de cambios adaptada y a una velocidad m\u00e1xima de 70 kil\u00f3metros por hora.<\/strong><\/p>\n<p>Ante este informe <strong>M\u00f3nica empez\u00f3 a compaginar las clases de Empresariales con las clases de autoescuela<\/strong> y consigi\u00f3 <strong>aprobar el examen te\u00f3rico a la primera<\/strong>. Despu\u00e9s comenzaron laas clases\u00a0 pr\u00e1cticas y cuando llevaba <strong>46 clases pr\u00e1cticas<\/strong>, e invertidos 1.000 euros y una gran cantidad tiempo, esfuerzo e ilusi\u00f3n, incluso la autoescuela adquiri\u00f3 un arn\u00e9s especial para mantenerla derecha y facilitarle la conducci\u00f3n, <strong>el Sergas ha emitido un nuevo informe en el que se indica que M\u00f3nica no es apta para la conducci\u00f3n porque no tiene equilibrio.<\/strong><\/p>\n<p>Sin duda esto ha sido un duro rev\u00e9s para M\u00f3nica que ahora se plantea denunciar para que al menos le devuelvan los 1.000 euros invertidos, porque el resto no se lo pueden devolver.<\/p>\n<p>Fuente: <a href=\"http:\/\/www.lavozdegalicia.es\/amarina\/2010\/03\/17\/0003_8360155.htm\">La Voz de Galicia<\/a><\/p>\n","protected":false},"excerpt":{"rendered":"<p>Las personas con minusval\u00ed\u00adas se enfrentan a muchas dificultades para poder obtener el permiso de conducir, y hoy os vamos a contar la historia concreta de M\u00f3nica, una j\u00f3ven universitaria gallega de 20 a\u00f1os con par\u00e1lisis cerebral. La inspecci\u00f3n del Sergas que realiza informes m\u00e9dicos para la Jefatura de Tr\u00e1fico en Lugo debe valorar si [&hellip;]<\/p>\n","protected":false},"author":1,"featured_media":3427,"comment_status":"open","ping_status":"closed","sticky":false,"template":"","format":"standard","meta":{"footnotes":"","jetpack_publicize_message":"","jetpack_publicize_feature_enabled":true,"jetpack_social_post_already_shared":false,"jetpack_social_options":{"image_generator_settings":{"template":"highway","enabled":false},"version":2}},"categories":[3],"tags":[1664,270,490],"class_list":["post-3426","post","type-post","status-publish","format-standard","has-post-thumbnail","hentry","category-autoescuela","tag-autoescuela","tag-carnet-de-conducir","tag-discapacitados"],"wppr_data":[],"jetpack_publicize_connections":[],"yoast_head":"<!-- This site is optimized with the Yoast SEO plugin v24.7 - https:\/\/yoast.com\/wordpress\/plugins\/seo\/ -->\n<title>La historia de M\u00f3nica su par\u00e1lisis cerebral y el permiso de conducir<\/title>\n<meta name=\"description\" content=\"hoy os vamos a contar la historia concreta de M\u00f3nica, una j\u00f3ven universitaria gallega de 20 a\u00f1os con par\u00e1lisis cerebral\" \/>\n<meta name=\"robots\" content=\"index, follow, max-snippet:-1, max-image-preview:large, max-video-preview:-1\" \/>\n<link rel=\"canonical\" href=\"https:\/\/www.blogdelaautoescuela.com\/blog\/la-historia-de-monica-su-paralisis-cerebral-y-el-permiso-de-conducir\/\" \/>\n<meta property=\"og:locale\" content=\"es_ES\" \/>\n<meta property=\"og:type\" content=\"article\" \/>\n<meta property=\"og:title\" content=\"La historia de M\u00f3nica su par\u00e1lisis cerebral y el permiso de conducir\" \/>\n<meta property=\"og:description\" content=\"hoy os vamos a contar la historia concreta de M\u00f3nica, una j\u00f3ven universitaria gallega de 20 a\u00f1os con par\u00e1lisis cerebral\" \/>\n<meta property=\"og:url\" content=\"https:\/\/www.blogdelaautoescuela.com\/blog\/la-historia-de-monica-su-paralisis-cerebral-y-el-permiso-de-conducir\/\" \/>\n<meta property=\"og:site_name\" content=\"Blog de la autoescuela\" \/>\n<meta property=\"article:author\" content=\"https:\/\/www.facebook.com\/blogdelaautoescuela\" \/>\n<meta property=\"article:published_time\" content=\"2010-03-17T12:09:51+00:00\" \/>\n<meta property=\"og:image\" content=\"https:\/\/www.blogdelaautoescuela.com\/blog\/wp-content\/uploads\/2010\/03\/cerebro1.jpg\" \/>\n\t<meta property=\"og:image:width\" content=\"400\" \/>\n\t<meta property=\"og:image:height\" content=\"400\" \/>\n\t<meta property=\"og:image:type\" content=\"image\/jpeg\" \/>\n<meta name=\"author\" content=\"usr_blogauto\" \/>\n<meta name=\"twitter:label1\" content=\"Escrito por\" \/>\n\t<meta name=\"twitter:data1\" content=\"usr_blogauto\" \/>\n\t<meta name=\"twitter:label2\" content=\"Tiempo de lectura\" \/>\n\t<meta name=\"twitter:data2\" content=\"1 minuto\" \/>\n<script type=\"application\/ld+json\" class=\"yoast-schema-graph\">{\"@context\":\"https:\/\/schema.org\",\"@graph\":[{\"@type\":\"WebPage\",\"@id\":\"https:\/\/www.blogdelaautoescuela.com\/blog\/la-historia-de-monica-su-paralisis-cerebral-y-el-permiso-de-conducir\/\",\"url\":\"https:\/\/www.blogdelaautoescuela.com\/blog\/la-historia-de-monica-su-paralisis-cerebral-y-el-permiso-de-conducir\/\",\"name\":\"La historia de M\u00f3nica su par\u00e1lisis cerebral y el permiso de conducir\",\"isPartOf\":{\"@id\":\"https:\/\/www.blogdelaautoescuela.com\/blog\/#website\"},\"primaryImageOfPage\":{\"@id\":\"https:\/\/www.blogdelaautoescuela.com\/blog\/la-historia-de-monica-su-paralisis-cerebral-y-el-permiso-de-conducir\/#primaryimage\"},\"image\":{\"@id\":\"https:\/\/www.blogdelaautoescuela.com\/blog\/la-historia-de-monica-su-paralisis-cerebral-y-el-permiso-de-conducir\/#primaryimage\"},\"thumbnailUrl\":\"https:\/\/www.blogdelaautoescuela.com\/blog\/wp-content\/uploads\/2010\/03\/cerebro1.jpg\",\"datePublished\":\"2010-03-17T12:09:51+00:00\",\"author\":{\"@id\":\"https:\/\/www.blogdelaautoescuela.com\/blog\/#\/schema\/person\/f209a64ca5dfe74b9acb6317240e792f\"},\"description\":\"hoy os vamos a contar la historia concreta de M\u00f3nica, una j\u00f3ven universitaria gallega de 20 a\u00f1os con par\u00e1lisis cerebral\",\"breadcrumb\":{\"@id\":\"https:\/\/www.blogdelaautoescuela.com\/blog\/la-historia-de-monica-su-paralisis-cerebral-y-el-permiso-de-conducir\/#breadcrumb\"},\"inLanguage\":\"es\",\"potentialAction\":[{\"@type\":\"ReadAction\",\"target\":[\"https:\/\/www.blogdelaautoescuela.com\/blog\/la-historia-de-monica-su-paralisis-cerebral-y-el-permiso-de-conducir\/\"]}]},{\"@type\":\"ImageObject\",\"inLanguage\":\"es\",\"@id\":\"https:\/\/www.blogdelaautoescuela.com\/blog\/la-historia-de-monica-su-paralisis-cerebral-y-el-permiso-de-conducir\/#primaryimage\",\"url\":\"https:\/\/www.blogdelaautoescuela.com\/blog\/wp-content\/uploads\/2010\/03\/cerebro1.jpg\",\"contentUrl\":\"https:\/\/www.blogdelaautoescuela.com\/blog\/wp-content\/uploads\/2010\/03\/cerebro1.jpg\",\"width\":400,\"height\":400},{\"@type\":\"BreadcrumbList\",\"@id\":\"https:\/\/www.blogdelaautoescuela.com\/blog\/la-historia-de-monica-su-paralisis-cerebral-y-el-permiso-de-conducir\/#breadcrumb\",\"itemListElement\":[{\"@type\":\"ListItem\",\"position\":1,\"name\":\"Portada\",\"item\":\"https:\/\/www.blogdelaautoescuela.com\/blog\/\"},{\"@type\":\"ListItem\",\"position\":2,\"name\":\"La historia de M\u00f3nica su par\u00e1lisis cerebral y el permiso de conducir\"}]},{\"@type\":\"WebSite\",\"@id\":\"https:\/\/www.blogdelaautoescuela.com\/blog\/#website\",\"url\":\"https:\/\/www.blogdelaautoescuela.com\/blog\/\",\"name\":\"Blog de la autoescuela\",\"description\":\"Noticias sobre autoescuelas y seguridad vial\",\"potentialAction\":[{\"@type\":\"SearchAction\",\"target\":{\"@type\":\"EntryPoint\",\"urlTemplate\":\"https:\/\/www.blogdelaautoescuela.com\/blog\/?s={search_term_string}\"},\"query-input\":{\"@type\":\"PropertyValueSpecification\",\"valueRequired\":true,\"valueName\":\"search_term_string\"}}],\"inLanguage\":\"es\"},{\"@type\":\"Person\",\"@id\":\"https:\/\/www.blogdelaautoescuela.com\/blog\/#\/schema\/person\/f209a64ca5dfe74b9acb6317240e792f\",\"name\":\"usr_blogauto\",\"image\":{\"@type\":\"ImageObject\",\"inLanguage\":\"es\",\"@id\":\"https:\/\/www.blogdelaautoescuela.com\/blog\/#\/schema\/person\/image\/\",\"url\":\"https:\/\/secure.gravatar.com\/avatar\/d3939d4ea521ac8421c86d2980321cc9?s=96&d=mm&r=g\",\"contentUrl\":\"https:\/\/secure.gravatar.com\/avatar\/d3939d4ea521ac8421c86d2980321cc9?s=96&d=mm&r=g\",\"caption\":\"usr_blogauto\"},\"description\":\"Blog dedicado a la conducci\u00f3n, las autoescuelas y la seguridad vial. Est\u00e1 creado por un grupo de profesionales de la formaci\u00f3n vial que comparten inquietudes y experiencias. Aqu\u00ed\u00ad podr\u00e1s encontrar informaci\u00f3n variada sobre el d\u00ed\u00ada a d\u00ed\u00ada de la autoescuela, ex\u00e1menes, test o novedades y consejos para una conducci\u00f3n m\u00e1s segura.\",\"sameAs\":[\"http:\/\/www.blogdelaautoescuela.com\/\",\"https:\/\/www.facebook.com\/blogdelaautoescuela\",\"https:\/\/x.com\/autoescuelas\"],\"url\":\"https:\/\/www.blogdelaautoescuela.com\/blog\/author\/usr_blogauto\/\"}]}<\/script>\n<!-- \/ Yoast SEO plugin. -->","yoast_head_json":{"title":"La historia de M\u00f3nica su par\u00e1lisis cerebral y el permiso de conducir","description":"hoy os vamos a contar la historia concreta de M\u00f3nica, una j\u00f3ven universitaria gallega de 20 a\u00f1os con par\u00e1lisis cerebral","robots":{"index":"index","follow":"follow","max-snippet":"max-snippet:-1","max-image-preview":"max-image-preview:large","max-video-preview":"max-video-preview:-1"},"canonical":"https:\/\/www.blogdelaautoescuela.com\/blog\/la-historia-de-monica-su-paralisis-cerebral-y-el-permiso-de-conducir\/","og_locale":"es_ES","og_type":"article","og_title":"La historia de M\u00f3nica su par\u00e1lisis cerebral y el permiso de conducir","og_description":"hoy os vamos a contar la historia concreta de M\u00f3nica, una j\u00f3ven universitaria gallega de 20 a\u00f1os con par\u00e1lisis cerebral","og_url":"https:\/\/www.blogdelaautoescuela.com\/blog\/la-historia-de-monica-su-paralisis-cerebral-y-el-permiso-de-conducir\/","og_site_name":"Blog de la autoescuela","article_author":"https:\/\/www.facebook.com\/blogdelaautoescuela","article_published_time":"2010-03-17T12:09:51+00:00","og_image":[{"width":400,"height":400,"url":"https:\/\/www.blogdelaautoescuela.com\/blog\/wp-content\/uploads\/2010\/03\/cerebro1.jpg","type":"image\/jpeg"}],"author":"usr_blogauto","twitter_misc":{"Escrito por":"usr_blogauto","Tiempo de lectura":"1 minuto"},"schema":{"@context":"https:\/\/schema.org","@graph":[{"@type":"WebPage","@id":"https:\/\/www.blogdelaautoescuela.com\/blog\/la-historia-de-monica-su-paralisis-cerebral-y-el-permiso-de-conducir\/","url":"https:\/\/www.blogdelaautoescuela.com\/blog\/la-historia-de-monica-su-paralisis-cerebral-y-el-permiso-de-conducir\/","name":"La historia de M\u00f3nica su par\u00e1lisis cerebral y el permiso de conducir","isPartOf":{"@id":"https:\/\/www.blogdelaautoescuela.com\/blog\/#website"},"primaryImageOfPage":{"@id":"https:\/\/www.blogdelaautoescuela.com\/blog\/la-historia-de-monica-su-paralisis-cerebral-y-el-permiso-de-conducir\/#primaryimage"},"image":{"@id":"https:\/\/www.blogdelaautoescuela.com\/blog\/la-historia-de-monica-su-paralisis-cerebral-y-el-permiso-de-conducir\/#primaryimage"},"thumbnailUrl":"https:\/\/www.blogdelaautoescuela.com\/blog\/wp-content\/uploads\/2010\/03\/cerebro1.jpg","datePublished":"2010-03-17T12:09:51+00:00","author":{"@id":"https:\/\/www.blogdelaautoescuela.com\/blog\/#\/schema\/person\/f209a64ca5dfe74b9acb6317240e792f"},"description":"hoy os vamos a contar la historia concreta de M\u00f3nica, una j\u00f3ven universitaria gallega de 20 a\u00f1os con par\u00e1lisis cerebral","breadcrumb":{"@id":"https:\/\/www.blogdelaautoescuela.com\/blog\/la-historia-de-monica-su-paralisis-cerebral-y-el-permiso-de-conducir\/#breadcrumb"},"inLanguage":"es","potentialAction":[{"@type":"ReadAction","target":["https:\/\/www.blogdelaautoescuela.com\/blog\/la-historia-de-monica-su-paralisis-cerebral-y-el-permiso-de-conducir\/"]}]},{"@type":"ImageObject","inLanguage":"es","@id":"https:\/\/www.blogdelaautoescuela.com\/blog\/la-historia-de-monica-su-paralisis-cerebral-y-el-permiso-de-conducir\/#primaryimage","url":"https:\/\/www.blogdelaautoescuela.com\/blog\/wp-content\/uploads\/2010\/03\/cerebro1.jpg","contentUrl":"https:\/\/www.blogdelaautoescuela.com\/blog\/wp-content\/uploads\/2010\/03\/cerebro1.jpg","width":400,"height":400},{"@type":"BreadcrumbList","@id":"https:\/\/www.blogdelaautoescuela.com\/blog\/la-historia-de-monica-su-paralisis-cerebral-y-el-permiso-de-conducir\/#breadcrumb","itemListElement":[{"@type":"ListItem","position":1,"name":"Portada","item":"https:\/\/www.blogdelaautoescuela.com\/blog\/"},{"@type":"ListItem","position":2,"name":"La historia de M\u00f3nica su par\u00e1lisis cerebral y el permiso de conducir"}]},{"@type":"WebSite","@id":"https:\/\/www.blogdelaautoescuela.com\/blog\/#website","url":"https:\/\/www.blogdelaautoescuela.com\/blog\/","name":"Blog de la autoescuela","description":"Noticias sobre autoescuelas y seguridad vial","potentialAction":[{"@type":"SearchAction","target":{"@type":"EntryPoint","urlTemplate":"https:\/\/www.blogdelaautoescuela.com\/blog\/?s={search_term_string}"},"query-input":{"@type":"PropertyValueSpecification","valueRequired":true,"valueName":"search_term_string"}}],"inLanguage":"es"},{"@type":"Person","@id":"https:\/\/www.blogdelaautoescuela.com\/blog\/#\/schema\/person\/f209a64ca5dfe74b9acb6317240e792f","name":"usr_blogauto","image":{"@type":"ImageObject","inLanguage":"es","@id":"https:\/\/www.blogdelaautoescuela.com\/blog\/#\/schema\/person\/image\/","url":"https:\/\/secure.gravatar.com\/avatar\/d3939d4ea521ac8421c86d2980321cc9?s=96&d=mm&r=g","contentUrl":"https:\/\/secure.gravatar.com\/avatar\/d3939d4ea521ac8421c86d2980321cc9?s=96&d=mm&r=g","caption":"usr_blogauto"},"description":"Blog dedicado a la conducci\u00f3n, las autoescuelas y la seguridad vial. Est\u00e1 creado por un grupo de profesionales de la formaci\u00f3n vial que comparten inquietudes y experiencias. Aqu\u00ed\u00ad podr\u00e1s encontrar informaci\u00f3n variada sobre el d\u00ed\u00ada a d\u00ed\u00ada de la autoescuela, ex\u00e1menes, test o novedades y consejos para una conducci\u00f3n m\u00e1s segura.","sameAs":["http:\/\/www.blogdelaautoescuela.com\/","https:\/\/www.facebook.com\/blogdelaautoescuela","https:\/\/x.com\/autoescuelas"],"url":"https:\/\/www.blogdelaautoescuela.com\/blog\/author\/usr_blogauto\/"}]}},"jetpack_featured_media_url":"https:\/\/www.blogdelaautoescuela.com\/blog\/wp-content\/uploads\/2010\/03\/cerebro1.jpg","_links":{"self":[{"href":"https:\/\/www.blogdelaautoescuela.com\/blog\/wp-json\/wp\/v2\/posts\/3426","targetHints":{"allow":["GET"]}}],"collection":[{"href":"https:\/\/www.blogdelaautoescuela.com\/blog\/wp-json\/wp\/v2\/posts"}],"about":[{"href":"https:\/\/www.blogdelaautoescuela.com\/blog\/wp-json\/wp\/v2\/types\/post"}],"author":[{"embeddable":true,"href":"https:\/\/www.blogdelaautoescuela.com\/blog\/wp-json\/wp\/v2\/users\/1"}],"replies":[{"embeddable":true,"href":"https:\/\/www.blogdelaautoescuela.com\/blog\/wp-json\/wp\/v2\/comments?post=3426"}],"version-history":[{"count":0,"href":"https:\/\/www.blogdelaautoescuela.com\/blog\/wp-json\/wp\/v2\/posts\/3426\/revisions"}],"wp:featuredmedia":[{"embeddable":true,"href":"https:\/\/www.blogdelaautoescuela.com\/blog\/wp-json\/wp\/v2\/media\/3427"}],"wp:attachment":[{"href":"https:\/\/www.blogdelaautoescuela.com\/blog\/wp-json\/wp\/v2\/media?parent=3426"}],"wp:term":[{"taxonomy":"category","embeddable":true,"href":"https:\/\/www.blogdelaautoescuela.com\/blog\/wp-json\/wp\/v2\/categories?post=3426"},{"taxonomy":"post_tag","embeddable":true,"href":"https:\/\/www.blogdelaautoescuela.com\/blog\/wp-json\/wp\/v2\/tags?post=3426"}],"curies":[{"name":"wp","href":"https:\/\/api.w.org\/{rel}","templated":true}]}}