
{"id":3410,"date":"2010-03-15T12:54:24","date_gmt":"2010-03-15T10:54:24","guid":{"rendered":"http:\/\/www.blogdelaautoescuela.com\/blog\/?p=3410"},"modified":"2010-03-15T12:54:24","modified_gmt":"2010-03-15T10:54:24","slug":"sancionada-una-autoescuela-por-pactar-precios-con-autoescuelas-de-la-zona","status":"publish","type":"post","link":"https:\/\/www.blogdelaautoescuela.com\/blog\/sancionada-una-autoescuela-por-pactar-precios-con-autoescuelas-de-la-zona\/","title":{"rendered":"Sancionada una autoescuela por pactar precios con autoescuelas de la zona"},"content":{"rendered":"<p style=\"text-align: center;\"><img loading=\"lazy\" decoding=\"async\" class=\"size-full wp-image-3411 aligncenter\" title=\"euros\" src=\"http:\/\/www.blogdelaautoescuela.com\/blog\/wp-content\/uploads\/2010\/03\/euros.jpg\" alt=\"euros\" width=\"400\" height=\"300\" \/><\/p>\n<p>La pr\u00e1ctica de <strong>pactar los precios entre las autoescuelas<\/strong> de una misma localidad es una <strong>pr\u00e1ctica prohibida y sancionada por la ley<\/strong>, pero a pesar de ello hay autoescuelas en Espa\u00f1a que siguen pactando sus precios, lo que hace que los alumnos de ciertas zonas tengan que <strong>pagar el mismo precio <\/strong>por la formaci\u00f3n para la obtenci\u00f3n del permiso de conducir <strong>acudan a la autoescuela que acudan.<\/strong><\/p>\n<p><strong>Un caso de pacto de precios entre autoescuelas se ha producido en Vigo<\/strong>, esta pr\u00e1ctica fue denunciada por el <strong>Servicio Galego da Competencia<\/strong>, denuncia que al <strong>Tribunal de Xustiza de Galicia<\/strong> le ha parecido probada y por ese motivo ha sancionado a la <strong>autoescuela Mondariz Xenti\u00f3n S.L.<\/strong> por pactar precios con otras autoescuelas de la zona.<\/p>\n<p>El pacto en el precio de las autoescuelas viguesas se mantuvo entre los a\u00f1os 2003 y 2005, y la sanci\u00f3n que ha se ha interpuesto es de 10.000 euros, auque esta pr\u00e1ctica podr\u00ed\u00ada haber sido penalizada hasta con 90.000 euros.<\/p>\n<p>Seg\u00fan se recoge en la <strong>setencia del Tribunal de Xusticia de Galicia<\/strong> esta practica de las autoescuelas se llevaba a cabo <em>&#8220;adecu\u00e1ndose a la recomendaci\u00f3n colectiva que ha partido de la Asociaci\u00f3n Provincial de Autoescuelas de Pontevedra&#8221;<\/em>. De hecho, la similitud entre los precios de las autoescuelas era tal que <strong>los cuadros de tarifas eran exactos y lo \u00fanico que los hac\u00ed\u00ada diferentes era el nombre de las autoescuelas.<\/strong><\/p>\n<p>Fuentes: <a href=\"http:\/\/www.lavozdegalicia.es\/vigo\/2010\/03\/14\/0003_8354708.htm\">La Voz de Galicia<\/a><\/p>\n","protected":false},"excerpt":{"rendered":"<p>La pr\u00e1ctica de pactar los precios entre las autoescuelas de una misma localidad es una pr\u00e1ctica prohibida y sancionada por la ley, pero a pesar de ello hay autoescuelas en Espa\u00f1a que siguen pactando sus precios, lo que hace que los alumnos de ciertas zonas tengan que pagar el mismo precio por la formaci\u00f3n para [&hellip;]<\/p>\n","protected":false},"author":1,"featured_media":3411,"comment_status":"open","ping_status":"closed","sticky":false,"template":"","format":"standard","meta":{"footnotes":"","jetpack_publicize_message":"","jetpack_publicize_feature_enabled":true,"jetpack_social_post_already_shared":false,"jetpack_social_options":{"image_generator_settings":{"template":"highway","enabled":false},"version":2}},"categories":[3],"tags":[1664,1031,1147],"class_list":["post-3410","post","type-post","status-publish","format-standard","has-post-thumbnail","hentry","category-autoescuela","tag-autoescuela","tag-precios","tag-sanciones"],"wppr_data":[],"jetpack_publicize_connections":[],"yoast_head":"<!-- This site is optimized with the Yoast SEO plugin v24.7 - https:\/\/yoast.com\/wordpress\/plugins\/seo\/ -->\n<title>Sancionada una autoescuela por pactar precios con autoescuelas de la zona<\/title>\n<meta name=\"description\" content=\"la sanci\u00f3n que ha se ha interpuesto es de 10.000 euros, auque esta pr\u00e1ctica podr\u00ed\u00ada haber sido penalizada hasta con 90.000 euros\" \/>\n<meta name=\"robots\" content=\"index, follow, max-snippet:-1, max-image-preview:large, max-video-preview:-1\" \/>\n<link rel=\"canonical\" href=\"https:\/\/www.blogdelaautoescuela.com\/blog\/sancionada-una-autoescuela-por-pactar-precios-con-autoescuelas-de-la-zona\/\" \/>\n<meta property=\"og:locale\" content=\"es_ES\" \/>\n<meta property=\"og:type\" content=\"article\" \/>\n<meta property=\"og:title\" content=\"Sancionada una autoescuela por pactar precios con autoescuelas de la zona\" \/>\n<meta property=\"og:description\" content=\"la sanci\u00f3n que ha se ha interpuesto es de 10.000 euros, auque esta pr\u00e1ctica podr\u00ed\u00ada haber sido penalizada hasta con 90.000 euros\" \/>\n<meta property=\"og:url\" content=\"https:\/\/www.blogdelaautoescuela.com\/blog\/sancionada-una-autoescuela-por-pactar-precios-con-autoescuelas-de-la-zona\/\" \/>\n<meta property=\"og:site_name\" content=\"Blog de la autoescuela\" \/>\n<meta property=\"article:author\" content=\"https:\/\/www.facebook.com\/blogdelaautoescuela\" \/>\n<meta property=\"article:published_time\" content=\"2010-03-15T10:54:24+00:00\" \/>\n<meta property=\"og:image\" content=\"https:\/\/www.blogdelaautoescuela.com\/blog\/wp-content\/uploads\/2010\/03\/euros1.jpg\" \/>\n\t<meta property=\"og:image:width\" content=\"400\" \/>\n\t<meta property=\"og:image:height\" content=\"300\" \/>\n\t<meta property=\"og:image:type\" content=\"image\/jpeg\" \/>\n<meta name=\"author\" content=\"usr_blogauto\" \/>\n<meta name=\"twitter:label1\" content=\"Escrito por\" \/>\n\t<meta name=\"twitter:data1\" content=\"usr_blogauto\" \/>\n\t<meta name=\"twitter:label2\" content=\"Tiempo de lectura\" \/>\n\t<meta name=\"twitter:data2\" content=\"1 minuto\" \/>\n<script type=\"application\/ld+json\" class=\"yoast-schema-graph\">{\"@context\":\"https:\/\/schema.org\",\"@graph\":[{\"@type\":\"WebPage\",\"@id\":\"https:\/\/www.blogdelaautoescuela.com\/blog\/sancionada-una-autoescuela-por-pactar-precios-con-autoescuelas-de-la-zona\/\",\"url\":\"https:\/\/www.blogdelaautoescuela.com\/blog\/sancionada-una-autoescuela-por-pactar-precios-con-autoescuelas-de-la-zona\/\",\"name\":\"Sancionada una autoescuela por pactar precios con autoescuelas de la zona\",\"isPartOf\":{\"@id\":\"https:\/\/www.blogdelaautoescuela.com\/blog\/#website\"},\"primaryImageOfPage\":{\"@id\":\"https:\/\/www.blogdelaautoescuela.com\/blog\/sancionada-una-autoescuela-por-pactar-precios-con-autoescuelas-de-la-zona\/#primaryimage\"},\"image\":{\"@id\":\"https:\/\/www.blogdelaautoescuela.com\/blog\/sancionada-una-autoescuela-por-pactar-precios-con-autoescuelas-de-la-zona\/#primaryimage\"},\"thumbnailUrl\":\"https:\/\/www.blogdelaautoescuela.com\/blog\/wp-content\/uploads\/2010\/03\/euros1.jpg\",\"datePublished\":\"2010-03-15T10:54:24+00:00\",\"author\":{\"@id\":\"https:\/\/www.blogdelaautoescuela.com\/blog\/#\/schema\/person\/f209a64ca5dfe74b9acb6317240e792f\"},\"description\":\"la sanci\u00f3n que ha se ha interpuesto es de 10.000 euros, auque esta pr\u00e1ctica podr\u00ed\u00ada haber sido penalizada hasta con 90.000 euros\",\"breadcrumb\":{\"@id\":\"https:\/\/www.blogdelaautoescuela.com\/blog\/sancionada-una-autoescuela-por-pactar-precios-con-autoescuelas-de-la-zona\/#breadcrumb\"},\"inLanguage\":\"es\",\"potentialAction\":[{\"@type\":\"ReadAction\",\"target\":[\"https:\/\/www.blogdelaautoescuela.com\/blog\/sancionada-una-autoescuela-por-pactar-precios-con-autoescuelas-de-la-zona\/\"]}]},{\"@type\":\"ImageObject\",\"inLanguage\":\"es\",\"@id\":\"https:\/\/www.blogdelaautoescuela.com\/blog\/sancionada-una-autoescuela-por-pactar-precios-con-autoescuelas-de-la-zona\/#primaryimage\",\"url\":\"https:\/\/www.blogdelaautoescuela.com\/blog\/wp-content\/uploads\/2010\/03\/euros1.jpg\",\"contentUrl\":\"https:\/\/www.blogdelaautoescuela.com\/blog\/wp-content\/uploads\/2010\/03\/euros1.jpg\",\"width\":400,\"height\":300},{\"@type\":\"BreadcrumbList\",\"@id\":\"https:\/\/www.blogdelaautoescuela.com\/blog\/sancionada-una-autoescuela-por-pactar-precios-con-autoescuelas-de-la-zona\/#breadcrumb\",\"itemListElement\":[{\"@type\":\"ListItem\",\"position\":1,\"name\":\"Portada\",\"item\":\"https:\/\/www.blogdelaautoescuela.com\/blog\/\"},{\"@type\":\"ListItem\",\"position\":2,\"name\":\"Sancionada una autoescuela por pactar precios con autoescuelas de la zona\"}]},{\"@type\":\"WebSite\",\"@id\":\"https:\/\/www.blogdelaautoescuela.com\/blog\/#website\",\"url\":\"https:\/\/www.blogdelaautoescuela.com\/blog\/\",\"name\":\"Blog de la autoescuela\",\"description\":\"Noticias sobre autoescuelas y seguridad vial\",\"potentialAction\":[{\"@type\":\"SearchAction\",\"target\":{\"@type\":\"EntryPoint\",\"urlTemplate\":\"https:\/\/www.blogdelaautoescuela.com\/blog\/?s={search_term_string}\"},\"query-input\":{\"@type\":\"PropertyValueSpecification\",\"valueRequired\":true,\"valueName\":\"search_term_string\"}}],\"inLanguage\":\"es\"},{\"@type\":\"Person\",\"@id\":\"https:\/\/www.blogdelaautoescuela.com\/blog\/#\/schema\/person\/f209a64ca5dfe74b9acb6317240e792f\",\"name\":\"usr_blogauto\",\"image\":{\"@type\":\"ImageObject\",\"inLanguage\":\"es\",\"@id\":\"https:\/\/www.blogdelaautoescuela.com\/blog\/#\/schema\/person\/image\/\",\"url\":\"https:\/\/secure.gravatar.com\/avatar\/d3939d4ea521ac8421c86d2980321cc9?s=96&d=mm&r=g\",\"contentUrl\":\"https:\/\/secure.gravatar.com\/avatar\/d3939d4ea521ac8421c86d2980321cc9?s=96&d=mm&r=g\",\"caption\":\"usr_blogauto\"},\"description\":\"Blog dedicado a la conducci\u00f3n, las autoescuelas y la seguridad vial. Est\u00e1 creado por un grupo de profesionales de la formaci\u00f3n vial que comparten inquietudes y experiencias. Aqu\u00ed\u00ad podr\u00e1s encontrar informaci\u00f3n variada sobre el d\u00ed\u00ada a d\u00ed\u00ada de la autoescuela, ex\u00e1menes, test o novedades y consejos para una conducci\u00f3n m\u00e1s segura.\",\"sameAs\":[\"http:\/\/www.blogdelaautoescuela.com\/\",\"https:\/\/www.facebook.com\/blogdelaautoescuela\",\"https:\/\/x.com\/autoescuelas\"],\"url\":\"https:\/\/www.blogdelaautoescuela.com\/blog\/author\/usr_blogauto\/\"}]}<\/script>\n<!-- \/ Yoast SEO plugin. -->","yoast_head_json":{"title":"Sancionada una autoescuela por pactar precios con autoescuelas de la zona","description":"la sanci\u00f3n que ha se ha interpuesto es de 10.000 euros, auque esta pr\u00e1ctica podr\u00ed\u00ada haber sido penalizada hasta con 90.000 euros","robots":{"index":"index","follow":"follow","max-snippet":"max-snippet:-1","max-image-preview":"max-image-preview:large","max-video-preview":"max-video-preview:-1"},"canonical":"https:\/\/www.blogdelaautoescuela.com\/blog\/sancionada-una-autoescuela-por-pactar-precios-con-autoescuelas-de-la-zona\/","og_locale":"es_ES","og_type":"article","og_title":"Sancionada una autoescuela por pactar precios con autoescuelas de la zona","og_description":"la sanci\u00f3n que ha se ha interpuesto es de 10.000 euros, auque esta pr\u00e1ctica podr\u00ed\u00ada haber sido penalizada hasta con 90.000 euros","og_url":"https:\/\/www.blogdelaautoescuela.com\/blog\/sancionada-una-autoescuela-por-pactar-precios-con-autoescuelas-de-la-zona\/","og_site_name":"Blog de la autoescuela","article_author":"https:\/\/www.facebook.com\/blogdelaautoescuela","article_published_time":"2010-03-15T10:54:24+00:00","og_image":[{"width":400,"height":300,"url":"https:\/\/www.blogdelaautoescuela.com\/blog\/wp-content\/uploads\/2010\/03\/euros1.jpg","type":"image\/jpeg"}],"author":"usr_blogauto","twitter_misc":{"Escrito por":"usr_blogauto","Tiempo de lectura":"1 minuto"},"schema":{"@context":"https:\/\/schema.org","@graph":[{"@type":"WebPage","@id":"https:\/\/www.blogdelaautoescuela.com\/blog\/sancionada-una-autoescuela-por-pactar-precios-con-autoescuelas-de-la-zona\/","url":"https:\/\/www.blogdelaautoescuela.com\/blog\/sancionada-una-autoescuela-por-pactar-precios-con-autoescuelas-de-la-zona\/","name":"Sancionada una autoescuela por pactar precios con autoescuelas de la zona","isPartOf":{"@id":"https:\/\/www.blogdelaautoescuela.com\/blog\/#website"},"primaryImageOfPage":{"@id":"https:\/\/www.blogdelaautoescuela.com\/blog\/sancionada-una-autoescuela-por-pactar-precios-con-autoescuelas-de-la-zona\/#primaryimage"},"image":{"@id":"https:\/\/www.blogdelaautoescuela.com\/blog\/sancionada-una-autoescuela-por-pactar-precios-con-autoescuelas-de-la-zona\/#primaryimage"},"thumbnailUrl":"https:\/\/www.blogdelaautoescuela.com\/blog\/wp-content\/uploads\/2010\/03\/euros1.jpg","datePublished":"2010-03-15T10:54:24+00:00","author":{"@id":"https:\/\/www.blogdelaautoescuela.com\/blog\/#\/schema\/person\/f209a64ca5dfe74b9acb6317240e792f"},"description":"la sanci\u00f3n que ha se ha interpuesto es de 10.000 euros, auque esta pr\u00e1ctica podr\u00ed\u00ada haber sido penalizada hasta con 90.000 euros","breadcrumb":{"@id":"https:\/\/www.blogdelaautoescuela.com\/blog\/sancionada-una-autoescuela-por-pactar-precios-con-autoescuelas-de-la-zona\/#breadcrumb"},"inLanguage":"es","potentialAction":[{"@type":"ReadAction","target":["https:\/\/www.blogdelaautoescuela.com\/blog\/sancionada-una-autoescuela-por-pactar-precios-con-autoescuelas-de-la-zona\/"]}]},{"@type":"ImageObject","inLanguage":"es","@id":"https:\/\/www.blogdelaautoescuela.com\/blog\/sancionada-una-autoescuela-por-pactar-precios-con-autoescuelas-de-la-zona\/#primaryimage","url":"https:\/\/www.blogdelaautoescuela.com\/blog\/wp-content\/uploads\/2010\/03\/euros1.jpg","contentUrl":"https:\/\/www.blogdelaautoescuela.com\/blog\/wp-content\/uploads\/2010\/03\/euros1.jpg","width":400,"height":300},{"@type":"BreadcrumbList","@id":"https:\/\/www.blogdelaautoescuela.com\/blog\/sancionada-una-autoescuela-por-pactar-precios-con-autoescuelas-de-la-zona\/#breadcrumb","itemListElement":[{"@type":"ListItem","position":1,"name":"Portada","item":"https:\/\/www.blogdelaautoescuela.com\/blog\/"},{"@type":"ListItem","position":2,"name":"Sancionada una autoescuela por pactar precios con autoescuelas de la zona"}]},{"@type":"WebSite","@id":"https:\/\/www.blogdelaautoescuela.com\/blog\/#website","url":"https:\/\/www.blogdelaautoescuela.com\/blog\/","name":"Blog de la autoescuela","description":"Noticias sobre autoescuelas y seguridad vial","potentialAction":[{"@type":"SearchAction","target":{"@type":"EntryPoint","urlTemplate":"https:\/\/www.blogdelaautoescuela.com\/blog\/?s={search_term_string}"},"query-input":{"@type":"PropertyValueSpecification","valueRequired":true,"valueName":"search_term_string"}}],"inLanguage":"es"},{"@type":"Person","@id":"https:\/\/www.blogdelaautoescuela.com\/blog\/#\/schema\/person\/f209a64ca5dfe74b9acb6317240e792f","name":"usr_blogauto","image":{"@type":"ImageObject","inLanguage":"es","@id":"https:\/\/www.blogdelaautoescuela.com\/blog\/#\/schema\/person\/image\/","url":"https:\/\/secure.gravatar.com\/avatar\/d3939d4ea521ac8421c86d2980321cc9?s=96&d=mm&r=g","contentUrl":"https:\/\/secure.gravatar.com\/avatar\/d3939d4ea521ac8421c86d2980321cc9?s=96&d=mm&r=g","caption":"usr_blogauto"},"description":"Blog dedicado a la conducci\u00f3n, las autoescuelas y la seguridad vial. Est\u00e1 creado por un grupo de profesionales de la formaci\u00f3n vial que comparten inquietudes y experiencias. Aqu\u00ed\u00ad podr\u00e1s encontrar informaci\u00f3n variada sobre el d\u00ed\u00ada a d\u00ed\u00ada de la autoescuela, ex\u00e1menes, test o novedades y consejos para una conducci\u00f3n m\u00e1s segura.","sameAs":["http:\/\/www.blogdelaautoescuela.com\/","https:\/\/www.facebook.com\/blogdelaautoescuela","https:\/\/x.com\/autoescuelas"],"url":"https:\/\/www.blogdelaautoescuela.com\/blog\/author\/usr_blogauto\/"}]}},"jetpack_featured_media_url":"https:\/\/www.blogdelaautoescuela.com\/blog\/wp-content\/uploads\/2010\/03\/euros1.jpg","_links":{"self":[{"href":"https:\/\/www.blogdelaautoescuela.com\/blog\/wp-json\/wp\/v2\/posts\/3410","targetHints":{"allow":["GET"]}}],"collection":[{"href":"https:\/\/www.blogdelaautoescuela.com\/blog\/wp-json\/wp\/v2\/posts"}],"about":[{"href":"https:\/\/www.blogdelaautoescuela.com\/blog\/wp-json\/wp\/v2\/types\/post"}],"author":[{"embeddable":true,"href":"https:\/\/www.blogdelaautoescuela.com\/blog\/wp-json\/wp\/v2\/users\/1"}],"replies":[{"embeddable":true,"href":"https:\/\/www.blogdelaautoescuela.com\/blog\/wp-json\/wp\/v2\/comments?post=3410"}],"version-history":[{"count":0,"href":"https:\/\/www.blogdelaautoescuela.com\/blog\/wp-json\/wp\/v2\/posts\/3410\/revisions"}],"wp:featuredmedia":[{"embeddable":true,"href":"https:\/\/www.blogdelaautoescuela.com\/blog\/wp-json\/wp\/v2\/media\/3411"}],"wp:attachment":[{"href":"https:\/\/www.blogdelaautoescuela.com\/blog\/wp-json\/wp\/v2\/media?parent=3410"}],"wp:term":[{"taxonomy":"category","embeddable":true,"href":"https:\/\/www.blogdelaautoescuela.com\/blog\/wp-json\/wp\/v2\/categories?post=3410"},{"taxonomy":"post_tag","embeddable":true,"href":"https:\/\/www.blogdelaautoescuela.com\/blog\/wp-json\/wp\/v2\/tags?post=3410"}],"curies":[{"name":"wp","href":"https:\/\/api.w.org\/{rel}","templated":true}]}}