
{"id":3406,"date":"2010-03-15T12:12:18","date_gmt":"2010-03-15T10:12:18","guid":{"rendered":"http:\/\/www.blogdelaautoescuela.com\/blog\/?p=3406"},"modified":"2010-03-15T12:12:18","modified_gmt":"2010-03-15T10:12:18","slug":"la-dgt-quiere-involucrar-al-sector-medico-para-mejorar-la-seguridad-vial","status":"publish","type":"post","link":"https:\/\/www.blogdelaautoescuela.com\/blog\/la-dgt-quiere-involucrar-al-sector-medico-para-mejorar-la-seguridad-vial\/","title":{"rendered":"La DGT quiere involucrar al sector m\u00e9dico para mejorar la seguridad vial"},"content":{"rendered":"<p style=\"text-align: center;\"><img loading=\"lazy\" decoding=\"async\" class=\"size-full wp-image-3407 aligncenter\" title=\"medico\" src=\"http:\/\/www.blogdelaautoescuela.com\/blog\/wp-content\/uploads\/2010\/03\/medico.jpg\" alt=\"medico\" width=\"400\" height=\"269\" \/><\/p>\n<p>Uno de los objetivos que se platea la <strong>Direcci\u00f3n General de Tr\u00e1fico (DGT)<\/strong> para los pr\u00f3ximos a\u00f1os y que se incluye en el <strong><span class=\"currency_converter_text\">Plan Estrtat\u00e9gicoo de Seguridad Vial <\/span><span class=\"currency_converter_text\">2010<\/span><span class=\"currency_converter_text\">&#8211;<\/span><span class=\"currency_converter_text\">2020<\/span><\/strong> es <strong>implicar al sector m\u00e9dico en la educaci\u00f3n vial<\/strong>, con esta medida, que actualmente est\u00e1 siendo evaluada por el <strong>Comit\u00e9 de Direcci\u00f3n de la DGT<\/strong>, se pretende <strong>seguir reduciendo el n\u00famero de muertos y heridos graves en las carreteras espa\u00f1olas.<\/strong><\/p>\n<p>Los <strong>profesionales sanitarios <\/strong>pueden ejercer un importante papel en la<strong> seguridad vial<\/strong> por ejemplo asegur\u00e1ndose de que los conductores de m\u00e1s edad conservan las facultades necesarias para la conduccu\u00f3n o recomendando a los padres el uso de sistemas de retenci\u00f3n infantil en sus viajes.<\/p>\n<p>Para<strong><span class=\"currency_converter_text\"> reducir la siniestralidad de las personas mayores de <\/span><span class=\"currency_converter_link\" title=\"Convert this amount\">65<\/span><span class=\"currency_converter_text\"> a\u00f1os<\/span><\/strong> la familia y el m\u00e9dico resultan claves ya que son ellos quienes conocen la medicaci\u00f3n que toman y las limitaciones que tienen.<\/p>\n<p>Actualmente <strong><span class=\"currency_converter_text\">m\u00e1s del <\/span><span class=\"currency_converter_text\">10<\/span><span class=\"currency_converter_text\">% de los conductores son mayores de <\/span><span class=\"currency_converter_link\" title=\"Convert this amount\">65<\/span><span class=\"currency_converter_text\"> a\u00f1os<\/span><\/strong>, porcentaje que va aumentando progresivamente debido al envejecimiento de nuestra poblaci\u00f3n.<\/p>\n<p>En el caso de los <strong><span class=\"currency_converter_text\">ni\u00f1os, el Plan Estrtat\u00e9gicoo de Seguridad Vial <\/span><span class=\"currency_converter_text\">2010<\/span><span class=\"currency_converter_text\">&#8211;<\/span><span class=\"currency_converter_text\">2020<\/span><span class=\"currency_converter_text\"> tiene como objetivo que haya &#8220;cero ni\u00f1os fallecidos&#8221; sin sistemas de retenci\u00f3n infantil<\/span><\/strong>, y por este motivo se est\u00e1n evaluando algunas medidas en las que se pueden llevar a cabo con la colaboraci\u00f3n de los profesionales sanitarios, y de manera m\u00e1s especial con los hospitales de maternidad.<\/p>\n","protected":false},"excerpt":{"rendered":"<p>Uno de los objetivos que se platea la Direcci\u00f3n General de Tr\u00e1fico (DGT) para los pr\u00f3ximos a\u00f1os y que se incluye en el Plan Estrtat\u00e9gicoo de Seguridad Vial 2010&#8211;2020 es implicar al sector m\u00e9dico en la educaci\u00f3n vial, con esta medida, que actualmente est\u00e1 siendo evaluada por el Comit\u00e9 de Direcci\u00f3n de la DGT, se [&hellip;]<\/p>\n","protected":false},"author":1,"featured_media":3407,"comment_status":"open","ping_status":"closed","sticky":false,"template":"","format":"standard","meta":{"footnotes":"","jetpack_publicize_message":"","jetpack_publicize_feature_enabled":true,"jetpack_social_post_already_shared":false,"jetpack_social_options":{"image_generator_settings":{"template":"highway","enabled":false},"version":2}},"categories":[12,19],"tags":[469,1672,1678],"class_list":["post-3406","post","type-post","status-publish","format-standard","has-post-thumbnail","hentry","category-noticias","category-seguridad-vial","tag-dgt","tag-noticias","tag-seguridad-vial"],"wppr_data":[],"jetpack_publicize_connections":[],"yoast_head":"<!-- This site is optimized with the Yoast SEO plugin v24.7 - https:\/\/yoast.com\/wordpress\/plugins\/seo\/ -->\n<title>La DGT quiere involucrar al sector m\u00e9dico para mejorar la seguridad vial<\/title>\n<meta name=\"description\" content=\"...importante papel en la seguridad vial asegur\u00e1ndose de que los conductores de m\u00e1s edad conservan las facultades o recomendando el uso de sistemas de retenci\u00f3n infantil\" \/>\n<meta name=\"robots\" content=\"index, follow, max-snippet:-1, max-image-preview:large, max-video-preview:-1\" \/>\n<link rel=\"canonical\" href=\"https:\/\/www.blogdelaautoescuela.com\/blog\/la-dgt-quiere-involucrar-al-sector-medico-para-mejorar-la-seguridad-vial\/\" \/>\n<meta property=\"og:locale\" content=\"es_ES\" \/>\n<meta property=\"og:type\" content=\"article\" \/>\n<meta property=\"og:title\" content=\"La DGT quiere involucrar al sector m\u00e9dico para mejorar la seguridad vial\" \/>\n<meta property=\"og:description\" content=\"...importante papel en la seguridad vial asegur\u00e1ndose de que los conductores de m\u00e1s edad conservan las facultades o recomendando el uso de sistemas de retenci\u00f3n infantil\" \/>\n<meta property=\"og:url\" content=\"https:\/\/www.blogdelaautoescuela.com\/blog\/la-dgt-quiere-involucrar-al-sector-medico-para-mejorar-la-seguridad-vial\/\" \/>\n<meta property=\"og:site_name\" content=\"Blog de la autoescuela\" \/>\n<meta property=\"article:author\" content=\"https:\/\/www.facebook.com\/blogdelaautoescuela\" \/>\n<meta property=\"article:published_time\" content=\"2010-03-15T10:12:18+00:00\" \/>\n<meta property=\"og:image\" content=\"https:\/\/www.blogdelaautoescuela.com\/blog\/wp-content\/uploads\/2010\/03\/medico1.jpg\" \/>\n\t<meta property=\"og:image:width\" content=\"400\" \/>\n\t<meta property=\"og:image:height\" content=\"269\" \/>\n\t<meta property=\"og:image:type\" content=\"image\/jpeg\" \/>\n<meta name=\"author\" content=\"usr_blogauto\" \/>\n<meta name=\"twitter:label1\" content=\"Escrito por\" \/>\n\t<meta name=\"twitter:data1\" content=\"usr_blogauto\" \/>\n\t<meta name=\"twitter:label2\" content=\"Tiempo de lectura\" \/>\n\t<meta name=\"twitter:data2\" content=\"1 minuto\" \/>\n<script type=\"application\/ld+json\" class=\"yoast-schema-graph\">{\"@context\":\"https:\/\/schema.org\",\"@graph\":[{\"@type\":\"WebPage\",\"@id\":\"https:\/\/www.blogdelaautoescuela.com\/blog\/la-dgt-quiere-involucrar-al-sector-medico-para-mejorar-la-seguridad-vial\/\",\"url\":\"https:\/\/www.blogdelaautoescuela.com\/blog\/la-dgt-quiere-involucrar-al-sector-medico-para-mejorar-la-seguridad-vial\/\",\"name\":\"La DGT quiere involucrar al sector m\u00e9dico para mejorar la seguridad vial\",\"isPartOf\":{\"@id\":\"https:\/\/www.blogdelaautoescuela.com\/blog\/#website\"},\"primaryImageOfPage\":{\"@id\":\"https:\/\/www.blogdelaautoescuela.com\/blog\/la-dgt-quiere-involucrar-al-sector-medico-para-mejorar-la-seguridad-vial\/#primaryimage\"},\"image\":{\"@id\":\"https:\/\/www.blogdelaautoescuela.com\/blog\/la-dgt-quiere-involucrar-al-sector-medico-para-mejorar-la-seguridad-vial\/#primaryimage\"},\"thumbnailUrl\":\"https:\/\/www.blogdelaautoescuela.com\/blog\/wp-content\/uploads\/2010\/03\/medico1.jpg\",\"datePublished\":\"2010-03-15T10:12:18+00:00\",\"author\":{\"@id\":\"https:\/\/www.blogdelaautoescuela.com\/blog\/#\/schema\/person\/f209a64ca5dfe74b9acb6317240e792f\"},\"description\":\"...importante papel en la seguridad vial asegur\u00e1ndose de que los conductores de m\u00e1s edad conservan las facultades o recomendando el uso de sistemas de retenci\u00f3n infantil\",\"breadcrumb\":{\"@id\":\"https:\/\/www.blogdelaautoescuela.com\/blog\/la-dgt-quiere-involucrar-al-sector-medico-para-mejorar-la-seguridad-vial\/#breadcrumb\"},\"inLanguage\":\"es\",\"potentialAction\":[{\"@type\":\"ReadAction\",\"target\":[\"https:\/\/www.blogdelaautoescuela.com\/blog\/la-dgt-quiere-involucrar-al-sector-medico-para-mejorar-la-seguridad-vial\/\"]}]},{\"@type\":\"ImageObject\",\"inLanguage\":\"es\",\"@id\":\"https:\/\/www.blogdelaautoescuela.com\/blog\/la-dgt-quiere-involucrar-al-sector-medico-para-mejorar-la-seguridad-vial\/#primaryimage\",\"url\":\"https:\/\/www.blogdelaautoescuela.com\/blog\/wp-content\/uploads\/2010\/03\/medico1.jpg\",\"contentUrl\":\"https:\/\/www.blogdelaautoescuela.com\/blog\/wp-content\/uploads\/2010\/03\/medico1.jpg\",\"width\":400,\"height\":269},{\"@type\":\"BreadcrumbList\",\"@id\":\"https:\/\/www.blogdelaautoescuela.com\/blog\/la-dgt-quiere-involucrar-al-sector-medico-para-mejorar-la-seguridad-vial\/#breadcrumb\",\"itemListElement\":[{\"@type\":\"ListItem\",\"position\":1,\"name\":\"Portada\",\"item\":\"https:\/\/www.blogdelaautoescuela.com\/blog\/\"},{\"@type\":\"ListItem\",\"position\":2,\"name\":\"La DGT quiere involucrar al sector m\u00e9dico para mejorar la seguridad vial\"}]},{\"@type\":\"WebSite\",\"@id\":\"https:\/\/www.blogdelaautoescuela.com\/blog\/#website\",\"url\":\"https:\/\/www.blogdelaautoescuela.com\/blog\/\",\"name\":\"Blog de la autoescuela\",\"description\":\"Noticias sobre autoescuelas y seguridad vial\",\"potentialAction\":[{\"@type\":\"SearchAction\",\"target\":{\"@type\":\"EntryPoint\",\"urlTemplate\":\"https:\/\/www.blogdelaautoescuela.com\/blog\/?s={search_term_string}\"},\"query-input\":{\"@type\":\"PropertyValueSpecification\",\"valueRequired\":true,\"valueName\":\"search_term_string\"}}],\"inLanguage\":\"es\"},{\"@type\":\"Person\",\"@id\":\"https:\/\/www.blogdelaautoescuela.com\/blog\/#\/schema\/person\/f209a64ca5dfe74b9acb6317240e792f\",\"name\":\"usr_blogauto\",\"image\":{\"@type\":\"ImageObject\",\"inLanguage\":\"es\",\"@id\":\"https:\/\/www.blogdelaautoescuela.com\/blog\/#\/schema\/person\/image\/\",\"url\":\"https:\/\/secure.gravatar.com\/avatar\/d3939d4ea521ac8421c86d2980321cc9?s=96&d=mm&r=g\",\"contentUrl\":\"https:\/\/secure.gravatar.com\/avatar\/d3939d4ea521ac8421c86d2980321cc9?s=96&d=mm&r=g\",\"caption\":\"usr_blogauto\"},\"description\":\"Blog dedicado a la conducci\u00f3n, las autoescuelas y la seguridad vial. Est\u00e1 creado por un grupo de profesionales de la formaci\u00f3n vial que comparten inquietudes y experiencias. Aqu\u00ed\u00ad podr\u00e1s encontrar informaci\u00f3n variada sobre el d\u00ed\u00ada a d\u00ed\u00ada de la autoescuela, ex\u00e1menes, test o novedades y consejos para una conducci\u00f3n m\u00e1s segura.\",\"sameAs\":[\"http:\/\/www.blogdelaautoescuela.com\/\",\"https:\/\/www.facebook.com\/blogdelaautoescuela\",\"https:\/\/x.com\/autoescuelas\"],\"url\":\"https:\/\/www.blogdelaautoescuela.com\/blog\/author\/usr_blogauto\/\"}]}<\/script>\n<!-- \/ Yoast SEO plugin. -->","yoast_head_json":{"title":"La DGT quiere involucrar al sector m\u00e9dico para mejorar la seguridad vial","description":"...importante papel en la seguridad vial asegur\u00e1ndose de que los conductores de m\u00e1s edad conservan las facultades o recomendando el uso de sistemas de retenci\u00f3n infantil","robots":{"index":"index","follow":"follow","max-snippet":"max-snippet:-1","max-image-preview":"max-image-preview:large","max-video-preview":"max-video-preview:-1"},"canonical":"https:\/\/www.blogdelaautoescuela.com\/blog\/la-dgt-quiere-involucrar-al-sector-medico-para-mejorar-la-seguridad-vial\/","og_locale":"es_ES","og_type":"article","og_title":"La DGT quiere involucrar al sector m\u00e9dico para mejorar la seguridad vial","og_description":"...importante papel en la seguridad vial asegur\u00e1ndose de que los conductores de m\u00e1s edad conservan las facultades o recomendando el uso de sistemas de retenci\u00f3n infantil","og_url":"https:\/\/www.blogdelaautoescuela.com\/blog\/la-dgt-quiere-involucrar-al-sector-medico-para-mejorar-la-seguridad-vial\/","og_site_name":"Blog de la autoescuela","article_author":"https:\/\/www.facebook.com\/blogdelaautoescuela","article_published_time":"2010-03-15T10:12:18+00:00","og_image":[{"width":400,"height":269,"url":"https:\/\/www.blogdelaautoescuela.com\/blog\/wp-content\/uploads\/2010\/03\/medico1.jpg","type":"image\/jpeg"}],"author":"usr_blogauto","twitter_misc":{"Escrito por":"usr_blogauto","Tiempo de lectura":"1 minuto"},"schema":{"@context":"https:\/\/schema.org","@graph":[{"@type":"WebPage","@id":"https:\/\/www.blogdelaautoescuela.com\/blog\/la-dgt-quiere-involucrar-al-sector-medico-para-mejorar-la-seguridad-vial\/","url":"https:\/\/www.blogdelaautoescuela.com\/blog\/la-dgt-quiere-involucrar-al-sector-medico-para-mejorar-la-seguridad-vial\/","name":"La DGT quiere involucrar al sector m\u00e9dico para mejorar la seguridad vial","isPartOf":{"@id":"https:\/\/www.blogdelaautoescuela.com\/blog\/#website"},"primaryImageOfPage":{"@id":"https:\/\/www.blogdelaautoescuela.com\/blog\/la-dgt-quiere-involucrar-al-sector-medico-para-mejorar-la-seguridad-vial\/#primaryimage"},"image":{"@id":"https:\/\/www.blogdelaautoescuela.com\/blog\/la-dgt-quiere-involucrar-al-sector-medico-para-mejorar-la-seguridad-vial\/#primaryimage"},"thumbnailUrl":"https:\/\/www.blogdelaautoescuela.com\/blog\/wp-content\/uploads\/2010\/03\/medico1.jpg","datePublished":"2010-03-15T10:12:18+00:00","author":{"@id":"https:\/\/www.blogdelaautoescuela.com\/blog\/#\/schema\/person\/f209a64ca5dfe74b9acb6317240e792f"},"description":"...importante papel en la seguridad vial asegur\u00e1ndose de que los conductores de m\u00e1s edad conservan las facultades o recomendando el uso de sistemas de retenci\u00f3n infantil","breadcrumb":{"@id":"https:\/\/www.blogdelaautoescuela.com\/blog\/la-dgt-quiere-involucrar-al-sector-medico-para-mejorar-la-seguridad-vial\/#breadcrumb"},"inLanguage":"es","potentialAction":[{"@type":"ReadAction","target":["https:\/\/www.blogdelaautoescuela.com\/blog\/la-dgt-quiere-involucrar-al-sector-medico-para-mejorar-la-seguridad-vial\/"]}]},{"@type":"ImageObject","inLanguage":"es","@id":"https:\/\/www.blogdelaautoescuela.com\/blog\/la-dgt-quiere-involucrar-al-sector-medico-para-mejorar-la-seguridad-vial\/#primaryimage","url":"https:\/\/www.blogdelaautoescuela.com\/blog\/wp-content\/uploads\/2010\/03\/medico1.jpg","contentUrl":"https:\/\/www.blogdelaautoescuela.com\/blog\/wp-content\/uploads\/2010\/03\/medico1.jpg","width":400,"height":269},{"@type":"BreadcrumbList","@id":"https:\/\/www.blogdelaautoescuela.com\/blog\/la-dgt-quiere-involucrar-al-sector-medico-para-mejorar-la-seguridad-vial\/#breadcrumb","itemListElement":[{"@type":"ListItem","position":1,"name":"Portada","item":"https:\/\/www.blogdelaautoescuela.com\/blog\/"},{"@type":"ListItem","position":2,"name":"La DGT quiere involucrar al sector m\u00e9dico para mejorar la seguridad vial"}]},{"@type":"WebSite","@id":"https:\/\/www.blogdelaautoescuela.com\/blog\/#website","url":"https:\/\/www.blogdelaautoescuela.com\/blog\/","name":"Blog de la autoescuela","description":"Noticias sobre autoescuelas y seguridad vial","potentialAction":[{"@type":"SearchAction","target":{"@type":"EntryPoint","urlTemplate":"https:\/\/www.blogdelaautoescuela.com\/blog\/?s={search_term_string}"},"query-input":{"@type":"PropertyValueSpecification","valueRequired":true,"valueName":"search_term_string"}}],"inLanguage":"es"},{"@type":"Person","@id":"https:\/\/www.blogdelaautoescuela.com\/blog\/#\/schema\/person\/f209a64ca5dfe74b9acb6317240e792f","name":"usr_blogauto","image":{"@type":"ImageObject","inLanguage":"es","@id":"https:\/\/www.blogdelaautoescuela.com\/blog\/#\/schema\/person\/image\/","url":"https:\/\/secure.gravatar.com\/avatar\/d3939d4ea521ac8421c86d2980321cc9?s=96&d=mm&r=g","contentUrl":"https:\/\/secure.gravatar.com\/avatar\/d3939d4ea521ac8421c86d2980321cc9?s=96&d=mm&r=g","caption":"usr_blogauto"},"description":"Blog dedicado a la conducci\u00f3n, las autoescuelas y la seguridad vial. Est\u00e1 creado por un grupo de profesionales de la formaci\u00f3n vial que comparten inquietudes y experiencias. Aqu\u00ed\u00ad podr\u00e1s encontrar informaci\u00f3n variada sobre el d\u00ed\u00ada a d\u00ed\u00ada de la autoescuela, ex\u00e1menes, test o novedades y consejos para una conducci\u00f3n m\u00e1s segura.","sameAs":["http:\/\/www.blogdelaautoescuela.com\/","https:\/\/www.facebook.com\/blogdelaautoescuela","https:\/\/x.com\/autoescuelas"],"url":"https:\/\/www.blogdelaautoescuela.com\/blog\/author\/usr_blogauto\/"}]}},"jetpack_featured_media_url":"https:\/\/www.blogdelaautoescuela.com\/blog\/wp-content\/uploads\/2010\/03\/medico1.jpg","_links":{"self":[{"href":"https:\/\/www.blogdelaautoescuela.com\/blog\/wp-json\/wp\/v2\/posts\/3406","targetHints":{"allow":["GET"]}}],"collection":[{"href":"https:\/\/www.blogdelaautoescuela.com\/blog\/wp-json\/wp\/v2\/posts"}],"about":[{"href":"https:\/\/www.blogdelaautoescuela.com\/blog\/wp-json\/wp\/v2\/types\/post"}],"author":[{"embeddable":true,"href":"https:\/\/www.blogdelaautoescuela.com\/blog\/wp-json\/wp\/v2\/users\/1"}],"replies":[{"embeddable":true,"href":"https:\/\/www.blogdelaautoescuela.com\/blog\/wp-json\/wp\/v2\/comments?post=3406"}],"version-history":[{"count":0,"href":"https:\/\/www.blogdelaautoescuela.com\/blog\/wp-json\/wp\/v2\/posts\/3406\/revisions"}],"wp:featuredmedia":[{"embeddable":true,"href":"https:\/\/www.blogdelaautoescuela.com\/blog\/wp-json\/wp\/v2\/media\/3407"}],"wp:attachment":[{"href":"https:\/\/www.blogdelaautoescuela.com\/blog\/wp-json\/wp\/v2\/media?parent=3406"}],"wp:term":[{"taxonomy":"category","embeddable":true,"href":"https:\/\/www.blogdelaautoescuela.com\/blog\/wp-json\/wp\/v2\/categories?post=3406"},{"taxonomy":"post_tag","embeddable":true,"href":"https:\/\/www.blogdelaautoescuela.com\/blog\/wp-json\/wp\/v2\/tags?post=3406"}],"curies":[{"name":"wp","href":"https:\/\/api.w.org\/{rel}","templated":true}]}}