
{"id":3379,"date":"2010-03-10T13:15:12","date_gmt":"2010-03-10T11:15:12","guid":{"rendered":"http:\/\/www.blogdelaautoescuela.com\/blog\/?p=3379"},"modified":"2010-03-10T13:15:12","modified_gmt":"2010-03-10T11:15:12","slug":"la-patronal-plantea-una-medida-especifica-para-reducir-las-cargas-administrativas-de-las-autoescuelas","status":"publish","type":"post","link":"https:\/\/www.blogdelaautoescuela.com\/blog\/la-patronal-plantea-una-medida-especifica-para-reducir-las-cargas-administrativas-de-las-autoescuelas\/","title":{"rendered":"La patronal plantea una medida espec\u00ed\u00adfica para reducir las cargas administrativas de las autoescuelas"},"content":{"rendered":"<p style=\"text-align: center;\"><img loading=\"lazy\" decoding=\"async\" class=\"size-full wp-image-3380 aligncenter\" title=\"control clases\" src=\"http:\/\/www.blogdelaautoescuela.com\/blog\/wp-content\/uploads\/2010\/03\/control-clases.jpg\" alt=\"control clases\" width=\"400\" height=\"300\" \/><\/p>\n<p><strong>CEOE y Cepyme<\/strong> han propuesto al gobierno una serie de<strong> medidas <\/strong>con las que se busca <strong>reducir la cargas administrativas de las empresas. <\/strong><\/p>\n<p>En concreto la patronal ha propuesto <strong>125 medidas<\/strong> y se ha estimado que <strong>si se aplicaran 94 de ellas las empresas se ahorrar\u00ed\u00adan 3.026 millones de euros anuales.<\/strong><\/p>\n<p>Entre estas 125 medidas habr\u00ed\u00ada<strong> una espec\u00ed\u00adfica para el sector de las autoescuelas <\/strong>que les puede suponer un ahorro importante, especialmente necesario ahora que el sector est\u00e1 atravesando una profunda crisis.<\/p>\n<p>Concretamente la medida propuesta por <strong>CEOE y Cepyme<\/strong> consiste en <strong>eliminar la hoja de control de clase de las autoescuelas<\/strong>, esta hoja en la actualidad debe ser firmada tanto por el profesor como por el alumno con el fin de comprobar que se ha dado la correspondiente pr\u00e1ctica.<\/p>\n<p>Algo tan sencillo como eliminar esta hoja supondr\u00ed\u00ada un <strong>ahorro anual de 7,3 millones de euros para el sector de las autoescuelas<\/strong> seg\u00fan las estimaciones de la patronal, aunque este ahorro puede ser sustancialmente mayor si tenemos en cuenta que las autoescuelas tienen que pagar <strong>sanciones de entre 400 y 600 euros si se detecta alguna anomal\u00ed\u00ada en estas hojas de control de clase en una inspecci\u00f3n rutinaria.<\/strong><\/p>\n<p>Adem\u00e1s de esta medida espec\u00ed\u00adfica para el sector hay otras m\u00e1s que tambi\u00e9n ayudar\u00e1n a reducir gastos a las autoescuelas, entre estas <strong>medidas m\u00e1s generales<\/strong> se encuentra poder consevar la contabilidad en el ordenador, comunicar la retenci\u00f3n IRPF por ordenador, acceso directo al registro de marcas&#8230;<\/p>\n","protected":false},"excerpt":{"rendered":"<p>CEOE y Cepyme han propuesto al gobierno una serie de medidas con las que se busca reducir la cargas administrativas de las empresas. En concreto la patronal ha propuesto 125 medidas y se ha estimado que si se aplicaran 94 de ellas las empresas se ahorrar\u00ed\u00adan 3.026 millones de euros anuales. Entre estas 125 medidas [&hellip;]<\/p>\n","protected":false},"author":1,"featured_media":3380,"comment_status":"open","ping_status":"closed","sticky":false,"template":"","format":"standard","meta":{"footnotes":"","jetpack_publicize_message":"","jetpack_publicize_feature_enabled":true,"jetpack_social_post_already_shared":false,"jetpack_social_options":{"image_generator_settings":{"template":"highway","enabled":false},"version":2}},"categories":[3,12],"tags":[77,1664,432],"class_list":["post-3379","post","type-post","status-publish","format-standard","has-post-thumbnail","hentry","category-autoescuela","category-noticias","tag-ahorro","tag-autoescuela","tag-crisis"],"wppr_data":[],"jetpack_publicize_connections":[],"yoast_head":"<!-- This site is optimized with the Yoast SEO plugin v24.7 - https:\/\/yoast.com\/wordpress\/plugins\/seo\/ -->\n<title>La patronal plantea una medida espec\u00ed\u00adfica para reducir las cargas administrativas de las autoescuelas<\/title>\n<meta name=\"description\" content=\"la medida propuesta por CEOE y Cepyme consiste en eliminar la hoja de control de clase de las autoescuelas\" \/>\n<meta name=\"robots\" content=\"index, follow, max-snippet:-1, max-image-preview:large, max-video-preview:-1\" \/>\n<link rel=\"canonical\" href=\"https:\/\/www.blogdelaautoescuela.com\/blog\/la-patronal-plantea-una-medida-especifica-para-reducir-las-cargas-administrativas-de-las-autoescuelas\/\" \/>\n<meta property=\"og:locale\" content=\"es_ES\" \/>\n<meta property=\"og:type\" content=\"article\" \/>\n<meta property=\"og:title\" content=\"La patronal plantea una medida espec\u00ed\u00adfica para reducir las cargas administrativas de las autoescuelas\" \/>\n<meta property=\"og:description\" content=\"la medida propuesta por CEOE y Cepyme consiste en eliminar la hoja de control de clase de las autoescuelas\" \/>\n<meta property=\"og:url\" content=\"https:\/\/www.blogdelaautoescuela.com\/blog\/la-patronal-plantea-una-medida-especifica-para-reducir-las-cargas-administrativas-de-las-autoescuelas\/\" \/>\n<meta property=\"og:site_name\" content=\"Blog de la autoescuela\" \/>\n<meta property=\"article:author\" content=\"https:\/\/www.facebook.com\/blogdelaautoescuela\" \/>\n<meta property=\"article:published_time\" content=\"2010-03-10T11:15:12+00:00\" \/>\n<meta property=\"og:image\" content=\"https:\/\/www.blogdelaautoescuela.com\/blog\/wp-content\/uploads\/2010\/03\/control-clases1.jpg\" \/>\n\t<meta property=\"og:image:width\" content=\"400\" \/>\n\t<meta property=\"og:image:height\" content=\"300\" \/>\n\t<meta property=\"og:image:type\" content=\"image\/jpeg\" \/>\n<meta name=\"author\" content=\"usr_blogauto\" \/>\n<meta name=\"twitter:label1\" content=\"Escrito por\" \/>\n\t<meta name=\"twitter:data1\" content=\"usr_blogauto\" \/>\n\t<meta name=\"twitter:label2\" content=\"Tiempo de lectura\" \/>\n\t<meta name=\"twitter:data2\" content=\"1 minuto\" \/>\n<script type=\"application\/ld+json\" class=\"yoast-schema-graph\">{\"@context\":\"https:\/\/schema.org\",\"@graph\":[{\"@type\":\"WebPage\",\"@id\":\"https:\/\/www.blogdelaautoescuela.com\/blog\/la-patronal-plantea-una-medida-especifica-para-reducir-las-cargas-administrativas-de-las-autoescuelas\/\",\"url\":\"https:\/\/www.blogdelaautoescuela.com\/blog\/la-patronal-plantea-una-medida-especifica-para-reducir-las-cargas-administrativas-de-las-autoescuelas\/\",\"name\":\"La patronal plantea una medida espec\u00ed\u00adfica para reducir las cargas administrativas de las autoescuelas\",\"isPartOf\":{\"@id\":\"https:\/\/www.blogdelaautoescuela.com\/blog\/#website\"},\"primaryImageOfPage\":{\"@id\":\"https:\/\/www.blogdelaautoescuela.com\/blog\/la-patronal-plantea-una-medida-especifica-para-reducir-las-cargas-administrativas-de-las-autoescuelas\/#primaryimage\"},\"image\":{\"@id\":\"https:\/\/www.blogdelaautoescuela.com\/blog\/la-patronal-plantea-una-medida-especifica-para-reducir-las-cargas-administrativas-de-las-autoescuelas\/#primaryimage\"},\"thumbnailUrl\":\"https:\/\/www.blogdelaautoescuela.com\/blog\/wp-content\/uploads\/2010\/03\/control-clases1.jpg\",\"datePublished\":\"2010-03-10T11:15:12+00:00\",\"author\":{\"@id\":\"https:\/\/www.blogdelaautoescuela.com\/blog\/#\/schema\/person\/f209a64ca5dfe74b9acb6317240e792f\"},\"description\":\"la medida propuesta por CEOE y Cepyme consiste en eliminar la hoja de control de clase de las autoescuelas\",\"breadcrumb\":{\"@id\":\"https:\/\/www.blogdelaautoescuela.com\/blog\/la-patronal-plantea-una-medida-especifica-para-reducir-las-cargas-administrativas-de-las-autoescuelas\/#breadcrumb\"},\"inLanguage\":\"es\",\"potentialAction\":[{\"@type\":\"ReadAction\",\"target\":[\"https:\/\/www.blogdelaautoescuela.com\/blog\/la-patronal-plantea-una-medida-especifica-para-reducir-las-cargas-administrativas-de-las-autoescuelas\/\"]}]},{\"@type\":\"ImageObject\",\"inLanguage\":\"es\",\"@id\":\"https:\/\/www.blogdelaautoescuela.com\/blog\/la-patronal-plantea-una-medida-especifica-para-reducir-las-cargas-administrativas-de-las-autoescuelas\/#primaryimage\",\"url\":\"https:\/\/www.blogdelaautoescuela.com\/blog\/wp-content\/uploads\/2010\/03\/control-clases1.jpg\",\"contentUrl\":\"https:\/\/www.blogdelaautoescuela.com\/blog\/wp-content\/uploads\/2010\/03\/control-clases1.jpg\",\"width\":400,\"height\":300},{\"@type\":\"BreadcrumbList\",\"@id\":\"https:\/\/www.blogdelaautoescuela.com\/blog\/la-patronal-plantea-una-medida-especifica-para-reducir-las-cargas-administrativas-de-las-autoescuelas\/#breadcrumb\",\"itemListElement\":[{\"@type\":\"ListItem\",\"position\":1,\"name\":\"Portada\",\"item\":\"https:\/\/www.blogdelaautoescuela.com\/blog\/\"},{\"@type\":\"ListItem\",\"position\":2,\"name\":\"La patronal plantea una medida espec\u00ed\u00adfica para reducir las cargas administrativas de las autoescuelas\"}]},{\"@type\":\"WebSite\",\"@id\":\"https:\/\/www.blogdelaautoescuela.com\/blog\/#website\",\"url\":\"https:\/\/www.blogdelaautoescuela.com\/blog\/\",\"name\":\"Blog de la autoescuela\",\"description\":\"Noticias sobre autoescuelas y seguridad vial\",\"potentialAction\":[{\"@type\":\"SearchAction\",\"target\":{\"@type\":\"EntryPoint\",\"urlTemplate\":\"https:\/\/www.blogdelaautoescuela.com\/blog\/?s={search_term_string}\"},\"query-input\":{\"@type\":\"PropertyValueSpecification\",\"valueRequired\":true,\"valueName\":\"search_term_string\"}}],\"inLanguage\":\"es\"},{\"@type\":\"Person\",\"@id\":\"https:\/\/www.blogdelaautoescuela.com\/blog\/#\/schema\/person\/f209a64ca5dfe74b9acb6317240e792f\",\"name\":\"usr_blogauto\",\"image\":{\"@type\":\"ImageObject\",\"inLanguage\":\"es\",\"@id\":\"https:\/\/www.blogdelaautoescuela.com\/blog\/#\/schema\/person\/image\/\",\"url\":\"https:\/\/secure.gravatar.com\/avatar\/d3939d4ea521ac8421c86d2980321cc9?s=96&d=mm&r=g\",\"contentUrl\":\"https:\/\/secure.gravatar.com\/avatar\/d3939d4ea521ac8421c86d2980321cc9?s=96&d=mm&r=g\",\"caption\":\"usr_blogauto\"},\"description\":\"Blog dedicado a la conducci\u00f3n, las autoescuelas y la seguridad vial. Est\u00e1 creado por un grupo de profesionales de la formaci\u00f3n vial que comparten inquietudes y experiencias. Aqu\u00ed\u00ad podr\u00e1s encontrar informaci\u00f3n variada sobre el d\u00ed\u00ada a d\u00ed\u00ada de la autoescuela, ex\u00e1menes, test o novedades y consejos para una conducci\u00f3n m\u00e1s segura.\",\"sameAs\":[\"http:\/\/www.blogdelaautoescuela.com\/\",\"https:\/\/www.facebook.com\/blogdelaautoescuela\",\"https:\/\/x.com\/autoescuelas\"],\"url\":\"https:\/\/www.blogdelaautoescuela.com\/blog\/author\/usr_blogauto\/\"}]}<\/script>\n<!-- \/ Yoast SEO plugin. -->","yoast_head_json":{"title":"La patronal plantea una medida espec\u00ed\u00adfica para reducir las cargas administrativas de las autoescuelas","description":"la medida propuesta por CEOE y Cepyme consiste en eliminar la hoja de control de clase de las autoescuelas","robots":{"index":"index","follow":"follow","max-snippet":"max-snippet:-1","max-image-preview":"max-image-preview:large","max-video-preview":"max-video-preview:-1"},"canonical":"https:\/\/www.blogdelaautoescuela.com\/blog\/la-patronal-plantea-una-medida-especifica-para-reducir-las-cargas-administrativas-de-las-autoescuelas\/","og_locale":"es_ES","og_type":"article","og_title":"La patronal plantea una medida espec\u00ed\u00adfica para reducir las cargas administrativas de las autoescuelas","og_description":"la medida propuesta por CEOE y Cepyme consiste en eliminar la hoja de control de clase de las autoescuelas","og_url":"https:\/\/www.blogdelaautoescuela.com\/blog\/la-patronal-plantea-una-medida-especifica-para-reducir-las-cargas-administrativas-de-las-autoescuelas\/","og_site_name":"Blog de la autoescuela","article_author":"https:\/\/www.facebook.com\/blogdelaautoescuela","article_published_time":"2010-03-10T11:15:12+00:00","og_image":[{"width":400,"height":300,"url":"https:\/\/www.blogdelaautoescuela.com\/blog\/wp-content\/uploads\/2010\/03\/control-clases1.jpg","type":"image\/jpeg"}],"author":"usr_blogauto","twitter_misc":{"Escrito por":"usr_blogauto","Tiempo de lectura":"1 minuto"},"schema":{"@context":"https:\/\/schema.org","@graph":[{"@type":"WebPage","@id":"https:\/\/www.blogdelaautoescuela.com\/blog\/la-patronal-plantea-una-medida-especifica-para-reducir-las-cargas-administrativas-de-las-autoescuelas\/","url":"https:\/\/www.blogdelaautoescuela.com\/blog\/la-patronal-plantea-una-medida-especifica-para-reducir-las-cargas-administrativas-de-las-autoescuelas\/","name":"La patronal plantea una medida espec\u00ed\u00adfica para reducir las cargas administrativas de las autoescuelas","isPartOf":{"@id":"https:\/\/www.blogdelaautoescuela.com\/blog\/#website"},"primaryImageOfPage":{"@id":"https:\/\/www.blogdelaautoescuela.com\/blog\/la-patronal-plantea-una-medida-especifica-para-reducir-las-cargas-administrativas-de-las-autoescuelas\/#primaryimage"},"image":{"@id":"https:\/\/www.blogdelaautoescuela.com\/blog\/la-patronal-plantea-una-medida-especifica-para-reducir-las-cargas-administrativas-de-las-autoescuelas\/#primaryimage"},"thumbnailUrl":"https:\/\/www.blogdelaautoescuela.com\/blog\/wp-content\/uploads\/2010\/03\/control-clases1.jpg","datePublished":"2010-03-10T11:15:12+00:00","author":{"@id":"https:\/\/www.blogdelaautoescuela.com\/blog\/#\/schema\/person\/f209a64ca5dfe74b9acb6317240e792f"},"description":"la medida propuesta por CEOE y Cepyme consiste en eliminar la hoja de control de clase de las autoescuelas","breadcrumb":{"@id":"https:\/\/www.blogdelaautoescuela.com\/blog\/la-patronal-plantea-una-medida-especifica-para-reducir-las-cargas-administrativas-de-las-autoescuelas\/#breadcrumb"},"inLanguage":"es","potentialAction":[{"@type":"ReadAction","target":["https:\/\/www.blogdelaautoescuela.com\/blog\/la-patronal-plantea-una-medida-especifica-para-reducir-las-cargas-administrativas-de-las-autoescuelas\/"]}]},{"@type":"ImageObject","inLanguage":"es","@id":"https:\/\/www.blogdelaautoescuela.com\/blog\/la-patronal-plantea-una-medida-especifica-para-reducir-las-cargas-administrativas-de-las-autoescuelas\/#primaryimage","url":"https:\/\/www.blogdelaautoescuela.com\/blog\/wp-content\/uploads\/2010\/03\/control-clases1.jpg","contentUrl":"https:\/\/www.blogdelaautoescuela.com\/blog\/wp-content\/uploads\/2010\/03\/control-clases1.jpg","width":400,"height":300},{"@type":"BreadcrumbList","@id":"https:\/\/www.blogdelaautoescuela.com\/blog\/la-patronal-plantea-una-medida-especifica-para-reducir-las-cargas-administrativas-de-las-autoescuelas\/#breadcrumb","itemListElement":[{"@type":"ListItem","position":1,"name":"Portada","item":"https:\/\/www.blogdelaautoescuela.com\/blog\/"},{"@type":"ListItem","position":2,"name":"La patronal plantea una medida espec\u00ed\u00adfica para reducir las cargas administrativas de las autoescuelas"}]},{"@type":"WebSite","@id":"https:\/\/www.blogdelaautoescuela.com\/blog\/#website","url":"https:\/\/www.blogdelaautoescuela.com\/blog\/","name":"Blog de la autoescuela","description":"Noticias sobre autoescuelas y seguridad vial","potentialAction":[{"@type":"SearchAction","target":{"@type":"EntryPoint","urlTemplate":"https:\/\/www.blogdelaautoescuela.com\/blog\/?s={search_term_string}"},"query-input":{"@type":"PropertyValueSpecification","valueRequired":true,"valueName":"search_term_string"}}],"inLanguage":"es"},{"@type":"Person","@id":"https:\/\/www.blogdelaautoescuela.com\/blog\/#\/schema\/person\/f209a64ca5dfe74b9acb6317240e792f","name":"usr_blogauto","image":{"@type":"ImageObject","inLanguage":"es","@id":"https:\/\/www.blogdelaautoescuela.com\/blog\/#\/schema\/person\/image\/","url":"https:\/\/secure.gravatar.com\/avatar\/d3939d4ea521ac8421c86d2980321cc9?s=96&d=mm&r=g","contentUrl":"https:\/\/secure.gravatar.com\/avatar\/d3939d4ea521ac8421c86d2980321cc9?s=96&d=mm&r=g","caption":"usr_blogauto"},"description":"Blog dedicado a la conducci\u00f3n, las autoescuelas y la seguridad vial. Est\u00e1 creado por un grupo de profesionales de la formaci\u00f3n vial que comparten inquietudes y experiencias. Aqu\u00ed\u00ad podr\u00e1s encontrar informaci\u00f3n variada sobre el d\u00ed\u00ada a d\u00ed\u00ada de la autoescuela, ex\u00e1menes, test o novedades y consejos para una conducci\u00f3n m\u00e1s segura.","sameAs":["http:\/\/www.blogdelaautoescuela.com\/","https:\/\/www.facebook.com\/blogdelaautoescuela","https:\/\/x.com\/autoescuelas"],"url":"https:\/\/www.blogdelaautoescuela.com\/blog\/author\/usr_blogauto\/"}]}},"jetpack_featured_media_url":"https:\/\/www.blogdelaautoescuela.com\/blog\/wp-content\/uploads\/2010\/03\/control-clases1.jpg","_links":{"self":[{"href":"https:\/\/www.blogdelaautoescuela.com\/blog\/wp-json\/wp\/v2\/posts\/3379","targetHints":{"allow":["GET"]}}],"collection":[{"href":"https:\/\/www.blogdelaautoescuela.com\/blog\/wp-json\/wp\/v2\/posts"}],"about":[{"href":"https:\/\/www.blogdelaautoescuela.com\/blog\/wp-json\/wp\/v2\/types\/post"}],"author":[{"embeddable":true,"href":"https:\/\/www.blogdelaautoescuela.com\/blog\/wp-json\/wp\/v2\/users\/1"}],"replies":[{"embeddable":true,"href":"https:\/\/www.blogdelaautoescuela.com\/blog\/wp-json\/wp\/v2\/comments?post=3379"}],"version-history":[{"count":0,"href":"https:\/\/www.blogdelaautoescuela.com\/blog\/wp-json\/wp\/v2\/posts\/3379\/revisions"}],"wp:featuredmedia":[{"embeddable":true,"href":"https:\/\/www.blogdelaautoescuela.com\/blog\/wp-json\/wp\/v2\/media\/3380"}],"wp:attachment":[{"href":"https:\/\/www.blogdelaautoescuela.com\/blog\/wp-json\/wp\/v2\/media?parent=3379"}],"wp:term":[{"taxonomy":"category","embeddable":true,"href":"https:\/\/www.blogdelaautoescuela.com\/blog\/wp-json\/wp\/v2\/categories?post=3379"},{"taxonomy":"post_tag","embeddable":true,"href":"https:\/\/www.blogdelaautoescuela.com\/blog\/wp-json\/wp\/v2\/tags?post=3379"}],"curies":[{"name":"wp","href":"https:\/\/api.w.org\/{rel}","templated":true}]}}