
{"id":3322,"date":"2010-03-02T12:26:49","date_gmt":"2010-03-02T10:26:49","guid":{"rendered":"http:\/\/www.blogdelaautoescuela.com\/blog\/?p=3322"},"modified":"2010-03-02T12:26:49","modified_gmt":"2010-03-02T10:26:49","slug":"cocemfe-oretania-ayuda-a-personas-con-discapacidad-en-la-obtencion-del-permiso-de-conducir","status":"publish","type":"post","link":"https:\/\/www.blogdelaautoescuela.com\/blog\/cocemfe-oretania-ayuda-a-personas-con-discapacidad-en-la-obtencion-del-permiso-de-conducir\/","title":{"rendered":"COCEMFE ORETANIA ayuda a personas con discapacidad en la obtenci\u00f3n del permiso de conducir"},"content":{"rendered":"<p style=\"text-align: center;\"><img loading=\"lazy\" decoding=\"async\" class=\"size-full wp-image-3323 aligncenter\" title=\"curso discapacitados\" src=\"http:\/\/www.blogdelaautoescuela.com\/blog\/wp-content\/uploads\/2010\/03\/curso-discapacitados.jpg\" alt=\"curso discapacitados\" width=\"400\" height=\"263\" \/><\/p>\n<p>Las <strong>personas con discapacidad<\/strong> se enfrentan con m\u00e1s<strong> dificultades<\/strong> que el resto para obtener el <strong>permiso de conducir<\/strong>, lo que a su vez les hace m\u00e1s complicada la integraci\u00f3n, especialmente en el \u00e1mbito laboral.<\/p>\n<p>Para tratar de <strong>facilitar la obtenci\u00f3n del permiso de conducir<\/strong> la <strong>Federaci\u00f3n de Asociaciones de Personas con Discapacidad COCEMFE ORETANIA<\/strong>, de Ciudad Real, se ha encargado de la <strong>formaci\u00f3n de un total de 15 personas con discapacidad<\/strong>, cursos que han contado con la<strong> financiaci\u00f3n del Servicio P\u00fablico de Empleo de Castilla La Mancha (SEPECAM).<\/strong><\/p>\n<p>Los participantes en este curso, que se realiz\u00f3 en Daimiel, proven\u00ed\u00adan adem\u00e1s\u00a0 de otras localidades como Ciudad Real, C\u00f3zar, Puertollano, Alcolea y Villarrubia de los Ojos, por lo que se han podido acoger a becas de desplazamiento as\u00ed\u00ad como tambi\u00e9n se han podido beneficiar de una ayuda de 7 euros diarios por su discapacidad.<\/p>\n<p>En total los 15 participantes en el <strong>curso de COCEMFE Oretania<\/strong> se han estado <strong>formando durante 5 meses,<\/strong> en total han sido 515 horas de formaci\u00f3n, para la <strong>obtenci\u00f3n de la parte te\u00f3rica del permiso de conducir. <\/strong><\/p>\n<p>Gracias a esta iniciativa los participantes, 12 de ellos ya han conseguido superar la prueba te\u00f3rica y el resto se examinar\u00e1n el pr\u00f3ximo jueves 4 de marzo, dotar\u00e1 a estas personas de una <strong>mayor autonom\u00ed\u00ada<\/strong> ya que al obtener el permiso de conducir se podr\u00e1n desplazar con mayor facilidad a la vez que les permite la <strong>inserci\u00f3n al mercado laboral<\/strong><\/p>\n","protected":false},"excerpt":{"rendered":"<p>Las personas con discapacidad se enfrentan con m\u00e1s dificultades que el resto para obtener el permiso de conducir, lo que a su vez les hace m\u00e1s complicada la integraci\u00f3n, especialmente en el \u00e1mbito laboral. Para tratar de facilitar la obtenci\u00f3n del permiso de conducir la Federaci\u00f3n de Asociaciones de Personas con Discapacidad COCEMFE ORETANIA, de [&hellip;]<\/p>\n","protected":false},"author":1,"featured_media":3323,"comment_status":"open","ping_status":"closed","sticky":false,"template":"","format":"standard","meta":{"footnotes":"","jetpack_publicize_message":"","jetpack_publicize_feature_enabled":true,"jetpack_social_post_already_shared":false,"jetpack_social_options":{"image_generator_settings":{"template":"highway","enabled":false},"version":2}},"categories":[3],"tags":[1664,270,490],"class_list":["post-3322","post","type-post","status-publish","format-standard","has-post-thumbnail","hentry","category-autoescuela","tag-autoescuela","tag-carnet-de-conducir","tag-discapacitados"],"wppr_data":[],"jetpack_publicize_connections":[],"yoast_head":"<!-- This site is optimized with the Yoast SEO plugin v24.7 - https:\/\/yoast.com\/wordpress\/plugins\/seo\/ -->\n<title>COCEMFE ORETANIA ayuda a personas con discapacidad en la obtenci\u00f3n del permiso de conducir<\/title>\n<meta name=\"description\" content=\"15 participantes en el curso de COCEMFE Oretania se han estado formando durante 5 meses, para la obtenci\u00f3n de la parte te\u00f3rica del permiso de conducir\" \/>\n<meta name=\"robots\" content=\"index, follow, max-snippet:-1, max-image-preview:large, max-video-preview:-1\" \/>\n<link rel=\"canonical\" href=\"https:\/\/www.blogdelaautoescuela.com\/blog\/cocemfe-oretania-ayuda-a-personas-con-discapacidad-en-la-obtencion-del-permiso-de-conducir\/\" \/>\n<meta property=\"og:locale\" content=\"es_ES\" \/>\n<meta property=\"og:type\" content=\"article\" \/>\n<meta property=\"og:title\" content=\"COCEMFE ORETANIA ayuda a personas con discapacidad en la obtenci\u00f3n del permiso de conducir\" \/>\n<meta property=\"og:description\" content=\"15 participantes en el curso de COCEMFE Oretania se han estado formando durante 5 meses, para la obtenci\u00f3n de la parte te\u00f3rica del permiso de conducir\" \/>\n<meta property=\"og:url\" content=\"https:\/\/www.blogdelaautoescuela.com\/blog\/cocemfe-oretania-ayuda-a-personas-con-discapacidad-en-la-obtencion-del-permiso-de-conducir\/\" \/>\n<meta property=\"og:site_name\" content=\"Blog de la autoescuela\" \/>\n<meta property=\"article:author\" content=\"https:\/\/www.facebook.com\/blogdelaautoescuela\" \/>\n<meta property=\"article:published_time\" content=\"2010-03-02T10:26:49+00:00\" \/>\n<meta property=\"og:image\" content=\"https:\/\/www.blogdelaautoescuela.com\/blog\/wp-content\/uploads\/2010\/03\/curso-discapacitados1.jpg\" \/>\n\t<meta property=\"og:image:width\" content=\"400\" \/>\n\t<meta property=\"og:image:height\" content=\"263\" \/>\n\t<meta property=\"og:image:type\" content=\"image\/jpeg\" \/>\n<meta name=\"author\" content=\"usr_blogauto\" \/>\n<meta name=\"twitter:label1\" content=\"Escrito por\" \/>\n\t<meta name=\"twitter:data1\" content=\"usr_blogauto\" \/>\n\t<meta name=\"twitter:label2\" content=\"Tiempo de lectura\" \/>\n\t<meta name=\"twitter:data2\" content=\"1 minuto\" \/>\n<script type=\"application\/ld+json\" class=\"yoast-schema-graph\">{\"@context\":\"https:\/\/schema.org\",\"@graph\":[{\"@type\":\"WebPage\",\"@id\":\"https:\/\/www.blogdelaautoescuela.com\/blog\/cocemfe-oretania-ayuda-a-personas-con-discapacidad-en-la-obtencion-del-permiso-de-conducir\/\",\"url\":\"https:\/\/www.blogdelaautoescuela.com\/blog\/cocemfe-oretania-ayuda-a-personas-con-discapacidad-en-la-obtencion-del-permiso-de-conducir\/\",\"name\":\"COCEMFE ORETANIA ayuda a personas con discapacidad en la obtenci\u00f3n del permiso de conducir\",\"isPartOf\":{\"@id\":\"https:\/\/www.blogdelaautoescuela.com\/blog\/#website\"},\"primaryImageOfPage\":{\"@id\":\"https:\/\/www.blogdelaautoescuela.com\/blog\/cocemfe-oretania-ayuda-a-personas-con-discapacidad-en-la-obtencion-del-permiso-de-conducir\/#primaryimage\"},\"image\":{\"@id\":\"https:\/\/www.blogdelaautoescuela.com\/blog\/cocemfe-oretania-ayuda-a-personas-con-discapacidad-en-la-obtencion-del-permiso-de-conducir\/#primaryimage\"},\"thumbnailUrl\":\"https:\/\/www.blogdelaautoescuela.com\/blog\/wp-content\/uploads\/2010\/03\/curso-discapacitados1.jpg\",\"datePublished\":\"2010-03-02T10:26:49+00:00\",\"author\":{\"@id\":\"https:\/\/www.blogdelaautoescuela.com\/blog\/#\/schema\/person\/f209a64ca5dfe74b9acb6317240e792f\"},\"description\":\"15 participantes en el curso de COCEMFE Oretania se han estado formando durante 5 meses, para la obtenci\u00f3n de la parte te\u00f3rica del permiso de conducir\",\"breadcrumb\":{\"@id\":\"https:\/\/www.blogdelaautoescuela.com\/blog\/cocemfe-oretania-ayuda-a-personas-con-discapacidad-en-la-obtencion-del-permiso-de-conducir\/#breadcrumb\"},\"inLanguage\":\"es\",\"potentialAction\":[{\"@type\":\"ReadAction\",\"target\":[\"https:\/\/www.blogdelaautoescuela.com\/blog\/cocemfe-oretania-ayuda-a-personas-con-discapacidad-en-la-obtencion-del-permiso-de-conducir\/\"]}]},{\"@type\":\"ImageObject\",\"inLanguage\":\"es\",\"@id\":\"https:\/\/www.blogdelaautoescuela.com\/blog\/cocemfe-oretania-ayuda-a-personas-con-discapacidad-en-la-obtencion-del-permiso-de-conducir\/#primaryimage\",\"url\":\"https:\/\/www.blogdelaautoescuela.com\/blog\/wp-content\/uploads\/2010\/03\/curso-discapacitados1.jpg\",\"contentUrl\":\"https:\/\/www.blogdelaautoescuela.com\/blog\/wp-content\/uploads\/2010\/03\/curso-discapacitados1.jpg\",\"width\":400,\"height\":263},{\"@type\":\"BreadcrumbList\",\"@id\":\"https:\/\/www.blogdelaautoescuela.com\/blog\/cocemfe-oretania-ayuda-a-personas-con-discapacidad-en-la-obtencion-del-permiso-de-conducir\/#breadcrumb\",\"itemListElement\":[{\"@type\":\"ListItem\",\"position\":1,\"name\":\"Portada\",\"item\":\"https:\/\/www.blogdelaautoescuela.com\/blog\/\"},{\"@type\":\"ListItem\",\"position\":2,\"name\":\"COCEMFE ORETANIA ayuda a personas con discapacidad en la obtenci\u00f3n del permiso de conducir\"}]},{\"@type\":\"WebSite\",\"@id\":\"https:\/\/www.blogdelaautoescuela.com\/blog\/#website\",\"url\":\"https:\/\/www.blogdelaautoescuela.com\/blog\/\",\"name\":\"Blog de la autoescuela\",\"description\":\"Noticias sobre autoescuelas y seguridad vial\",\"potentialAction\":[{\"@type\":\"SearchAction\",\"target\":{\"@type\":\"EntryPoint\",\"urlTemplate\":\"https:\/\/www.blogdelaautoescuela.com\/blog\/?s={search_term_string}\"},\"query-input\":{\"@type\":\"PropertyValueSpecification\",\"valueRequired\":true,\"valueName\":\"search_term_string\"}}],\"inLanguage\":\"es\"},{\"@type\":\"Person\",\"@id\":\"https:\/\/www.blogdelaautoescuela.com\/blog\/#\/schema\/person\/f209a64ca5dfe74b9acb6317240e792f\",\"name\":\"usr_blogauto\",\"image\":{\"@type\":\"ImageObject\",\"inLanguage\":\"es\",\"@id\":\"https:\/\/www.blogdelaautoescuela.com\/blog\/#\/schema\/person\/image\/\",\"url\":\"https:\/\/secure.gravatar.com\/avatar\/d3939d4ea521ac8421c86d2980321cc9?s=96&d=mm&r=g\",\"contentUrl\":\"https:\/\/secure.gravatar.com\/avatar\/d3939d4ea521ac8421c86d2980321cc9?s=96&d=mm&r=g\",\"caption\":\"usr_blogauto\"},\"description\":\"Blog dedicado a la conducci\u00f3n, las autoescuelas y la seguridad vial. Est\u00e1 creado por un grupo de profesionales de la formaci\u00f3n vial que comparten inquietudes y experiencias. Aqu\u00ed\u00ad podr\u00e1s encontrar informaci\u00f3n variada sobre el d\u00ed\u00ada a d\u00ed\u00ada de la autoescuela, ex\u00e1menes, test o novedades y consejos para una conducci\u00f3n m\u00e1s segura.\",\"sameAs\":[\"http:\/\/www.blogdelaautoescuela.com\/\",\"https:\/\/www.facebook.com\/blogdelaautoescuela\",\"https:\/\/x.com\/autoescuelas\"],\"url\":\"https:\/\/www.blogdelaautoescuela.com\/blog\/author\/usr_blogauto\/\"}]}<\/script>\n<!-- \/ Yoast SEO plugin. -->","yoast_head_json":{"title":"COCEMFE ORETANIA ayuda a personas con discapacidad en la obtenci\u00f3n del permiso de conducir","description":"15 participantes en el curso de COCEMFE Oretania se han estado formando durante 5 meses, para la obtenci\u00f3n de la parte te\u00f3rica del permiso de conducir","robots":{"index":"index","follow":"follow","max-snippet":"max-snippet:-1","max-image-preview":"max-image-preview:large","max-video-preview":"max-video-preview:-1"},"canonical":"https:\/\/www.blogdelaautoescuela.com\/blog\/cocemfe-oretania-ayuda-a-personas-con-discapacidad-en-la-obtencion-del-permiso-de-conducir\/","og_locale":"es_ES","og_type":"article","og_title":"COCEMFE ORETANIA ayuda a personas con discapacidad en la obtenci\u00f3n del permiso de conducir","og_description":"15 participantes en el curso de COCEMFE Oretania se han estado formando durante 5 meses, para la obtenci\u00f3n de la parte te\u00f3rica del permiso de conducir","og_url":"https:\/\/www.blogdelaautoescuela.com\/blog\/cocemfe-oretania-ayuda-a-personas-con-discapacidad-en-la-obtencion-del-permiso-de-conducir\/","og_site_name":"Blog de la autoescuela","article_author":"https:\/\/www.facebook.com\/blogdelaautoescuela","article_published_time":"2010-03-02T10:26:49+00:00","og_image":[{"width":400,"height":263,"url":"https:\/\/www.blogdelaautoescuela.com\/blog\/wp-content\/uploads\/2010\/03\/curso-discapacitados1.jpg","type":"image\/jpeg"}],"author":"usr_blogauto","twitter_misc":{"Escrito por":"usr_blogauto","Tiempo de lectura":"1 minuto"},"schema":{"@context":"https:\/\/schema.org","@graph":[{"@type":"WebPage","@id":"https:\/\/www.blogdelaautoescuela.com\/blog\/cocemfe-oretania-ayuda-a-personas-con-discapacidad-en-la-obtencion-del-permiso-de-conducir\/","url":"https:\/\/www.blogdelaautoescuela.com\/blog\/cocemfe-oretania-ayuda-a-personas-con-discapacidad-en-la-obtencion-del-permiso-de-conducir\/","name":"COCEMFE ORETANIA ayuda a personas con discapacidad en la obtenci\u00f3n del permiso de conducir","isPartOf":{"@id":"https:\/\/www.blogdelaautoescuela.com\/blog\/#website"},"primaryImageOfPage":{"@id":"https:\/\/www.blogdelaautoescuela.com\/blog\/cocemfe-oretania-ayuda-a-personas-con-discapacidad-en-la-obtencion-del-permiso-de-conducir\/#primaryimage"},"image":{"@id":"https:\/\/www.blogdelaautoescuela.com\/blog\/cocemfe-oretania-ayuda-a-personas-con-discapacidad-en-la-obtencion-del-permiso-de-conducir\/#primaryimage"},"thumbnailUrl":"https:\/\/www.blogdelaautoescuela.com\/blog\/wp-content\/uploads\/2010\/03\/curso-discapacitados1.jpg","datePublished":"2010-03-02T10:26:49+00:00","author":{"@id":"https:\/\/www.blogdelaautoescuela.com\/blog\/#\/schema\/person\/f209a64ca5dfe74b9acb6317240e792f"},"description":"15 participantes en el curso de COCEMFE Oretania se han estado formando durante 5 meses, para la obtenci\u00f3n de la parte te\u00f3rica del permiso de conducir","breadcrumb":{"@id":"https:\/\/www.blogdelaautoescuela.com\/blog\/cocemfe-oretania-ayuda-a-personas-con-discapacidad-en-la-obtencion-del-permiso-de-conducir\/#breadcrumb"},"inLanguage":"es","potentialAction":[{"@type":"ReadAction","target":["https:\/\/www.blogdelaautoescuela.com\/blog\/cocemfe-oretania-ayuda-a-personas-con-discapacidad-en-la-obtencion-del-permiso-de-conducir\/"]}]},{"@type":"ImageObject","inLanguage":"es","@id":"https:\/\/www.blogdelaautoescuela.com\/blog\/cocemfe-oretania-ayuda-a-personas-con-discapacidad-en-la-obtencion-del-permiso-de-conducir\/#primaryimage","url":"https:\/\/www.blogdelaautoescuela.com\/blog\/wp-content\/uploads\/2010\/03\/curso-discapacitados1.jpg","contentUrl":"https:\/\/www.blogdelaautoescuela.com\/blog\/wp-content\/uploads\/2010\/03\/curso-discapacitados1.jpg","width":400,"height":263},{"@type":"BreadcrumbList","@id":"https:\/\/www.blogdelaautoescuela.com\/blog\/cocemfe-oretania-ayuda-a-personas-con-discapacidad-en-la-obtencion-del-permiso-de-conducir\/#breadcrumb","itemListElement":[{"@type":"ListItem","position":1,"name":"Portada","item":"https:\/\/www.blogdelaautoescuela.com\/blog\/"},{"@type":"ListItem","position":2,"name":"COCEMFE ORETANIA ayuda a personas con discapacidad en la obtenci\u00f3n del permiso de conducir"}]},{"@type":"WebSite","@id":"https:\/\/www.blogdelaautoescuela.com\/blog\/#website","url":"https:\/\/www.blogdelaautoescuela.com\/blog\/","name":"Blog de la autoescuela","description":"Noticias sobre autoescuelas y seguridad vial","potentialAction":[{"@type":"SearchAction","target":{"@type":"EntryPoint","urlTemplate":"https:\/\/www.blogdelaautoescuela.com\/blog\/?s={search_term_string}"},"query-input":{"@type":"PropertyValueSpecification","valueRequired":true,"valueName":"search_term_string"}}],"inLanguage":"es"},{"@type":"Person","@id":"https:\/\/www.blogdelaautoescuela.com\/blog\/#\/schema\/person\/f209a64ca5dfe74b9acb6317240e792f","name":"usr_blogauto","image":{"@type":"ImageObject","inLanguage":"es","@id":"https:\/\/www.blogdelaautoescuela.com\/blog\/#\/schema\/person\/image\/","url":"https:\/\/secure.gravatar.com\/avatar\/d3939d4ea521ac8421c86d2980321cc9?s=96&d=mm&r=g","contentUrl":"https:\/\/secure.gravatar.com\/avatar\/d3939d4ea521ac8421c86d2980321cc9?s=96&d=mm&r=g","caption":"usr_blogauto"},"description":"Blog dedicado a la conducci\u00f3n, las autoescuelas y la seguridad vial. Est\u00e1 creado por un grupo de profesionales de la formaci\u00f3n vial que comparten inquietudes y experiencias. Aqu\u00ed\u00ad podr\u00e1s encontrar informaci\u00f3n variada sobre el d\u00ed\u00ada a d\u00ed\u00ada de la autoescuela, ex\u00e1menes, test o novedades y consejos para una conducci\u00f3n m\u00e1s segura.","sameAs":["http:\/\/www.blogdelaautoescuela.com\/","https:\/\/www.facebook.com\/blogdelaautoescuela","https:\/\/x.com\/autoescuelas"],"url":"https:\/\/www.blogdelaautoescuela.com\/blog\/author\/usr_blogauto\/"}]}},"jetpack_featured_media_url":"https:\/\/www.blogdelaautoescuela.com\/blog\/wp-content\/uploads\/2010\/03\/curso-discapacitados1.jpg","_links":{"self":[{"href":"https:\/\/www.blogdelaautoescuela.com\/blog\/wp-json\/wp\/v2\/posts\/3322","targetHints":{"allow":["GET"]}}],"collection":[{"href":"https:\/\/www.blogdelaautoescuela.com\/blog\/wp-json\/wp\/v2\/posts"}],"about":[{"href":"https:\/\/www.blogdelaautoescuela.com\/blog\/wp-json\/wp\/v2\/types\/post"}],"author":[{"embeddable":true,"href":"https:\/\/www.blogdelaautoescuela.com\/blog\/wp-json\/wp\/v2\/users\/1"}],"replies":[{"embeddable":true,"href":"https:\/\/www.blogdelaautoescuela.com\/blog\/wp-json\/wp\/v2\/comments?post=3322"}],"version-history":[{"count":0,"href":"https:\/\/www.blogdelaautoescuela.com\/blog\/wp-json\/wp\/v2\/posts\/3322\/revisions"}],"wp:featuredmedia":[{"embeddable":true,"href":"https:\/\/www.blogdelaautoescuela.com\/blog\/wp-json\/wp\/v2\/media\/3323"}],"wp:attachment":[{"href":"https:\/\/www.blogdelaautoescuela.com\/blog\/wp-json\/wp\/v2\/media?parent=3322"}],"wp:term":[{"taxonomy":"category","embeddable":true,"href":"https:\/\/www.blogdelaautoescuela.com\/blog\/wp-json\/wp\/v2\/categories?post=3322"},{"taxonomy":"post_tag","embeddable":true,"href":"https:\/\/www.blogdelaautoescuela.com\/blog\/wp-json\/wp\/v2\/tags?post=3322"}],"curies":[{"name":"wp","href":"https:\/\/api.w.org\/{rel}","templated":true}]}}