
{"id":3309,"date":"2010-03-01T11:57:14","date_gmt":"2010-03-01T09:57:14","guid":{"rendered":"http:\/\/www.blogdelaautoescuela.com\/blog\/?p=3309"},"modified":"2014-12-12T13:24:10","modified_gmt":"2014-12-12T12:24:10","slug":"mas-formacion-en-las-autoescuelas-de-segovia-para-combatir-la-crisis","status":"publish","type":"post","link":"https:\/\/www.blogdelaautoescuela.com\/blog\/mas-formacion-en-las-autoescuelas-de-segovia-para-combatir-la-crisis\/","title":{"rendered":"M\u00e1s formaci\u00f3n en las autoescuelas de Segovia para combatir la crisis"},"content":{"rendered":"<p style=\"text-align: center;\"><img loading=\"lazy\" decoding=\"async\" class=\"size-full wp-image-803 aligncenter\" title=\"profesor-autoescuela\" src=\"http:\/\/www.blogdelaautoescuela.com\/blog\/wp-content\/uploads\/2009\/03\/profesor-autoescuela.jpg\" alt=\"profesor-autoescuela\" width=\"400\" height=\"302\" \/><\/p>\n<p style=\"text-align: justify;\">Ya hemos comentado en varias ocasiones que<strong> la crisis econ\u00f3mica est\u00e1 golpeando de forma muy dura al sector de las autoescuelas<\/strong>, crisis que <strong>ha obligado a cerrar sus puertas a m\u00e1s de 180 autoescuelas<\/strong> en todo el pa\u00ed\u00ads, lo que ha supuesto que <a href=\"http:\/\/www.blogdelaautoescuela.com\/blog\/\">m\u00e1s de 5.200 personas hayan perdido sus empleos<\/a>, algo que no es de extra\u00f1ar si tenemos en cuenta que durante el 2009, de media, <a href=\"http:\/\/www.blogdelaautoescuela.com\/blog\/durante-el-2009-cada-autoescuela-tuvo-de-media-menos-de-8-alumnos-nuevos-al-mes\/\">cada autoescuela tuvo menos de 8 alumnos nuevos al mes.<\/a><\/p>\n<p style=\"text-align: justify;\">Ante esta situaci\u00f3n cada autoescuela intenta buscar soluciones de todo tipo para no seguir engrosando la lista de autoescuelas cerradas a causa de la crisis y<strong> las autoescuelas de Segovia han optado por ofrecer m\u00e1s formaci\u00f3n ante la crisis.<\/strong><\/p>\n<p style=\"text-align: justify;\">La<strong> Asociaci\u00f3n Provincial de Autoescuelas de Segovia (APAE Segovia)<\/strong>, integrada en la<strong> Federaci\u00f3n Empresarial Segoviana (FES)<\/strong>, est\u00e1 promoviendo, para garantizar la supervivencia de sus autoescuelas asociadas, la extensi\u00f3n de sus l\u00ed\u00adneas de trabajo adem\u00e1s de seguir impartiendo las clases tradicionales tanto te\u00f3ricas como pr\u00e1cticas para la obtenci\u00f3n de los diferentes permisos de conducci\u00f3n, tambi\u00e9n se est\u00e1 ofreciendo <strong>formaci\u00f3n m\u00e1s especializada<\/strong>, fundamentalmente para los conductores profesionales.<\/p>\n<p style=\"text-align: justify;\">Desde <strong>APAE Segovi<\/strong>a se promociona la formaci\u00f3n continua de los directores y profesores de autoescuela, se imparten cursos de actualizaci\u00f3n normativa y se impulsan acciones de sensibilizaci\u00f3n y reeducaci\u00f3n vial, conducci\u00f3n eficiente y econ\u00f3mica, conducci\u00f3n en condiciones extremas&#8230;<\/p>\n<p style=\"text-align: justify;\">Entre las <strong>autoescuelas de Segovia pertenecientes al APAE <\/strong>hay varias que cuenta con la homologaci\u00f3n para impartir el CAP (Certificado de Actitud Profesional) obligatorio para los conductores profesionales de determinados veh\u00ed\u00adculos destinados al transporte por carretera, tambi\u00e9n hay autoescuelas que cuentan con la capacitaci\u00f3n necesaria para impartir cursos de ADR para el transporte de mercanc\u00ed\u00adas peligrosas.<\/p>\n","protected":false},"excerpt":{"rendered":"<p>Ya hemos comentado en varias ocasiones que la crisis econ\u00f3mica est\u00e1 golpeando de forma muy dura al sector de las autoescuelas, crisis que ha obligado a cerrar sus puertas a m\u00e1s de 180 autoescuelas en todo el pa\u00ed\u00ads, lo que ha supuesto que m\u00e1s de 5.200 personas hayan perdido sus empleos, algo que no es [&hellip;]<\/p>\n","protected":false},"author":1,"featured_media":803,"comment_status":"open","ping_status":"closed","sticky":false,"template":"","format":"standard","meta":{"footnotes":"","jetpack_publicize_message":"","jetpack_publicize_feature_enabled":true,"jetpack_social_post_already_shared":false,"jetpack_social_options":{"image_generator_settings":{"template":"highway","enabled":false},"version":2}},"categories":[3],"tags":[1664,432,648],"class_list":["post-3309","post","type-post","status-publish","format-standard","has-post-thumbnail","hentry","category-autoescuela","tag-autoescuela","tag-crisis","tag-formacion-vial"],"wppr_data":{"cwp_meta_box_check":"No","cwp_rev_product_name":"","cwp_rev_product_image":"","cwp_image_link":"image","cwp_rev_price":""},"jetpack_publicize_connections":[],"yoast_head":"<!-- This site is optimized with the Yoast SEO plugin v24.7 - https:\/\/yoast.com\/wordpress\/plugins\/seo\/ -->\n<title>M\u00e1s formaci\u00f3n en las autoescuelas de Segovia para combatir la crisis<\/title>\n<meta name=\"description\" content=\"cada autoescuela intenta buscar soluciones para no seguir engrosando la lista de autoescuelas cerradas y las de Segovia han optado por ofrecer m\u00e1s formaci\u00f3n\" \/>\n<meta name=\"robots\" content=\"index, follow, max-snippet:-1, max-image-preview:large, max-video-preview:-1\" \/>\n<link rel=\"canonical\" href=\"https:\/\/www.blogdelaautoescuela.com\/blog\/mas-formacion-en-las-autoescuelas-de-segovia-para-combatir-la-crisis\/\" \/>\n<meta property=\"og:locale\" content=\"es_ES\" \/>\n<meta property=\"og:type\" content=\"article\" \/>\n<meta property=\"og:title\" content=\"M\u00e1s formaci\u00f3n en las autoescuelas de Segovia para combatir la crisis\" \/>\n<meta property=\"og:description\" content=\"cada autoescuela intenta buscar soluciones para no seguir engrosando la lista de autoescuelas cerradas y las de Segovia han optado por ofrecer m\u00e1s formaci\u00f3n\" \/>\n<meta property=\"og:url\" content=\"https:\/\/www.blogdelaautoescuela.com\/blog\/mas-formacion-en-las-autoescuelas-de-segovia-para-combatir-la-crisis\/\" \/>\n<meta property=\"og:site_name\" content=\"Blog de la autoescuela\" \/>\n<meta property=\"article:author\" content=\"https:\/\/www.facebook.com\/blogdelaautoescuela\" \/>\n<meta property=\"article:published_time\" content=\"2010-03-01T09:57:14+00:00\" \/>\n<meta property=\"article:modified_time\" content=\"2014-12-12T12:24:10+00:00\" \/>\n<meta property=\"og:image\" content=\"https:\/\/www.blogdelaautoescuela.com\/blog\/wp-content\/uploads\/2009\/03\/profesor-autoescuela1.jpg\" \/>\n\t<meta property=\"og:image:width\" content=\"400\" \/>\n\t<meta property=\"og:image:height\" content=\"302\" \/>\n\t<meta property=\"og:image:type\" content=\"image\/jpeg\" \/>\n<meta name=\"author\" content=\"usr_blogauto\" \/>\n<meta name=\"twitter:label1\" content=\"Escrito por\" \/>\n\t<meta name=\"twitter:data1\" content=\"usr_blogauto\" \/>\n\t<meta name=\"twitter:label2\" content=\"Tiempo de lectura\" \/>\n\t<meta name=\"twitter:data2\" content=\"2 minutos\" \/>\n<script type=\"application\/ld+json\" class=\"yoast-schema-graph\">{\"@context\":\"https:\/\/schema.org\",\"@graph\":[{\"@type\":\"WebPage\",\"@id\":\"https:\/\/www.blogdelaautoescuela.com\/blog\/mas-formacion-en-las-autoescuelas-de-segovia-para-combatir-la-crisis\/\",\"url\":\"https:\/\/www.blogdelaautoescuela.com\/blog\/mas-formacion-en-las-autoescuelas-de-segovia-para-combatir-la-crisis\/\",\"name\":\"M\u00e1s formaci\u00f3n en las autoescuelas de Segovia para combatir la crisis\",\"isPartOf\":{\"@id\":\"https:\/\/www.blogdelaautoescuela.com\/blog\/#website\"},\"primaryImageOfPage\":{\"@id\":\"https:\/\/www.blogdelaautoescuela.com\/blog\/mas-formacion-en-las-autoescuelas-de-segovia-para-combatir-la-crisis\/#primaryimage\"},\"image\":{\"@id\":\"https:\/\/www.blogdelaautoescuela.com\/blog\/mas-formacion-en-las-autoescuelas-de-segovia-para-combatir-la-crisis\/#primaryimage\"},\"thumbnailUrl\":\"https:\/\/www.blogdelaautoescuela.com\/blog\/wp-content\/uploads\/2009\/03\/profesor-autoescuela1.jpg\",\"datePublished\":\"2010-03-01T09:57:14+00:00\",\"dateModified\":\"2014-12-12T12:24:10+00:00\",\"author\":{\"@id\":\"https:\/\/www.blogdelaautoescuela.com\/blog\/#\/schema\/person\/f209a64ca5dfe74b9acb6317240e792f\"},\"description\":\"cada autoescuela intenta buscar soluciones para no seguir engrosando la lista de autoescuelas cerradas y las de Segovia han optado por ofrecer m\u00e1s formaci\u00f3n\",\"breadcrumb\":{\"@id\":\"https:\/\/www.blogdelaautoescuela.com\/blog\/mas-formacion-en-las-autoescuelas-de-segovia-para-combatir-la-crisis\/#breadcrumb\"},\"inLanguage\":\"es\",\"potentialAction\":[{\"@type\":\"ReadAction\",\"target\":[\"https:\/\/www.blogdelaautoescuela.com\/blog\/mas-formacion-en-las-autoescuelas-de-segovia-para-combatir-la-crisis\/\"]}]},{\"@type\":\"ImageObject\",\"inLanguage\":\"es\",\"@id\":\"https:\/\/www.blogdelaautoescuela.com\/blog\/mas-formacion-en-las-autoescuelas-de-segovia-para-combatir-la-crisis\/#primaryimage\",\"url\":\"https:\/\/www.blogdelaautoescuela.com\/blog\/wp-content\/uploads\/2009\/03\/profesor-autoescuela1.jpg\",\"contentUrl\":\"https:\/\/www.blogdelaautoescuela.com\/blog\/wp-content\/uploads\/2009\/03\/profesor-autoescuela1.jpg\",\"width\":400,\"height\":302},{\"@type\":\"BreadcrumbList\",\"@id\":\"https:\/\/www.blogdelaautoescuela.com\/blog\/mas-formacion-en-las-autoescuelas-de-segovia-para-combatir-la-crisis\/#breadcrumb\",\"itemListElement\":[{\"@type\":\"ListItem\",\"position\":1,\"name\":\"Portada\",\"item\":\"https:\/\/www.blogdelaautoescuela.com\/blog\/\"},{\"@type\":\"ListItem\",\"position\":2,\"name\":\"M\u00e1s formaci\u00f3n en las autoescuelas de Segovia para combatir la crisis\"}]},{\"@type\":\"WebSite\",\"@id\":\"https:\/\/www.blogdelaautoescuela.com\/blog\/#website\",\"url\":\"https:\/\/www.blogdelaautoescuela.com\/blog\/\",\"name\":\"Blog de la autoescuela\",\"description\":\"Noticias sobre autoescuelas y seguridad vial\",\"potentialAction\":[{\"@type\":\"SearchAction\",\"target\":{\"@type\":\"EntryPoint\",\"urlTemplate\":\"https:\/\/www.blogdelaautoescuela.com\/blog\/?s={search_term_string}\"},\"query-input\":{\"@type\":\"PropertyValueSpecification\",\"valueRequired\":true,\"valueName\":\"search_term_string\"}}],\"inLanguage\":\"es\"},{\"@type\":\"Person\",\"@id\":\"https:\/\/www.blogdelaautoescuela.com\/blog\/#\/schema\/person\/f209a64ca5dfe74b9acb6317240e792f\",\"name\":\"usr_blogauto\",\"image\":{\"@type\":\"ImageObject\",\"inLanguage\":\"es\",\"@id\":\"https:\/\/www.blogdelaautoescuela.com\/blog\/#\/schema\/person\/image\/\",\"url\":\"https:\/\/secure.gravatar.com\/avatar\/d3939d4ea521ac8421c86d2980321cc9?s=96&d=mm&r=g\",\"contentUrl\":\"https:\/\/secure.gravatar.com\/avatar\/d3939d4ea521ac8421c86d2980321cc9?s=96&d=mm&r=g\",\"caption\":\"usr_blogauto\"},\"description\":\"Blog dedicado a la conducci\u00f3n, las autoescuelas y la seguridad vial. Est\u00e1 creado por un grupo de profesionales de la formaci\u00f3n vial que comparten inquietudes y experiencias. Aqu\u00ed\u00ad podr\u00e1s encontrar informaci\u00f3n variada sobre el d\u00ed\u00ada a d\u00ed\u00ada de la autoescuela, ex\u00e1menes, test o novedades y consejos para una conducci\u00f3n m\u00e1s segura.\",\"sameAs\":[\"http:\/\/www.blogdelaautoescuela.com\/\",\"https:\/\/www.facebook.com\/blogdelaautoescuela\",\"https:\/\/x.com\/autoescuelas\"],\"url\":\"https:\/\/www.blogdelaautoescuela.com\/blog\/author\/usr_blogauto\/\"}]}<\/script>\n<!-- \/ Yoast SEO plugin. -->","yoast_head_json":{"title":"M\u00e1s formaci\u00f3n en las autoescuelas de Segovia para combatir la crisis","description":"cada autoescuela intenta buscar soluciones para no seguir engrosando la lista de autoescuelas cerradas y las de Segovia han optado por ofrecer m\u00e1s formaci\u00f3n","robots":{"index":"index","follow":"follow","max-snippet":"max-snippet:-1","max-image-preview":"max-image-preview:large","max-video-preview":"max-video-preview:-1"},"canonical":"https:\/\/www.blogdelaautoescuela.com\/blog\/mas-formacion-en-las-autoescuelas-de-segovia-para-combatir-la-crisis\/","og_locale":"es_ES","og_type":"article","og_title":"M\u00e1s formaci\u00f3n en las autoescuelas de Segovia para combatir la crisis","og_description":"cada autoescuela intenta buscar soluciones para no seguir engrosando la lista de autoescuelas cerradas y las de Segovia han optado por ofrecer m\u00e1s formaci\u00f3n","og_url":"https:\/\/www.blogdelaautoescuela.com\/blog\/mas-formacion-en-las-autoescuelas-de-segovia-para-combatir-la-crisis\/","og_site_name":"Blog de la autoescuela","article_author":"https:\/\/www.facebook.com\/blogdelaautoescuela","article_published_time":"2010-03-01T09:57:14+00:00","article_modified_time":"2014-12-12T12:24:10+00:00","og_image":[{"width":400,"height":302,"url":"https:\/\/www.blogdelaautoescuela.com\/blog\/wp-content\/uploads\/2009\/03\/profesor-autoescuela1.jpg","type":"image\/jpeg"}],"author":"usr_blogauto","twitter_misc":{"Escrito por":"usr_blogauto","Tiempo de lectura":"2 minutos"},"schema":{"@context":"https:\/\/schema.org","@graph":[{"@type":"WebPage","@id":"https:\/\/www.blogdelaautoescuela.com\/blog\/mas-formacion-en-las-autoescuelas-de-segovia-para-combatir-la-crisis\/","url":"https:\/\/www.blogdelaautoescuela.com\/blog\/mas-formacion-en-las-autoescuelas-de-segovia-para-combatir-la-crisis\/","name":"M\u00e1s formaci\u00f3n en las autoescuelas de Segovia para combatir la crisis","isPartOf":{"@id":"https:\/\/www.blogdelaautoescuela.com\/blog\/#website"},"primaryImageOfPage":{"@id":"https:\/\/www.blogdelaautoescuela.com\/blog\/mas-formacion-en-las-autoescuelas-de-segovia-para-combatir-la-crisis\/#primaryimage"},"image":{"@id":"https:\/\/www.blogdelaautoescuela.com\/blog\/mas-formacion-en-las-autoescuelas-de-segovia-para-combatir-la-crisis\/#primaryimage"},"thumbnailUrl":"https:\/\/www.blogdelaautoescuela.com\/blog\/wp-content\/uploads\/2009\/03\/profesor-autoescuela1.jpg","datePublished":"2010-03-01T09:57:14+00:00","dateModified":"2014-12-12T12:24:10+00:00","author":{"@id":"https:\/\/www.blogdelaautoescuela.com\/blog\/#\/schema\/person\/f209a64ca5dfe74b9acb6317240e792f"},"description":"cada autoescuela intenta buscar soluciones para no seguir engrosando la lista de autoescuelas cerradas y las de Segovia han optado por ofrecer m\u00e1s formaci\u00f3n","breadcrumb":{"@id":"https:\/\/www.blogdelaautoescuela.com\/blog\/mas-formacion-en-las-autoescuelas-de-segovia-para-combatir-la-crisis\/#breadcrumb"},"inLanguage":"es","potentialAction":[{"@type":"ReadAction","target":["https:\/\/www.blogdelaautoescuela.com\/blog\/mas-formacion-en-las-autoescuelas-de-segovia-para-combatir-la-crisis\/"]}]},{"@type":"ImageObject","inLanguage":"es","@id":"https:\/\/www.blogdelaautoescuela.com\/blog\/mas-formacion-en-las-autoescuelas-de-segovia-para-combatir-la-crisis\/#primaryimage","url":"https:\/\/www.blogdelaautoescuela.com\/blog\/wp-content\/uploads\/2009\/03\/profesor-autoescuela1.jpg","contentUrl":"https:\/\/www.blogdelaautoescuela.com\/blog\/wp-content\/uploads\/2009\/03\/profesor-autoescuela1.jpg","width":400,"height":302},{"@type":"BreadcrumbList","@id":"https:\/\/www.blogdelaautoescuela.com\/blog\/mas-formacion-en-las-autoescuelas-de-segovia-para-combatir-la-crisis\/#breadcrumb","itemListElement":[{"@type":"ListItem","position":1,"name":"Portada","item":"https:\/\/www.blogdelaautoescuela.com\/blog\/"},{"@type":"ListItem","position":2,"name":"M\u00e1s formaci\u00f3n en las autoescuelas de Segovia para combatir la crisis"}]},{"@type":"WebSite","@id":"https:\/\/www.blogdelaautoescuela.com\/blog\/#website","url":"https:\/\/www.blogdelaautoescuela.com\/blog\/","name":"Blog de la autoescuela","description":"Noticias sobre autoescuelas y seguridad vial","potentialAction":[{"@type":"SearchAction","target":{"@type":"EntryPoint","urlTemplate":"https:\/\/www.blogdelaautoescuela.com\/blog\/?s={search_term_string}"},"query-input":{"@type":"PropertyValueSpecification","valueRequired":true,"valueName":"search_term_string"}}],"inLanguage":"es"},{"@type":"Person","@id":"https:\/\/www.blogdelaautoescuela.com\/blog\/#\/schema\/person\/f209a64ca5dfe74b9acb6317240e792f","name":"usr_blogauto","image":{"@type":"ImageObject","inLanguage":"es","@id":"https:\/\/www.blogdelaautoescuela.com\/blog\/#\/schema\/person\/image\/","url":"https:\/\/secure.gravatar.com\/avatar\/d3939d4ea521ac8421c86d2980321cc9?s=96&d=mm&r=g","contentUrl":"https:\/\/secure.gravatar.com\/avatar\/d3939d4ea521ac8421c86d2980321cc9?s=96&d=mm&r=g","caption":"usr_blogauto"},"description":"Blog dedicado a la conducci\u00f3n, las autoescuelas y la seguridad vial. Est\u00e1 creado por un grupo de profesionales de la formaci\u00f3n vial que comparten inquietudes y experiencias. Aqu\u00ed\u00ad podr\u00e1s encontrar informaci\u00f3n variada sobre el d\u00ed\u00ada a d\u00ed\u00ada de la autoescuela, ex\u00e1menes, test o novedades y consejos para una conducci\u00f3n m\u00e1s segura.","sameAs":["http:\/\/www.blogdelaautoescuela.com\/","https:\/\/www.facebook.com\/blogdelaautoescuela","https:\/\/x.com\/autoescuelas"],"url":"https:\/\/www.blogdelaautoescuela.com\/blog\/author\/usr_blogauto\/"}]}},"jetpack_featured_media_url":"https:\/\/www.blogdelaautoescuela.com\/blog\/wp-content\/uploads\/2009\/03\/profesor-autoescuela1.jpg","_links":{"self":[{"href":"https:\/\/www.blogdelaautoescuela.com\/blog\/wp-json\/wp\/v2\/posts\/3309","targetHints":{"allow":["GET"]}}],"collection":[{"href":"https:\/\/www.blogdelaautoescuela.com\/blog\/wp-json\/wp\/v2\/posts"}],"about":[{"href":"https:\/\/www.blogdelaautoescuela.com\/blog\/wp-json\/wp\/v2\/types\/post"}],"author":[{"embeddable":true,"href":"https:\/\/www.blogdelaautoescuela.com\/blog\/wp-json\/wp\/v2\/users\/1"}],"replies":[{"embeddable":true,"href":"https:\/\/www.blogdelaautoescuela.com\/blog\/wp-json\/wp\/v2\/comments?post=3309"}],"version-history":[{"count":0,"href":"https:\/\/www.blogdelaautoescuela.com\/blog\/wp-json\/wp\/v2\/posts\/3309\/revisions"}],"wp:featuredmedia":[{"embeddable":true,"href":"https:\/\/www.blogdelaautoescuela.com\/blog\/wp-json\/wp\/v2\/media\/803"}],"wp:attachment":[{"href":"https:\/\/www.blogdelaautoescuela.com\/blog\/wp-json\/wp\/v2\/media?parent=3309"}],"wp:term":[{"taxonomy":"category","embeddable":true,"href":"https:\/\/www.blogdelaautoescuela.com\/blog\/wp-json\/wp\/v2\/categories?post=3309"},{"taxonomy":"post_tag","embeddable":true,"href":"https:\/\/www.blogdelaautoescuela.com\/blog\/wp-json\/wp\/v2\/tags?post=3309"}],"curies":[{"name":"wp","href":"https:\/\/api.w.org\/{rel}","templated":true}]}}