
{"id":2448,"date":"2009-10-30T12:50:48","date_gmt":"2009-10-30T10:50:48","guid":{"rendered":"http:\/\/www.blogdelaautoescuela.com\/blog\/?p=2448"},"modified":"2009-10-30T12:50:48","modified_gmt":"2009-10-30T10:50:48","slug":"salon-del-vehiculo-y-combustibles-alternativos-en-la-feria-de-valladolid","status":"publish","type":"post","link":"https:\/\/www.blogdelaautoescuela.com\/blog\/salon-del-vehiculo-y-combustibles-alternativos-en-la-feria-de-valladolid\/","title":{"rendered":"Sal\u00f3n del Veh\u00ed\u00adculo y Combustibles Alternativos en la Feria de Valladolid"},"content":{"rendered":"<p style=\"text-align: center;\"><img loading=\"lazy\" decoding=\"async\" class=\"size-full wp-image-2449 aligncenter\" title=\"salon-vehiculo-combustible\" src=\"http:\/\/www.blogdelaautoescuela.com\/blog\/wp-content\/uploads\/2009\/10\/salon-vehiculo-y-combustible-alternativos-en-noviembre-en-la-feria-de-valladolid.jpg\" alt=\"salon-vehiculo-combustible\" width=\"400\" height=\"236\" \/><\/p>\n<p>Del <strong>5 al 7 de Noviembre<\/strong> se celebrar\u00e1 en la <strong>Feria de Valladolid<\/strong> el <strong>Sal\u00f3n del Veh\u00ed\u00adculo y Combustibles Alternativos<\/strong> que tiene como eslogan <strong>&#8220;Sostenibilidad y Eficiencia&#8221;.<\/strong><\/p>\n<p>A este <strong>Sal\u00f3n del Veh\u00ed\u00adculo y Combustibles Alternativos<\/strong> asistir\u00e1n m\u00e1s de 70 ponentes y alrededor de 50 expositores y durante estos d\u00ed\u00adas se desarrollar\u00e1n <strong>jornadas t\u00e9cnicas, conferencias, seminarios y demostraaciones.<\/strong><\/p>\n<p>Esta feria, pionera en Espa\u00f1a, <strong>organizada por la Feria de Valladolid en colaboraci\u00f3n con el Club de Aliados<\/strong>, del que forman parte 11\u00a0 asociaciones y colectivos, entre las que se encuentran la Asociaci\u00f3n Espa\u00f1ola del Hidr\u00f3geno (AeH2), la Confederaci\u00f3n Nacional de Autoescuelas (CNAE), la Federaci\u00f3n Nacional de Transportes de Mercanc\u00ed\u00adas (Fenadismer) y la Asociaci\u00f3n Nacional de Empresarios de Transporte de Autocares (Anetra).<\/p>\n<p>Este sal\u00f3n <strong>apuesta por la especializaci\u00f3n <\/strong>y se aleja del concepto m\u00e1s tradicional del sal\u00f3n del autom\u00f3vil, ya que en \u00e9l s\u00f3lo se presentar\u00e1n <strong>veh\u00ed\u00adculos y combustibles alternativos<\/strong> como biocombustible, autogas o hidr\u00f3geno. En ella adem\u00e1s estar\u00e1n presentes tanto <strong>veh\u00ed\u00adculos alternativos<\/strong> que en estos momentos ya se pueden encontrar circulando por las carreteras, como <strong>novedades<\/strong> ya han sido presentadas en los salones de <strong>Frankfurt y Tokio<\/strong>, pero adem\u00e1s <strong>la CNAE presentar\u00e1 los simuladores de conducci\u00f3n de veh\u00ed\u00adculos<\/strong> de<a href=\"http:\/\/www.arisoft.es\"> Arisoft<\/a>, con los que los asistentes podr\u00e1n<strong> practicar una conducci\u00f3n eficiente.<\/strong><\/p>\n<p>El <strong>Sal\u00f3n del Veh\u00ed\u00adculo y Combustible Alternativos<\/strong> contar\u00e1 con la participaci\u00f3n de empresas como Chevrolet, Mercedes-Benz, Renault, Toyota y Michel\u00ed\u00adn, que contribuir\u00e1n al conocimiento de sus productos entre los profesionales y los ciudadanos.<\/p>\n<p>Adem\u00e1s de las<strong> jornadas dedicadas a los expertos<\/strong> el sal\u00f3n tambi\u00e9n estar\u00e1 <strong>abierto al resto de visitantes<\/strong> durante el jueves 5 y el viernes 6 por la ma\u00f1ana, y podr\u00e1n <strong>probar los veh\u00ed\u00adculos expuestos y practicar con los simuladores de conducci\u00f3n.<\/strong><\/p>\n<p>Quienes quieran m\u00e1s informaci\u00f3n sobre la Feria pueden visitar<strong> <\/strong><a href=\"http:\/\/feriavalladolid.com\/vehiculoalternativo\/\">Feria de Valladolid<\/a><\/p>\n","protected":false},"excerpt":{"rendered":"<p>Del 5 al 7 de Noviembre se celebrar\u00e1 en la Feria de Valladolid el Sal\u00f3n del Veh\u00ed\u00adculo y Combustibles Alternativos que tiene como eslogan &#8220;Sostenibilidad y Eficiencia&#8221;. A este Sal\u00f3n del Veh\u00ed\u00adculo y Combustibles Alternativos asistir\u00e1n m\u00e1s de 70 ponentes y alrededor de 50 expositores y durante estos d\u00ed\u00adas se desarrollar\u00e1n jornadas t\u00e9cnicas, conferencias, seminarios [&hellip;]<\/p>\n","protected":false},"author":1,"featured_media":2449,"comment_status":"open","ping_status":"closed","sticky":false,"template":"","format":"standard","meta":{"footnotes":"","jetpack_publicize_message":"","jetpack_publicize_feature_enabled":true,"jetpack_social_post_already_shared":false,"jetpack_social_options":{"image_generator_settings":{"template":"highway","enabled":false},"version":2}},"categories":[5,12],"tags":[1666,624,1672],"class_list":["post-2448","post","type-post","status-publish","format-standard","has-post-thumbnail","hentry","category-conduccion-eficiente","category-noticias","tag-conduccion-eficiente","tag-ferias","tag-noticias"],"wppr_data":[],"jetpack_publicize_connections":[],"yoast_head":"<!-- This site is optimized with the Yoast SEO plugin v24.7 - https:\/\/yoast.com\/wordpress\/plugins\/seo\/ -->\n<title>Sal\u00f3n del Veh\u00ed\u00adculo y Combustibles Alternativos en la Feria de Valladolid<\/title>\n<meta name=\"description\" content=\"Del 5 al 7 de Noviembre se celebrar\u00e1 en la Feria de Valladolid el Sal\u00f3n del Veh\u00ed\u00adculo y Combustibles Alternativos que tiene como eslogan &quot;Sostenibilidad y Eficiencia&quot;.\" \/>\n<meta name=\"robots\" content=\"index, follow, max-snippet:-1, max-image-preview:large, max-video-preview:-1\" \/>\n<link rel=\"canonical\" href=\"https:\/\/www.blogdelaautoescuela.com\/blog\/salon-del-vehiculo-y-combustibles-alternativos-en-la-feria-de-valladolid\/\" \/>\n<meta property=\"og:locale\" content=\"es_ES\" \/>\n<meta property=\"og:type\" content=\"article\" \/>\n<meta property=\"og:title\" content=\"Sal\u00f3n del Veh\u00ed\u00adculo y Combustibles Alternativos en la Feria de Valladolid\" \/>\n<meta property=\"og:description\" content=\"Del 5 al 7 de Noviembre se celebrar\u00e1 en la Feria de Valladolid el Sal\u00f3n del Veh\u00ed\u00adculo y Combustibles Alternativos que tiene como eslogan &quot;Sostenibilidad y Eficiencia&quot;.\" \/>\n<meta property=\"og:url\" content=\"https:\/\/www.blogdelaautoescuela.com\/blog\/salon-del-vehiculo-y-combustibles-alternativos-en-la-feria-de-valladolid\/\" \/>\n<meta property=\"og:site_name\" content=\"Blog de la autoescuela\" \/>\n<meta property=\"article:author\" content=\"https:\/\/www.facebook.com\/blogdelaautoescuela\" \/>\n<meta property=\"article:published_time\" content=\"2009-10-30T10:50:48+00:00\" \/>\n<meta property=\"og:image\" content=\"https:\/\/www.blogdelaautoescuela.com\/blog\/wp-content\/uploads\/2009\/10\/salon-vehiculo-y-combustible-alternativos-en-noviembre-en-la-feria-de-valladolid1.jpg\" \/>\n\t<meta property=\"og:image:width\" content=\"400\" \/>\n\t<meta property=\"og:image:height\" content=\"236\" \/>\n\t<meta property=\"og:image:type\" content=\"image\/jpeg\" \/>\n<meta name=\"author\" content=\"usr_blogauto\" \/>\n<meta name=\"twitter:label1\" content=\"Escrito por\" \/>\n\t<meta name=\"twitter:data1\" content=\"usr_blogauto\" \/>\n\t<meta name=\"twitter:label2\" content=\"Tiempo de lectura\" \/>\n\t<meta name=\"twitter:data2\" content=\"2 minutos\" \/>\n<script type=\"application\/ld+json\" class=\"yoast-schema-graph\">{\"@context\":\"https:\/\/schema.org\",\"@graph\":[{\"@type\":\"WebPage\",\"@id\":\"https:\/\/www.blogdelaautoescuela.com\/blog\/salon-del-vehiculo-y-combustibles-alternativos-en-la-feria-de-valladolid\/\",\"url\":\"https:\/\/www.blogdelaautoescuela.com\/blog\/salon-del-vehiculo-y-combustibles-alternativos-en-la-feria-de-valladolid\/\",\"name\":\"Sal\u00f3n del Veh\u00ed\u00adculo y Combustibles Alternativos en la Feria de Valladolid\",\"isPartOf\":{\"@id\":\"https:\/\/www.blogdelaautoescuela.com\/blog\/#website\"},\"primaryImageOfPage\":{\"@id\":\"https:\/\/www.blogdelaautoescuela.com\/blog\/salon-del-vehiculo-y-combustibles-alternativos-en-la-feria-de-valladolid\/#primaryimage\"},\"image\":{\"@id\":\"https:\/\/www.blogdelaautoescuela.com\/blog\/salon-del-vehiculo-y-combustibles-alternativos-en-la-feria-de-valladolid\/#primaryimage\"},\"thumbnailUrl\":\"https:\/\/www.blogdelaautoescuela.com\/blog\/wp-content\/uploads\/2009\/10\/salon-vehiculo-y-combustible-alternativos-en-noviembre-en-la-feria-de-valladolid1.jpg\",\"datePublished\":\"2009-10-30T10:50:48+00:00\",\"author\":{\"@id\":\"https:\/\/www.blogdelaautoescuela.com\/blog\/#\/schema\/person\/f209a64ca5dfe74b9acb6317240e792f\"},\"description\":\"Del 5 al 7 de Noviembre se celebrar\u00e1 en la Feria de Valladolid el Sal\u00f3n del Veh\u00ed\u00adculo y Combustibles Alternativos que tiene como eslogan \\\"Sostenibilidad y Eficiencia\\\".\",\"breadcrumb\":{\"@id\":\"https:\/\/www.blogdelaautoescuela.com\/blog\/salon-del-vehiculo-y-combustibles-alternativos-en-la-feria-de-valladolid\/#breadcrumb\"},\"inLanguage\":\"es\",\"potentialAction\":[{\"@type\":\"ReadAction\",\"target\":[\"https:\/\/www.blogdelaautoescuela.com\/blog\/salon-del-vehiculo-y-combustibles-alternativos-en-la-feria-de-valladolid\/\"]}]},{\"@type\":\"ImageObject\",\"inLanguage\":\"es\",\"@id\":\"https:\/\/www.blogdelaautoescuela.com\/blog\/salon-del-vehiculo-y-combustibles-alternativos-en-la-feria-de-valladolid\/#primaryimage\",\"url\":\"https:\/\/www.blogdelaautoescuela.com\/blog\/wp-content\/uploads\/2009\/10\/salon-vehiculo-y-combustible-alternativos-en-noviembre-en-la-feria-de-valladolid1.jpg\",\"contentUrl\":\"https:\/\/www.blogdelaautoescuela.com\/blog\/wp-content\/uploads\/2009\/10\/salon-vehiculo-y-combustible-alternativos-en-noviembre-en-la-feria-de-valladolid1.jpg\",\"width\":400,\"height\":236},{\"@type\":\"BreadcrumbList\",\"@id\":\"https:\/\/www.blogdelaautoescuela.com\/blog\/salon-del-vehiculo-y-combustibles-alternativos-en-la-feria-de-valladolid\/#breadcrumb\",\"itemListElement\":[{\"@type\":\"ListItem\",\"position\":1,\"name\":\"Portada\",\"item\":\"https:\/\/www.blogdelaautoescuela.com\/blog\/\"},{\"@type\":\"ListItem\",\"position\":2,\"name\":\"Sal\u00f3n del Veh\u00ed\u00adculo y Combustibles Alternativos en la Feria de Valladolid\"}]},{\"@type\":\"WebSite\",\"@id\":\"https:\/\/www.blogdelaautoescuela.com\/blog\/#website\",\"url\":\"https:\/\/www.blogdelaautoescuela.com\/blog\/\",\"name\":\"Blog de la autoescuela\",\"description\":\"Noticias sobre autoescuelas y seguridad vial\",\"potentialAction\":[{\"@type\":\"SearchAction\",\"target\":{\"@type\":\"EntryPoint\",\"urlTemplate\":\"https:\/\/www.blogdelaautoescuela.com\/blog\/?s={search_term_string}\"},\"query-input\":{\"@type\":\"PropertyValueSpecification\",\"valueRequired\":true,\"valueName\":\"search_term_string\"}}],\"inLanguage\":\"es\"},{\"@type\":\"Person\",\"@id\":\"https:\/\/www.blogdelaautoescuela.com\/blog\/#\/schema\/person\/f209a64ca5dfe74b9acb6317240e792f\",\"name\":\"usr_blogauto\",\"image\":{\"@type\":\"ImageObject\",\"inLanguage\":\"es\",\"@id\":\"https:\/\/www.blogdelaautoescuela.com\/blog\/#\/schema\/person\/image\/\",\"url\":\"https:\/\/secure.gravatar.com\/avatar\/d3939d4ea521ac8421c86d2980321cc9?s=96&d=mm&r=g\",\"contentUrl\":\"https:\/\/secure.gravatar.com\/avatar\/d3939d4ea521ac8421c86d2980321cc9?s=96&d=mm&r=g\",\"caption\":\"usr_blogauto\"},\"description\":\"Blog dedicado a la conducci\u00f3n, las autoescuelas y la seguridad vial. Est\u00e1 creado por un grupo de profesionales de la formaci\u00f3n vial que comparten inquietudes y experiencias. Aqu\u00ed\u00ad podr\u00e1s encontrar informaci\u00f3n variada sobre el d\u00ed\u00ada a d\u00ed\u00ada de la autoescuela, ex\u00e1menes, test o novedades y consejos para una conducci\u00f3n m\u00e1s segura.\",\"sameAs\":[\"http:\/\/www.blogdelaautoescuela.com\/\",\"https:\/\/www.facebook.com\/blogdelaautoescuela\",\"https:\/\/x.com\/autoescuelas\"],\"url\":\"https:\/\/www.blogdelaautoescuela.com\/blog\/author\/usr_blogauto\/\"}]}<\/script>\n<!-- \/ Yoast SEO plugin. -->","yoast_head_json":{"title":"Sal\u00f3n del Veh\u00ed\u00adculo y Combustibles Alternativos en la Feria de Valladolid","description":"Del 5 al 7 de Noviembre se celebrar\u00e1 en la Feria de Valladolid el Sal\u00f3n del Veh\u00ed\u00adculo y Combustibles Alternativos que tiene como eslogan \"Sostenibilidad y Eficiencia\".","robots":{"index":"index","follow":"follow","max-snippet":"max-snippet:-1","max-image-preview":"max-image-preview:large","max-video-preview":"max-video-preview:-1"},"canonical":"https:\/\/www.blogdelaautoescuela.com\/blog\/salon-del-vehiculo-y-combustibles-alternativos-en-la-feria-de-valladolid\/","og_locale":"es_ES","og_type":"article","og_title":"Sal\u00f3n del Veh\u00ed\u00adculo y Combustibles Alternativos en la Feria de Valladolid","og_description":"Del 5 al 7 de Noviembre se celebrar\u00e1 en la Feria de Valladolid el Sal\u00f3n del Veh\u00ed\u00adculo y Combustibles Alternativos que tiene como eslogan \"Sostenibilidad y Eficiencia\".","og_url":"https:\/\/www.blogdelaautoescuela.com\/blog\/salon-del-vehiculo-y-combustibles-alternativos-en-la-feria-de-valladolid\/","og_site_name":"Blog de la autoescuela","article_author":"https:\/\/www.facebook.com\/blogdelaautoescuela","article_published_time":"2009-10-30T10:50:48+00:00","og_image":[{"width":400,"height":236,"url":"https:\/\/www.blogdelaautoescuela.com\/blog\/wp-content\/uploads\/2009\/10\/salon-vehiculo-y-combustible-alternativos-en-noviembre-en-la-feria-de-valladolid1.jpg","type":"image\/jpeg"}],"author":"usr_blogauto","twitter_misc":{"Escrito por":"usr_blogauto","Tiempo de lectura":"2 minutos"},"schema":{"@context":"https:\/\/schema.org","@graph":[{"@type":"WebPage","@id":"https:\/\/www.blogdelaautoescuela.com\/blog\/salon-del-vehiculo-y-combustibles-alternativos-en-la-feria-de-valladolid\/","url":"https:\/\/www.blogdelaautoescuela.com\/blog\/salon-del-vehiculo-y-combustibles-alternativos-en-la-feria-de-valladolid\/","name":"Sal\u00f3n del Veh\u00ed\u00adculo y Combustibles Alternativos en la Feria de Valladolid","isPartOf":{"@id":"https:\/\/www.blogdelaautoescuela.com\/blog\/#website"},"primaryImageOfPage":{"@id":"https:\/\/www.blogdelaautoescuela.com\/blog\/salon-del-vehiculo-y-combustibles-alternativos-en-la-feria-de-valladolid\/#primaryimage"},"image":{"@id":"https:\/\/www.blogdelaautoescuela.com\/blog\/salon-del-vehiculo-y-combustibles-alternativos-en-la-feria-de-valladolid\/#primaryimage"},"thumbnailUrl":"https:\/\/www.blogdelaautoescuela.com\/blog\/wp-content\/uploads\/2009\/10\/salon-vehiculo-y-combustible-alternativos-en-noviembre-en-la-feria-de-valladolid1.jpg","datePublished":"2009-10-30T10:50:48+00:00","author":{"@id":"https:\/\/www.blogdelaautoescuela.com\/blog\/#\/schema\/person\/f209a64ca5dfe74b9acb6317240e792f"},"description":"Del 5 al 7 de Noviembre se celebrar\u00e1 en la Feria de Valladolid el Sal\u00f3n del Veh\u00ed\u00adculo y Combustibles Alternativos que tiene como eslogan \"Sostenibilidad y Eficiencia\".","breadcrumb":{"@id":"https:\/\/www.blogdelaautoescuela.com\/blog\/salon-del-vehiculo-y-combustibles-alternativos-en-la-feria-de-valladolid\/#breadcrumb"},"inLanguage":"es","potentialAction":[{"@type":"ReadAction","target":["https:\/\/www.blogdelaautoescuela.com\/blog\/salon-del-vehiculo-y-combustibles-alternativos-en-la-feria-de-valladolid\/"]}]},{"@type":"ImageObject","inLanguage":"es","@id":"https:\/\/www.blogdelaautoescuela.com\/blog\/salon-del-vehiculo-y-combustibles-alternativos-en-la-feria-de-valladolid\/#primaryimage","url":"https:\/\/www.blogdelaautoescuela.com\/blog\/wp-content\/uploads\/2009\/10\/salon-vehiculo-y-combustible-alternativos-en-noviembre-en-la-feria-de-valladolid1.jpg","contentUrl":"https:\/\/www.blogdelaautoescuela.com\/blog\/wp-content\/uploads\/2009\/10\/salon-vehiculo-y-combustible-alternativos-en-noviembre-en-la-feria-de-valladolid1.jpg","width":400,"height":236},{"@type":"BreadcrumbList","@id":"https:\/\/www.blogdelaautoescuela.com\/blog\/salon-del-vehiculo-y-combustibles-alternativos-en-la-feria-de-valladolid\/#breadcrumb","itemListElement":[{"@type":"ListItem","position":1,"name":"Portada","item":"https:\/\/www.blogdelaautoescuela.com\/blog\/"},{"@type":"ListItem","position":2,"name":"Sal\u00f3n del Veh\u00ed\u00adculo y Combustibles Alternativos en la Feria de Valladolid"}]},{"@type":"WebSite","@id":"https:\/\/www.blogdelaautoescuela.com\/blog\/#website","url":"https:\/\/www.blogdelaautoescuela.com\/blog\/","name":"Blog de la autoescuela","description":"Noticias sobre autoescuelas y seguridad vial","potentialAction":[{"@type":"SearchAction","target":{"@type":"EntryPoint","urlTemplate":"https:\/\/www.blogdelaautoescuela.com\/blog\/?s={search_term_string}"},"query-input":{"@type":"PropertyValueSpecification","valueRequired":true,"valueName":"search_term_string"}}],"inLanguage":"es"},{"@type":"Person","@id":"https:\/\/www.blogdelaautoescuela.com\/blog\/#\/schema\/person\/f209a64ca5dfe74b9acb6317240e792f","name":"usr_blogauto","image":{"@type":"ImageObject","inLanguage":"es","@id":"https:\/\/www.blogdelaautoescuela.com\/blog\/#\/schema\/person\/image\/","url":"https:\/\/secure.gravatar.com\/avatar\/d3939d4ea521ac8421c86d2980321cc9?s=96&d=mm&r=g","contentUrl":"https:\/\/secure.gravatar.com\/avatar\/d3939d4ea521ac8421c86d2980321cc9?s=96&d=mm&r=g","caption":"usr_blogauto"},"description":"Blog dedicado a la conducci\u00f3n, las autoescuelas y la seguridad vial. Est\u00e1 creado por un grupo de profesionales de la formaci\u00f3n vial que comparten inquietudes y experiencias. Aqu\u00ed\u00ad podr\u00e1s encontrar informaci\u00f3n variada sobre el d\u00ed\u00ada a d\u00ed\u00ada de la autoescuela, ex\u00e1menes, test o novedades y consejos para una conducci\u00f3n m\u00e1s segura.","sameAs":["http:\/\/www.blogdelaautoescuela.com\/","https:\/\/www.facebook.com\/blogdelaautoescuela","https:\/\/x.com\/autoescuelas"],"url":"https:\/\/www.blogdelaautoescuela.com\/blog\/author\/usr_blogauto\/"}]}},"jetpack_featured_media_url":"https:\/\/www.blogdelaautoescuela.com\/blog\/wp-content\/uploads\/2009\/10\/salon-vehiculo-y-combustible-alternativos-en-noviembre-en-la-feria-de-valladolid1.jpg","_links":{"self":[{"href":"https:\/\/www.blogdelaautoescuela.com\/blog\/wp-json\/wp\/v2\/posts\/2448","targetHints":{"allow":["GET"]}}],"collection":[{"href":"https:\/\/www.blogdelaautoescuela.com\/blog\/wp-json\/wp\/v2\/posts"}],"about":[{"href":"https:\/\/www.blogdelaautoescuela.com\/blog\/wp-json\/wp\/v2\/types\/post"}],"author":[{"embeddable":true,"href":"https:\/\/www.blogdelaautoescuela.com\/blog\/wp-json\/wp\/v2\/users\/1"}],"replies":[{"embeddable":true,"href":"https:\/\/www.blogdelaautoescuela.com\/blog\/wp-json\/wp\/v2\/comments?post=2448"}],"version-history":[{"count":0,"href":"https:\/\/www.blogdelaautoescuela.com\/blog\/wp-json\/wp\/v2\/posts\/2448\/revisions"}],"wp:featuredmedia":[{"embeddable":true,"href":"https:\/\/www.blogdelaautoescuela.com\/blog\/wp-json\/wp\/v2\/media\/2449"}],"wp:attachment":[{"href":"https:\/\/www.blogdelaautoescuela.com\/blog\/wp-json\/wp\/v2\/media?parent=2448"}],"wp:term":[{"taxonomy":"category","embeddable":true,"href":"https:\/\/www.blogdelaautoescuela.com\/blog\/wp-json\/wp\/v2\/categories?post=2448"},{"taxonomy":"post_tag","embeddable":true,"href":"https:\/\/www.blogdelaautoescuela.com\/blog\/wp-json\/wp\/v2\/tags?post=2448"}],"curies":[{"name":"wp","href":"https:\/\/api.w.org\/{rel}","templated":true}]}}