
{"id":2002,"date":"2009-09-11T10:59:41","date_gmt":"2009-09-11T08:59:41","guid":{"rendered":"http:\/\/www.blogdelaautoescuela.com\/blog\/?p=2002"},"modified":"2019-09-18T11:00:34","modified_gmt":"2019-09-18T09:00:34","slug":"campana-de-tecnicas-de-conduccion-eficiente-en-la-semana-de-la-movilidad-de-santander","status":"publish","type":"post","link":"https:\/\/www.blogdelaautoescuela.com\/blog\/campana-de-tecnicas-de-conduccion-eficiente-en-la-semana-de-la-movilidad-de-santander\/","title":{"rendered":"Campa\u00f1a de t\u00e9cnicas de conducci\u00f3n eficiente en la Semana de la Movilidad de Santander"},"content":{"rendered":"<p style=\"text-align: center;\"><img loading=\"lazy\" decoding=\"async\" class=\"size-full wp-image-2003 aligncenter\" title=\"contaminacion_vehiculos\" src=\"http:\/\/www.blogdelaautoescuela.com\/blog\/wp-content\/uploads\/2009\/09\/contaminacion_vehiculos.jpg\" alt=\"contaminacion_vehiculos\" width=\"400\" height=\"274\" \/><\/p>\n<p>Durante los d\u00ed\u00adas comprendidos entre el <strong>16 y el 22 de septiembre<\/strong> se celebra en <strong>Santander<\/strong> la <strong>Semana de la Movilidad<\/strong>, una iniciativa europea que se celebra por s\u00e9ptimo a\u00f1o consecutivo y que este a\u00f1o lleva el lema<em><strong> &#8220;Mejora el clima de tu ciudad&#8221;.<\/strong><\/em><\/p>\n<p>Durante estos d\u00ed\u00adas en los que se celebra la <strong>Semana de la Movilidad<\/strong> se incidir\u00e1 en la necesidad de reducir la emisi\u00f3n de gases contaminantes para luchar contra el cambio clim\u00e1tico y se intentar\u00e1n cambiar las pautas de desplazamiento de los ciudadanos para que sus desplazamientos sean menos contaminantes.<\/p>\n<p>Una de las acciones que se llevar\u00e1n a cabo durante estos d\u00ed\u00adas es la<em><strong> &#8220;Campa\u00f1a de t\u00e9cnicas de conducci\u00f3n eficiente&#8221;<\/strong><\/em>, en la que colaboran el <strong>Ayuntamiento de Santander con las autoescuelas<\/strong>, a trav\u00e9s de esta capa\u00f1a se pretende cambiar las pautas de desplazamiento de los conductores y se busca un ahorro de combustible que puede llegar a un 15%.<\/p>\n<p>A trav\u00e9s de la <strong>Campa\u00f1a de conducci\u00f3n eficiente<\/strong> se repartir\u00e1n 5.000 folletos entre los alumnos de las 20 autoescuelas que forman parte de la <strong>Asociaci\u00f3n de Autoescuelas de Cantabria<\/strong>.<\/p>\n<p>Fuente: <a href=\"http:\/\/www.abc.es\/agencias\/noticia.asp?noticia=103899\">ABC<\/a><\/p>\n","protected":false},"excerpt":{"rendered":"<p>Durante los d\u00ed\u00adas comprendidos entre el 16 y el 22 de septiembre se celebra en Santander la Semana de la Movilidad, una iniciativa europea que se celebra por s\u00e9ptimo a\u00f1o consecutivo y que este a\u00f1o lleva el lema &#8220;Mejora el clima de tu ciudad&#8221;. Durante estos d\u00ed\u00adas en los que se celebra la Semana de [&hellip;]<\/p>\n","protected":false},"author":1,"featured_media":2003,"comment_status":"open","ping_status":"closed","sticky":false,"template":"","format":"standard","meta":{"footnotes":"","jetpack_publicize_message":"","jetpack_publicize_feature_enabled":true,"jetpack_social_post_already_shared":false,"jetpack_social_options":{"image_generator_settings":{"template":"highway","enabled":false},"version":2}},"categories":[5],"tags":[1666,1672],"class_list":["post-2002","post","type-post","status-publish","format-standard","has-post-thumbnail","hentry","category-conduccion-eficiente","tag-conduccion-eficiente","tag-noticias"],"wppr_data":{"cwp_meta_box_check":"No"},"jetpack_publicize_connections":[],"yoast_head":"<!-- This site is optimized with the Yoast SEO plugin v24.7 - https:\/\/yoast.com\/wordpress\/plugins\/seo\/ -->\n<title>Campa\u00f1a de t\u00e9cnicas de conducci\u00f3n eficiente en la Semana de la Movilidad de Santander<\/title>\n<meta name=\"description\" content=\"entre el 16 y el 22 de septiembre se celebra en Santander la Semana de la Movilidad, una iniciativa europea que se celebra por s\u00e9ptimo a\u00f1o consecutivo...\" \/>\n<meta name=\"robots\" content=\"index, follow, max-snippet:-1, max-image-preview:large, max-video-preview:-1\" \/>\n<link rel=\"canonical\" href=\"https:\/\/www.blogdelaautoescuela.com\/blog\/campana-de-tecnicas-de-conduccion-eficiente-en-la-semana-de-la-movilidad-de-santander\/\" \/>\n<meta property=\"og:locale\" content=\"es_ES\" \/>\n<meta property=\"og:type\" content=\"article\" \/>\n<meta property=\"og:title\" content=\"Campa\u00f1a de t\u00e9cnicas de conducci\u00f3n eficiente en la Semana de la Movilidad de Santander\" \/>\n<meta property=\"og:description\" content=\"entre el 16 y el 22 de septiembre se celebra en Santander la Semana de la Movilidad, una iniciativa europea que se celebra por s\u00e9ptimo a\u00f1o consecutivo...\" \/>\n<meta property=\"og:url\" content=\"https:\/\/www.blogdelaautoescuela.com\/blog\/campana-de-tecnicas-de-conduccion-eficiente-en-la-semana-de-la-movilidad-de-santander\/\" \/>\n<meta property=\"og:site_name\" content=\"Blog de la autoescuela\" \/>\n<meta property=\"article:author\" content=\"https:\/\/www.facebook.com\/blogdelaautoescuela\" \/>\n<meta property=\"article:published_time\" content=\"2009-09-11T08:59:41+00:00\" \/>\n<meta property=\"article:modified_time\" content=\"2019-09-18T09:00:34+00:00\" \/>\n<meta property=\"og:image\" content=\"https:\/\/www.blogdelaautoescuela.com\/blog\/wp-content\/uploads\/2009\/09\/contaminacion_vehiculos1.jpg\" \/>\n\t<meta property=\"og:image:width\" content=\"400\" \/>\n\t<meta property=\"og:image:height\" content=\"274\" \/>\n\t<meta property=\"og:image:type\" content=\"image\/jpeg\" \/>\n<meta name=\"author\" content=\"usr_blogauto\" \/>\n<meta name=\"twitter:label1\" content=\"Escrito por\" \/>\n\t<meta name=\"twitter:data1\" content=\"usr_blogauto\" \/>\n\t<meta name=\"twitter:label2\" content=\"Tiempo de lectura\" \/>\n\t<meta name=\"twitter:data2\" content=\"1 minuto\" \/>\n<script type=\"application\/ld+json\" class=\"yoast-schema-graph\">{\"@context\":\"https:\/\/schema.org\",\"@graph\":[{\"@type\":\"WebPage\",\"@id\":\"https:\/\/www.blogdelaautoescuela.com\/blog\/campana-de-tecnicas-de-conduccion-eficiente-en-la-semana-de-la-movilidad-de-santander\/\",\"url\":\"https:\/\/www.blogdelaautoescuela.com\/blog\/campana-de-tecnicas-de-conduccion-eficiente-en-la-semana-de-la-movilidad-de-santander\/\",\"name\":\"Campa\u00f1a de t\u00e9cnicas de conducci\u00f3n eficiente en la Semana de la Movilidad de Santander\",\"isPartOf\":{\"@id\":\"https:\/\/www.blogdelaautoescuela.com\/blog\/#website\"},\"primaryImageOfPage\":{\"@id\":\"https:\/\/www.blogdelaautoescuela.com\/blog\/campana-de-tecnicas-de-conduccion-eficiente-en-la-semana-de-la-movilidad-de-santander\/#primaryimage\"},\"image\":{\"@id\":\"https:\/\/www.blogdelaautoescuela.com\/blog\/campana-de-tecnicas-de-conduccion-eficiente-en-la-semana-de-la-movilidad-de-santander\/#primaryimage\"},\"thumbnailUrl\":\"https:\/\/www.blogdelaautoescuela.com\/blog\/wp-content\/uploads\/2009\/09\/contaminacion_vehiculos1.jpg\",\"datePublished\":\"2009-09-11T08:59:41+00:00\",\"dateModified\":\"2019-09-18T09:00:34+00:00\",\"author\":{\"@id\":\"https:\/\/www.blogdelaautoescuela.com\/blog\/#\/schema\/person\/f209a64ca5dfe74b9acb6317240e792f\"},\"description\":\"entre el 16 y el 22 de septiembre se celebra en Santander la Semana de la Movilidad, una iniciativa europea que se celebra por s\u00e9ptimo a\u00f1o consecutivo...\",\"breadcrumb\":{\"@id\":\"https:\/\/www.blogdelaautoescuela.com\/blog\/campana-de-tecnicas-de-conduccion-eficiente-en-la-semana-de-la-movilidad-de-santander\/#breadcrumb\"},\"inLanguage\":\"es\",\"potentialAction\":[{\"@type\":\"ReadAction\",\"target\":[\"https:\/\/www.blogdelaautoescuela.com\/blog\/campana-de-tecnicas-de-conduccion-eficiente-en-la-semana-de-la-movilidad-de-santander\/\"]}]},{\"@type\":\"ImageObject\",\"inLanguage\":\"es\",\"@id\":\"https:\/\/www.blogdelaautoescuela.com\/blog\/campana-de-tecnicas-de-conduccion-eficiente-en-la-semana-de-la-movilidad-de-santander\/#primaryimage\",\"url\":\"https:\/\/www.blogdelaautoescuela.com\/blog\/wp-content\/uploads\/2009\/09\/contaminacion_vehiculos1.jpg\",\"contentUrl\":\"https:\/\/www.blogdelaautoescuela.com\/blog\/wp-content\/uploads\/2009\/09\/contaminacion_vehiculos1.jpg\",\"width\":400,\"height\":274},{\"@type\":\"BreadcrumbList\",\"@id\":\"https:\/\/www.blogdelaautoescuela.com\/blog\/campana-de-tecnicas-de-conduccion-eficiente-en-la-semana-de-la-movilidad-de-santander\/#breadcrumb\",\"itemListElement\":[{\"@type\":\"ListItem\",\"position\":1,\"name\":\"Portada\",\"item\":\"https:\/\/www.blogdelaautoescuela.com\/blog\/\"},{\"@type\":\"ListItem\",\"position\":2,\"name\":\"Campa\u00f1a de t\u00e9cnicas de conducci\u00f3n eficiente en la Semana de la Movilidad de Santander\"}]},{\"@type\":\"WebSite\",\"@id\":\"https:\/\/www.blogdelaautoescuela.com\/blog\/#website\",\"url\":\"https:\/\/www.blogdelaautoescuela.com\/blog\/\",\"name\":\"Blog de la autoescuela\",\"description\":\"Noticias sobre autoescuelas y seguridad vial\",\"potentialAction\":[{\"@type\":\"SearchAction\",\"target\":{\"@type\":\"EntryPoint\",\"urlTemplate\":\"https:\/\/www.blogdelaautoescuela.com\/blog\/?s={search_term_string}\"},\"query-input\":{\"@type\":\"PropertyValueSpecification\",\"valueRequired\":true,\"valueName\":\"search_term_string\"}}],\"inLanguage\":\"es\"},{\"@type\":\"Person\",\"@id\":\"https:\/\/www.blogdelaautoescuela.com\/blog\/#\/schema\/person\/f209a64ca5dfe74b9acb6317240e792f\",\"name\":\"usr_blogauto\",\"image\":{\"@type\":\"ImageObject\",\"inLanguage\":\"es\",\"@id\":\"https:\/\/www.blogdelaautoescuela.com\/blog\/#\/schema\/person\/image\/\",\"url\":\"https:\/\/secure.gravatar.com\/avatar\/d3939d4ea521ac8421c86d2980321cc9?s=96&d=mm&r=g\",\"contentUrl\":\"https:\/\/secure.gravatar.com\/avatar\/d3939d4ea521ac8421c86d2980321cc9?s=96&d=mm&r=g\",\"caption\":\"usr_blogauto\"},\"description\":\"Blog dedicado a la conducci\u00f3n, las autoescuelas y la seguridad vial. Est\u00e1 creado por un grupo de profesionales de la formaci\u00f3n vial que comparten inquietudes y experiencias. Aqu\u00ed\u00ad podr\u00e1s encontrar informaci\u00f3n variada sobre el d\u00ed\u00ada a d\u00ed\u00ada de la autoescuela, ex\u00e1menes, test o novedades y consejos para una conducci\u00f3n m\u00e1s segura.\",\"sameAs\":[\"http:\/\/www.blogdelaautoescuela.com\/\",\"https:\/\/www.facebook.com\/blogdelaautoescuela\",\"https:\/\/x.com\/autoescuelas\"],\"url\":\"https:\/\/www.blogdelaautoescuela.com\/blog\/author\/usr_blogauto\/\"}]}<\/script>\n<!-- \/ Yoast SEO plugin. -->","yoast_head_json":{"title":"Campa\u00f1a de t\u00e9cnicas de conducci\u00f3n eficiente en la Semana de la Movilidad de Santander","description":"entre el 16 y el 22 de septiembre se celebra en Santander la Semana de la Movilidad, una iniciativa europea que se celebra por s\u00e9ptimo a\u00f1o consecutivo...","robots":{"index":"index","follow":"follow","max-snippet":"max-snippet:-1","max-image-preview":"max-image-preview:large","max-video-preview":"max-video-preview:-1"},"canonical":"https:\/\/www.blogdelaautoescuela.com\/blog\/campana-de-tecnicas-de-conduccion-eficiente-en-la-semana-de-la-movilidad-de-santander\/","og_locale":"es_ES","og_type":"article","og_title":"Campa\u00f1a de t\u00e9cnicas de conducci\u00f3n eficiente en la Semana de la Movilidad de Santander","og_description":"entre el 16 y el 22 de septiembre se celebra en Santander la Semana de la Movilidad, una iniciativa europea que se celebra por s\u00e9ptimo a\u00f1o consecutivo...","og_url":"https:\/\/www.blogdelaautoescuela.com\/blog\/campana-de-tecnicas-de-conduccion-eficiente-en-la-semana-de-la-movilidad-de-santander\/","og_site_name":"Blog de la autoescuela","article_author":"https:\/\/www.facebook.com\/blogdelaautoescuela","article_published_time":"2009-09-11T08:59:41+00:00","article_modified_time":"2019-09-18T09:00:34+00:00","og_image":[{"width":400,"height":274,"url":"https:\/\/www.blogdelaautoescuela.com\/blog\/wp-content\/uploads\/2009\/09\/contaminacion_vehiculos1.jpg","type":"image\/jpeg"}],"author":"usr_blogauto","twitter_misc":{"Escrito por":"usr_blogauto","Tiempo de lectura":"1 minuto"},"schema":{"@context":"https:\/\/schema.org","@graph":[{"@type":"WebPage","@id":"https:\/\/www.blogdelaautoescuela.com\/blog\/campana-de-tecnicas-de-conduccion-eficiente-en-la-semana-de-la-movilidad-de-santander\/","url":"https:\/\/www.blogdelaautoescuela.com\/blog\/campana-de-tecnicas-de-conduccion-eficiente-en-la-semana-de-la-movilidad-de-santander\/","name":"Campa\u00f1a de t\u00e9cnicas de conducci\u00f3n eficiente en la Semana de la Movilidad de Santander","isPartOf":{"@id":"https:\/\/www.blogdelaautoescuela.com\/blog\/#website"},"primaryImageOfPage":{"@id":"https:\/\/www.blogdelaautoescuela.com\/blog\/campana-de-tecnicas-de-conduccion-eficiente-en-la-semana-de-la-movilidad-de-santander\/#primaryimage"},"image":{"@id":"https:\/\/www.blogdelaautoescuela.com\/blog\/campana-de-tecnicas-de-conduccion-eficiente-en-la-semana-de-la-movilidad-de-santander\/#primaryimage"},"thumbnailUrl":"https:\/\/www.blogdelaautoescuela.com\/blog\/wp-content\/uploads\/2009\/09\/contaminacion_vehiculos1.jpg","datePublished":"2009-09-11T08:59:41+00:00","dateModified":"2019-09-18T09:00:34+00:00","author":{"@id":"https:\/\/www.blogdelaautoescuela.com\/blog\/#\/schema\/person\/f209a64ca5dfe74b9acb6317240e792f"},"description":"entre el 16 y el 22 de septiembre se celebra en Santander la Semana de la Movilidad, una iniciativa europea que se celebra por s\u00e9ptimo a\u00f1o consecutivo...","breadcrumb":{"@id":"https:\/\/www.blogdelaautoescuela.com\/blog\/campana-de-tecnicas-de-conduccion-eficiente-en-la-semana-de-la-movilidad-de-santander\/#breadcrumb"},"inLanguage":"es","potentialAction":[{"@type":"ReadAction","target":["https:\/\/www.blogdelaautoescuela.com\/blog\/campana-de-tecnicas-de-conduccion-eficiente-en-la-semana-de-la-movilidad-de-santander\/"]}]},{"@type":"ImageObject","inLanguage":"es","@id":"https:\/\/www.blogdelaautoescuela.com\/blog\/campana-de-tecnicas-de-conduccion-eficiente-en-la-semana-de-la-movilidad-de-santander\/#primaryimage","url":"https:\/\/www.blogdelaautoescuela.com\/blog\/wp-content\/uploads\/2009\/09\/contaminacion_vehiculos1.jpg","contentUrl":"https:\/\/www.blogdelaautoescuela.com\/blog\/wp-content\/uploads\/2009\/09\/contaminacion_vehiculos1.jpg","width":400,"height":274},{"@type":"BreadcrumbList","@id":"https:\/\/www.blogdelaautoescuela.com\/blog\/campana-de-tecnicas-de-conduccion-eficiente-en-la-semana-de-la-movilidad-de-santander\/#breadcrumb","itemListElement":[{"@type":"ListItem","position":1,"name":"Portada","item":"https:\/\/www.blogdelaautoescuela.com\/blog\/"},{"@type":"ListItem","position":2,"name":"Campa\u00f1a de t\u00e9cnicas de conducci\u00f3n eficiente en la Semana de la Movilidad de Santander"}]},{"@type":"WebSite","@id":"https:\/\/www.blogdelaautoescuela.com\/blog\/#website","url":"https:\/\/www.blogdelaautoescuela.com\/blog\/","name":"Blog de la autoescuela","description":"Noticias sobre autoescuelas y seguridad vial","potentialAction":[{"@type":"SearchAction","target":{"@type":"EntryPoint","urlTemplate":"https:\/\/www.blogdelaautoescuela.com\/blog\/?s={search_term_string}"},"query-input":{"@type":"PropertyValueSpecification","valueRequired":true,"valueName":"search_term_string"}}],"inLanguage":"es"},{"@type":"Person","@id":"https:\/\/www.blogdelaautoescuela.com\/blog\/#\/schema\/person\/f209a64ca5dfe74b9acb6317240e792f","name":"usr_blogauto","image":{"@type":"ImageObject","inLanguage":"es","@id":"https:\/\/www.blogdelaautoescuela.com\/blog\/#\/schema\/person\/image\/","url":"https:\/\/secure.gravatar.com\/avatar\/d3939d4ea521ac8421c86d2980321cc9?s=96&d=mm&r=g","contentUrl":"https:\/\/secure.gravatar.com\/avatar\/d3939d4ea521ac8421c86d2980321cc9?s=96&d=mm&r=g","caption":"usr_blogauto"},"description":"Blog dedicado a la conducci\u00f3n, las autoescuelas y la seguridad vial. Est\u00e1 creado por un grupo de profesionales de la formaci\u00f3n vial que comparten inquietudes y experiencias. Aqu\u00ed\u00ad podr\u00e1s encontrar informaci\u00f3n variada sobre el d\u00ed\u00ada a d\u00ed\u00ada de la autoescuela, ex\u00e1menes, test o novedades y consejos para una conducci\u00f3n m\u00e1s segura.","sameAs":["http:\/\/www.blogdelaautoescuela.com\/","https:\/\/www.facebook.com\/blogdelaautoescuela","https:\/\/x.com\/autoescuelas"],"url":"https:\/\/www.blogdelaautoescuela.com\/blog\/author\/usr_blogauto\/"}]}},"jetpack_featured_media_url":"https:\/\/www.blogdelaautoescuela.com\/blog\/wp-content\/uploads\/2009\/09\/contaminacion_vehiculos1.jpg","_links":{"self":[{"href":"https:\/\/www.blogdelaautoescuela.com\/blog\/wp-json\/wp\/v2\/posts\/2002","targetHints":{"allow":["GET"]}}],"collection":[{"href":"https:\/\/www.blogdelaautoescuela.com\/blog\/wp-json\/wp\/v2\/posts"}],"about":[{"href":"https:\/\/www.blogdelaautoescuela.com\/blog\/wp-json\/wp\/v2\/types\/post"}],"author":[{"embeddable":true,"href":"https:\/\/www.blogdelaautoescuela.com\/blog\/wp-json\/wp\/v2\/users\/1"}],"replies":[{"embeddable":true,"href":"https:\/\/www.blogdelaautoescuela.com\/blog\/wp-json\/wp\/v2\/comments?post=2002"}],"version-history":[{"count":1,"href":"https:\/\/www.blogdelaautoescuela.com\/blog\/wp-json\/wp\/v2\/posts\/2002\/revisions"}],"predecessor-version":[{"id":14827,"href":"https:\/\/www.blogdelaautoescuela.com\/blog\/wp-json\/wp\/v2\/posts\/2002\/revisions\/14827"}],"wp:featuredmedia":[{"embeddable":true,"href":"https:\/\/www.blogdelaautoescuela.com\/blog\/wp-json\/wp\/v2\/media\/2003"}],"wp:attachment":[{"href":"https:\/\/www.blogdelaautoescuela.com\/blog\/wp-json\/wp\/v2\/media?parent=2002"}],"wp:term":[{"taxonomy":"category","embeddable":true,"href":"https:\/\/www.blogdelaautoescuela.com\/blog\/wp-json\/wp\/v2\/categories?post=2002"},{"taxonomy":"post_tag","embeddable":true,"href":"https:\/\/www.blogdelaautoescuela.com\/blog\/wp-json\/wp\/v2\/tags?post=2002"}],"curies":[{"name":"wp","href":"https:\/\/api.w.org\/{rel}","templated":true}]}}