
{"id":1943,"date":"2009-09-04T10:24:28","date_gmt":"2009-09-04T08:24:28","guid":{"rendered":"http:\/\/www.blogdelaautoescuela.com\/blog\/?p=1943"},"modified":"2009-09-04T10:24:28","modified_gmt":"2009-09-04T08:24:28","slug":"cursos-gratuitos-de-conduccion-eficiente-en-avila","status":"publish","type":"post","link":"https:\/\/www.blogdelaautoescuela.com\/blog\/cursos-gratuitos-de-conduccion-eficiente-en-avila\/","title":{"rendered":"Cursos gratuitos de conducci\u00f3n eficiente en \u00c1vila"},"content":{"rendered":"<p style=\"text-align: center;\"><img loading=\"lazy\" decoding=\"async\" class=\"size-full wp-image-1683 aligncenter\" title=\"conduccion eficiente\" src=\"http:\/\/www.blogdelaautoescuela.com\/blog\/wp-content\/uploads\/2009\/08\/conduccion-eficiente.jpg\" alt=\"conduccion eficiente\" width=\"400\" height=\"377\" \/><\/p>\n<p>El pr\u00f3ximo martes <strong>22 de septiembre<\/strong> se celebrar\u00e1 el <strong>D\u00ed\u00ada Europeo Sin Coches<\/strong>, y en <strong>\u00c1vila<\/strong> lo van a celebrar de una manera muy especial.<\/p>\n<p>Para celebrar este d\u00ed\u00ada el <strong>Ayuntamiento de \u00c1vila<\/strong> junto con el <strong>Ente Regional de la Energ\u00ed\u00ada (EREN)<\/strong> llevar\u00e1n a cabo <strong>5 cursos de conducci\u00f3n eficiente<\/strong>, tanto de turismos como de veh\u00ed\u00adculos industriales.<\/p>\n<p>Esta iniciativa est\u00e1 enmarcada dentro de las actuaciones que la Consejer\u00ed\u00ada de Econom\u00ed\u00ada y Empleo, por medio del EREN, desarrolla en Castilla y Le\u00f3n en el marco de la<strong> Estrategia de Ahorro y Eficiencia Energ\u00e9tica en Espa\u00f1a E4+ del Gobierno de Espa\u00f1a<\/strong>, y tiene como objetivo <strong>fomentar un nuevo estilo de conducci\u00f3n<\/strong> de los turismos, acorde con la evoluci\u00f3n tecnol\u00f3gica que han experimentado los mismos, con el que se obtienen disminuciones en el consumo de combustible de hasta un 15 por ciento sobre la conducci\u00f3n convencional.<\/p>\n<p>Los cursos, que ser\u00e1n totalmente<strong> gratuitos<\/strong> se impartir\u00e1n en la <strong>Autoscuela Blazquez<\/strong> entre los d\u00ed\u00adas 21 y 25 de septiembre.<\/p>\n<h3><strong><span style=\"color: #99cc00;\">Curso de conducci\u00f3n eficiente para turismos:<\/span><\/strong> 21, 22 y 23 de septiembre desde las 17:00 a las 21:00.<\/h3>\n<p>Cada d\u00ed\u00ada podr\u00e1n particiapar un total de 9 alumnos, que se tendr\u00e1n que enfrentar a:<\/p>\n<ul>\n<li>Primera ronda de conduc\u00f3n, en la que se realizar\u00e1 un recorrido de 20 circuitos en un circuito con la forma habitual de conducir del participante, se tomar\u00e1 nota tanto de la velocidad como del combustible empleado.<\/li>\n<li>Clase te\u00f3rica de 1:30 horas de duracci\u00f3n en la que se explicar\u00e1n los conceptos b\u00e1sicos de una conducci\u00f3n eficiente.<\/li>\n<li>Ronda de demostraci\u00f3n, en la que un profesor realizar\u00e1 el circuito aplicando los conceptos de la conducci\u00f3n eficiente.<\/li>\n<li>Segunda ronda de conducci\u00f3n de los alumnos, en la que repetir\u00e1n el recorrido inicial tras haber recibido la formaci\u00f3n.<\/li>\n<\/ul>\n<h3><span style=\"color: #99cc00;\">Curso de conducci\u00f3n eficiente para veh\u00ed\u00adculos industriales:<\/span> 24 y 25 de septiembre desde las 17:00 a las 22:00.<\/h3>\n<p>En estos cursos podr\u00e1n participar un total de 8 alumnos.<\/p>\n<p>Los interesados en los cusos se pueden <strong>reservar plaza en el n\u00famero 920 35 40 31.<\/strong><\/p>\n<p>Fuente: <a href=\"http:\/\/www.avilared.com\/modules.php?name=News&amp;file=article&amp;sid=23307\">Avilared<\/a><\/p>\n","protected":false},"excerpt":{"rendered":"<p>El pr\u00f3ximo martes 22 de septiembre se celebrar\u00e1 el D\u00ed\u00ada Europeo Sin Coches, y en \u00c1vila lo van a celebrar de una manera muy especial. Para celebrar este d\u00ed\u00ada el Ayuntamiento de \u00c1vila junto con el Ente Regional de la Energ\u00ed\u00ada (EREN) llevar\u00e1n a cabo 5 cursos de conducci\u00f3n eficiente, tanto de turismos como de [&hellip;]<\/p>\n","protected":false},"author":1,"featured_media":1683,"comment_status":"open","ping_status":"closed","sticky":false,"template":"","format":"standard","meta":{"footnotes":"","jetpack_publicize_message":"","jetpack_publicize_feature_enabled":true,"jetpack_social_post_already_shared":false,"jetpack_social_options":{"image_generator_settings":{"template":"highway","enabled":false},"version":2}},"categories":[12],"tags":[77,192,1666],"class_list":["post-1943","post","type-post","status-publish","format-standard","has-post-thumbnail","hentry","category-noticias","tag-ahorro","tag-avila","tag-conduccion-eficiente"],"wppr_data":[],"jetpack_publicize_connections":[],"yoast_head":"<!-- This site is optimized with the Yoast SEO plugin v24.7 - https:\/\/yoast.com\/wordpress\/plugins\/seo\/ -->\n<title>Cursos gratuitos de conducci\u00f3n eficiente en \u00c1vila<\/title>\n<meta name=\"description\" content=\"Ayuntamiento de \u00c1vila junto con el Ente Regional de la Energ\u00ed\u00ada (EREN) llevar\u00e1n a cabo 5 cursos de conducci\u00f3n eficiente, tanto de turismos como de veh\u00ed\u00adculos industriales\" \/>\n<meta name=\"robots\" content=\"index, follow, max-snippet:-1, max-image-preview:large, max-video-preview:-1\" \/>\n<link rel=\"canonical\" href=\"https:\/\/www.blogdelaautoescuela.com\/blog\/cursos-gratuitos-de-conduccion-eficiente-en-avila\/\" \/>\n<meta property=\"og:locale\" content=\"es_ES\" \/>\n<meta property=\"og:type\" content=\"article\" \/>\n<meta property=\"og:title\" content=\"Cursos gratuitos de conducci\u00f3n eficiente en \u00c1vila\" \/>\n<meta property=\"og:description\" content=\"Ayuntamiento de \u00c1vila junto con el Ente Regional de la Energ\u00ed\u00ada (EREN) llevar\u00e1n a cabo 5 cursos de conducci\u00f3n eficiente, tanto de turismos como de veh\u00ed\u00adculos industriales\" \/>\n<meta property=\"og:url\" content=\"https:\/\/www.blogdelaautoescuela.com\/blog\/cursos-gratuitos-de-conduccion-eficiente-en-avila\/\" \/>\n<meta property=\"og:site_name\" content=\"Blog de la autoescuela\" \/>\n<meta property=\"article:author\" content=\"https:\/\/www.facebook.com\/blogdelaautoescuela\" \/>\n<meta property=\"article:published_time\" content=\"2009-09-04T08:24:28+00:00\" \/>\n<meta property=\"og:image\" content=\"https:\/\/www.blogdelaautoescuela.com\/blog\/wp-content\/uploads\/2009\/08\/conduccion-eficiente1.jpg\" \/>\n\t<meta property=\"og:image:width\" content=\"400\" \/>\n\t<meta property=\"og:image:height\" content=\"377\" \/>\n\t<meta property=\"og:image:type\" content=\"image\/jpeg\" \/>\n<meta name=\"author\" content=\"usr_blogauto\" \/>\n<meta name=\"twitter:label1\" content=\"Escrito por\" \/>\n\t<meta name=\"twitter:data1\" content=\"usr_blogauto\" \/>\n\t<meta name=\"twitter:label2\" content=\"Tiempo de lectura\" \/>\n\t<meta name=\"twitter:data2\" content=\"2 minutos\" \/>\n<script type=\"application\/ld+json\" class=\"yoast-schema-graph\">{\"@context\":\"https:\/\/schema.org\",\"@graph\":[{\"@type\":\"WebPage\",\"@id\":\"https:\/\/www.blogdelaautoescuela.com\/blog\/cursos-gratuitos-de-conduccion-eficiente-en-avila\/\",\"url\":\"https:\/\/www.blogdelaautoescuela.com\/blog\/cursos-gratuitos-de-conduccion-eficiente-en-avila\/\",\"name\":\"Cursos gratuitos de conducci\u00f3n eficiente en \u00c1vila\",\"isPartOf\":{\"@id\":\"https:\/\/www.blogdelaautoescuela.com\/blog\/#website\"},\"primaryImageOfPage\":{\"@id\":\"https:\/\/www.blogdelaautoescuela.com\/blog\/cursos-gratuitos-de-conduccion-eficiente-en-avila\/#primaryimage\"},\"image\":{\"@id\":\"https:\/\/www.blogdelaautoescuela.com\/blog\/cursos-gratuitos-de-conduccion-eficiente-en-avila\/#primaryimage\"},\"thumbnailUrl\":\"https:\/\/www.blogdelaautoescuela.com\/blog\/wp-content\/uploads\/2009\/08\/conduccion-eficiente1.jpg\",\"datePublished\":\"2009-09-04T08:24:28+00:00\",\"author\":{\"@id\":\"https:\/\/www.blogdelaautoescuela.com\/blog\/#\/schema\/person\/f209a64ca5dfe74b9acb6317240e792f\"},\"description\":\"Ayuntamiento de \u00c1vila junto con el Ente Regional de la Energ\u00ed\u00ada (EREN) llevar\u00e1n a cabo 5 cursos de conducci\u00f3n eficiente, tanto de turismos como de veh\u00ed\u00adculos industriales\",\"breadcrumb\":{\"@id\":\"https:\/\/www.blogdelaautoescuela.com\/blog\/cursos-gratuitos-de-conduccion-eficiente-en-avila\/#breadcrumb\"},\"inLanguage\":\"es\",\"potentialAction\":[{\"@type\":\"ReadAction\",\"target\":[\"https:\/\/www.blogdelaautoescuela.com\/blog\/cursos-gratuitos-de-conduccion-eficiente-en-avila\/\"]}]},{\"@type\":\"ImageObject\",\"inLanguage\":\"es\",\"@id\":\"https:\/\/www.blogdelaautoescuela.com\/blog\/cursos-gratuitos-de-conduccion-eficiente-en-avila\/#primaryimage\",\"url\":\"https:\/\/www.blogdelaautoescuela.com\/blog\/wp-content\/uploads\/2009\/08\/conduccion-eficiente1.jpg\",\"contentUrl\":\"https:\/\/www.blogdelaautoescuela.com\/blog\/wp-content\/uploads\/2009\/08\/conduccion-eficiente1.jpg\",\"width\":400,\"height\":377},{\"@type\":\"BreadcrumbList\",\"@id\":\"https:\/\/www.blogdelaautoescuela.com\/blog\/cursos-gratuitos-de-conduccion-eficiente-en-avila\/#breadcrumb\",\"itemListElement\":[{\"@type\":\"ListItem\",\"position\":1,\"name\":\"Portada\",\"item\":\"https:\/\/www.blogdelaautoescuela.com\/blog\/\"},{\"@type\":\"ListItem\",\"position\":2,\"name\":\"Cursos gratuitos de conducci\u00f3n eficiente en \u00c1vila\"}]},{\"@type\":\"WebSite\",\"@id\":\"https:\/\/www.blogdelaautoescuela.com\/blog\/#website\",\"url\":\"https:\/\/www.blogdelaautoescuela.com\/blog\/\",\"name\":\"Blog de la autoescuela\",\"description\":\"Noticias sobre autoescuelas y seguridad vial\",\"potentialAction\":[{\"@type\":\"SearchAction\",\"target\":{\"@type\":\"EntryPoint\",\"urlTemplate\":\"https:\/\/www.blogdelaautoescuela.com\/blog\/?s={search_term_string}\"},\"query-input\":{\"@type\":\"PropertyValueSpecification\",\"valueRequired\":true,\"valueName\":\"search_term_string\"}}],\"inLanguage\":\"es\"},{\"@type\":\"Person\",\"@id\":\"https:\/\/www.blogdelaautoescuela.com\/blog\/#\/schema\/person\/f209a64ca5dfe74b9acb6317240e792f\",\"name\":\"usr_blogauto\",\"image\":{\"@type\":\"ImageObject\",\"inLanguage\":\"es\",\"@id\":\"https:\/\/www.blogdelaautoescuela.com\/blog\/#\/schema\/person\/image\/\",\"url\":\"https:\/\/secure.gravatar.com\/avatar\/d3939d4ea521ac8421c86d2980321cc9?s=96&d=mm&r=g\",\"contentUrl\":\"https:\/\/secure.gravatar.com\/avatar\/d3939d4ea521ac8421c86d2980321cc9?s=96&d=mm&r=g\",\"caption\":\"usr_blogauto\"},\"description\":\"Blog dedicado a la conducci\u00f3n, las autoescuelas y la seguridad vial. Est\u00e1 creado por un grupo de profesionales de la formaci\u00f3n vial que comparten inquietudes y experiencias. Aqu\u00ed\u00ad podr\u00e1s encontrar informaci\u00f3n variada sobre el d\u00ed\u00ada a d\u00ed\u00ada de la autoescuela, ex\u00e1menes, test o novedades y consejos para una conducci\u00f3n m\u00e1s segura.\",\"sameAs\":[\"http:\/\/www.blogdelaautoescuela.com\/\",\"https:\/\/www.facebook.com\/blogdelaautoescuela\",\"https:\/\/x.com\/autoescuelas\"],\"url\":\"https:\/\/www.blogdelaautoescuela.com\/blog\/author\/usr_blogauto\/\"}]}<\/script>\n<!-- \/ Yoast SEO plugin. -->","yoast_head_json":{"title":"Cursos gratuitos de conducci\u00f3n eficiente en \u00c1vila","description":"Ayuntamiento de \u00c1vila junto con el Ente Regional de la Energ\u00ed\u00ada (EREN) llevar\u00e1n a cabo 5 cursos de conducci\u00f3n eficiente, tanto de turismos como de veh\u00ed\u00adculos industriales","robots":{"index":"index","follow":"follow","max-snippet":"max-snippet:-1","max-image-preview":"max-image-preview:large","max-video-preview":"max-video-preview:-1"},"canonical":"https:\/\/www.blogdelaautoescuela.com\/blog\/cursos-gratuitos-de-conduccion-eficiente-en-avila\/","og_locale":"es_ES","og_type":"article","og_title":"Cursos gratuitos de conducci\u00f3n eficiente en \u00c1vila","og_description":"Ayuntamiento de \u00c1vila junto con el Ente Regional de la Energ\u00ed\u00ada (EREN) llevar\u00e1n a cabo 5 cursos de conducci\u00f3n eficiente, tanto de turismos como de veh\u00ed\u00adculos industriales","og_url":"https:\/\/www.blogdelaautoescuela.com\/blog\/cursos-gratuitos-de-conduccion-eficiente-en-avila\/","og_site_name":"Blog de la autoescuela","article_author":"https:\/\/www.facebook.com\/blogdelaautoescuela","article_published_time":"2009-09-04T08:24:28+00:00","og_image":[{"width":400,"height":377,"url":"https:\/\/www.blogdelaautoescuela.com\/blog\/wp-content\/uploads\/2009\/08\/conduccion-eficiente1.jpg","type":"image\/jpeg"}],"author":"usr_blogauto","twitter_misc":{"Escrito por":"usr_blogauto","Tiempo de lectura":"2 minutos"},"schema":{"@context":"https:\/\/schema.org","@graph":[{"@type":"WebPage","@id":"https:\/\/www.blogdelaautoescuela.com\/blog\/cursos-gratuitos-de-conduccion-eficiente-en-avila\/","url":"https:\/\/www.blogdelaautoescuela.com\/blog\/cursos-gratuitos-de-conduccion-eficiente-en-avila\/","name":"Cursos gratuitos de conducci\u00f3n eficiente en \u00c1vila","isPartOf":{"@id":"https:\/\/www.blogdelaautoescuela.com\/blog\/#website"},"primaryImageOfPage":{"@id":"https:\/\/www.blogdelaautoescuela.com\/blog\/cursos-gratuitos-de-conduccion-eficiente-en-avila\/#primaryimage"},"image":{"@id":"https:\/\/www.blogdelaautoescuela.com\/blog\/cursos-gratuitos-de-conduccion-eficiente-en-avila\/#primaryimage"},"thumbnailUrl":"https:\/\/www.blogdelaautoescuela.com\/blog\/wp-content\/uploads\/2009\/08\/conduccion-eficiente1.jpg","datePublished":"2009-09-04T08:24:28+00:00","author":{"@id":"https:\/\/www.blogdelaautoescuela.com\/blog\/#\/schema\/person\/f209a64ca5dfe74b9acb6317240e792f"},"description":"Ayuntamiento de \u00c1vila junto con el Ente Regional de la Energ\u00ed\u00ada (EREN) llevar\u00e1n a cabo 5 cursos de conducci\u00f3n eficiente, tanto de turismos como de veh\u00ed\u00adculos industriales","breadcrumb":{"@id":"https:\/\/www.blogdelaautoescuela.com\/blog\/cursos-gratuitos-de-conduccion-eficiente-en-avila\/#breadcrumb"},"inLanguage":"es","potentialAction":[{"@type":"ReadAction","target":["https:\/\/www.blogdelaautoescuela.com\/blog\/cursos-gratuitos-de-conduccion-eficiente-en-avila\/"]}]},{"@type":"ImageObject","inLanguage":"es","@id":"https:\/\/www.blogdelaautoescuela.com\/blog\/cursos-gratuitos-de-conduccion-eficiente-en-avila\/#primaryimage","url":"https:\/\/www.blogdelaautoescuela.com\/blog\/wp-content\/uploads\/2009\/08\/conduccion-eficiente1.jpg","contentUrl":"https:\/\/www.blogdelaautoescuela.com\/blog\/wp-content\/uploads\/2009\/08\/conduccion-eficiente1.jpg","width":400,"height":377},{"@type":"BreadcrumbList","@id":"https:\/\/www.blogdelaautoescuela.com\/blog\/cursos-gratuitos-de-conduccion-eficiente-en-avila\/#breadcrumb","itemListElement":[{"@type":"ListItem","position":1,"name":"Portada","item":"https:\/\/www.blogdelaautoescuela.com\/blog\/"},{"@type":"ListItem","position":2,"name":"Cursos gratuitos de conducci\u00f3n eficiente en \u00c1vila"}]},{"@type":"WebSite","@id":"https:\/\/www.blogdelaautoescuela.com\/blog\/#website","url":"https:\/\/www.blogdelaautoescuela.com\/blog\/","name":"Blog de la autoescuela","description":"Noticias sobre autoescuelas y seguridad vial","potentialAction":[{"@type":"SearchAction","target":{"@type":"EntryPoint","urlTemplate":"https:\/\/www.blogdelaautoescuela.com\/blog\/?s={search_term_string}"},"query-input":{"@type":"PropertyValueSpecification","valueRequired":true,"valueName":"search_term_string"}}],"inLanguage":"es"},{"@type":"Person","@id":"https:\/\/www.blogdelaautoescuela.com\/blog\/#\/schema\/person\/f209a64ca5dfe74b9acb6317240e792f","name":"usr_blogauto","image":{"@type":"ImageObject","inLanguage":"es","@id":"https:\/\/www.blogdelaautoescuela.com\/blog\/#\/schema\/person\/image\/","url":"https:\/\/secure.gravatar.com\/avatar\/d3939d4ea521ac8421c86d2980321cc9?s=96&d=mm&r=g","contentUrl":"https:\/\/secure.gravatar.com\/avatar\/d3939d4ea521ac8421c86d2980321cc9?s=96&d=mm&r=g","caption":"usr_blogauto"},"description":"Blog dedicado a la conducci\u00f3n, las autoescuelas y la seguridad vial. Est\u00e1 creado por un grupo de profesionales de la formaci\u00f3n vial que comparten inquietudes y experiencias. Aqu\u00ed\u00ad podr\u00e1s encontrar informaci\u00f3n variada sobre el d\u00ed\u00ada a d\u00ed\u00ada de la autoescuela, ex\u00e1menes, test o novedades y consejos para una conducci\u00f3n m\u00e1s segura.","sameAs":["http:\/\/www.blogdelaautoescuela.com\/","https:\/\/www.facebook.com\/blogdelaautoescuela","https:\/\/x.com\/autoescuelas"],"url":"https:\/\/www.blogdelaautoescuela.com\/blog\/author\/usr_blogauto\/"}]}},"jetpack_featured_media_url":"https:\/\/www.blogdelaautoescuela.com\/blog\/wp-content\/uploads\/2009\/08\/conduccion-eficiente1.jpg","_links":{"self":[{"href":"https:\/\/www.blogdelaautoescuela.com\/blog\/wp-json\/wp\/v2\/posts\/1943","targetHints":{"allow":["GET"]}}],"collection":[{"href":"https:\/\/www.blogdelaautoescuela.com\/blog\/wp-json\/wp\/v2\/posts"}],"about":[{"href":"https:\/\/www.blogdelaautoescuela.com\/blog\/wp-json\/wp\/v2\/types\/post"}],"author":[{"embeddable":true,"href":"https:\/\/www.blogdelaautoescuela.com\/blog\/wp-json\/wp\/v2\/users\/1"}],"replies":[{"embeddable":true,"href":"https:\/\/www.blogdelaautoescuela.com\/blog\/wp-json\/wp\/v2\/comments?post=1943"}],"version-history":[{"count":0,"href":"https:\/\/www.blogdelaautoescuela.com\/blog\/wp-json\/wp\/v2\/posts\/1943\/revisions"}],"wp:featuredmedia":[{"embeddable":true,"href":"https:\/\/www.blogdelaautoescuela.com\/blog\/wp-json\/wp\/v2\/media\/1683"}],"wp:attachment":[{"href":"https:\/\/www.blogdelaautoescuela.com\/blog\/wp-json\/wp\/v2\/media?parent=1943"}],"wp:term":[{"taxonomy":"category","embeddable":true,"href":"https:\/\/www.blogdelaautoescuela.com\/blog\/wp-json\/wp\/v2\/categories?post=1943"},{"taxonomy":"post_tag","embeddable":true,"href":"https:\/\/www.blogdelaautoescuela.com\/blog\/wp-json\/wp\/v2\/tags?post=1943"}],"curies":[{"name":"wp","href":"https:\/\/api.w.org\/{rel}","templated":true}]}}