
{"id":1811,"date":"2009-08-19T11:36:23","date_gmt":"2009-08-19T09:36:23","guid":{"rendered":"http:\/\/www.blogdelaautoescuela.com\/blog\/?p=1811"},"modified":"2015-03-11T18:29:09","modified_gmt":"2015-03-11T17:29:09","slug":"escuela-de-responsabilidad-medioambiental-en-sanxenxo","status":"publish","type":"post","link":"https:\/\/www.blogdelaautoescuela.com\/blog\/escuela-de-responsabilidad-medioambiental-en-sanxenxo\/","title":{"rendered":"Escuela de responsabilidad medioambiental en Sanxenxo"},"content":{"rendered":"<p style=\"text-align: center;\"><img loading=\"lazy\" decoding=\"async\" class=\"size-full wp-image-1816 aligncenter\" title=\"sanxenxo\" src=\"http:\/\/www.blogdelaautoescuela.com\/blog\/wp-content\/uploads\/2009\/08\/sanxenxo.jpg\" alt=\"sanxenxo\" width=\"400\" height=\"350\" \/><\/p>\n<p>Desde ayer, <strong>18 de agosto<\/strong>, y hasta el pr\u00f3ximo <strong>viernes 21<\/strong>, tendr\u00e1 lugar en la <strong>Plaza del Mar de Sanxenxo<\/strong>, en Pontevedra, una <strong>escuela de responsasbilidad medioambiental<\/strong> gracias a la <strong>s\u00e9ptima edicci\u00f3n del programa desarrollado por el RACE (Real Autom\u00f3vil Club Espa\u00f1a) y Renault.<\/strong><\/p>\n<p>El objetivo de esta iniciativa es formar a los j\u00f3venes conductores, se espera que participen m\u00e1s de 1.000 personas, sobre los <strong>efectos del cambio clim\u00e1tico en el planeta y las nuevas tecnolog\u00ed\u00adas implantadas en el autom\u00f3vil para reducir el impacto medioambiental.<\/strong><\/p>\n<p><strong>Juan Antonio S\u00e1nchez, coordinador nacional de educaci\u00f3n vial del RACE<\/strong> explica que <em>&#8220;no hay que olvidar, que los efectos de la contaminaci\u00f3n pueden hacer aumentar la temperatura del planeta entre 2 y 3 grados en los pr\u00f3ximos 50 a\u00f1os, lo que traer\u00ed\u00ada consecuencias muy graves como aumento del nivel del mar, deshielos o desertizaci\u00f3n&#8221;.<\/em><\/p>\n<p><strong><span style=\"color: #b9d300;\">La escuela de responsabilidad medioambiental repartir\u00e1 sus contenidos en dos horarios:<\/span><\/strong><\/p>\n<p><strong><span style=\"color: #50a0c5;\">Horario de ma\u00f1ana:<\/span><\/strong> el curso se destinar\u00e1 a la concienciaci\u00f3n y respeto del ecosistema, la aportaci\u00f3n de la tecnolog\u00ed\u00ada Renault eco2 a la reducci\u00f3n del impacto medioambiental del autom\u00f3vil, el proceso de tratamiento y reciclaje de los veh\u00ed\u00adculos al finalizar su vida \u00fatil y unos consejos sobre normas y comportamientos viales seguros y responsables.<\/p>\n<p><strong><span style=\"color: #50a0c5;\">Horario de tarde:<\/span><\/strong> el curso ir\u00e1 destinado a la informarci\u00f3n y formaci\u00f3n en materia de seguridad vial y educaci\u00f3n medioambiental, haciendo un especial \u00e9nfasis en informar a los conductores de las ventajas de una conducci\u00f3n econ\u00f3mica, ecol\u00f3gica y segura, que redundar\u00e1 en una reducci\u00f3n del impacto de CO2 a la atm\u00f3sfera y en una mejora de la seguridad vial, as\u00ed\u00ad como de las novedades en biocarburantes y motorizaciones.<\/p>\n","protected":false},"excerpt":{"rendered":"<p>Desde ayer, 18 de agosto, y hasta el pr\u00f3ximo viernes 21, tendr\u00e1 lugar en la Plaza del Mar de Sanxenxo, en Pontevedra, una escuela de responsasbilidad medioambiental gracias a la s\u00e9ptima edicci\u00f3n del programa desarrollado por el RACE (Real Autom\u00f3vil Club Espa\u00f1a) y Renault. El objetivo de esta iniciativa es formar a los j\u00f3venes conductores, [&hellip;]<\/p>\n","protected":false},"author":1,"featured_media":1816,"comment_status":"open","ping_status":"closed","sticky":false,"template":"","format":"standard","meta":{"footnotes":"","jetpack_publicize_message":"","jetpack_publicize_feature_enabled":true,"jetpack_social_post_already_shared":false,"jetpack_social_options":{"image_generator_settings":{"template":"highway","enabled":false},"version":2}},"categories":[5,12],"tags":[1666,561,1088,1115],"class_list":["post-1811","post","type-post","status-publish","format-standard","has-post-thumbnail","hentry","category-conduccion-eficiente","category-noticias","tag-conduccion-eficiente","tag-escuela-responsabilidad-medioambiental","tag-race","tag-renault"],"wppr_data":[],"jetpack_publicize_connections":[],"yoast_head":"<!-- This site is optimized with the Yoast SEO plugin v24.7 - https:\/\/yoast.com\/wordpress\/plugins\/seo\/ -->\n<title>Escuela de responsabilidad medioambiental en Sanxenxo<\/title>\n<meta name=\"description\" content=\"escuela de responsasbilidad medioambiental gracias a la s\u00e9ptima edicci\u00f3n del programa desarrollado por el RACE (Real Autom\u00f3vil Club Espa\u00f1a) y Renault.\" \/>\n<meta name=\"robots\" content=\"index, follow, max-snippet:-1, max-image-preview:large, max-video-preview:-1\" \/>\n<link rel=\"canonical\" href=\"https:\/\/www.blogdelaautoescuela.com\/blog\/escuela-de-responsabilidad-medioambiental-en-sanxenxo\/\" \/>\n<meta property=\"og:locale\" content=\"es_ES\" \/>\n<meta property=\"og:type\" content=\"article\" \/>\n<meta property=\"og:title\" content=\"Escuela de responsabilidad medioambiental en Sanxenxo\" \/>\n<meta property=\"og:description\" content=\"escuela de responsasbilidad medioambiental gracias a la s\u00e9ptima edicci\u00f3n del programa desarrollado por el RACE (Real Autom\u00f3vil Club Espa\u00f1a) y Renault.\" \/>\n<meta property=\"og:url\" content=\"https:\/\/www.blogdelaautoescuela.com\/blog\/escuela-de-responsabilidad-medioambiental-en-sanxenxo\/\" \/>\n<meta property=\"og:site_name\" content=\"Blog de la autoescuela\" \/>\n<meta property=\"article:author\" content=\"https:\/\/www.facebook.com\/blogdelaautoescuela\" \/>\n<meta property=\"article:published_time\" content=\"2009-08-19T09:36:23+00:00\" \/>\n<meta property=\"article:modified_time\" content=\"2015-03-11T17:29:09+00:00\" \/>\n<meta property=\"og:image\" content=\"https:\/\/www.blogdelaautoescuela.com\/blog\/wp-content\/uploads\/2009\/08\/sanxenxo1.jpg\" \/>\n\t<meta property=\"og:image:width\" content=\"400\" \/>\n\t<meta property=\"og:image:height\" content=\"350\" \/>\n\t<meta property=\"og:image:type\" content=\"image\/jpeg\" \/>\n<meta name=\"author\" content=\"usr_blogauto\" \/>\n<meta name=\"twitter:label1\" content=\"Escrito por\" \/>\n\t<meta name=\"twitter:data1\" content=\"usr_blogauto\" \/>\n\t<meta name=\"twitter:label2\" content=\"Tiempo de lectura\" \/>\n\t<meta name=\"twitter:data2\" content=\"1 minuto\" \/>\n<script type=\"application\/ld+json\" class=\"yoast-schema-graph\">{\"@context\":\"https:\/\/schema.org\",\"@graph\":[{\"@type\":\"WebPage\",\"@id\":\"https:\/\/www.blogdelaautoescuela.com\/blog\/escuela-de-responsabilidad-medioambiental-en-sanxenxo\/\",\"url\":\"https:\/\/www.blogdelaautoescuela.com\/blog\/escuela-de-responsabilidad-medioambiental-en-sanxenxo\/\",\"name\":\"Escuela de responsabilidad medioambiental en Sanxenxo\",\"isPartOf\":{\"@id\":\"https:\/\/www.blogdelaautoescuela.com\/blog\/#website\"},\"primaryImageOfPage\":{\"@id\":\"https:\/\/www.blogdelaautoescuela.com\/blog\/escuela-de-responsabilidad-medioambiental-en-sanxenxo\/#primaryimage\"},\"image\":{\"@id\":\"https:\/\/www.blogdelaautoescuela.com\/blog\/escuela-de-responsabilidad-medioambiental-en-sanxenxo\/#primaryimage\"},\"thumbnailUrl\":\"https:\/\/www.blogdelaautoescuela.com\/blog\/wp-content\/uploads\/2009\/08\/sanxenxo1.jpg\",\"datePublished\":\"2009-08-19T09:36:23+00:00\",\"dateModified\":\"2015-03-11T17:29:09+00:00\",\"author\":{\"@id\":\"https:\/\/www.blogdelaautoescuela.com\/blog\/#\/schema\/person\/f209a64ca5dfe74b9acb6317240e792f\"},\"description\":\"escuela de responsasbilidad medioambiental gracias a la s\u00e9ptima edicci\u00f3n del programa desarrollado por el RACE (Real Autom\u00f3vil Club Espa\u00f1a) y Renault.\",\"breadcrumb\":{\"@id\":\"https:\/\/www.blogdelaautoescuela.com\/blog\/escuela-de-responsabilidad-medioambiental-en-sanxenxo\/#breadcrumb\"},\"inLanguage\":\"es\",\"potentialAction\":[{\"@type\":\"ReadAction\",\"target\":[\"https:\/\/www.blogdelaautoescuela.com\/blog\/escuela-de-responsabilidad-medioambiental-en-sanxenxo\/\"]}]},{\"@type\":\"ImageObject\",\"inLanguage\":\"es\",\"@id\":\"https:\/\/www.blogdelaautoescuela.com\/blog\/escuela-de-responsabilidad-medioambiental-en-sanxenxo\/#primaryimage\",\"url\":\"https:\/\/www.blogdelaautoescuela.com\/blog\/wp-content\/uploads\/2009\/08\/sanxenxo1.jpg\",\"contentUrl\":\"https:\/\/www.blogdelaautoescuela.com\/blog\/wp-content\/uploads\/2009\/08\/sanxenxo1.jpg\",\"width\":400,\"height\":350},{\"@type\":\"BreadcrumbList\",\"@id\":\"https:\/\/www.blogdelaautoescuela.com\/blog\/escuela-de-responsabilidad-medioambiental-en-sanxenxo\/#breadcrumb\",\"itemListElement\":[{\"@type\":\"ListItem\",\"position\":1,\"name\":\"Portada\",\"item\":\"https:\/\/www.blogdelaautoescuela.com\/blog\/\"},{\"@type\":\"ListItem\",\"position\":2,\"name\":\"Escuela de responsabilidad medioambiental en Sanxenxo\"}]},{\"@type\":\"WebSite\",\"@id\":\"https:\/\/www.blogdelaautoescuela.com\/blog\/#website\",\"url\":\"https:\/\/www.blogdelaautoescuela.com\/blog\/\",\"name\":\"Blog de la autoescuela\",\"description\":\"Noticias sobre autoescuelas y seguridad vial\",\"potentialAction\":[{\"@type\":\"SearchAction\",\"target\":{\"@type\":\"EntryPoint\",\"urlTemplate\":\"https:\/\/www.blogdelaautoescuela.com\/blog\/?s={search_term_string}\"},\"query-input\":{\"@type\":\"PropertyValueSpecification\",\"valueRequired\":true,\"valueName\":\"search_term_string\"}}],\"inLanguage\":\"es\"},{\"@type\":\"Person\",\"@id\":\"https:\/\/www.blogdelaautoescuela.com\/blog\/#\/schema\/person\/f209a64ca5dfe74b9acb6317240e792f\",\"name\":\"usr_blogauto\",\"image\":{\"@type\":\"ImageObject\",\"inLanguage\":\"es\",\"@id\":\"https:\/\/www.blogdelaautoescuela.com\/blog\/#\/schema\/person\/image\/\",\"url\":\"https:\/\/secure.gravatar.com\/avatar\/d3939d4ea521ac8421c86d2980321cc9?s=96&d=mm&r=g\",\"contentUrl\":\"https:\/\/secure.gravatar.com\/avatar\/d3939d4ea521ac8421c86d2980321cc9?s=96&d=mm&r=g\",\"caption\":\"usr_blogauto\"},\"description\":\"Blog dedicado a la conducci\u00f3n, las autoescuelas y la seguridad vial. Est\u00e1 creado por un grupo de profesionales de la formaci\u00f3n vial que comparten inquietudes y experiencias. Aqu\u00ed\u00ad podr\u00e1s encontrar informaci\u00f3n variada sobre el d\u00ed\u00ada a d\u00ed\u00ada de la autoescuela, ex\u00e1menes, test o novedades y consejos para una conducci\u00f3n m\u00e1s segura.\",\"sameAs\":[\"http:\/\/www.blogdelaautoescuela.com\/\",\"https:\/\/www.facebook.com\/blogdelaautoescuela\",\"https:\/\/x.com\/autoescuelas\"],\"url\":\"https:\/\/www.blogdelaautoescuela.com\/blog\/author\/usr_blogauto\/\"}]}<\/script>\n<!-- \/ Yoast SEO plugin. -->","yoast_head_json":{"title":"Escuela de responsabilidad medioambiental en Sanxenxo","description":"escuela de responsasbilidad medioambiental gracias a la s\u00e9ptima edicci\u00f3n del programa desarrollado por el RACE (Real Autom\u00f3vil Club Espa\u00f1a) y Renault.","robots":{"index":"index","follow":"follow","max-snippet":"max-snippet:-1","max-image-preview":"max-image-preview:large","max-video-preview":"max-video-preview:-1"},"canonical":"https:\/\/www.blogdelaautoescuela.com\/blog\/escuela-de-responsabilidad-medioambiental-en-sanxenxo\/","og_locale":"es_ES","og_type":"article","og_title":"Escuela de responsabilidad medioambiental en Sanxenxo","og_description":"escuela de responsasbilidad medioambiental gracias a la s\u00e9ptima edicci\u00f3n del programa desarrollado por el RACE (Real Autom\u00f3vil Club Espa\u00f1a) y Renault.","og_url":"https:\/\/www.blogdelaautoescuela.com\/blog\/escuela-de-responsabilidad-medioambiental-en-sanxenxo\/","og_site_name":"Blog de la autoescuela","article_author":"https:\/\/www.facebook.com\/blogdelaautoescuela","article_published_time":"2009-08-19T09:36:23+00:00","article_modified_time":"2015-03-11T17:29:09+00:00","og_image":[{"width":400,"height":350,"url":"https:\/\/www.blogdelaautoescuela.com\/blog\/wp-content\/uploads\/2009\/08\/sanxenxo1.jpg","type":"image\/jpeg"}],"author":"usr_blogauto","twitter_misc":{"Escrito por":"usr_blogauto","Tiempo de lectura":"1 minuto"},"schema":{"@context":"https:\/\/schema.org","@graph":[{"@type":"WebPage","@id":"https:\/\/www.blogdelaautoescuela.com\/blog\/escuela-de-responsabilidad-medioambiental-en-sanxenxo\/","url":"https:\/\/www.blogdelaautoescuela.com\/blog\/escuela-de-responsabilidad-medioambiental-en-sanxenxo\/","name":"Escuela de responsabilidad medioambiental en Sanxenxo","isPartOf":{"@id":"https:\/\/www.blogdelaautoescuela.com\/blog\/#website"},"primaryImageOfPage":{"@id":"https:\/\/www.blogdelaautoescuela.com\/blog\/escuela-de-responsabilidad-medioambiental-en-sanxenxo\/#primaryimage"},"image":{"@id":"https:\/\/www.blogdelaautoescuela.com\/blog\/escuela-de-responsabilidad-medioambiental-en-sanxenxo\/#primaryimage"},"thumbnailUrl":"https:\/\/www.blogdelaautoescuela.com\/blog\/wp-content\/uploads\/2009\/08\/sanxenxo1.jpg","datePublished":"2009-08-19T09:36:23+00:00","dateModified":"2015-03-11T17:29:09+00:00","author":{"@id":"https:\/\/www.blogdelaautoescuela.com\/blog\/#\/schema\/person\/f209a64ca5dfe74b9acb6317240e792f"},"description":"escuela de responsasbilidad medioambiental gracias a la s\u00e9ptima edicci\u00f3n del programa desarrollado por el RACE (Real Autom\u00f3vil Club Espa\u00f1a) y Renault.","breadcrumb":{"@id":"https:\/\/www.blogdelaautoescuela.com\/blog\/escuela-de-responsabilidad-medioambiental-en-sanxenxo\/#breadcrumb"},"inLanguage":"es","potentialAction":[{"@type":"ReadAction","target":["https:\/\/www.blogdelaautoescuela.com\/blog\/escuela-de-responsabilidad-medioambiental-en-sanxenxo\/"]}]},{"@type":"ImageObject","inLanguage":"es","@id":"https:\/\/www.blogdelaautoescuela.com\/blog\/escuela-de-responsabilidad-medioambiental-en-sanxenxo\/#primaryimage","url":"https:\/\/www.blogdelaautoescuela.com\/blog\/wp-content\/uploads\/2009\/08\/sanxenxo1.jpg","contentUrl":"https:\/\/www.blogdelaautoescuela.com\/blog\/wp-content\/uploads\/2009\/08\/sanxenxo1.jpg","width":400,"height":350},{"@type":"BreadcrumbList","@id":"https:\/\/www.blogdelaautoescuela.com\/blog\/escuela-de-responsabilidad-medioambiental-en-sanxenxo\/#breadcrumb","itemListElement":[{"@type":"ListItem","position":1,"name":"Portada","item":"https:\/\/www.blogdelaautoescuela.com\/blog\/"},{"@type":"ListItem","position":2,"name":"Escuela de responsabilidad medioambiental en Sanxenxo"}]},{"@type":"WebSite","@id":"https:\/\/www.blogdelaautoescuela.com\/blog\/#website","url":"https:\/\/www.blogdelaautoescuela.com\/blog\/","name":"Blog de la autoescuela","description":"Noticias sobre autoescuelas y seguridad vial","potentialAction":[{"@type":"SearchAction","target":{"@type":"EntryPoint","urlTemplate":"https:\/\/www.blogdelaautoescuela.com\/blog\/?s={search_term_string}"},"query-input":{"@type":"PropertyValueSpecification","valueRequired":true,"valueName":"search_term_string"}}],"inLanguage":"es"},{"@type":"Person","@id":"https:\/\/www.blogdelaautoescuela.com\/blog\/#\/schema\/person\/f209a64ca5dfe74b9acb6317240e792f","name":"usr_blogauto","image":{"@type":"ImageObject","inLanguage":"es","@id":"https:\/\/www.blogdelaautoescuela.com\/blog\/#\/schema\/person\/image\/","url":"https:\/\/secure.gravatar.com\/avatar\/d3939d4ea521ac8421c86d2980321cc9?s=96&d=mm&r=g","contentUrl":"https:\/\/secure.gravatar.com\/avatar\/d3939d4ea521ac8421c86d2980321cc9?s=96&d=mm&r=g","caption":"usr_blogauto"},"description":"Blog dedicado a la conducci\u00f3n, las autoescuelas y la seguridad vial. Est\u00e1 creado por un grupo de profesionales de la formaci\u00f3n vial que comparten inquietudes y experiencias. Aqu\u00ed\u00ad podr\u00e1s encontrar informaci\u00f3n variada sobre el d\u00ed\u00ada a d\u00ed\u00ada de la autoescuela, ex\u00e1menes, test o novedades y consejos para una conducci\u00f3n m\u00e1s segura.","sameAs":["http:\/\/www.blogdelaautoescuela.com\/","https:\/\/www.facebook.com\/blogdelaautoescuela","https:\/\/x.com\/autoescuelas"],"url":"https:\/\/www.blogdelaautoescuela.com\/blog\/author\/usr_blogauto\/"}]}},"jetpack_featured_media_url":"https:\/\/www.blogdelaautoescuela.com\/blog\/wp-content\/uploads\/2009\/08\/sanxenxo1.jpg","_links":{"self":[{"href":"https:\/\/www.blogdelaautoescuela.com\/blog\/wp-json\/wp\/v2\/posts\/1811","targetHints":{"allow":["GET"]}}],"collection":[{"href":"https:\/\/www.blogdelaautoescuela.com\/blog\/wp-json\/wp\/v2\/posts"}],"about":[{"href":"https:\/\/www.blogdelaautoescuela.com\/blog\/wp-json\/wp\/v2\/types\/post"}],"author":[{"embeddable":true,"href":"https:\/\/www.blogdelaautoescuela.com\/blog\/wp-json\/wp\/v2\/users\/1"}],"replies":[{"embeddable":true,"href":"https:\/\/www.blogdelaautoescuela.com\/blog\/wp-json\/wp\/v2\/comments?post=1811"}],"version-history":[{"count":0,"href":"https:\/\/www.blogdelaautoescuela.com\/blog\/wp-json\/wp\/v2\/posts\/1811\/revisions"}],"wp:featuredmedia":[{"embeddable":true,"href":"https:\/\/www.blogdelaautoescuela.com\/blog\/wp-json\/wp\/v2\/media\/1816"}],"wp:attachment":[{"href":"https:\/\/www.blogdelaautoescuela.com\/blog\/wp-json\/wp\/v2\/media?parent=1811"}],"wp:term":[{"taxonomy":"category","embeddable":true,"href":"https:\/\/www.blogdelaautoescuela.com\/blog\/wp-json\/wp\/v2\/categories?post=1811"},{"taxonomy":"post_tag","embeddable":true,"href":"https:\/\/www.blogdelaautoescuela.com\/blog\/wp-json\/wp\/v2\/tags?post=1811"}],"curies":[{"name":"wp","href":"https:\/\/api.w.org\/{rel}","templated":true}]}}