
{"id":16444,"date":"2025-06-17T13:41:03","date_gmt":"2025-06-17T11:41:03","guid":{"rendered":"https:\/\/www.blogdelaautoescuela.com\/blog\/?p=16444"},"modified":"2025-06-17T13:42:14","modified_gmt":"2025-06-17T11:42:14","slug":"real-decreto-que-modifica-el-reglamento-general-de-circulacion","status":"publish","type":"post","link":"https:\/\/www.blogdelaautoescuela.com\/blog\/real-decreto-que-modifica-el-reglamento-general-de-circulacion\/","title":{"rendered":"El BOE publica hoy el Real Decreto que modifica el Reglamento General de Circulaci\u00f3n"},"content":{"rendered":"\n<p>Hoy martes 17 de junio de 2025 ha sido publicado en el Bolet\u00edn Oficial del Estado el <strong>Real Decreto 465\/2025, de 10 de junio, por el que se modifica el Reglamento General de Circulaci\u00f3n,<\/strong> aprobado por Real Decreto 1428\/2003, de 21 de noviembre, en materia de se\u00f1alizaci\u00f3n de tr\u00e1fico.<\/p>\n\n\n\n<p>Esta reforma, que entrar\u00e1 en vigor el 1 de julio de 2025, actualiza las normativas sobre se\u00f1alizaci\u00f3n vial, con el objetivo de adaptarlas a los avances tecnol\u00f3gicos y sociales en movilidad.<\/p>\n\n\n\n<p>A lo largo de los m\u00e1s de 20 a\u00f1os desde la \u00faltima actualizaci\u00f3n, se ha hecho necesario ajustar las se\u00f1ales a los nuevos desaf\u00edos y tecnolog\u00edas. La modificaci\u00f3n m\u00e1s importante afecta al T\u00edtulo IV, que trata sobre la se\u00f1alizaci\u00f3n, y la consolidaci\u00f3n de un \u00fanico documento que recoge las se\u00f1ales y marcas viales, con detalles sobre su forma, significado y simbolog\u00eda.<\/p>\n\n\n\n<p>La reforma se alinea con las normativas europeas y nacionales, garantizando estabilidad y coherencia en su implementaci\u00f3n.<\/p>\n\n\n\n<p>Tiene como principal objetivo hacer m\u00e1s eficiente la gesti\u00f3n del tr\u00e1fico y mejorar la seguridad vial para todos los usuarios de la v\u00eda.<\/p>\n\n\n\n<p><a href=\"https:\/\/boe.es\/boe\/dias\/2025\/06\/17\/pdfs\/BOE-A-2025-12199.pdf\">Ver completo el Real Decreto 465\/2025, de 10 de junio.<\/a><\/p>\n\n\n\n<p><\/p>\n","protected":false},"excerpt":{"rendered":"<p>Hoy martes 17 de junio de 2025 ha sido publicado en el Bolet\u00edn Oficial del Estado el Real Decreto 465\/2025, de 10 de junio, por el que se modifica el Reglamento General de Circulaci\u00f3n, aprobado por Real Decreto 1428\/2003, de 21 de noviembre, en materia de se\u00f1alizaci\u00f3n de tr\u00e1fico. Esta reforma, que entrar\u00e1 en vigor [&hellip;]<\/p>\n","protected":false},"author":10,"featured_media":779,"comment_status":"open","ping_status":"closed","sticky":false,"template":"","format":"standard","meta":{"footnotes":"","jetpack_publicize_message":"","jetpack_publicize_feature_enabled":true,"jetpack_social_post_already_shared":true,"jetpack_social_options":{"image_generator_settings":{"template":"highway","enabled":false},"version":2}},"categories":[12],"tags":[1664,527,1672,1678],"class_list":["post-16444","post","type-post","status-publish","format-standard","has-post-thumbnail","hentry","category-noticias","tag-autoescuela","tag-educacion-vial","tag-noticias","tag-seguridad-vial"],"wppr_data":{"cwp_meta_box_check":"No"},"jetpack_publicize_connections":[],"yoast_head":"<!-- This site is optimized with the Yoast SEO plugin v24.7 - https:\/\/yoast.com\/wordpress\/plugins\/seo\/ -->\n<title>Real Decreto que modifica el Reglamento General de Circulaci\u00f3n<\/title>\n<meta name=\"description\" content=\"Hoy martes 17 de junio de 2025 ha sido publicado en el Bolet\u00edn Oficial del Estado el Real Decreto 465\/2025, de 10 de junio.\" \/>\n<meta name=\"robots\" content=\"index, follow, max-snippet:-1, max-image-preview:large, max-video-preview:-1\" \/>\n<link rel=\"canonical\" href=\"https:\/\/www.blogdelaautoescuela.com\/blog\/real-decreto-que-modifica-el-reglamento-general-de-circulacion\/\" \/>\n<meta property=\"og:locale\" content=\"es_ES\" \/>\n<meta property=\"og:type\" content=\"article\" \/>\n<meta property=\"og:title\" content=\"Real Decreto que modifica el Reglamento General de Circulaci\u00f3n\" \/>\n<meta property=\"og:description\" content=\"Hoy martes 17 de junio de 2025 ha sido publicado en el Bolet\u00edn Oficial del Estado el Real Decreto 465\/2025, de 10 de junio.\" \/>\n<meta property=\"og:url\" content=\"https:\/\/www.blogdelaautoescuela.com\/blog\/real-decreto-que-modifica-el-reglamento-general-de-circulacion\/\" \/>\n<meta property=\"og:site_name\" content=\"Blog de la autoescuela\" \/>\n<meta property=\"article:published_time\" content=\"2025-06-17T11:41:03+00:00\" \/>\n<meta property=\"article:modified_time\" content=\"2025-06-17T11:42:14+00:00\" \/>\n<meta property=\"og:image\" content=\"http:\/\/www.blogdelaautoescuela.com\/blog\/wp-content\/uploads\/2009\/03\/autoescuelas1.jpg\" \/>\n\t<meta property=\"og:image:width\" content=\"400\" \/>\n\t<meta property=\"og:image:height\" content=\"200\" \/>\n\t<meta property=\"og:image:type\" content=\"image\/jpeg\" \/>\n<meta name=\"author\" content=\"M\u00aa Carmen Alfonso Gal\u00e1n\" \/>\n<meta name=\"twitter:label1\" content=\"Escrito por\" \/>\n\t<meta name=\"twitter:data1\" content=\"M\u00aa Carmen Alfonso Gal\u00e1n\" \/>\n\t<meta name=\"twitter:label2\" content=\"Tiempo de lectura\" \/>\n\t<meta name=\"twitter:data2\" content=\"1 minuto\" \/>\n<script type=\"application\/ld+json\" class=\"yoast-schema-graph\">{\"@context\":\"https:\/\/schema.org\",\"@graph\":[{\"@type\":\"WebPage\",\"@id\":\"https:\/\/www.blogdelaautoescuela.com\/blog\/real-decreto-que-modifica-el-reglamento-general-de-circulacion\/\",\"url\":\"https:\/\/www.blogdelaautoescuela.com\/blog\/real-decreto-que-modifica-el-reglamento-general-de-circulacion\/\",\"name\":\"Real Decreto que modifica el Reglamento General de Circulaci\u00f3n\",\"isPartOf\":{\"@id\":\"https:\/\/www.blogdelaautoescuela.com\/blog\/#website\"},\"primaryImageOfPage\":{\"@id\":\"https:\/\/www.blogdelaautoescuela.com\/blog\/real-decreto-que-modifica-el-reglamento-general-de-circulacion\/#primaryimage\"},\"image\":{\"@id\":\"https:\/\/www.blogdelaautoescuela.com\/blog\/real-decreto-que-modifica-el-reglamento-general-de-circulacion\/#primaryimage\"},\"thumbnailUrl\":\"https:\/\/www.blogdelaautoescuela.com\/blog\/wp-content\/uploads\/2009\/03\/autoescuelas1.jpg\",\"datePublished\":\"2025-06-17T11:41:03+00:00\",\"dateModified\":\"2025-06-17T11:42:14+00:00\",\"author\":{\"@id\":\"https:\/\/www.blogdelaautoescuela.com\/blog\/#\/schema\/person\/45ccd53611da46f9748652f0714d069e\"},\"description\":\"Hoy martes 17 de junio de 2025 ha sido publicado en el Bolet\u00edn Oficial del Estado el Real Decreto 465\/2025, de 10 de junio.\",\"breadcrumb\":{\"@id\":\"https:\/\/www.blogdelaautoescuela.com\/blog\/real-decreto-que-modifica-el-reglamento-general-de-circulacion\/#breadcrumb\"},\"inLanguage\":\"es\",\"potentialAction\":[{\"@type\":\"ReadAction\",\"target\":[\"https:\/\/www.blogdelaautoescuela.com\/blog\/real-decreto-que-modifica-el-reglamento-general-de-circulacion\/\"]}]},{\"@type\":\"ImageObject\",\"inLanguage\":\"es\",\"@id\":\"https:\/\/www.blogdelaautoescuela.com\/blog\/real-decreto-que-modifica-el-reglamento-general-de-circulacion\/#primaryimage\",\"url\":\"https:\/\/www.blogdelaautoescuela.com\/blog\/wp-content\/uploads\/2009\/03\/autoescuelas1.jpg\",\"contentUrl\":\"https:\/\/www.blogdelaautoescuela.com\/blog\/wp-content\/uploads\/2009\/03\/autoescuelas1.jpg\",\"width\":400,\"height\":200},{\"@type\":\"BreadcrumbList\",\"@id\":\"https:\/\/www.blogdelaautoescuela.com\/blog\/real-decreto-que-modifica-el-reglamento-general-de-circulacion\/#breadcrumb\",\"itemListElement\":[{\"@type\":\"ListItem\",\"position\":1,\"name\":\"Portada\",\"item\":\"https:\/\/www.blogdelaautoescuela.com\/blog\/\"},{\"@type\":\"ListItem\",\"position\":2,\"name\":\"El BOE publica hoy el Real Decreto que modifica el Reglamento General de Circulaci\u00f3n\"}]},{\"@type\":\"WebSite\",\"@id\":\"https:\/\/www.blogdelaautoescuela.com\/blog\/#website\",\"url\":\"https:\/\/www.blogdelaautoescuela.com\/blog\/\",\"name\":\"Blog de la autoescuela\",\"description\":\"Noticias sobre autoescuelas y seguridad vial\",\"potentialAction\":[{\"@type\":\"SearchAction\",\"target\":{\"@type\":\"EntryPoint\",\"urlTemplate\":\"https:\/\/www.blogdelaautoescuela.com\/blog\/?s={search_term_string}\"},\"query-input\":{\"@type\":\"PropertyValueSpecification\",\"valueRequired\":true,\"valueName\":\"search_term_string\"}}],\"inLanguage\":\"es\"},{\"@type\":\"Person\",\"@id\":\"https:\/\/www.blogdelaautoescuela.com\/blog\/#\/schema\/person\/45ccd53611da46f9748652f0714d069e\",\"name\":\"M\u00aa Carmen Alfonso Gal\u00e1n\",\"image\":{\"@type\":\"ImageObject\",\"inLanguage\":\"es\",\"@id\":\"https:\/\/www.blogdelaautoescuela.com\/blog\/#\/schema\/person\/image\/\",\"url\":\"https:\/\/secure.gravatar.com\/avatar\/7b413f0c79b29930663995c7dbb9ddc1?s=96&d=mm&r=g\",\"contentUrl\":\"https:\/\/secure.gravatar.com\/avatar\/7b413f0c79b29930663995c7dbb9ddc1?s=96&d=mm&r=g\",\"caption\":\"M\u00aa Carmen Alfonso Gal\u00e1n\"},\"description\":\"Blog dedicado a la conducci\u00f3n, las autoescuelas y la seguridad vial. Est\u00e1 creado por un grupo de profesionales de la formaci\u00f3n vial que comparten inquietudes y experiencias. Aqu\u00ed\u00ad podr\u00e1s encontrar informaci\u00f3n variada sobre el d\u00ed\u00ada a d\u00ed\u00ada de la autoescuela, ex\u00e1menes, test o novedades y consejos para una conducci\u00f3n m\u00e1s segura.\",\"url\":\"https:\/\/www.blogdelaautoescuela.com\/blog\/author\/carmen-a-g\/\"}]}<\/script>\n<!-- \/ Yoast SEO plugin. -->","yoast_head_json":{"title":"Real Decreto que modifica el Reglamento General de Circulaci\u00f3n","description":"Hoy martes 17 de junio de 2025 ha sido publicado en el Bolet\u00edn Oficial del Estado el Real Decreto 465\/2025, de 10 de junio.","robots":{"index":"index","follow":"follow","max-snippet":"max-snippet:-1","max-image-preview":"max-image-preview:large","max-video-preview":"max-video-preview:-1"},"canonical":"https:\/\/www.blogdelaautoescuela.com\/blog\/real-decreto-que-modifica-el-reglamento-general-de-circulacion\/","og_locale":"es_ES","og_type":"article","og_title":"Real Decreto que modifica el Reglamento General de Circulaci\u00f3n","og_description":"Hoy martes 17 de junio de 2025 ha sido publicado en el Bolet\u00edn Oficial del Estado el Real Decreto 465\/2025, de 10 de junio.","og_url":"https:\/\/www.blogdelaautoescuela.com\/blog\/real-decreto-que-modifica-el-reglamento-general-de-circulacion\/","og_site_name":"Blog de la autoescuela","article_published_time":"2025-06-17T11:41:03+00:00","article_modified_time":"2025-06-17T11:42:14+00:00","og_image":[{"width":400,"height":200,"url":"http:\/\/www.blogdelaautoescuela.com\/blog\/wp-content\/uploads\/2009\/03\/autoescuelas1.jpg","type":"image\/jpeg"}],"author":"M\u00aa Carmen Alfonso Gal\u00e1n","twitter_misc":{"Escrito por":"M\u00aa Carmen Alfonso Gal\u00e1n","Tiempo de lectura":"1 minuto"},"schema":{"@context":"https:\/\/schema.org","@graph":[{"@type":"WebPage","@id":"https:\/\/www.blogdelaautoescuela.com\/blog\/real-decreto-que-modifica-el-reglamento-general-de-circulacion\/","url":"https:\/\/www.blogdelaautoescuela.com\/blog\/real-decreto-que-modifica-el-reglamento-general-de-circulacion\/","name":"Real Decreto que modifica el Reglamento General de Circulaci\u00f3n","isPartOf":{"@id":"https:\/\/www.blogdelaautoescuela.com\/blog\/#website"},"primaryImageOfPage":{"@id":"https:\/\/www.blogdelaautoescuela.com\/blog\/real-decreto-que-modifica-el-reglamento-general-de-circulacion\/#primaryimage"},"image":{"@id":"https:\/\/www.blogdelaautoescuela.com\/blog\/real-decreto-que-modifica-el-reglamento-general-de-circulacion\/#primaryimage"},"thumbnailUrl":"https:\/\/www.blogdelaautoescuela.com\/blog\/wp-content\/uploads\/2009\/03\/autoescuelas1.jpg","datePublished":"2025-06-17T11:41:03+00:00","dateModified":"2025-06-17T11:42:14+00:00","author":{"@id":"https:\/\/www.blogdelaautoescuela.com\/blog\/#\/schema\/person\/45ccd53611da46f9748652f0714d069e"},"description":"Hoy martes 17 de junio de 2025 ha sido publicado en el Bolet\u00edn Oficial del Estado el Real Decreto 465\/2025, de 10 de junio.","breadcrumb":{"@id":"https:\/\/www.blogdelaautoescuela.com\/blog\/real-decreto-que-modifica-el-reglamento-general-de-circulacion\/#breadcrumb"},"inLanguage":"es","potentialAction":[{"@type":"ReadAction","target":["https:\/\/www.blogdelaautoescuela.com\/blog\/real-decreto-que-modifica-el-reglamento-general-de-circulacion\/"]}]},{"@type":"ImageObject","inLanguage":"es","@id":"https:\/\/www.blogdelaautoescuela.com\/blog\/real-decreto-que-modifica-el-reglamento-general-de-circulacion\/#primaryimage","url":"https:\/\/www.blogdelaautoescuela.com\/blog\/wp-content\/uploads\/2009\/03\/autoescuelas1.jpg","contentUrl":"https:\/\/www.blogdelaautoescuela.com\/blog\/wp-content\/uploads\/2009\/03\/autoescuelas1.jpg","width":400,"height":200},{"@type":"BreadcrumbList","@id":"https:\/\/www.blogdelaautoescuela.com\/blog\/real-decreto-que-modifica-el-reglamento-general-de-circulacion\/#breadcrumb","itemListElement":[{"@type":"ListItem","position":1,"name":"Portada","item":"https:\/\/www.blogdelaautoescuela.com\/blog\/"},{"@type":"ListItem","position":2,"name":"El BOE publica hoy el Real Decreto que modifica el Reglamento General de Circulaci\u00f3n"}]},{"@type":"WebSite","@id":"https:\/\/www.blogdelaautoescuela.com\/blog\/#website","url":"https:\/\/www.blogdelaautoescuela.com\/blog\/","name":"Blog de la autoescuela","description":"Noticias sobre autoescuelas y seguridad vial","potentialAction":[{"@type":"SearchAction","target":{"@type":"EntryPoint","urlTemplate":"https:\/\/www.blogdelaautoescuela.com\/blog\/?s={search_term_string}"},"query-input":{"@type":"PropertyValueSpecification","valueRequired":true,"valueName":"search_term_string"}}],"inLanguage":"es"},{"@type":"Person","@id":"https:\/\/www.blogdelaautoescuela.com\/blog\/#\/schema\/person\/45ccd53611da46f9748652f0714d069e","name":"M\u00aa Carmen Alfonso Gal\u00e1n","image":{"@type":"ImageObject","inLanguage":"es","@id":"https:\/\/www.blogdelaautoescuela.com\/blog\/#\/schema\/person\/image\/","url":"https:\/\/secure.gravatar.com\/avatar\/7b413f0c79b29930663995c7dbb9ddc1?s=96&d=mm&r=g","contentUrl":"https:\/\/secure.gravatar.com\/avatar\/7b413f0c79b29930663995c7dbb9ddc1?s=96&d=mm&r=g","caption":"M\u00aa Carmen Alfonso Gal\u00e1n"},"description":"Blog dedicado a la conducci\u00f3n, las autoescuelas y la seguridad vial. Est\u00e1 creado por un grupo de profesionales de la formaci\u00f3n vial que comparten inquietudes y experiencias. Aqu\u00ed\u00ad podr\u00e1s encontrar informaci\u00f3n variada sobre el d\u00ed\u00ada a d\u00ed\u00ada de la autoescuela, ex\u00e1menes, test o novedades y consejos para una conducci\u00f3n m\u00e1s segura.","url":"https:\/\/www.blogdelaautoescuela.com\/blog\/author\/carmen-a-g\/"}]}},"jetpack_featured_media_url":"https:\/\/www.blogdelaautoescuela.com\/blog\/wp-content\/uploads\/2009\/03\/autoescuelas1.jpg","_links":{"self":[{"href":"https:\/\/www.blogdelaautoescuela.com\/blog\/wp-json\/wp\/v2\/posts\/16444","targetHints":{"allow":["GET"]}}],"collection":[{"href":"https:\/\/www.blogdelaautoescuela.com\/blog\/wp-json\/wp\/v2\/posts"}],"about":[{"href":"https:\/\/www.blogdelaautoescuela.com\/blog\/wp-json\/wp\/v2\/types\/post"}],"author":[{"embeddable":true,"href":"https:\/\/www.blogdelaautoescuela.com\/blog\/wp-json\/wp\/v2\/users\/10"}],"replies":[{"embeddable":true,"href":"https:\/\/www.blogdelaautoescuela.com\/blog\/wp-json\/wp\/v2\/comments?post=16444"}],"version-history":[{"count":4,"href":"https:\/\/www.blogdelaautoescuela.com\/blog\/wp-json\/wp\/v2\/posts\/16444\/revisions"}],"predecessor-version":[{"id":16448,"href":"https:\/\/www.blogdelaautoescuela.com\/blog\/wp-json\/wp\/v2\/posts\/16444\/revisions\/16448"}],"wp:featuredmedia":[{"embeddable":true,"href":"https:\/\/www.blogdelaautoescuela.com\/blog\/wp-json\/wp\/v2\/media\/779"}],"wp:attachment":[{"href":"https:\/\/www.blogdelaautoescuela.com\/blog\/wp-json\/wp\/v2\/media?parent=16444"}],"wp:term":[{"taxonomy":"category","embeddable":true,"href":"https:\/\/www.blogdelaautoescuela.com\/blog\/wp-json\/wp\/v2\/categories?post=16444"},{"taxonomy":"post_tag","embeddable":true,"href":"https:\/\/www.blogdelaautoescuela.com\/blog\/wp-json\/wp\/v2\/tags?post=16444"}],"curies":[{"name":"wp","href":"https:\/\/api.w.org\/{rel}","templated":true}]}}