
{"id":16350,"date":"2024-07-22T13:38:25","date_gmt":"2024-07-22T11:38:25","guid":{"rendered":"https:\/\/www.blogdelaautoescuela.com\/blog\/?p=16350"},"modified":"2024-11-05T16:41:38","modified_gmt":"2024-11-05T15:41:38","slug":"director-de-autoescuela-publicado-temario-y-listados-provisionales","status":"publish","type":"post","link":"https:\/\/www.blogdelaautoescuela.com\/blog\/director-de-autoescuela-publicado-temario-y-listados-provisionales\/","title":{"rendered":"Director de autoescuela: publicado temario y listados provisionales"},"content":{"rendered":"\n<p class=\"has-text-align-justify\">La <a href=\"http:\/\/www.dgt.es\/\" target=\"_blank\" rel=\"noreferrer noopener\"><strong>Direcci\u00f3n General de Tr\u00e1fico<\/strong><\/a> ha publicado resoluci\u00f3n a fecha 17 de julio con el listado provisional de los aspirantes admitidos y excluidos a la prueba selectiva de directores de escuelas de conductores.<\/p>\n\n\n\n<p class=\"has-text-align-justify\">La DGT ya tiene abierto un plazo de<strong> diez d\u00ed\u00adas h\u00e1bile<\/strong>s (a contar desde el 18 de julio) para todos aquellos que quieran presentar alegaciones. \u00ed\u2030stas se har\u00e1n llegar por escrito a la siguiente direcci\u00f3n:<\/p>\n\n\n\n<p><em>Presidente del Tribunal Calificador<\/em><br><em>Direcci\u00f3n General de Tr\u00e1fico<\/em><br><em>C\/ Josefa Valc\u00e1rcel, <\/em>44<br><em>28071 &#8211; Madrid<\/em><\/p>\n\n\n\n<p class=\"has-text-align-justify\">Estos son los enlaces en los que pod\u00e9is ver los listados provisionales de aspirantes a <strong>directores de autoescuela<\/strong>:<\/p>\n\n\n\n<ul class=\"wp-block-list\"><li>17\/07\/2024 &#8211;&nbsp;<a href=\"https:\/\/sede.dgt.gob.es\/export\/sites\/dgt\/.galleries\/permisos-de-conducir\/certificacion-aptitud-directores-centros-formacion-vial\/2023\/Resolucion-relacion-provisional-de-aspirantes-admitidos-y-excluidos-prueba-selectiva.pdf\" target=\"_blank\" rel=\"noreferrer noopener\">Resoluci\u00f3n relaci\u00f3n provisional de aspirantes admitidos y excluidos prueba selectiva.<\/a><\/li><li>17\/07\/2024 &#8211;&nbsp;<a href=\"https:\/\/sede.dgt.gob.es\/export\/sites\/dgt\/.galleries\/permisos-de-conducir\/certificacion-aptitud-directores-centros-formacion-vial\/2023\/Relacion-provisional-de-aspirantes-excluidos.pdf\" target=\"_blank\" rel=\"noreferrer noopener\">Relaci\u00f3n provisional de aspirantes excluidos.<\/a><\/li><li>17\/07\/2024 &#8211;&nbsp;<a href=\"https:\/\/sede.dgt.gob.es\/export\/sites\/dgt\/.galleries\/permisos-de-conducir\/certificacion-aptitud-directores-centros-formacion-vial\/2023\/Relacion-provisional-de-aspirantes-admitidos.pdf\" target=\"_blank\" rel=\"noreferrer noopener\">Relaci\u00f3n provisional de aspirantes admitidos.<\/a><\/li><li>17\/07\/2024 &#8211;&nbsp;<a href=\"https:\/\/sede.dgt.gob.es\/export\/sites\/dgt\/.galleries\/permisos-de-conducir\/certificacion-aptitud-directores-centros-formacion-vial\/2023\/Programa-Prueba-selectiva-2023.pdf\" target=\"_blank\" rel=\"noreferrer noopener\">Temario Prueba selectiva.<\/a><\/li><\/ul>\n\n\n\n<p><\/p>\n\n\n\n<p class=\"has-text-align-justify\">En la resoluci\u00f3n se comunica que la fecha del examen, se publicar\u00e1 junto con los listados definitivos.<\/p>\n\n\n\n<p>Fuente: DGT<\/p>\n","protected":false},"excerpt":{"rendered":"<p>La Direcci\u00f3n General de Tr\u00e1fico ha publicado resoluci\u00f3n a fecha 17 de julio con el listado provisional de los aspirantes admitidos y excluidos a la prueba selectiva de directores de escuelas de conductores. La DGT ya tiene abierto un plazo de diez d\u00ed\u00adas h\u00e1biles (a contar desde el 18 de julio) para todos aquellos que [&hellip;]<\/p>\n","protected":false},"author":10,"featured_media":16321,"comment_status":"open","ping_status":"closed","sticky":false,"template":"","format":"standard","meta":{"footnotes":"","jetpack_publicize_message":"","jetpack_publicize_feature_enabled":true,"jetpack_social_post_already_shared":true,"jetpack_social_options":{"image_generator_settings":{"template":"highway","enabled":false},"version":2}},"categories":[6],"tags":[1667],"class_list":["post-16350","post","type-post","status-publish","format-standard","has-post-thumbnail","hentry","category-director-de-autoescuela","tag-director-de-autoescuela"],"wppr_data":{"cwp_meta_box_check":"No"},"jetpack_publicize_connections":[],"yoast_head":"<!-- This site is optimized with the Yoast SEO plugin v24.7 - https:\/\/yoast.com\/wordpress\/plugins\/seo\/ -->\n<title>Director de autoescuela: publicado temario y listados provisionales<\/title>\n<meta name=\"description\" content=\"La DGT ha publicado resoluci\u00f3n a fecha 17 de julio con el listado provisional de los aspirantes admitidos y excluidos a la\" \/>\n<meta name=\"robots\" content=\"index, follow, max-snippet:-1, max-image-preview:large, max-video-preview:-1\" \/>\n<link rel=\"canonical\" href=\"https:\/\/www.blogdelaautoescuela.com\/blog\/director-de-autoescuela-publicado-temario-y-listados-provisionales\/\" \/>\n<meta property=\"og:locale\" content=\"es_ES\" \/>\n<meta property=\"og:type\" content=\"article\" \/>\n<meta property=\"og:title\" content=\"Director de autoescuela: publicado temario y listados provisionales\" \/>\n<meta property=\"og:description\" content=\"La DGT ha publicado resoluci\u00f3n a fecha 17 de julio con el listado provisional de los aspirantes admitidos y excluidos a la\" \/>\n<meta property=\"og:url\" content=\"https:\/\/www.blogdelaautoescuela.com\/blog\/director-de-autoescuela-publicado-temario-y-listados-provisionales\/\" \/>\n<meta property=\"og:site_name\" content=\"Blog de la autoescuela\" \/>\n<meta property=\"article:published_time\" content=\"2024-07-22T11:38:25+00:00\" \/>\n<meta property=\"article:modified_time\" content=\"2024-11-05T15:41:38+00:00\" \/>\n<meta property=\"og:image\" content=\"http:\/\/www.blogdelaautoescuela.com\/blog\/wp-content\/uploads\/2024\/05\/LISTADOS.jpg\" \/>\n\t<meta property=\"og:image:width\" content=\"350\" \/>\n\t<meta property=\"og:image:height\" content=\"233\" \/>\n\t<meta property=\"og:image:type\" content=\"image\/jpeg\" \/>\n<meta name=\"author\" content=\"M\u00aa Carmen Alfonso Gal\u00e1n\" \/>\n<meta name=\"twitter:label1\" content=\"Escrito por\" \/>\n\t<meta name=\"twitter:data1\" content=\"M\u00aa Carmen Alfonso Gal\u00e1n\" \/>\n\t<meta name=\"twitter:label2\" content=\"Tiempo de lectura\" \/>\n\t<meta name=\"twitter:data2\" content=\"1 minuto\" \/>\n<script type=\"application\/ld+json\" class=\"yoast-schema-graph\">{\"@context\":\"https:\/\/schema.org\",\"@graph\":[{\"@type\":\"WebPage\",\"@id\":\"https:\/\/www.blogdelaautoescuela.com\/blog\/director-de-autoescuela-publicado-temario-y-listados-provisionales\/\",\"url\":\"https:\/\/www.blogdelaautoescuela.com\/blog\/director-de-autoescuela-publicado-temario-y-listados-provisionales\/\",\"name\":\"Director de autoescuela: publicado temario y listados provisionales\",\"isPartOf\":{\"@id\":\"https:\/\/www.blogdelaautoescuela.com\/blog\/#website\"},\"primaryImageOfPage\":{\"@id\":\"https:\/\/www.blogdelaautoescuela.com\/blog\/director-de-autoescuela-publicado-temario-y-listados-provisionales\/#primaryimage\"},\"image\":{\"@id\":\"https:\/\/www.blogdelaautoescuela.com\/blog\/director-de-autoescuela-publicado-temario-y-listados-provisionales\/#primaryimage\"},\"thumbnailUrl\":\"https:\/\/www.blogdelaautoescuela.com\/blog\/wp-content\/uploads\/2024\/05\/LISTADOS.jpg\",\"datePublished\":\"2024-07-22T11:38:25+00:00\",\"dateModified\":\"2024-11-05T15:41:38+00:00\",\"author\":{\"@id\":\"https:\/\/www.blogdelaautoescuela.com\/blog\/#\/schema\/person\/45ccd53611da46f9748652f0714d069e\"},\"description\":\"La DGT ha publicado resoluci\u00f3n a fecha 17 de julio con el listado provisional de los aspirantes admitidos y excluidos a la\",\"breadcrumb\":{\"@id\":\"https:\/\/www.blogdelaautoescuela.com\/blog\/director-de-autoescuela-publicado-temario-y-listados-provisionales\/#breadcrumb\"},\"inLanguage\":\"es\",\"potentialAction\":[{\"@type\":\"ReadAction\",\"target\":[\"https:\/\/www.blogdelaautoescuela.com\/blog\/director-de-autoescuela-publicado-temario-y-listados-provisionales\/\"]}]},{\"@type\":\"ImageObject\",\"inLanguage\":\"es\",\"@id\":\"https:\/\/www.blogdelaautoescuela.com\/blog\/director-de-autoescuela-publicado-temario-y-listados-provisionales\/#primaryimage\",\"url\":\"https:\/\/www.blogdelaautoescuela.com\/blog\/wp-content\/uploads\/2024\/05\/LISTADOS.jpg\",\"contentUrl\":\"https:\/\/www.blogdelaautoescuela.com\/blog\/wp-content\/uploads\/2024\/05\/LISTADOS.jpg\",\"width\":350,\"height\":233},{\"@type\":\"BreadcrumbList\",\"@id\":\"https:\/\/www.blogdelaautoescuela.com\/blog\/director-de-autoescuela-publicado-temario-y-listados-provisionales\/#breadcrumb\",\"itemListElement\":[{\"@type\":\"ListItem\",\"position\":1,\"name\":\"Portada\",\"item\":\"https:\/\/www.blogdelaautoescuela.com\/blog\/\"},{\"@type\":\"ListItem\",\"position\":2,\"name\":\"Director de autoescuela: publicado temario y listados provisionales\"}]},{\"@type\":\"WebSite\",\"@id\":\"https:\/\/www.blogdelaautoescuela.com\/blog\/#website\",\"url\":\"https:\/\/www.blogdelaautoescuela.com\/blog\/\",\"name\":\"Blog de la autoescuela\",\"description\":\"Noticias sobre autoescuelas y seguridad vial\",\"potentialAction\":[{\"@type\":\"SearchAction\",\"target\":{\"@type\":\"EntryPoint\",\"urlTemplate\":\"https:\/\/www.blogdelaautoescuela.com\/blog\/?s={search_term_string}\"},\"query-input\":{\"@type\":\"PropertyValueSpecification\",\"valueRequired\":true,\"valueName\":\"search_term_string\"}}],\"inLanguage\":\"es\"},{\"@type\":\"Person\",\"@id\":\"https:\/\/www.blogdelaautoescuela.com\/blog\/#\/schema\/person\/45ccd53611da46f9748652f0714d069e\",\"name\":\"M\u00aa Carmen Alfonso Gal\u00e1n\",\"image\":{\"@type\":\"ImageObject\",\"inLanguage\":\"es\",\"@id\":\"https:\/\/www.blogdelaautoescuela.com\/blog\/#\/schema\/person\/image\/\",\"url\":\"https:\/\/secure.gravatar.com\/avatar\/7b413f0c79b29930663995c7dbb9ddc1?s=96&d=mm&r=g\",\"contentUrl\":\"https:\/\/secure.gravatar.com\/avatar\/7b413f0c79b29930663995c7dbb9ddc1?s=96&d=mm&r=g\",\"caption\":\"M\u00aa Carmen Alfonso Gal\u00e1n\"},\"description\":\"Blog dedicado a la conducci\u00f3n, las autoescuelas y la seguridad vial. Est\u00e1 creado por un grupo de profesionales de la formaci\u00f3n vial que comparten inquietudes y experiencias. Aqu\u00ed\u00ad podr\u00e1s encontrar informaci\u00f3n variada sobre el d\u00ed\u00ada a d\u00ed\u00ada de la autoescuela, ex\u00e1menes, test o novedades y consejos para una conducci\u00f3n m\u00e1s segura.\",\"url\":\"https:\/\/www.blogdelaautoescuela.com\/blog\/author\/carmen-a-g\/\"}]}<\/script>\n<!-- \/ Yoast SEO plugin. -->","yoast_head_json":{"title":"Director de autoescuela: publicado temario y listados provisionales","description":"La DGT ha publicado resoluci\u00f3n a fecha 17 de julio con el listado provisional de los aspirantes admitidos y excluidos a la","robots":{"index":"index","follow":"follow","max-snippet":"max-snippet:-1","max-image-preview":"max-image-preview:large","max-video-preview":"max-video-preview:-1"},"canonical":"https:\/\/www.blogdelaautoescuela.com\/blog\/director-de-autoescuela-publicado-temario-y-listados-provisionales\/","og_locale":"es_ES","og_type":"article","og_title":"Director de autoescuela: publicado temario y listados provisionales","og_description":"La DGT ha publicado resoluci\u00f3n a fecha 17 de julio con el listado provisional de los aspirantes admitidos y excluidos a la","og_url":"https:\/\/www.blogdelaautoescuela.com\/blog\/director-de-autoescuela-publicado-temario-y-listados-provisionales\/","og_site_name":"Blog de la autoescuela","article_published_time":"2024-07-22T11:38:25+00:00","article_modified_time":"2024-11-05T15:41:38+00:00","og_image":[{"width":350,"height":233,"url":"http:\/\/www.blogdelaautoescuela.com\/blog\/wp-content\/uploads\/2024\/05\/LISTADOS.jpg","type":"image\/jpeg"}],"author":"M\u00aa Carmen Alfonso Gal\u00e1n","twitter_misc":{"Escrito por":"M\u00aa Carmen Alfonso Gal\u00e1n","Tiempo de lectura":"1 minuto"},"schema":{"@context":"https:\/\/schema.org","@graph":[{"@type":"WebPage","@id":"https:\/\/www.blogdelaautoescuela.com\/blog\/director-de-autoescuela-publicado-temario-y-listados-provisionales\/","url":"https:\/\/www.blogdelaautoescuela.com\/blog\/director-de-autoescuela-publicado-temario-y-listados-provisionales\/","name":"Director de autoescuela: publicado temario y listados provisionales","isPartOf":{"@id":"https:\/\/www.blogdelaautoescuela.com\/blog\/#website"},"primaryImageOfPage":{"@id":"https:\/\/www.blogdelaautoescuela.com\/blog\/director-de-autoescuela-publicado-temario-y-listados-provisionales\/#primaryimage"},"image":{"@id":"https:\/\/www.blogdelaautoescuela.com\/blog\/director-de-autoescuela-publicado-temario-y-listados-provisionales\/#primaryimage"},"thumbnailUrl":"https:\/\/www.blogdelaautoescuela.com\/blog\/wp-content\/uploads\/2024\/05\/LISTADOS.jpg","datePublished":"2024-07-22T11:38:25+00:00","dateModified":"2024-11-05T15:41:38+00:00","author":{"@id":"https:\/\/www.blogdelaautoescuela.com\/blog\/#\/schema\/person\/45ccd53611da46f9748652f0714d069e"},"description":"La DGT ha publicado resoluci\u00f3n a fecha 17 de julio con el listado provisional de los aspirantes admitidos y excluidos a la","breadcrumb":{"@id":"https:\/\/www.blogdelaautoescuela.com\/blog\/director-de-autoescuela-publicado-temario-y-listados-provisionales\/#breadcrumb"},"inLanguage":"es","potentialAction":[{"@type":"ReadAction","target":["https:\/\/www.blogdelaautoescuela.com\/blog\/director-de-autoescuela-publicado-temario-y-listados-provisionales\/"]}]},{"@type":"ImageObject","inLanguage":"es","@id":"https:\/\/www.blogdelaautoescuela.com\/blog\/director-de-autoescuela-publicado-temario-y-listados-provisionales\/#primaryimage","url":"https:\/\/www.blogdelaautoescuela.com\/blog\/wp-content\/uploads\/2024\/05\/LISTADOS.jpg","contentUrl":"https:\/\/www.blogdelaautoescuela.com\/blog\/wp-content\/uploads\/2024\/05\/LISTADOS.jpg","width":350,"height":233},{"@type":"BreadcrumbList","@id":"https:\/\/www.blogdelaautoescuela.com\/blog\/director-de-autoescuela-publicado-temario-y-listados-provisionales\/#breadcrumb","itemListElement":[{"@type":"ListItem","position":1,"name":"Portada","item":"https:\/\/www.blogdelaautoescuela.com\/blog\/"},{"@type":"ListItem","position":2,"name":"Director de autoescuela: publicado temario y listados provisionales"}]},{"@type":"WebSite","@id":"https:\/\/www.blogdelaautoescuela.com\/blog\/#website","url":"https:\/\/www.blogdelaautoescuela.com\/blog\/","name":"Blog de la autoescuela","description":"Noticias sobre autoescuelas y seguridad vial","potentialAction":[{"@type":"SearchAction","target":{"@type":"EntryPoint","urlTemplate":"https:\/\/www.blogdelaautoescuela.com\/blog\/?s={search_term_string}"},"query-input":{"@type":"PropertyValueSpecification","valueRequired":true,"valueName":"search_term_string"}}],"inLanguage":"es"},{"@type":"Person","@id":"https:\/\/www.blogdelaautoescuela.com\/blog\/#\/schema\/person\/45ccd53611da46f9748652f0714d069e","name":"M\u00aa Carmen Alfonso Gal\u00e1n","image":{"@type":"ImageObject","inLanguage":"es","@id":"https:\/\/www.blogdelaautoescuela.com\/blog\/#\/schema\/person\/image\/","url":"https:\/\/secure.gravatar.com\/avatar\/7b413f0c79b29930663995c7dbb9ddc1?s=96&d=mm&r=g","contentUrl":"https:\/\/secure.gravatar.com\/avatar\/7b413f0c79b29930663995c7dbb9ddc1?s=96&d=mm&r=g","caption":"M\u00aa Carmen Alfonso Gal\u00e1n"},"description":"Blog dedicado a la conducci\u00f3n, las autoescuelas y la seguridad vial. Est\u00e1 creado por un grupo de profesionales de la formaci\u00f3n vial que comparten inquietudes y experiencias. Aqu\u00ed\u00ad podr\u00e1s encontrar informaci\u00f3n variada sobre el d\u00ed\u00ada a d\u00ed\u00ada de la autoescuela, ex\u00e1menes, test o novedades y consejos para una conducci\u00f3n m\u00e1s segura.","url":"https:\/\/www.blogdelaautoescuela.com\/blog\/author\/carmen-a-g\/"}]}},"jetpack_featured_media_url":"https:\/\/www.blogdelaautoescuela.com\/blog\/wp-content\/uploads\/2024\/05\/LISTADOS.jpg","_links":{"self":[{"href":"https:\/\/www.blogdelaautoescuela.com\/blog\/wp-json\/wp\/v2\/posts\/16350","targetHints":{"allow":["GET"]}}],"collection":[{"href":"https:\/\/www.blogdelaautoescuela.com\/blog\/wp-json\/wp\/v2\/posts"}],"about":[{"href":"https:\/\/www.blogdelaautoescuela.com\/blog\/wp-json\/wp\/v2\/types\/post"}],"author":[{"embeddable":true,"href":"https:\/\/www.blogdelaautoescuela.com\/blog\/wp-json\/wp\/v2\/users\/10"}],"replies":[{"embeddable":true,"href":"https:\/\/www.blogdelaautoescuela.com\/blog\/wp-json\/wp\/v2\/comments?post=16350"}],"version-history":[{"count":3,"href":"https:\/\/www.blogdelaautoescuela.com\/blog\/wp-json\/wp\/v2\/posts\/16350\/revisions"}],"predecessor-version":[{"id":16354,"href":"https:\/\/www.blogdelaautoescuela.com\/blog\/wp-json\/wp\/v2\/posts\/16350\/revisions\/16354"}],"wp:featuredmedia":[{"embeddable":true,"href":"https:\/\/www.blogdelaautoescuela.com\/blog\/wp-json\/wp\/v2\/media\/16321"}],"wp:attachment":[{"href":"https:\/\/www.blogdelaautoescuela.com\/blog\/wp-json\/wp\/v2\/media?parent=16350"}],"wp:term":[{"taxonomy":"category","embeddable":true,"href":"https:\/\/www.blogdelaautoescuela.com\/blog\/wp-json\/wp\/v2\/categories?post=16350"},{"taxonomy":"post_tag","embeddable":true,"href":"https:\/\/www.blogdelaautoescuela.com\/blog\/wp-json\/wp\/v2\/tags?post=16350"}],"curies":[{"name":"wp","href":"https:\/\/api.w.org\/{rel}","templated":true}]}}