
{"id":16340,"date":"2024-07-05T12:53:35","date_gmt":"2024-07-05T10:53:35","guid":{"rendered":"https:\/\/www.blogdelaautoescuela.com\/blog\/?p=16340"},"modified":"2024-07-05T12:53:37","modified_gmt":"2024-07-05T10:53:37","slug":"publicada-en-el-boe-la-oferta-de-empleo-publico-2024","status":"publish","type":"post","link":"https:\/\/www.blogdelaautoescuela.com\/blog\/publicada-en-el-boe-la-oferta-de-empleo-publico-2024\/","title":{"rendered":"Publicada en el BOE la oferta de empleo p\u00fablico 2024"},"content":{"rendered":"\n<p class=\"has-text-align-justify\">El <a href=\"https:\/\/boe.es\/boe\/dias\/2024\/07\/03\/pdfs\/BOE-A-2024-13572.pdf\" target=\"_blank\" rel=\"noreferrer noopener\">BOE de 3 de julio de 2024<\/a>  publica el Real Decreto 656\/2024,  de 2 de julio, por el que se aprueba la <strong>oferta de empleo p\u00fablico correspondiente al ejercicio 2024.<\/strong><\/p>\n\n\n\n<p class=\"has-text-align-justify\">Se convocan nuevas plazas para la especialidad de Tr\u00e1fico:<\/p>\n\n\n\n<p>Un total de <strong>70 plazas para el Cuerpo General Administrativo de la Administraci\u00f3n del Estado, especialidad de Tr\u00e1fico,<\/strong> 50 de ellas para el cupo general.<\/p>\n\n\n\n<p>Un total de <strong>10 plazas para la Escala Superior de T\u00e9cnicos de Tr\u00e1fico<\/strong>, 9 de ellas para el cupo general.<\/p>\n\n\n\n<p><\/p>\n\n\n\n<p class=\"has-text-align-justify\">Tal y como se informa en el art\u00ed\u00adculo 3.<em> &#8220;Las convocatorias deber\u00e1n ejecutarse en el plazo m\u00e1ximo de dos a\u00f1os desde su publicaci\u00f3n, y las respectivas fases de oposici\u00f3n en un a\u00f1o, salvo causa motivada que deber\u00e1 justificarse ante el departamento ministerial con competencias en materia de funci\u00f3n p\u00fablica&#8221;<\/em><\/p>\n\n\n\n<p><\/p>\n\n\n\n<p><\/p>\n\n\n\n<p>Fuente: BOE<\/p>\n","protected":false},"excerpt":{"rendered":"<p>El BOE de 3 de julio de 2024 publica el Real Decreto 656\/2024, de 2 de julio, por el que se aprueba la oferta de empleo p\u00fablico correspondiente al ejercicio 2024. Se convocan nuevas plazas para la especialidad de Tr\u00e1fico: Un total de 70 plazas para el Cuerpo General Administrativo de la Administraci\u00f3n del Estado, [&hellip;]<\/p>\n","protected":false},"author":10,"featured_media":3473,"comment_status":"open","ping_status":"closed","sticky":false,"template":"","format":"standard","meta":{"footnotes":"","jetpack_publicize_message":"","jetpack_publicize_feature_enabled":true,"jetpack_social_post_already_shared":true,"jetpack_social_options":{"image_generator_settings":{"template":"highway","enabled":false},"version":2}},"categories":[1844,12],"tags":[599,1323],"class_list":["post-16340","post","type-post","status-publish","format-standard","has-post-thumbnail","hentry","category-examinador-trafico","category-noticias","tag-examinadores-de-trafico","tag-trafico"],"wppr_data":{"cwp_meta_box_check":"No"},"jetpack_publicize_connections":[],"yoast_head":"<!-- This site is optimized with the Yoast SEO plugin v24.7 - https:\/\/yoast.com\/wordpress\/plugins\/seo\/ -->\n<title>Publicada en el BOE la oferta de empleo p\u00fablico 2024<\/title>\n<meta name=\"description\" content=\"El BOE de 3 de julio de 2024 publica el Real Decreto 656\/2024, de 2 de julio, por el que se aprueba la oferta de empleo p\u00fablico para 2024.\" \/>\n<meta name=\"robots\" content=\"index, follow, max-snippet:-1, max-image-preview:large, max-video-preview:-1\" \/>\n<link rel=\"canonical\" href=\"https:\/\/www.blogdelaautoescuela.com\/blog\/publicada-en-el-boe-la-oferta-de-empleo-publico-2024\/\" \/>\n<meta property=\"og:locale\" content=\"es_ES\" \/>\n<meta property=\"og:type\" content=\"article\" \/>\n<meta property=\"og:title\" content=\"Publicada en el BOE la oferta de empleo p\u00fablico 2024\" \/>\n<meta property=\"og:description\" content=\"El BOE de 3 de julio de 2024 publica el Real Decreto 656\/2024, de 2 de julio, por el que se aprueba la oferta de empleo p\u00fablico para 2024.\" \/>\n<meta property=\"og:url\" content=\"https:\/\/www.blogdelaautoescuela.com\/blog\/publicada-en-el-boe-la-oferta-de-empleo-publico-2024\/\" \/>\n<meta property=\"og:site_name\" content=\"Blog de la autoescuela\" \/>\n<meta property=\"article:published_time\" content=\"2024-07-05T10:53:35+00:00\" \/>\n<meta property=\"article:modified_time\" content=\"2024-07-05T10:53:37+00:00\" \/>\n<meta property=\"og:image\" content=\"http:\/\/www.blogdelaautoescuela.com\/blog\/wp-content\/uploads\/2010\/03\/reglamento-autoescuelas1.jpg\" \/>\n\t<meta property=\"og:image:width\" content=\"400\" \/>\n\t<meta property=\"og:image:height\" content=\"400\" \/>\n\t<meta property=\"og:image:type\" content=\"image\/jpeg\" \/>\n<meta name=\"author\" content=\"M\u00aa Carmen Alfonso Gal\u00e1n\" \/>\n<meta name=\"twitter:label1\" content=\"Escrito por\" \/>\n\t<meta name=\"twitter:data1\" content=\"M\u00aa Carmen Alfonso Gal\u00e1n\" \/>\n\t<meta name=\"twitter:label2\" content=\"Tiempo de lectura\" \/>\n\t<meta name=\"twitter:data2\" content=\"1 minuto\" \/>\n<script type=\"application\/ld+json\" class=\"yoast-schema-graph\">{\"@context\":\"https:\/\/schema.org\",\"@graph\":[{\"@type\":\"WebPage\",\"@id\":\"https:\/\/www.blogdelaautoescuela.com\/blog\/publicada-en-el-boe-la-oferta-de-empleo-publico-2024\/\",\"url\":\"https:\/\/www.blogdelaautoescuela.com\/blog\/publicada-en-el-boe-la-oferta-de-empleo-publico-2024\/\",\"name\":\"Publicada en el BOE la oferta de empleo p\u00fablico 2024\",\"isPartOf\":{\"@id\":\"https:\/\/www.blogdelaautoescuela.com\/blog\/#website\"},\"primaryImageOfPage\":{\"@id\":\"https:\/\/www.blogdelaautoescuela.com\/blog\/publicada-en-el-boe-la-oferta-de-empleo-publico-2024\/#primaryimage\"},\"image\":{\"@id\":\"https:\/\/www.blogdelaautoescuela.com\/blog\/publicada-en-el-boe-la-oferta-de-empleo-publico-2024\/#primaryimage\"},\"thumbnailUrl\":\"https:\/\/www.blogdelaautoescuela.com\/blog\/wp-content\/uploads\/2010\/03\/reglamento-autoescuelas1.jpg\",\"datePublished\":\"2024-07-05T10:53:35+00:00\",\"dateModified\":\"2024-07-05T10:53:37+00:00\",\"author\":{\"@id\":\"https:\/\/www.blogdelaautoescuela.com\/blog\/#\/schema\/person\/45ccd53611da46f9748652f0714d069e\"},\"description\":\"El BOE de 3 de julio de 2024 publica el Real Decreto 656\/2024, de 2 de julio, por el que se aprueba la oferta de empleo p\u00fablico para 2024.\",\"breadcrumb\":{\"@id\":\"https:\/\/www.blogdelaautoescuela.com\/blog\/publicada-en-el-boe-la-oferta-de-empleo-publico-2024\/#breadcrumb\"},\"inLanguage\":\"es\",\"potentialAction\":[{\"@type\":\"ReadAction\",\"target\":[\"https:\/\/www.blogdelaautoescuela.com\/blog\/publicada-en-el-boe-la-oferta-de-empleo-publico-2024\/\"]}]},{\"@type\":\"ImageObject\",\"inLanguage\":\"es\",\"@id\":\"https:\/\/www.blogdelaautoescuela.com\/blog\/publicada-en-el-boe-la-oferta-de-empleo-publico-2024\/#primaryimage\",\"url\":\"https:\/\/www.blogdelaautoescuela.com\/blog\/wp-content\/uploads\/2010\/03\/reglamento-autoescuelas1.jpg\",\"contentUrl\":\"https:\/\/www.blogdelaautoescuela.com\/blog\/wp-content\/uploads\/2010\/03\/reglamento-autoescuelas1.jpg\",\"width\":400,\"height\":400},{\"@type\":\"BreadcrumbList\",\"@id\":\"https:\/\/www.blogdelaautoescuela.com\/blog\/publicada-en-el-boe-la-oferta-de-empleo-publico-2024\/#breadcrumb\",\"itemListElement\":[{\"@type\":\"ListItem\",\"position\":1,\"name\":\"Portada\",\"item\":\"https:\/\/www.blogdelaautoescuela.com\/blog\/\"},{\"@type\":\"ListItem\",\"position\":2,\"name\":\"Publicada en el BOE la oferta de empleo p\u00fablico 2024\"}]},{\"@type\":\"WebSite\",\"@id\":\"https:\/\/www.blogdelaautoescuela.com\/blog\/#website\",\"url\":\"https:\/\/www.blogdelaautoescuela.com\/blog\/\",\"name\":\"Blog de la autoescuela\",\"description\":\"Noticias sobre autoescuelas y seguridad vial\",\"potentialAction\":[{\"@type\":\"SearchAction\",\"target\":{\"@type\":\"EntryPoint\",\"urlTemplate\":\"https:\/\/www.blogdelaautoescuela.com\/blog\/?s={search_term_string}\"},\"query-input\":{\"@type\":\"PropertyValueSpecification\",\"valueRequired\":true,\"valueName\":\"search_term_string\"}}],\"inLanguage\":\"es\"},{\"@type\":\"Person\",\"@id\":\"https:\/\/www.blogdelaautoescuela.com\/blog\/#\/schema\/person\/45ccd53611da46f9748652f0714d069e\",\"name\":\"M\u00aa Carmen Alfonso Gal\u00e1n\",\"image\":{\"@type\":\"ImageObject\",\"inLanguage\":\"es\",\"@id\":\"https:\/\/www.blogdelaautoescuela.com\/blog\/#\/schema\/person\/image\/\",\"url\":\"https:\/\/secure.gravatar.com\/avatar\/7b413f0c79b29930663995c7dbb9ddc1?s=96&d=mm&r=g\",\"contentUrl\":\"https:\/\/secure.gravatar.com\/avatar\/7b413f0c79b29930663995c7dbb9ddc1?s=96&d=mm&r=g\",\"caption\":\"M\u00aa Carmen Alfonso Gal\u00e1n\"},\"description\":\"Blog dedicado a la conducci\u00f3n, las autoescuelas y la seguridad vial. Est\u00e1 creado por un grupo de profesionales de la formaci\u00f3n vial que comparten inquietudes y experiencias. Aqu\u00ed\u00ad podr\u00e1s encontrar informaci\u00f3n variada sobre el d\u00ed\u00ada a d\u00ed\u00ada de la autoescuela, ex\u00e1menes, test o novedades y consejos para una conducci\u00f3n m\u00e1s segura.\",\"url\":\"https:\/\/www.blogdelaautoescuela.com\/blog\/author\/carmen-a-g\/\"}]}<\/script>\n<!-- \/ Yoast SEO plugin. -->","yoast_head_json":{"title":"Publicada en el BOE la oferta de empleo p\u00fablico 2024","description":"El BOE de 3 de julio de 2024 publica el Real Decreto 656\/2024, de 2 de julio, por el que se aprueba la oferta de empleo p\u00fablico para 2024.","robots":{"index":"index","follow":"follow","max-snippet":"max-snippet:-1","max-image-preview":"max-image-preview:large","max-video-preview":"max-video-preview:-1"},"canonical":"https:\/\/www.blogdelaautoescuela.com\/blog\/publicada-en-el-boe-la-oferta-de-empleo-publico-2024\/","og_locale":"es_ES","og_type":"article","og_title":"Publicada en el BOE la oferta de empleo p\u00fablico 2024","og_description":"El BOE de 3 de julio de 2024 publica el Real Decreto 656\/2024, de 2 de julio, por el que se aprueba la oferta de empleo p\u00fablico para 2024.","og_url":"https:\/\/www.blogdelaautoescuela.com\/blog\/publicada-en-el-boe-la-oferta-de-empleo-publico-2024\/","og_site_name":"Blog de la autoescuela","article_published_time":"2024-07-05T10:53:35+00:00","article_modified_time":"2024-07-05T10:53:37+00:00","og_image":[{"width":400,"height":400,"url":"http:\/\/www.blogdelaautoescuela.com\/blog\/wp-content\/uploads\/2010\/03\/reglamento-autoescuelas1.jpg","type":"image\/jpeg"}],"author":"M\u00aa Carmen Alfonso Gal\u00e1n","twitter_misc":{"Escrito por":"M\u00aa Carmen Alfonso Gal\u00e1n","Tiempo de lectura":"1 minuto"},"schema":{"@context":"https:\/\/schema.org","@graph":[{"@type":"WebPage","@id":"https:\/\/www.blogdelaautoescuela.com\/blog\/publicada-en-el-boe-la-oferta-de-empleo-publico-2024\/","url":"https:\/\/www.blogdelaautoescuela.com\/blog\/publicada-en-el-boe-la-oferta-de-empleo-publico-2024\/","name":"Publicada en el BOE la oferta de empleo p\u00fablico 2024","isPartOf":{"@id":"https:\/\/www.blogdelaautoescuela.com\/blog\/#website"},"primaryImageOfPage":{"@id":"https:\/\/www.blogdelaautoescuela.com\/blog\/publicada-en-el-boe-la-oferta-de-empleo-publico-2024\/#primaryimage"},"image":{"@id":"https:\/\/www.blogdelaautoescuela.com\/blog\/publicada-en-el-boe-la-oferta-de-empleo-publico-2024\/#primaryimage"},"thumbnailUrl":"https:\/\/www.blogdelaautoescuela.com\/blog\/wp-content\/uploads\/2010\/03\/reglamento-autoescuelas1.jpg","datePublished":"2024-07-05T10:53:35+00:00","dateModified":"2024-07-05T10:53:37+00:00","author":{"@id":"https:\/\/www.blogdelaautoescuela.com\/blog\/#\/schema\/person\/45ccd53611da46f9748652f0714d069e"},"description":"El BOE de 3 de julio de 2024 publica el Real Decreto 656\/2024, de 2 de julio, por el que se aprueba la oferta de empleo p\u00fablico para 2024.","breadcrumb":{"@id":"https:\/\/www.blogdelaautoescuela.com\/blog\/publicada-en-el-boe-la-oferta-de-empleo-publico-2024\/#breadcrumb"},"inLanguage":"es","potentialAction":[{"@type":"ReadAction","target":["https:\/\/www.blogdelaautoescuela.com\/blog\/publicada-en-el-boe-la-oferta-de-empleo-publico-2024\/"]}]},{"@type":"ImageObject","inLanguage":"es","@id":"https:\/\/www.blogdelaautoescuela.com\/blog\/publicada-en-el-boe-la-oferta-de-empleo-publico-2024\/#primaryimage","url":"https:\/\/www.blogdelaautoescuela.com\/blog\/wp-content\/uploads\/2010\/03\/reglamento-autoescuelas1.jpg","contentUrl":"https:\/\/www.blogdelaautoescuela.com\/blog\/wp-content\/uploads\/2010\/03\/reglamento-autoescuelas1.jpg","width":400,"height":400},{"@type":"BreadcrumbList","@id":"https:\/\/www.blogdelaautoescuela.com\/blog\/publicada-en-el-boe-la-oferta-de-empleo-publico-2024\/#breadcrumb","itemListElement":[{"@type":"ListItem","position":1,"name":"Portada","item":"https:\/\/www.blogdelaautoescuela.com\/blog\/"},{"@type":"ListItem","position":2,"name":"Publicada en el BOE la oferta de empleo p\u00fablico 2024"}]},{"@type":"WebSite","@id":"https:\/\/www.blogdelaautoescuela.com\/blog\/#website","url":"https:\/\/www.blogdelaautoescuela.com\/blog\/","name":"Blog de la autoescuela","description":"Noticias sobre autoescuelas y seguridad vial","potentialAction":[{"@type":"SearchAction","target":{"@type":"EntryPoint","urlTemplate":"https:\/\/www.blogdelaautoescuela.com\/blog\/?s={search_term_string}"},"query-input":{"@type":"PropertyValueSpecification","valueRequired":true,"valueName":"search_term_string"}}],"inLanguage":"es"},{"@type":"Person","@id":"https:\/\/www.blogdelaautoescuela.com\/blog\/#\/schema\/person\/45ccd53611da46f9748652f0714d069e","name":"M\u00aa Carmen Alfonso Gal\u00e1n","image":{"@type":"ImageObject","inLanguage":"es","@id":"https:\/\/www.blogdelaautoescuela.com\/blog\/#\/schema\/person\/image\/","url":"https:\/\/secure.gravatar.com\/avatar\/7b413f0c79b29930663995c7dbb9ddc1?s=96&d=mm&r=g","contentUrl":"https:\/\/secure.gravatar.com\/avatar\/7b413f0c79b29930663995c7dbb9ddc1?s=96&d=mm&r=g","caption":"M\u00aa Carmen Alfonso Gal\u00e1n"},"description":"Blog dedicado a la conducci\u00f3n, las autoescuelas y la seguridad vial. Est\u00e1 creado por un grupo de profesionales de la formaci\u00f3n vial que comparten inquietudes y experiencias. Aqu\u00ed\u00ad podr\u00e1s encontrar informaci\u00f3n variada sobre el d\u00ed\u00ada a d\u00ed\u00ada de la autoescuela, ex\u00e1menes, test o novedades y consejos para una conducci\u00f3n m\u00e1s segura.","url":"https:\/\/www.blogdelaautoescuela.com\/blog\/author\/carmen-a-g\/"}]}},"jetpack_featured_media_url":"https:\/\/www.blogdelaautoescuela.com\/blog\/wp-content\/uploads\/2010\/03\/reglamento-autoescuelas1.jpg","_links":{"self":[{"href":"https:\/\/www.blogdelaautoescuela.com\/blog\/wp-json\/wp\/v2\/posts\/16340","targetHints":{"allow":["GET"]}}],"collection":[{"href":"https:\/\/www.blogdelaautoescuela.com\/blog\/wp-json\/wp\/v2\/posts"}],"about":[{"href":"https:\/\/www.blogdelaautoescuela.com\/blog\/wp-json\/wp\/v2\/types\/post"}],"author":[{"embeddable":true,"href":"https:\/\/www.blogdelaautoescuela.com\/blog\/wp-json\/wp\/v2\/users\/10"}],"replies":[{"embeddable":true,"href":"https:\/\/www.blogdelaautoescuela.com\/blog\/wp-json\/wp\/v2\/comments?post=16340"}],"version-history":[{"count":3,"href":"https:\/\/www.blogdelaautoescuela.com\/blog\/wp-json\/wp\/v2\/posts\/16340\/revisions"}],"predecessor-version":[{"id":16343,"href":"https:\/\/www.blogdelaautoescuela.com\/blog\/wp-json\/wp\/v2\/posts\/16340\/revisions\/16343"}],"wp:featuredmedia":[{"embeddable":true,"href":"https:\/\/www.blogdelaautoescuela.com\/blog\/wp-json\/wp\/v2\/media\/3473"}],"wp:attachment":[{"href":"https:\/\/www.blogdelaautoescuela.com\/blog\/wp-json\/wp\/v2\/media?parent=16340"}],"wp:term":[{"taxonomy":"category","embeddable":true,"href":"https:\/\/www.blogdelaautoescuela.com\/blog\/wp-json\/wp\/v2\/categories?post=16340"},{"taxonomy":"post_tag","embeddable":true,"href":"https:\/\/www.blogdelaautoescuela.com\/blog\/wp-json\/wp\/v2\/tags?post=16340"}],"curies":[{"name":"wp","href":"https:\/\/api.w.org\/{rel}","templated":true}]}}