
{"id":16246,"date":"2023-10-19T10:18:30","date_gmt":"2023-10-19T08:18:30","guid":{"rendered":"https:\/\/www.blogdelaautoescuela.com\/blog\/?p=16246"},"modified":"2023-10-19T10:19:53","modified_gmt":"2023-10-19T08:19:53","slug":"examinador-de-trafico-listados-definitivos-de-admitidos-y-excluidos","status":"publish","type":"post","link":"https:\/\/www.blogdelaautoescuela.com\/blog\/examinador-de-trafico-listados-definitivos-de-admitidos-y-excluidos\/","title":{"rendered":"Examinador de Tr\u00e1fico: listados DEFINITIVOS de admitidos y exclu\u00ed\u00addos"},"content":{"rendered":"\n<p class=\"has-text-align-justify\">Con fecha 16 de octubre de 2023 se publica la<em> &#8220;Relaci\u00f3n definitiva de admitidos y excluidos a las pruebas selectivas para el acceso por el sistema de acceso libre y promoci\u00f3n interna al Cuerpo General Administrativo de la Administraci\u00f3n del Estado, especialidad de Tr\u00e1fico.&#8221;<\/em><\/p>\n\n\n\n<p>Comprueba si estas en los listados definitivos.<\/p>\n\n\n\n<p><a href=\"https:\/\/www.dgt.es\/export\/sites\/web-DGT\/.galleries\/downloads\/menu-secundario\/Oposiciones\/Oposiciones-al-Cuerpo-General-Administrativo-de-la-Administracion-del-Estado-especialidad-de-Trafico-Acceso-libre-y-promocion-interna-OEP-2022\/NI-67-2023-Lista-definitiva-admitidos-y-excluidos-AL-y-PI-Trafico-OEP-2022.pdf\">Nota informativa Ministerio del Interior\/DGT 16-10-2023<\/a><\/p>\n\n\n\n<p class=\"has-text-align-justify\">El <strong>primer examen de la oposici\u00f3n <\/strong>por el sistema de acceso libre,<strong> <\/strong>tal y como ya se anunci\u00f3 en d\u00ed\u00adas anteriores en nota informativa,<strong>  se celebrar\u00e1<\/strong>, en llamamiento \u00fanico, al igual que en la convocatoria de promoci\u00f3n interna, <strong>el 22 de octubre de 2023 a las 10:00 horas,<\/strong> en la Facultad de Ciencias Econ\u00f3micas y Empresariales, Universidad Aut\u00f3noma de Madrid, calle Francisco Tom\u00e1s y Valiente, 5, 28049 Madrid.   <\/p>\n\n\n\n<p><\/p>\n\n\n\n<p><\/p>\n\n\n\n<p>Otros enlaces de inter\u00e9s:<\/p>\n\n\n\n<p><\/p>\n\n\n\n<p><a href=\"https:\/\/boe.es\/boe\/dias\/2023\/09\/27\/pdfs\/BOE-A-2023-20125.pdf\">R<strong>esoluci\u00f3n BOE 27-09-2023<\/strong><\/a><\/p>\n\n\n\n<p><a href=\"https:\/\/www.dgt.es\/export\/sites\/web-DGT\/.galleries\/downloads\/menu-secundario\/Oposiciones\/Oposiciones-al-Cuerpo-General-Administrativo-de-la-Administracion-del-Estado-especialidad-de-Trafico-Acceso-libre-y-promocion-interna-OEP-2022\/NI.-58_2023-Listas-Prov.-certificadas-Admitidos-Excluidos-C1_Trafico.-OEP-2022.txt.pdf\"><strong>Nota informativa Ministerio del Interior\/ DGT- 27-9-2023<\/strong><\/a> <\/p>\n\n\n\n<p><\/p>\n\n\n\n<p>Fuente: DGT<\/p>\n","protected":false},"excerpt":{"rendered":"<p>Con fecha 16 de octubre de 2023 se publica la &#8220;Relaci\u00f3n definitiva de admitidos y excluidos a las pruebas selectivas para el acceso por el sistema de acceso libre y promoci\u00f3n interna al Cuerpo General Administrativo de la Administraci\u00f3n del Estado, especialidad de Tr\u00e1fico.&#8221; Comprueba si estas en los listados definitivos. Nota informativa Ministerio del [&hellip;]<\/p>\n","protected":false},"author":10,"featured_media":14939,"comment_status":"open","ping_status":"closed","sticky":false,"template":"","format":"standard","meta":{"footnotes":"","jetpack_publicize_message":"","jetpack_publicize_feature_enabled":true,"jetpack_social_post_already_shared":true,"jetpack_social_options":{"image_generator_settings":{"template":"highway","enabled":false},"version":2}},"categories":[1844],"tags":[1870,599],"class_list":["post-16246","post","type-post","status-publish","format-standard","has-post-thumbnail","hentry","category-examinador-trafico","tag-examinador","tag-examinadores-de-trafico"],"wppr_data":{"cwp_meta_box_check":"No"},"jetpack_publicize_connections":[],"yoast_head":"<!-- This site is optimized with the Yoast SEO plugin v24.7 - https:\/\/yoast.com\/wordpress\/plugins\/seo\/ -->\n<title>Examinador de Tr\u00e1fico: listados definitivos de admitidos y exclu\u00ed\u00addos.<\/title>\n<meta name=\"description\" content=\"Publicados los listados definitivos para el examen de Examinador de Tr\u00e1fico que se celebrar\u00e1 el pr\u00f3ximo 22 de octubre.\" \/>\n<meta name=\"robots\" content=\"index, follow, max-snippet:-1, max-image-preview:large, max-video-preview:-1\" \/>\n<link rel=\"canonical\" href=\"https:\/\/www.blogdelaautoescuela.com\/blog\/examinador-de-trafico-listados-definitivos-de-admitidos-y-excluidos\/\" \/>\n<meta property=\"og:locale\" content=\"es_ES\" \/>\n<meta property=\"og:type\" content=\"article\" \/>\n<meta property=\"og:title\" content=\"Examinador de Tr\u00e1fico: listados definitivos de admitidos y exclu\u00ed\u00addos.\" \/>\n<meta property=\"og:description\" content=\"Publicados los listados definitivos para el examen de Examinador de Tr\u00e1fico que se celebrar\u00e1 el pr\u00f3ximo 22 de octubre.\" \/>\n<meta property=\"og:url\" content=\"https:\/\/www.blogdelaautoescuela.com\/blog\/examinador-de-trafico-listados-definitivos-de-admitidos-y-excluidos\/\" \/>\n<meta property=\"og:site_name\" content=\"Blog de la autoescuela\" \/>\n<meta property=\"article:published_time\" content=\"2023-10-19T08:18:30+00:00\" \/>\n<meta property=\"article:modified_time\" content=\"2023-10-19T08:19:53+00:00\" \/>\n<meta property=\"og:image\" content=\"https:\/\/www.blogdelaautoescuela.com\/blog\/wp-content\/uploads\/2020\/01\/nueva-convocatoria.jpg\" \/>\n\t<meta property=\"og:image:width\" content=\"300\" \/>\n\t<meta property=\"og:image:height\" content=\"200\" \/>\n\t<meta property=\"og:image:type\" content=\"image\/jpeg\" \/>\n<meta name=\"author\" content=\"M\u00aa Carmen Alfonso Gal\u00e1n\" \/>\n<meta name=\"twitter:label1\" content=\"Escrito por\" \/>\n\t<meta name=\"twitter:data1\" content=\"M\u00aa Carmen Alfonso Gal\u00e1n\" \/>\n\t<meta name=\"twitter:label2\" content=\"Tiempo de lectura\" \/>\n\t<meta name=\"twitter:data2\" content=\"1 minuto\" \/>\n<script type=\"application\/ld+json\" class=\"yoast-schema-graph\">{\"@context\":\"https:\/\/schema.org\",\"@graph\":[{\"@type\":\"WebPage\",\"@id\":\"https:\/\/www.blogdelaautoescuela.com\/blog\/examinador-de-trafico-listados-definitivos-de-admitidos-y-excluidos\/\",\"url\":\"https:\/\/www.blogdelaautoescuela.com\/blog\/examinador-de-trafico-listados-definitivos-de-admitidos-y-excluidos\/\",\"name\":\"Examinador de Tr\u00e1fico: listados definitivos de admitidos y exclu\u00ed\u00addos.\",\"isPartOf\":{\"@id\":\"https:\/\/www.blogdelaautoescuela.com\/blog\/#website\"},\"primaryImageOfPage\":{\"@id\":\"https:\/\/www.blogdelaautoescuela.com\/blog\/examinador-de-trafico-listados-definitivos-de-admitidos-y-excluidos\/#primaryimage\"},\"image\":{\"@id\":\"https:\/\/www.blogdelaautoescuela.com\/blog\/examinador-de-trafico-listados-definitivos-de-admitidos-y-excluidos\/#primaryimage\"},\"thumbnailUrl\":\"https:\/\/www.blogdelaautoescuela.com\/blog\/wp-content\/uploads\/2020\/01\/nueva-convocatoria.jpg\",\"datePublished\":\"2023-10-19T08:18:30+00:00\",\"dateModified\":\"2023-10-19T08:19:53+00:00\",\"author\":{\"@id\":\"https:\/\/www.blogdelaautoescuela.com\/blog\/#\/schema\/person\/45ccd53611da46f9748652f0714d069e\"},\"description\":\"Publicados los listados definitivos para el examen de Examinador de Tr\u00e1fico que se celebrar\u00e1 el pr\u00f3ximo 22 de octubre.\",\"breadcrumb\":{\"@id\":\"https:\/\/www.blogdelaautoescuela.com\/blog\/examinador-de-trafico-listados-definitivos-de-admitidos-y-excluidos\/#breadcrumb\"},\"inLanguage\":\"es\",\"potentialAction\":[{\"@type\":\"ReadAction\",\"target\":[\"https:\/\/www.blogdelaautoescuela.com\/blog\/examinador-de-trafico-listados-definitivos-de-admitidos-y-excluidos\/\"]}]},{\"@type\":\"ImageObject\",\"inLanguage\":\"es\",\"@id\":\"https:\/\/www.blogdelaautoescuela.com\/blog\/examinador-de-trafico-listados-definitivos-de-admitidos-y-excluidos\/#primaryimage\",\"url\":\"https:\/\/www.blogdelaautoescuela.com\/blog\/wp-content\/uploads\/2020\/01\/nueva-convocatoria.jpg\",\"contentUrl\":\"https:\/\/www.blogdelaautoescuela.com\/blog\/wp-content\/uploads\/2020\/01\/nueva-convocatoria.jpg\",\"width\":300,\"height\":200},{\"@type\":\"BreadcrumbList\",\"@id\":\"https:\/\/www.blogdelaautoescuela.com\/blog\/examinador-de-trafico-listados-definitivos-de-admitidos-y-excluidos\/#breadcrumb\",\"itemListElement\":[{\"@type\":\"ListItem\",\"position\":1,\"name\":\"Portada\",\"item\":\"https:\/\/www.blogdelaautoescuela.com\/blog\/\"},{\"@type\":\"ListItem\",\"position\":2,\"name\":\"Examinador de Tr\u00e1fico: listados DEFINITIVOS de admitidos y exclu\u00ed\u00addos\"}]},{\"@type\":\"WebSite\",\"@id\":\"https:\/\/www.blogdelaautoescuela.com\/blog\/#website\",\"url\":\"https:\/\/www.blogdelaautoescuela.com\/blog\/\",\"name\":\"Blog de la autoescuela\",\"description\":\"Noticias sobre autoescuelas y seguridad vial\",\"potentialAction\":[{\"@type\":\"SearchAction\",\"target\":{\"@type\":\"EntryPoint\",\"urlTemplate\":\"https:\/\/www.blogdelaautoescuela.com\/blog\/?s={search_term_string}\"},\"query-input\":{\"@type\":\"PropertyValueSpecification\",\"valueRequired\":true,\"valueName\":\"search_term_string\"}}],\"inLanguage\":\"es\"},{\"@type\":\"Person\",\"@id\":\"https:\/\/www.blogdelaautoescuela.com\/blog\/#\/schema\/person\/45ccd53611da46f9748652f0714d069e\",\"name\":\"M\u00aa Carmen Alfonso Gal\u00e1n\",\"image\":{\"@type\":\"ImageObject\",\"inLanguage\":\"es\",\"@id\":\"https:\/\/www.blogdelaautoescuela.com\/blog\/#\/schema\/person\/image\/\",\"url\":\"https:\/\/secure.gravatar.com\/avatar\/7b413f0c79b29930663995c7dbb9ddc1?s=96&d=mm&r=g\",\"contentUrl\":\"https:\/\/secure.gravatar.com\/avatar\/7b413f0c79b29930663995c7dbb9ddc1?s=96&d=mm&r=g\",\"caption\":\"M\u00aa Carmen Alfonso Gal\u00e1n\"},\"description\":\"Blog dedicado a la conducci\u00f3n, las autoescuelas y la seguridad vial. Est\u00e1 creado por un grupo de profesionales de la formaci\u00f3n vial que comparten inquietudes y experiencias. Aqu\u00ed\u00ad podr\u00e1s encontrar informaci\u00f3n variada sobre el d\u00ed\u00ada a d\u00ed\u00ada de la autoescuela, ex\u00e1menes, test o novedades y consejos para una conducci\u00f3n m\u00e1s segura.\",\"url\":\"https:\/\/www.blogdelaautoescuela.com\/blog\/author\/carmen-a-g\/\"}]}<\/script>\n<!-- \/ Yoast SEO plugin. -->","yoast_head_json":{"title":"Examinador de Tr\u00e1fico: listados definitivos de admitidos y exclu\u00ed\u00addos.","description":"Publicados los listados definitivos para el examen de Examinador de Tr\u00e1fico que se celebrar\u00e1 el pr\u00f3ximo 22 de octubre.","robots":{"index":"index","follow":"follow","max-snippet":"max-snippet:-1","max-image-preview":"max-image-preview:large","max-video-preview":"max-video-preview:-1"},"canonical":"https:\/\/www.blogdelaautoescuela.com\/blog\/examinador-de-trafico-listados-definitivos-de-admitidos-y-excluidos\/","og_locale":"es_ES","og_type":"article","og_title":"Examinador de Tr\u00e1fico: listados definitivos de admitidos y exclu\u00ed\u00addos.","og_description":"Publicados los listados definitivos para el examen de Examinador de Tr\u00e1fico que se celebrar\u00e1 el pr\u00f3ximo 22 de octubre.","og_url":"https:\/\/www.blogdelaautoescuela.com\/blog\/examinador-de-trafico-listados-definitivos-de-admitidos-y-excluidos\/","og_site_name":"Blog de la autoescuela","article_published_time":"2023-10-19T08:18:30+00:00","article_modified_time":"2023-10-19T08:19:53+00:00","og_image":[{"width":300,"height":200,"url":"https:\/\/www.blogdelaautoescuela.com\/blog\/wp-content\/uploads\/2020\/01\/nueva-convocatoria.jpg","type":"image\/jpeg"}],"author":"M\u00aa Carmen Alfonso Gal\u00e1n","twitter_misc":{"Escrito por":"M\u00aa Carmen Alfonso Gal\u00e1n","Tiempo de lectura":"1 minuto"},"schema":{"@context":"https:\/\/schema.org","@graph":[{"@type":"WebPage","@id":"https:\/\/www.blogdelaautoescuela.com\/blog\/examinador-de-trafico-listados-definitivos-de-admitidos-y-excluidos\/","url":"https:\/\/www.blogdelaautoescuela.com\/blog\/examinador-de-trafico-listados-definitivos-de-admitidos-y-excluidos\/","name":"Examinador de Tr\u00e1fico: listados definitivos de admitidos y exclu\u00ed\u00addos.","isPartOf":{"@id":"https:\/\/www.blogdelaautoescuela.com\/blog\/#website"},"primaryImageOfPage":{"@id":"https:\/\/www.blogdelaautoescuela.com\/blog\/examinador-de-trafico-listados-definitivos-de-admitidos-y-excluidos\/#primaryimage"},"image":{"@id":"https:\/\/www.blogdelaautoescuela.com\/blog\/examinador-de-trafico-listados-definitivos-de-admitidos-y-excluidos\/#primaryimage"},"thumbnailUrl":"https:\/\/www.blogdelaautoescuela.com\/blog\/wp-content\/uploads\/2020\/01\/nueva-convocatoria.jpg","datePublished":"2023-10-19T08:18:30+00:00","dateModified":"2023-10-19T08:19:53+00:00","author":{"@id":"https:\/\/www.blogdelaautoescuela.com\/blog\/#\/schema\/person\/45ccd53611da46f9748652f0714d069e"},"description":"Publicados los listados definitivos para el examen de Examinador de Tr\u00e1fico que se celebrar\u00e1 el pr\u00f3ximo 22 de octubre.","breadcrumb":{"@id":"https:\/\/www.blogdelaautoescuela.com\/blog\/examinador-de-trafico-listados-definitivos-de-admitidos-y-excluidos\/#breadcrumb"},"inLanguage":"es","potentialAction":[{"@type":"ReadAction","target":["https:\/\/www.blogdelaautoescuela.com\/blog\/examinador-de-trafico-listados-definitivos-de-admitidos-y-excluidos\/"]}]},{"@type":"ImageObject","inLanguage":"es","@id":"https:\/\/www.blogdelaautoescuela.com\/blog\/examinador-de-trafico-listados-definitivos-de-admitidos-y-excluidos\/#primaryimage","url":"https:\/\/www.blogdelaautoescuela.com\/blog\/wp-content\/uploads\/2020\/01\/nueva-convocatoria.jpg","contentUrl":"https:\/\/www.blogdelaautoescuela.com\/blog\/wp-content\/uploads\/2020\/01\/nueva-convocatoria.jpg","width":300,"height":200},{"@type":"BreadcrumbList","@id":"https:\/\/www.blogdelaautoescuela.com\/blog\/examinador-de-trafico-listados-definitivos-de-admitidos-y-excluidos\/#breadcrumb","itemListElement":[{"@type":"ListItem","position":1,"name":"Portada","item":"https:\/\/www.blogdelaautoescuela.com\/blog\/"},{"@type":"ListItem","position":2,"name":"Examinador de Tr\u00e1fico: listados DEFINITIVOS de admitidos y exclu\u00ed\u00addos"}]},{"@type":"WebSite","@id":"https:\/\/www.blogdelaautoescuela.com\/blog\/#website","url":"https:\/\/www.blogdelaautoescuela.com\/blog\/","name":"Blog de la autoescuela","description":"Noticias sobre autoescuelas y seguridad vial","potentialAction":[{"@type":"SearchAction","target":{"@type":"EntryPoint","urlTemplate":"https:\/\/www.blogdelaautoescuela.com\/blog\/?s={search_term_string}"},"query-input":{"@type":"PropertyValueSpecification","valueRequired":true,"valueName":"search_term_string"}}],"inLanguage":"es"},{"@type":"Person","@id":"https:\/\/www.blogdelaautoescuela.com\/blog\/#\/schema\/person\/45ccd53611da46f9748652f0714d069e","name":"M\u00aa Carmen Alfonso Gal\u00e1n","image":{"@type":"ImageObject","inLanguage":"es","@id":"https:\/\/www.blogdelaautoescuela.com\/blog\/#\/schema\/person\/image\/","url":"https:\/\/secure.gravatar.com\/avatar\/7b413f0c79b29930663995c7dbb9ddc1?s=96&d=mm&r=g","contentUrl":"https:\/\/secure.gravatar.com\/avatar\/7b413f0c79b29930663995c7dbb9ddc1?s=96&d=mm&r=g","caption":"M\u00aa Carmen Alfonso Gal\u00e1n"},"description":"Blog dedicado a la conducci\u00f3n, las autoescuelas y la seguridad vial. Est\u00e1 creado por un grupo de profesionales de la formaci\u00f3n vial que comparten inquietudes y experiencias. Aqu\u00ed\u00ad podr\u00e1s encontrar informaci\u00f3n variada sobre el d\u00ed\u00ada a d\u00ed\u00ada de la autoescuela, ex\u00e1menes, test o novedades y consejos para una conducci\u00f3n m\u00e1s segura.","url":"https:\/\/www.blogdelaautoescuela.com\/blog\/author\/carmen-a-g\/"}]}},"jetpack_featured_media_url":"https:\/\/www.blogdelaautoescuela.com\/blog\/wp-content\/uploads\/2020\/01\/nueva-convocatoria.jpg","_links":{"self":[{"href":"https:\/\/www.blogdelaautoescuela.com\/blog\/wp-json\/wp\/v2\/posts\/16246","targetHints":{"allow":["GET"]}}],"collection":[{"href":"https:\/\/www.blogdelaautoescuela.com\/blog\/wp-json\/wp\/v2\/posts"}],"about":[{"href":"https:\/\/www.blogdelaautoescuela.com\/blog\/wp-json\/wp\/v2\/types\/post"}],"author":[{"embeddable":true,"href":"https:\/\/www.blogdelaautoescuela.com\/blog\/wp-json\/wp\/v2\/users\/10"}],"replies":[{"embeddable":true,"href":"https:\/\/www.blogdelaautoescuela.com\/blog\/wp-json\/wp\/v2\/comments?post=16246"}],"version-history":[{"count":2,"href":"https:\/\/www.blogdelaautoescuela.com\/blog\/wp-json\/wp\/v2\/posts\/16246\/revisions"}],"predecessor-version":[{"id":16248,"href":"https:\/\/www.blogdelaautoescuela.com\/blog\/wp-json\/wp\/v2\/posts\/16246\/revisions\/16248"}],"wp:featuredmedia":[{"embeddable":true,"href":"https:\/\/www.blogdelaautoescuela.com\/blog\/wp-json\/wp\/v2\/media\/14939"}],"wp:attachment":[{"href":"https:\/\/www.blogdelaautoescuela.com\/blog\/wp-json\/wp\/v2\/media?parent=16246"}],"wp:term":[{"taxonomy":"category","embeddable":true,"href":"https:\/\/www.blogdelaautoescuela.com\/blog\/wp-json\/wp\/v2\/categories?post=16246"},{"taxonomy":"post_tag","embeddable":true,"href":"https:\/\/www.blogdelaautoescuela.com\/blog\/wp-json\/wp\/v2\/tags?post=16246"}],"curies":[{"name":"wp","href":"https:\/\/api.w.org\/{rel}","templated":true}]}}