
{"id":15920,"date":"2022-08-10T09:03:38","date_gmt":"2022-08-10T07:03:38","guid":{"rendered":"https:\/\/www.blogdelaautoescuela.com\/blog\/?p=15920"},"modified":"2022-08-24T08:42:08","modified_gmt":"2022-08-24T06:42:08","slug":"examinador-trafico-promocion-interna-listado-definitivo","status":"publish","type":"post","link":"https:\/\/www.blogdelaautoescuela.com\/blog\/examinador-trafico-promocion-interna-listado-definitivo\/","title":{"rendered":"Cuerpo General Administrativo de la Administraci\u00f3n del Estado, especialidad de Tr\u00e1fico: listados definitivos promoci\u00f3n interna"},"content":{"rendered":"\n<p><\/p>\n\n\n\n<p class=\"has-text-align-justify\">Con fecha 9 de agosto se ha hecho p\u00fablico el <strong>listado definitivo<\/strong> de aspirantes admitidos y excluidos para la realizaci\u00f3n del examen de acceso por promoci\u00f3n interna al Cuerpo General Administrativo de la Administraci\u00f3n del Estado, especialidad de Tr\u00e1fico.<\/p>\n\n\n\n<p> El <strong>primer examen<\/strong>  de la oposici\u00f3n por el sistema de promoci\u00f3n interna se celebrar\u00e1 el <strong>d\u00ed\u00ada 18 de septiembre de 2022,<\/strong> a las 10:00 horas en la Facultad de Ciencias Econ\u00f3micas y Empresariales, Universidad Aut\u00f3noma de Madrid- Calle Francisco Tom\u00e1s y Valiente, 5, 28049 Madrid. <\/p>\n\n\n\n<p class=\"has-text-align-justify\"><\/p>\n\n\n\n<p><a href=\"https:\/\/www.dgt.es\/export\/sites\/web-DGT\/.galleries\/downloads\/menu-secundario\/Oposiciones\/OCGAAE_ET_PI_O_E_P_2021\/novedades_rrhh_00163.pdf\"><a href=\"https:\/\/www.dgt.es\/export\/sites\/web-DGT\/.galleries\/downloads\/menu-secundario\/Oposiciones\/OCGAAE_ET_PI_O_E_P_2021\/novedades_rrhh_00163.pdf\" target=\"_blank\" rel=\"noreferrer noopener\"> <a href=\"https:\/\/www.dgt.es\/export\/sites\/web-DGT\/.galleries\/downloads\/menu-secundario\/Oposiciones\/OCGAAE_ET_PI_O_E_P_2021\/novedades_rrhh_00163.pdf\" target=\"_blank\" rel=\"noreferrer noopener\">Nota informativa<\/a> Ministerio del Interior\/DGT <\/a><\/a><\/p>\n\n\n\n<p><\/p>\n\n\n\n<p><\/p>\n\n\n\n<p><\/p>\n\n\n\n<p><strong>En <a href=\"https:\/\/arisoft.es\/tienda\/66-examinador-de-trafico\">Arisoft Editorial<\/a> disponen de preguntas tipo test para preparar los siguiente bloques:<\/strong> <\/p>\n\n\n\n<p> <a href=\"https:\/\/arisoft.es\/tienda\/examinador-de-trafico\/257-test-examinador-de-trafico-bloque-3-normativa-de-trafico\">Bloque Normativa de Tr\u00e1fico<\/a>  <\/p>\n\n\n\n<p> <a href=\"https:\/\/arisoft.es\/tienda\/examinador-de-trafico\/262-test-examinador-de-trafico-bloque-4-seguridad-vial\">Bloque Seguridad Vial<\/a> <\/p>\n\n\n\n<p> Cualquier duda le puede pedir informaci\u00f3n sin compromiso en info@arisoft.es o 910606472 <\/p>\n","protected":false},"excerpt":{"rendered":"<p>Con fecha 9 de agosto se ha hecho p\u00fablico el listado definitivo de aspirantes admitidos y excluidos para la realizaci\u00f3n del examen de acceso por promoci\u00f3n interna al Cuerpo General Administrativo de la Administraci\u00f3n del Estado, especialidad de Tr\u00e1fico. El primer examen de la oposici\u00f3n por el sistema de promoci\u00f3n interna se celebrar\u00e1 el d\u00ed\u00ada [&hellip;]<\/p>\n","protected":false},"author":10,"featured_media":14508,"comment_status":"open","ping_status":"closed","sticky":false,"template":"","format":"standard","meta":{"footnotes":"","jetpack_publicize_message":"","jetpack_publicize_feature_enabled":true,"jetpack_social_post_already_shared":true,"jetpack_social_options":{"image_generator_settings":{"template":"highway","enabled":false},"version":2}},"categories":[1844,12],"tags":[1870,1817,1819],"class_list":["post-15920","post","type-post","status-publish","format-standard","has-post-thumbnail","hentry","category-examinador-trafico","category-noticias","tag-examinador","tag-examinadores-trafico","tag-oposiciones-examinadores-de-trafico"],"wppr_data":{"cwp_meta_box_check":"No"},"jetpack_publicize_connections":[],"yoast_head":"<!-- This site is optimized with the Yoast SEO plugin v24.7 - https:\/\/yoast.com\/wordpress\/plugins\/seo\/ -->\n<title>Listados definitivos aspirantes a examinador de Tr\u00e1fico, promoci\u00f3n interna<\/title>\n<meta name=\"description\" content=\"Publicado listado definitivo de aspirantes admitidos y excluidos para la realizaci\u00f3n del primer examen de oposici\u00f3n.\" \/>\n<meta name=\"robots\" content=\"index, follow, max-snippet:-1, max-image-preview:large, max-video-preview:-1\" \/>\n<link rel=\"canonical\" href=\"https:\/\/www.blogdelaautoescuela.com\/blog\/examinador-trafico-promocion-interna-listado-definitivo\/\" \/>\n<meta property=\"og:locale\" content=\"es_ES\" \/>\n<meta property=\"og:type\" content=\"article\" \/>\n<meta property=\"og:title\" content=\"Listados definitivos aspirantes a examinador de Tr\u00e1fico, promoci\u00f3n interna\" \/>\n<meta property=\"og:description\" content=\"Publicado listado definitivo de aspirantes admitidos y excluidos para la realizaci\u00f3n del primer examen de oposici\u00f3n.\" \/>\n<meta property=\"og:url\" content=\"https:\/\/www.blogdelaautoescuela.com\/blog\/examinador-trafico-promocion-interna-listado-definitivo\/\" \/>\n<meta property=\"og:site_name\" content=\"Blog de la autoescuela\" \/>\n<meta property=\"article:published_time\" content=\"2022-08-10T07:03:38+00:00\" \/>\n<meta property=\"article:modified_time\" content=\"2022-08-24T06:42:08+00:00\" \/>\n<meta property=\"og:image\" content=\"https:\/\/www.blogdelaautoescuela.com\/blog\/wp-content\/uploads\/2019\/01\/aptos-no-aptos-e1661324916935.png\" \/>\n\t<meta property=\"og:image:width\" content=\"300\" \/>\n\t<meta property=\"og:image:height\" content=\"296\" \/>\n\t<meta property=\"og:image:type\" content=\"image\/png\" \/>\n<meta name=\"author\" content=\"M\u00aa Carmen Alfonso Gal\u00e1n\" \/>\n<meta name=\"twitter:label1\" content=\"Escrito por\" \/>\n\t<meta name=\"twitter:data1\" content=\"M\u00aa Carmen Alfonso Gal\u00e1n\" \/>\n\t<meta name=\"twitter:label2\" content=\"Tiempo de lectura\" \/>\n\t<meta name=\"twitter:data2\" content=\"1 minuto\" \/>\n<script type=\"application\/ld+json\" class=\"yoast-schema-graph\">{\"@context\":\"https:\/\/schema.org\",\"@graph\":[{\"@type\":\"WebPage\",\"@id\":\"https:\/\/www.blogdelaautoescuela.com\/blog\/examinador-trafico-promocion-interna-listado-definitivo\/\",\"url\":\"https:\/\/www.blogdelaautoescuela.com\/blog\/examinador-trafico-promocion-interna-listado-definitivo\/\",\"name\":\"Listados definitivos aspirantes a examinador de Tr\u00e1fico, promoci\u00f3n interna\",\"isPartOf\":{\"@id\":\"https:\/\/www.blogdelaautoescuela.com\/blog\/#website\"},\"primaryImageOfPage\":{\"@id\":\"https:\/\/www.blogdelaautoescuela.com\/blog\/examinador-trafico-promocion-interna-listado-definitivo\/#primaryimage\"},\"image\":{\"@id\":\"https:\/\/www.blogdelaautoescuela.com\/blog\/examinador-trafico-promocion-interna-listado-definitivo\/#primaryimage\"},\"thumbnailUrl\":\"https:\/\/www.blogdelaautoescuela.com\/blog\/wp-content\/uploads\/2019\/01\/aptos-no-aptos-e1661324916935.png\",\"datePublished\":\"2022-08-10T07:03:38+00:00\",\"dateModified\":\"2022-08-24T06:42:08+00:00\",\"author\":{\"@id\":\"https:\/\/www.blogdelaautoescuela.com\/blog\/#\/schema\/person\/45ccd53611da46f9748652f0714d069e\"},\"description\":\"Publicado listado definitivo de aspirantes admitidos y excluidos para la realizaci\u00f3n del primer examen de oposici\u00f3n.\",\"breadcrumb\":{\"@id\":\"https:\/\/www.blogdelaautoescuela.com\/blog\/examinador-trafico-promocion-interna-listado-definitivo\/#breadcrumb\"},\"inLanguage\":\"es\",\"potentialAction\":[{\"@type\":\"ReadAction\",\"target\":[\"https:\/\/www.blogdelaautoescuela.com\/blog\/examinador-trafico-promocion-interna-listado-definitivo\/\"]}]},{\"@type\":\"ImageObject\",\"inLanguage\":\"es\",\"@id\":\"https:\/\/www.blogdelaautoescuela.com\/blog\/examinador-trafico-promocion-interna-listado-definitivo\/#primaryimage\",\"url\":\"https:\/\/www.blogdelaautoescuela.com\/blog\/wp-content\/uploads\/2019\/01\/aptos-no-aptos-e1661324916935.png\",\"contentUrl\":\"https:\/\/www.blogdelaautoescuela.com\/blog\/wp-content\/uploads\/2019\/01\/aptos-no-aptos-e1661324916935.png\",\"width\":300,\"height\":296},{\"@type\":\"BreadcrumbList\",\"@id\":\"https:\/\/www.blogdelaautoescuela.com\/blog\/examinador-trafico-promocion-interna-listado-definitivo\/#breadcrumb\",\"itemListElement\":[{\"@type\":\"ListItem\",\"position\":1,\"name\":\"Portada\",\"item\":\"https:\/\/www.blogdelaautoescuela.com\/blog\/\"},{\"@type\":\"ListItem\",\"position\":2,\"name\":\"Cuerpo General Administrativo de la Administraci\u00f3n del Estado, especialidad de Tr\u00e1fico: listados definitivos promoci\u00f3n interna\"}]},{\"@type\":\"WebSite\",\"@id\":\"https:\/\/www.blogdelaautoescuela.com\/blog\/#website\",\"url\":\"https:\/\/www.blogdelaautoescuela.com\/blog\/\",\"name\":\"Blog de la autoescuela\",\"description\":\"Noticias sobre autoescuelas y seguridad vial\",\"potentialAction\":[{\"@type\":\"SearchAction\",\"target\":{\"@type\":\"EntryPoint\",\"urlTemplate\":\"https:\/\/www.blogdelaautoescuela.com\/blog\/?s={search_term_string}\"},\"query-input\":{\"@type\":\"PropertyValueSpecification\",\"valueRequired\":true,\"valueName\":\"search_term_string\"}}],\"inLanguage\":\"es\"},{\"@type\":\"Person\",\"@id\":\"https:\/\/www.blogdelaautoescuela.com\/blog\/#\/schema\/person\/45ccd53611da46f9748652f0714d069e\",\"name\":\"M\u00aa Carmen Alfonso Gal\u00e1n\",\"image\":{\"@type\":\"ImageObject\",\"inLanguage\":\"es\",\"@id\":\"https:\/\/www.blogdelaautoescuela.com\/blog\/#\/schema\/person\/image\/\",\"url\":\"https:\/\/secure.gravatar.com\/avatar\/7b413f0c79b29930663995c7dbb9ddc1?s=96&d=mm&r=g\",\"contentUrl\":\"https:\/\/secure.gravatar.com\/avatar\/7b413f0c79b29930663995c7dbb9ddc1?s=96&d=mm&r=g\",\"caption\":\"M\u00aa Carmen Alfonso Gal\u00e1n\"},\"description\":\"Blog dedicado a la conducci\u00f3n, las autoescuelas y la seguridad vial. Est\u00e1 creado por un grupo de profesionales de la formaci\u00f3n vial que comparten inquietudes y experiencias. Aqu\u00ed\u00ad podr\u00e1s encontrar informaci\u00f3n variada sobre el d\u00ed\u00ada a d\u00ed\u00ada de la autoescuela, ex\u00e1menes, test o novedades y consejos para una conducci\u00f3n m\u00e1s segura.\",\"url\":\"https:\/\/www.blogdelaautoescuela.com\/blog\/author\/carmen-a-g\/\"}]}<\/script>\n<!-- \/ Yoast SEO plugin. -->","yoast_head_json":{"title":"Listados definitivos aspirantes a examinador de Tr\u00e1fico, promoci\u00f3n interna","description":"Publicado listado definitivo de aspirantes admitidos y excluidos para la realizaci\u00f3n del primer examen de oposici\u00f3n.","robots":{"index":"index","follow":"follow","max-snippet":"max-snippet:-1","max-image-preview":"max-image-preview:large","max-video-preview":"max-video-preview:-1"},"canonical":"https:\/\/www.blogdelaautoescuela.com\/blog\/examinador-trafico-promocion-interna-listado-definitivo\/","og_locale":"es_ES","og_type":"article","og_title":"Listados definitivos aspirantes a examinador de Tr\u00e1fico, promoci\u00f3n interna","og_description":"Publicado listado definitivo de aspirantes admitidos y excluidos para la realizaci\u00f3n del primer examen de oposici\u00f3n.","og_url":"https:\/\/www.blogdelaautoescuela.com\/blog\/examinador-trafico-promocion-interna-listado-definitivo\/","og_site_name":"Blog de la autoescuela","article_published_time":"2022-08-10T07:03:38+00:00","article_modified_time":"2022-08-24T06:42:08+00:00","og_image":[{"width":300,"height":296,"url":"https:\/\/www.blogdelaautoescuela.com\/blog\/wp-content\/uploads\/2019\/01\/aptos-no-aptos-e1661324916935.png","type":"image\/png"}],"author":"M\u00aa Carmen Alfonso Gal\u00e1n","twitter_misc":{"Escrito por":"M\u00aa Carmen Alfonso Gal\u00e1n","Tiempo de lectura":"1 minuto"},"schema":{"@context":"https:\/\/schema.org","@graph":[{"@type":"WebPage","@id":"https:\/\/www.blogdelaautoescuela.com\/blog\/examinador-trafico-promocion-interna-listado-definitivo\/","url":"https:\/\/www.blogdelaautoescuela.com\/blog\/examinador-trafico-promocion-interna-listado-definitivo\/","name":"Listados definitivos aspirantes a examinador de Tr\u00e1fico, promoci\u00f3n interna","isPartOf":{"@id":"https:\/\/www.blogdelaautoescuela.com\/blog\/#website"},"primaryImageOfPage":{"@id":"https:\/\/www.blogdelaautoescuela.com\/blog\/examinador-trafico-promocion-interna-listado-definitivo\/#primaryimage"},"image":{"@id":"https:\/\/www.blogdelaautoescuela.com\/blog\/examinador-trafico-promocion-interna-listado-definitivo\/#primaryimage"},"thumbnailUrl":"https:\/\/www.blogdelaautoescuela.com\/blog\/wp-content\/uploads\/2019\/01\/aptos-no-aptos-e1661324916935.png","datePublished":"2022-08-10T07:03:38+00:00","dateModified":"2022-08-24T06:42:08+00:00","author":{"@id":"https:\/\/www.blogdelaautoescuela.com\/blog\/#\/schema\/person\/45ccd53611da46f9748652f0714d069e"},"description":"Publicado listado definitivo de aspirantes admitidos y excluidos para la realizaci\u00f3n del primer examen de oposici\u00f3n.","breadcrumb":{"@id":"https:\/\/www.blogdelaautoescuela.com\/blog\/examinador-trafico-promocion-interna-listado-definitivo\/#breadcrumb"},"inLanguage":"es","potentialAction":[{"@type":"ReadAction","target":["https:\/\/www.blogdelaautoescuela.com\/blog\/examinador-trafico-promocion-interna-listado-definitivo\/"]}]},{"@type":"ImageObject","inLanguage":"es","@id":"https:\/\/www.blogdelaautoescuela.com\/blog\/examinador-trafico-promocion-interna-listado-definitivo\/#primaryimage","url":"https:\/\/www.blogdelaautoescuela.com\/blog\/wp-content\/uploads\/2019\/01\/aptos-no-aptos-e1661324916935.png","contentUrl":"https:\/\/www.blogdelaautoescuela.com\/blog\/wp-content\/uploads\/2019\/01\/aptos-no-aptos-e1661324916935.png","width":300,"height":296},{"@type":"BreadcrumbList","@id":"https:\/\/www.blogdelaautoescuela.com\/blog\/examinador-trafico-promocion-interna-listado-definitivo\/#breadcrumb","itemListElement":[{"@type":"ListItem","position":1,"name":"Portada","item":"https:\/\/www.blogdelaautoescuela.com\/blog\/"},{"@type":"ListItem","position":2,"name":"Cuerpo General Administrativo de la Administraci\u00f3n del Estado, especialidad de Tr\u00e1fico: listados definitivos promoci\u00f3n interna"}]},{"@type":"WebSite","@id":"https:\/\/www.blogdelaautoescuela.com\/blog\/#website","url":"https:\/\/www.blogdelaautoescuela.com\/blog\/","name":"Blog de la autoescuela","description":"Noticias sobre autoescuelas y seguridad vial","potentialAction":[{"@type":"SearchAction","target":{"@type":"EntryPoint","urlTemplate":"https:\/\/www.blogdelaautoescuela.com\/blog\/?s={search_term_string}"},"query-input":{"@type":"PropertyValueSpecification","valueRequired":true,"valueName":"search_term_string"}}],"inLanguage":"es"},{"@type":"Person","@id":"https:\/\/www.blogdelaautoescuela.com\/blog\/#\/schema\/person\/45ccd53611da46f9748652f0714d069e","name":"M\u00aa Carmen Alfonso Gal\u00e1n","image":{"@type":"ImageObject","inLanguage":"es","@id":"https:\/\/www.blogdelaautoescuela.com\/blog\/#\/schema\/person\/image\/","url":"https:\/\/secure.gravatar.com\/avatar\/7b413f0c79b29930663995c7dbb9ddc1?s=96&d=mm&r=g","contentUrl":"https:\/\/secure.gravatar.com\/avatar\/7b413f0c79b29930663995c7dbb9ddc1?s=96&d=mm&r=g","caption":"M\u00aa Carmen Alfonso Gal\u00e1n"},"description":"Blog dedicado a la conducci\u00f3n, las autoescuelas y la seguridad vial. Est\u00e1 creado por un grupo de profesionales de la formaci\u00f3n vial que comparten inquietudes y experiencias. Aqu\u00ed\u00ad podr\u00e1s encontrar informaci\u00f3n variada sobre el d\u00ed\u00ada a d\u00ed\u00ada de la autoescuela, ex\u00e1menes, test o novedades y consejos para una conducci\u00f3n m\u00e1s segura.","url":"https:\/\/www.blogdelaautoescuela.com\/blog\/author\/carmen-a-g\/"}]}},"jetpack_featured_media_url":"https:\/\/www.blogdelaautoescuela.com\/blog\/wp-content\/uploads\/2019\/01\/aptos-no-aptos-e1661324916935.png","_links":{"self":[{"href":"https:\/\/www.blogdelaautoescuela.com\/blog\/wp-json\/wp\/v2\/posts\/15920","targetHints":{"allow":["GET"]}}],"collection":[{"href":"https:\/\/www.blogdelaautoescuela.com\/blog\/wp-json\/wp\/v2\/posts"}],"about":[{"href":"https:\/\/www.blogdelaautoescuela.com\/blog\/wp-json\/wp\/v2\/types\/post"}],"author":[{"embeddable":true,"href":"https:\/\/www.blogdelaautoescuela.com\/blog\/wp-json\/wp\/v2\/users\/10"}],"replies":[{"embeddable":true,"href":"https:\/\/www.blogdelaautoescuela.com\/blog\/wp-json\/wp\/v2\/comments?post=15920"}],"version-history":[{"count":5,"href":"https:\/\/www.blogdelaautoescuela.com\/blog\/wp-json\/wp\/v2\/posts\/15920\/revisions"}],"predecessor-version":[{"id":15944,"href":"https:\/\/www.blogdelaautoescuela.com\/blog\/wp-json\/wp\/v2\/posts\/15920\/revisions\/15944"}],"wp:featuredmedia":[{"embeddable":true,"href":"https:\/\/www.blogdelaautoescuela.com\/blog\/wp-json\/wp\/v2\/media\/14508"}],"wp:attachment":[{"href":"https:\/\/www.blogdelaautoescuela.com\/blog\/wp-json\/wp\/v2\/media?parent=15920"}],"wp:term":[{"taxonomy":"category","embeddable":true,"href":"https:\/\/www.blogdelaautoescuela.com\/blog\/wp-json\/wp\/v2\/categories?post=15920"},{"taxonomy":"post_tag","embeddable":true,"href":"https:\/\/www.blogdelaautoescuela.com\/blog\/wp-json\/wp\/v2\/tags?post=15920"}],"curies":[{"name":"wp","href":"https:\/\/api.w.org\/{rel}","templated":true}]}}