
{"id":15913,"date":"2022-07-29T08:59:08","date_gmt":"2022-07-29T06:59:08","guid":{"rendered":"https:\/\/www.blogdelaautoescuela.com\/blog\/?p=15913"},"modified":"2022-07-29T09:00:15","modified_gmt":"2022-07-29T07:00:15","slug":"examinador-trafico-acceso-libre-examen","status":"publish","type":"post","link":"https:\/\/www.blogdelaautoescuela.com\/blog\/examinador-trafico-acceso-libre-examen\/","title":{"rendered":"Examinador de Tr\u00e1fico (acceso libre): el primer examen ser\u00e1 el 18 de septiembre de 2022"},"content":{"rendered":"\n<figure class=\"wp-block-image size-full\"><a href=\"http:\/\/www.blogdelaautoescuela.com\/blog\/wp-content\/uploads\/2019\/04\/Fecha-examen_Indicacion.jpg\"><img loading=\"lazy\" decoding=\"async\" width=\"200\" height=\"200\" src=\"http:\/\/www.blogdelaautoescuela.com\/blog\/wp-content\/uploads\/2019\/04\/Fecha-examen_Indicacion.jpg\" alt=\"\" class=\"wp-image-14594\" srcset=\"https:\/\/www.blogdelaautoescuela.com\/blog\/wp-content\/uploads\/2019\/04\/Fecha-examen_Indicacion.jpg 200w, https:\/\/www.blogdelaautoescuela.com\/blog\/wp-content\/uploads\/2019\/04\/Fecha-examen_Indicacion-150x150.jpg 150w, https:\/\/www.blogdelaautoescuela.com\/blog\/wp-content\/uploads\/2019\/04\/Fecha-examen_Indicacion-50x50.jpg 50w\" sizes=\"auto, (max-width: 200px) 100vw, 200px\" \/><\/a><\/figure>\n\n\n\n<p class=\"has-text-align-justify\">El BOE de hoy viernes 29 de julio de 2022 ha publicado &#8220;<em>Resoluci\u00f3n de 20 de julio de 2022, de la Subsecretar\u00ed\u00ada, por la que se aprueba la relaci\u00f3n de admitidos y excluidos y se anuncia fecha, hora y lugar de celebraci\u00f3n del primer ejercicio del proceso selectivo para ingreso, por el sistema general de acceso libre, al Cuerpo General Administrativo de la Administraci\u00f3n del Estado, especialidad de Tr\u00e1fico, convocado por Resoluci\u00f3n de 23 de mayo de 2022&#8243;.<\/em><\/p>\n\n\n\n<p class=\"has-text-align-justify\"> El <strong>primer examen de la oposici\u00f3n se celebrar\u00e1<\/strong>, en llamamiento \u00fanico, al igual que en la convocatoria de promoci\u00f3n interna, <strong>el 18 de septiembre de 2022 a las 10:00 horas,<\/strong> en la Facultad de Ciencias Econ\u00f3micas y Empresariales, Universidad Aut\u00f3noma de Madrid, calle Francisco Tom\u00e1s y Valiente, 5, 28049 Madrid. <\/p>\n\n\n\n<p> <a href=\"https:\/\/boe.es\/boe\/dias\/2022\/07\/29\/pdfs\/BOE-A-2022-12676.pdf\">Consulta la resoluci\u00f3n completa<\/a> <\/p>\n\n\n\n<p><\/p>\n\n\n\n<p> Fuente: <em>BOE<\/em> <\/p>\n\n\n\n<p><strong>En <a href=\"https:\/\/arisoft.es\/tienda\/66-examinador-de-trafico\">Arisoft Editorial<\/a> disponen de preguntas tipo test para preparar los siguiente bloques:<\/strong><\/p>\n\n\n\n<p> <a href=\"https:\/\/arisoft.es\/tienda\/examinador-de-trafico\/257-test-examinador-de-trafico-bloque-3-normativa-de-trafico\">Bloque Normativa de Tr\u00e1fico<\/a> <\/p>\n\n\n\n<p><a href=\"https:\/\/arisoft.es\/tienda\/examinador-de-trafico\/262-test-examinador-de-trafico-bloque-4-seguridad-vial\">Bloque Seguridad Vial<\/a><\/p>\n\n\n\n<p><\/p>\n\n\n\n<p> Cualquier duda le puede pedir informaci\u00f3n sin compromiso en info@arisoft.es o 910606472 <\/p>\n","protected":false},"excerpt":{"rendered":"<p>El BOE de hoy viernes 29 de julio de 2022 ha publicado &#8220;Resoluci\u00f3n de 20 de julio de 2022, de la Subsecretar\u00ed\u00ada, por la que se aprueba la relaci\u00f3n de admitidos y excluidos y se anuncia fecha, hora y lugar de celebraci\u00f3n del primer ejercicio del proceso selectivo para ingreso, por el sistema general de [&hellip;]<\/p>\n","protected":false},"author":10,"featured_media":15912,"comment_status":"open","ping_status":"closed","sticky":false,"template":"","format":"standard","meta":{"footnotes":"","jetpack_publicize_message":"","jetpack_publicize_feature_enabled":true,"jetpack_social_post_already_shared":true,"jetpack_social_options":{"image_generator_settings":{"template":"highway","enabled":false},"version":2}},"categories":[1844,12],"tags":[1870,1727,1819],"class_list":["post-15913","post","type-post","status-publish","format-standard","has-post-thumbnail","hentry","category-examinador-trafico","category-noticias","tag-examinador","tag-examinador-de-trafico","tag-oposiciones-examinadores-de-trafico"],"wppr_data":{"cwp_meta_box_check":"No"},"jetpack_publicize_connections":[],"yoast_head":"<!-- This site is optimized with the Yoast SEO plugin v24.7 - https:\/\/yoast.com\/wordpress\/plugins\/seo\/ -->\n<title>Examinador de Tr\u00e1fico: examen acceso libre 2022<\/title>\n<meta name=\"description\" content=\"El primer examen de la oposici\u00f3n, acceso libre se celebrar\u00e1, en llamamiento \u00fanico , el 18 de septiembre de 2022 a las 10:00 horas.\" \/>\n<meta name=\"robots\" content=\"index, follow, max-snippet:-1, max-image-preview:large, max-video-preview:-1\" \/>\n<link rel=\"canonical\" href=\"https:\/\/www.blogdelaautoescuela.com\/blog\/examinador-trafico-acceso-libre-examen\/\" \/>\n<meta property=\"og:locale\" content=\"es_ES\" \/>\n<meta property=\"og:type\" content=\"article\" \/>\n<meta property=\"og:title\" content=\"Examinador de Tr\u00e1fico: examen acceso libre 2022\" \/>\n<meta property=\"og:description\" content=\"El primer examen de la oposici\u00f3n, acceso libre se celebrar\u00e1, en llamamiento \u00fanico , el 18 de septiembre de 2022 a las 10:00 horas.\" \/>\n<meta property=\"og:url\" content=\"https:\/\/www.blogdelaautoescuela.com\/blog\/examinador-trafico-acceso-libre-examen\/\" \/>\n<meta property=\"og:site_name\" content=\"Blog de la autoescuela\" \/>\n<meta property=\"article:published_time\" content=\"2022-07-29T06:59:08+00:00\" \/>\n<meta property=\"article:modified_time\" content=\"2022-07-29T07:00:15+00:00\" \/>\n<meta property=\"og:image\" content=\"https:\/\/www.blogdelaautoescuela.com\/blog\/wp-content\/uploads\/2022\/07\/FECHA-EXAMEN_2.jpg\" \/>\n\t<meta property=\"og:image:width\" content=\"640\" \/>\n\t<meta property=\"og:image:height\" content=\"640\" \/>\n\t<meta property=\"og:image:type\" content=\"image\/jpeg\" \/>\n<meta name=\"author\" content=\"M\u00aa Carmen Alfonso Gal\u00e1n\" \/>\n<meta name=\"twitter:label1\" content=\"Escrito por\" \/>\n\t<meta name=\"twitter:data1\" content=\"M\u00aa Carmen Alfonso Gal\u00e1n\" \/>\n\t<meta name=\"twitter:label2\" content=\"Tiempo de lectura\" \/>\n\t<meta name=\"twitter:data2\" content=\"1 minuto\" \/>\n<script type=\"application\/ld+json\" class=\"yoast-schema-graph\">{\"@context\":\"https:\/\/schema.org\",\"@graph\":[{\"@type\":\"WebPage\",\"@id\":\"https:\/\/www.blogdelaautoescuela.com\/blog\/examinador-trafico-acceso-libre-examen\/\",\"url\":\"https:\/\/www.blogdelaautoescuela.com\/blog\/examinador-trafico-acceso-libre-examen\/\",\"name\":\"Examinador de Tr\u00e1fico: examen acceso libre 2022\",\"isPartOf\":{\"@id\":\"https:\/\/www.blogdelaautoescuela.com\/blog\/#website\"},\"primaryImageOfPage\":{\"@id\":\"https:\/\/www.blogdelaautoescuela.com\/blog\/examinador-trafico-acceso-libre-examen\/#primaryimage\"},\"image\":{\"@id\":\"https:\/\/www.blogdelaautoescuela.com\/blog\/examinador-trafico-acceso-libre-examen\/#primaryimage\"},\"thumbnailUrl\":\"https:\/\/www.blogdelaautoescuela.com\/blog\/wp-content\/uploads\/2022\/07\/FECHA-EXAMEN_2.jpg\",\"datePublished\":\"2022-07-29T06:59:08+00:00\",\"dateModified\":\"2022-07-29T07:00:15+00:00\",\"author\":{\"@id\":\"https:\/\/www.blogdelaautoescuela.com\/blog\/#\/schema\/person\/45ccd53611da46f9748652f0714d069e\"},\"description\":\"El primer examen de la oposici\u00f3n, acceso libre se celebrar\u00e1, en llamamiento \u00fanico , el 18 de septiembre de 2022 a las 10:00 horas.\",\"breadcrumb\":{\"@id\":\"https:\/\/www.blogdelaautoescuela.com\/blog\/examinador-trafico-acceso-libre-examen\/#breadcrumb\"},\"inLanguage\":\"es\",\"potentialAction\":[{\"@type\":\"ReadAction\",\"target\":[\"https:\/\/www.blogdelaautoescuela.com\/blog\/examinador-trafico-acceso-libre-examen\/\"]}]},{\"@type\":\"ImageObject\",\"inLanguage\":\"es\",\"@id\":\"https:\/\/www.blogdelaautoescuela.com\/blog\/examinador-trafico-acceso-libre-examen\/#primaryimage\",\"url\":\"https:\/\/www.blogdelaautoescuela.com\/blog\/wp-content\/uploads\/2022\/07\/FECHA-EXAMEN_2.jpg\",\"contentUrl\":\"https:\/\/www.blogdelaautoescuela.com\/blog\/wp-content\/uploads\/2022\/07\/FECHA-EXAMEN_2.jpg\",\"width\":640,\"height\":640},{\"@type\":\"BreadcrumbList\",\"@id\":\"https:\/\/www.blogdelaautoescuela.com\/blog\/examinador-trafico-acceso-libre-examen\/#breadcrumb\",\"itemListElement\":[{\"@type\":\"ListItem\",\"position\":1,\"name\":\"Portada\",\"item\":\"https:\/\/www.blogdelaautoescuela.com\/blog\/\"},{\"@type\":\"ListItem\",\"position\":2,\"name\":\"Examinador de Tr\u00e1fico (acceso libre): el primer examen ser\u00e1 el 18 de septiembre de 2022\"}]},{\"@type\":\"WebSite\",\"@id\":\"https:\/\/www.blogdelaautoescuela.com\/blog\/#website\",\"url\":\"https:\/\/www.blogdelaautoescuela.com\/blog\/\",\"name\":\"Blog de la autoescuela\",\"description\":\"Noticias sobre autoescuelas y seguridad vial\",\"potentialAction\":[{\"@type\":\"SearchAction\",\"target\":{\"@type\":\"EntryPoint\",\"urlTemplate\":\"https:\/\/www.blogdelaautoescuela.com\/blog\/?s={search_term_string}\"},\"query-input\":{\"@type\":\"PropertyValueSpecification\",\"valueRequired\":true,\"valueName\":\"search_term_string\"}}],\"inLanguage\":\"es\"},{\"@type\":\"Person\",\"@id\":\"https:\/\/www.blogdelaautoescuela.com\/blog\/#\/schema\/person\/45ccd53611da46f9748652f0714d069e\",\"name\":\"M\u00aa Carmen Alfonso Gal\u00e1n\",\"image\":{\"@type\":\"ImageObject\",\"inLanguage\":\"es\",\"@id\":\"https:\/\/www.blogdelaautoescuela.com\/blog\/#\/schema\/person\/image\/\",\"url\":\"https:\/\/secure.gravatar.com\/avatar\/7b413f0c79b29930663995c7dbb9ddc1?s=96&d=mm&r=g\",\"contentUrl\":\"https:\/\/secure.gravatar.com\/avatar\/7b413f0c79b29930663995c7dbb9ddc1?s=96&d=mm&r=g\",\"caption\":\"M\u00aa Carmen Alfonso Gal\u00e1n\"},\"description\":\"Blog dedicado a la conducci\u00f3n, las autoescuelas y la seguridad vial. Est\u00e1 creado por un grupo de profesionales de la formaci\u00f3n vial que comparten inquietudes y experiencias. Aqu\u00ed\u00ad podr\u00e1s encontrar informaci\u00f3n variada sobre el d\u00ed\u00ada a d\u00ed\u00ada de la autoescuela, ex\u00e1menes, test o novedades y consejos para una conducci\u00f3n m\u00e1s segura.\",\"url\":\"https:\/\/www.blogdelaautoescuela.com\/blog\/author\/carmen-a-g\/\"}]}<\/script>\n<!-- \/ Yoast SEO plugin. -->","yoast_head_json":{"title":"Examinador de Tr\u00e1fico: examen acceso libre 2022","description":"El primer examen de la oposici\u00f3n, acceso libre se celebrar\u00e1, en llamamiento \u00fanico , el 18 de septiembre de 2022 a las 10:00 horas.","robots":{"index":"index","follow":"follow","max-snippet":"max-snippet:-1","max-image-preview":"max-image-preview:large","max-video-preview":"max-video-preview:-1"},"canonical":"https:\/\/www.blogdelaautoescuela.com\/blog\/examinador-trafico-acceso-libre-examen\/","og_locale":"es_ES","og_type":"article","og_title":"Examinador de Tr\u00e1fico: examen acceso libre 2022","og_description":"El primer examen de la oposici\u00f3n, acceso libre se celebrar\u00e1, en llamamiento \u00fanico , el 18 de septiembre de 2022 a las 10:00 horas.","og_url":"https:\/\/www.blogdelaautoescuela.com\/blog\/examinador-trafico-acceso-libre-examen\/","og_site_name":"Blog de la autoescuela","article_published_time":"2022-07-29T06:59:08+00:00","article_modified_time":"2022-07-29T07:00:15+00:00","og_image":[{"width":640,"height":640,"url":"https:\/\/www.blogdelaautoescuela.com\/blog\/wp-content\/uploads\/2022\/07\/FECHA-EXAMEN_2.jpg","type":"image\/jpeg"}],"author":"M\u00aa Carmen Alfonso Gal\u00e1n","twitter_misc":{"Escrito por":"M\u00aa Carmen Alfonso Gal\u00e1n","Tiempo de lectura":"1 minuto"},"schema":{"@context":"https:\/\/schema.org","@graph":[{"@type":"WebPage","@id":"https:\/\/www.blogdelaautoescuela.com\/blog\/examinador-trafico-acceso-libre-examen\/","url":"https:\/\/www.blogdelaautoescuela.com\/blog\/examinador-trafico-acceso-libre-examen\/","name":"Examinador de Tr\u00e1fico: examen acceso libre 2022","isPartOf":{"@id":"https:\/\/www.blogdelaautoescuela.com\/blog\/#website"},"primaryImageOfPage":{"@id":"https:\/\/www.blogdelaautoescuela.com\/blog\/examinador-trafico-acceso-libre-examen\/#primaryimage"},"image":{"@id":"https:\/\/www.blogdelaautoescuela.com\/blog\/examinador-trafico-acceso-libre-examen\/#primaryimage"},"thumbnailUrl":"https:\/\/www.blogdelaautoescuela.com\/blog\/wp-content\/uploads\/2022\/07\/FECHA-EXAMEN_2.jpg","datePublished":"2022-07-29T06:59:08+00:00","dateModified":"2022-07-29T07:00:15+00:00","author":{"@id":"https:\/\/www.blogdelaautoescuela.com\/blog\/#\/schema\/person\/45ccd53611da46f9748652f0714d069e"},"description":"El primer examen de la oposici\u00f3n, acceso libre se celebrar\u00e1, en llamamiento \u00fanico , el 18 de septiembre de 2022 a las 10:00 horas.","breadcrumb":{"@id":"https:\/\/www.blogdelaautoescuela.com\/blog\/examinador-trafico-acceso-libre-examen\/#breadcrumb"},"inLanguage":"es","potentialAction":[{"@type":"ReadAction","target":["https:\/\/www.blogdelaautoescuela.com\/blog\/examinador-trafico-acceso-libre-examen\/"]}]},{"@type":"ImageObject","inLanguage":"es","@id":"https:\/\/www.blogdelaautoescuela.com\/blog\/examinador-trafico-acceso-libre-examen\/#primaryimage","url":"https:\/\/www.blogdelaautoescuela.com\/blog\/wp-content\/uploads\/2022\/07\/FECHA-EXAMEN_2.jpg","contentUrl":"https:\/\/www.blogdelaautoescuela.com\/blog\/wp-content\/uploads\/2022\/07\/FECHA-EXAMEN_2.jpg","width":640,"height":640},{"@type":"BreadcrumbList","@id":"https:\/\/www.blogdelaautoescuela.com\/blog\/examinador-trafico-acceso-libre-examen\/#breadcrumb","itemListElement":[{"@type":"ListItem","position":1,"name":"Portada","item":"https:\/\/www.blogdelaautoescuela.com\/blog\/"},{"@type":"ListItem","position":2,"name":"Examinador de Tr\u00e1fico (acceso libre): el primer examen ser\u00e1 el 18 de septiembre de 2022"}]},{"@type":"WebSite","@id":"https:\/\/www.blogdelaautoescuela.com\/blog\/#website","url":"https:\/\/www.blogdelaautoescuela.com\/blog\/","name":"Blog de la autoescuela","description":"Noticias sobre autoescuelas y seguridad vial","potentialAction":[{"@type":"SearchAction","target":{"@type":"EntryPoint","urlTemplate":"https:\/\/www.blogdelaautoescuela.com\/blog\/?s={search_term_string}"},"query-input":{"@type":"PropertyValueSpecification","valueRequired":true,"valueName":"search_term_string"}}],"inLanguage":"es"},{"@type":"Person","@id":"https:\/\/www.blogdelaautoescuela.com\/blog\/#\/schema\/person\/45ccd53611da46f9748652f0714d069e","name":"M\u00aa Carmen Alfonso Gal\u00e1n","image":{"@type":"ImageObject","inLanguage":"es","@id":"https:\/\/www.blogdelaautoescuela.com\/blog\/#\/schema\/person\/image\/","url":"https:\/\/secure.gravatar.com\/avatar\/7b413f0c79b29930663995c7dbb9ddc1?s=96&d=mm&r=g","contentUrl":"https:\/\/secure.gravatar.com\/avatar\/7b413f0c79b29930663995c7dbb9ddc1?s=96&d=mm&r=g","caption":"M\u00aa Carmen Alfonso Gal\u00e1n"},"description":"Blog dedicado a la conducci\u00f3n, las autoescuelas y la seguridad vial. Est\u00e1 creado por un grupo de profesionales de la formaci\u00f3n vial que comparten inquietudes y experiencias. Aqu\u00ed\u00ad podr\u00e1s encontrar informaci\u00f3n variada sobre el d\u00ed\u00ada a d\u00ed\u00ada de la autoescuela, ex\u00e1menes, test o novedades y consejos para una conducci\u00f3n m\u00e1s segura.","url":"https:\/\/www.blogdelaautoescuela.com\/blog\/author\/carmen-a-g\/"}]}},"jetpack_featured_media_url":"https:\/\/www.blogdelaautoescuela.com\/blog\/wp-content\/uploads\/2022\/07\/FECHA-EXAMEN_2.jpg","_links":{"self":[{"href":"https:\/\/www.blogdelaautoescuela.com\/blog\/wp-json\/wp\/v2\/posts\/15913","targetHints":{"allow":["GET"]}}],"collection":[{"href":"https:\/\/www.blogdelaautoescuela.com\/blog\/wp-json\/wp\/v2\/posts"}],"about":[{"href":"https:\/\/www.blogdelaautoescuela.com\/blog\/wp-json\/wp\/v2\/types\/post"}],"author":[{"embeddable":true,"href":"https:\/\/www.blogdelaautoescuela.com\/blog\/wp-json\/wp\/v2\/users\/10"}],"replies":[{"embeddable":true,"href":"https:\/\/www.blogdelaautoescuela.com\/blog\/wp-json\/wp\/v2\/comments?post=15913"}],"version-history":[{"count":2,"href":"https:\/\/www.blogdelaautoescuela.com\/blog\/wp-json\/wp\/v2\/posts\/15913\/revisions"}],"predecessor-version":[{"id":15915,"href":"https:\/\/www.blogdelaautoescuela.com\/blog\/wp-json\/wp\/v2\/posts\/15913\/revisions\/15915"}],"wp:featuredmedia":[{"embeddable":true,"href":"https:\/\/www.blogdelaautoescuela.com\/blog\/wp-json\/wp\/v2\/media\/15912"}],"wp:attachment":[{"href":"https:\/\/www.blogdelaautoescuela.com\/blog\/wp-json\/wp\/v2\/media?parent=15913"}],"wp:term":[{"taxonomy":"category","embeddable":true,"href":"https:\/\/www.blogdelaautoescuela.com\/blog\/wp-json\/wp\/v2\/categories?post=15913"},{"taxonomy":"post_tag","embeddable":true,"href":"https:\/\/www.blogdelaautoescuela.com\/blog\/wp-json\/wp\/v2\/tags?post=15913"}],"curies":[{"name":"wp","href":"https:\/\/api.w.org\/{rel}","templated":true}]}}