
{"id":15445,"date":"2021-06-09T09:54:10","date_gmt":"2021-06-09T07:54:10","guid":{"rendered":"https:\/\/www.blogdelaautoescuela.com\/blog\/?p=15445"},"modified":"2021-06-09T09:54:13","modified_gmt":"2021-06-09T07:54:13","slug":"examen-4-de-julio-examinador-promocion-interna","status":"publish","type":"post","link":"https:\/\/www.blogdelaautoescuela.com\/blog\/examen-4-de-julio-examinador-promocion-interna\/","title":{"rendered":"Examinador de Tr\u00e1fico (promoci\u00f3n interna): el examen ser\u00e1 el 4 de julio de 2021"},"content":{"rendered":"\n<p class=\"has-text-align-justify\">El BOE ha publicado el s\u00e1bado 5 de junio, &#8220;<em>Resoluci\u00f3n de 24 de mayo de 2021, de la Subsecretar\u00ed\u00ada, por la que se aprueba la <strong>relaci\u00f3n de admitidos y excluidos, y se anuncia fecha, hora y lugar de celebraci\u00f3n del primer ejercicio del proceso selectivo para el ingreso, por el sistema de acceso libre, al Cuerpo General Administrativo de la Administraci\u00f3n del Estado, especialidad de Tr\u00e1fico<\/strong>, convocado por Resoluci\u00f3n de 23 de febrero de 2021&#8243;<\/em><\/p>\n\n\n\n<p class=\"has-text-align-justify\">La Direcci\u00f3n General de tr\u00e1fico (DGT) ha anunciado que el <strong>primer examen del proceso selectivo para el ingreso, por el sistema de promoci\u00f3n interna,  se celebrar\u00e1<\/strong>, <strong>el 4 de julio de 2021 a las 10:00 horas,<\/strong> en la Facultad de Ciencias Econ\u00f3micas y Empresariales, Universidad Aut\u00f3noma de Madrid, calle Francisco Tom\u00e1s y Valiente, 5, 28049 Madrid.<\/p>\n\n\n\n<p><a href=\"https:\/\/www.boe.es\/boe\/dias\/2021\/06\/05\/pdfs\/BOE-A-2021-9354.pdf\">Consulta la resoluci\u00f3n completa<\/a><\/p>\n\n\n\n<p>Fuente: BOE<\/p>\n","protected":false},"excerpt":{"rendered":"<p>El BOE ha publicado el s\u00e1bado 5 de junio, &#8220;Resoluci\u00f3n de 24 de mayo de 2021, de la Subsecretar\u00ed\u00ada, por la que se aprueba la relaci\u00f3n de admitidos y excluidos, y se anuncia fecha, hora y lugar de celebraci\u00f3n del primer ejercicio del proceso selectivo para el ingreso, por el sistema de acceso libre, al [&hellip;]<\/p>\n","protected":false},"author":10,"featured_media":13528,"comment_status":"open","ping_status":"closed","sticky":false,"template":"","format":"standard","meta":{"footnotes":"","jetpack_publicize_message":"","jetpack_publicize_feature_enabled":true,"jetpack_social_post_already_shared":true,"jetpack_social_options":{"image_generator_settings":{"template":"highway","enabled":false},"version":2}},"categories":[1844,12],"tags":[1727,1540],"class_list":["post-15445","post","type-post","status-publish","format-standard","has-post-thumbnail","hentry","category-examinador-trafico","category-noticias","tag-examinador-de-trafico","tag-examinadores"],"wppr_data":{"cwp_meta_box_check":"No"},"jetpack_publicize_connections":[],"yoast_head":"<!-- This site is optimized with the Yoast SEO plugin v24.7 - https:\/\/yoast.com\/wordpress\/plugins\/seo\/ -->\n<title>Examinador de Tr\u00e1fico (promoci\u00f3n interna): el examen ser\u00e1 el 4 de julio de 2021 - Blog de la autoescuela<\/title>\n<meta name=\"description\" content=\"El primer examen del proceso selectivo para el ingreso, por el sistema de promoci\u00f3n interna, se celebrar\u00e1, el 4 de julio de 2021.\" \/>\n<meta name=\"robots\" content=\"index, follow, max-snippet:-1, max-image-preview:large, max-video-preview:-1\" \/>\n<link rel=\"canonical\" href=\"https:\/\/www.blogdelaautoescuela.com\/blog\/examen-4-de-julio-examinador-promocion-interna\/\" \/>\n<meta property=\"og:locale\" content=\"es_ES\" \/>\n<meta property=\"og:type\" content=\"article\" \/>\n<meta property=\"og:title\" content=\"Examinador de Tr\u00e1fico (promoci\u00f3n interna): el examen ser\u00e1 el 4 de julio de 2021 - Blog de la autoescuela\" \/>\n<meta property=\"og:description\" content=\"El primer examen del proceso selectivo para el ingreso, por el sistema de promoci\u00f3n interna, se celebrar\u00e1, el 4 de julio de 2021.\" \/>\n<meta property=\"og:url\" content=\"https:\/\/www.blogdelaautoescuela.com\/blog\/examen-4-de-julio-examinador-promocion-interna\/\" \/>\n<meta property=\"og:site_name\" content=\"Blog de la autoescuela\" \/>\n<meta property=\"article:published_time\" content=\"2021-06-09T07:54:10+00:00\" \/>\n<meta property=\"article:modified_time\" content=\"2021-06-09T07:54:13+00:00\" \/>\n<meta property=\"og:image\" content=\"https:\/\/www.blogdelaautoescuela.com\/blog\/wp-content\/uploads\/2016\/07\/examen-de-directores.jpg\" \/>\n\t<meta property=\"og:image:width\" content=\"640\" \/>\n\t<meta property=\"og:image:height\" content=\"426\" \/>\n\t<meta property=\"og:image:type\" content=\"image\/jpeg\" \/>\n<meta name=\"author\" content=\"M\u00aa Carmen Alfonso Gal\u00e1n\" \/>\n<meta name=\"twitter:label1\" content=\"Escrito por\" \/>\n\t<meta name=\"twitter:data1\" content=\"M\u00aa Carmen Alfonso Gal\u00e1n\" \/>\n\t<meta name=\"twitter:label2\" content=\"Tiempo de lectura\" \/>\n\t<meta name=\"twitter:data2\" content=\"1 minuto\" \/>\n<script type=\"application\/ld+json\" class=\"yoast-schema-graph\">{\"@context\":\"https:\/\/schema.org\",\"@graph\":[{\"@type\":\"WebPage\",\"@id\":\"https:\/\/www.blogdelaautoescuela.com\/blog\/examen-4-de-julio-examinador-promocion-interna\/\",\"url\":\"https:\/\/www.blogdelaautoescuela.com\/blog\/examen-4-de-julio-examinador-promocion-interna\/\",\"name\":\"Examinador de Tr\u00e1fico (promoci\u00f3n interna): el examen ser\u00e1 el 4 de julio de 2021 - Blog de la autoescuela\",\"isPartOf\":{\"@id\":\"https:\/\/www.blogdelaautoescuela.com\/blog\/#website\"},\"primaryImageOfPage\":{\"@id\":\"https:\/\/www.blogdelaautoescuela.com\/blog\/examen-4-de-julio-examinador-promocion-interna\/#primaryimage\"},\"image\":{\"@id\":\"https:\/\/www.blogdelaautoescuela.com\/blog\/examen-4-de-julio-examinador-promocion-interna\/#primaryimage\"},\"thumbnailUrl\":\"https:\/\/www.blogdelaautoescuela.com\/blog\/wp-content\/uploads\/2016\/07\/examen-de-directores.jpg\",\"datePublished\":\"2021-06-09T07:54:10+00:00\",\"dateModified\":\"2021-06-09T07:54:13+00:00\",\"author\":{\"@id\":\"https:\/\/www.blogdelaautoescuela.com\/blog\/#\/schema\/person\/45ccd53611da46f9748652f0714d069e\"},\"description\":\"El primer examen del proceso selectivo para el ingreso, por el sistema de promoci\u00f3n interna, se celebrar\u00e1, el 4 de julio de 2021.\",\"breadcrumb\":{\"@id\":\"https:\/\/www.blogdelaautoescuela.com\/blog\/examen-4-de-julio-examinador-promocion-interna\/#breadcrumb\"},\"inLanguage\":\"es\",\"potentialAction\":[{\"@type\":\"ReadAction\",\"target\":[\"https:\/\/www.blogdelaautoescuela.com\/blog\/examen-4-de-julio-examinador-promocion-interna\/\"]}]},{\"@type\":\"ImageObject\",\"inLanguage\":\"es\",\"@id\":\"https:\/\/www.blogdelaautoescuela.com\/blog\/examen-4-de-julio-examinador-promocion-interna\/#primaryimage\",\"url\":\"https:\/\/www.blogdelaautoescuela.com\/blog\/wp-content\/uploads\/2016\/07\/examen-de-directores.jpg\",\"contentUrl\":\"https:\/\/www.blogdelaautoescuela.com\/blog\/wp-content\/uploads\/2016\/07\/examen-de-directores.jpg\",\"width\":640,\"height\":426,\"caption\":\"Examen\"},{\"@type\":\"BreadcrumbList\",\"@id\":\"https:\/\/www.blogdelaautoescuela.com\/blog\/examen-4-de-julio-examinador-promocion-interna\/#breadcrumb\",\"itemListElement\":[{\"@type\":\"ListItem\",\"position\":1,\"name\":\"Portada\",\"item\":\"https:\/\/www.blogdelaautoescuela.com\/blog\/\"},{\"@type\":\"ListItem\",\"position\":2,\"name\":\"Examinador de Tr\u00e1fico (promoci\u00f3n interna): el examen ser\u00e1 el 4 de julio de 2021\"}]},{\"@type\":\"WebSite\",\"@id\":\"https:\/\/www.blogdelaautoescuela.com\/blog\/#website\",\"url\":\"https:\/\/www.blogdelaautoescuela.com\/blog\/\",\"name\":\"Blog de la autoescuela\",\"description\":\"Noticias sobre autoescuelas y seguridad vial\",\"potentialAction\":[{\"@type\":\"SearchAction\",\"target\":{\"@type\":\"EntryPoint\",\"urlTemplate\":\"https:\/\/www.blogdelaautoescuela.com\/blog\/?s={search_term_string}\"},\"query-input\":{\"@type\":\"PropertyValueSpecification\",\"valueRequired\":true,\"valueName\":\"search_term_string\"}}],\"inLanguage\":\"es\"},{\"@type\":\"Person\",\"@id\":\"https:\/\/www.blogdelaautoescuela.com\/blog\/#\/schema\/person\/45ccd53611da46f9748652f0714d069e\",\"name\":\"M\u00aa Carmen Alfonso Gal\u00e1n\",\"image\":{\"@type\":\"ImageObject\",\"inLanguage\":\"es\",\"@id\":\"https:\/\/www.blogdelaautoescuela.com\/blog\/#\/schema\/person\/image\/\",\"url\":\"https:\/\/secure.gravatar.com\/avatar\/7b413f0c79b29930663995c7dbb9ddc1?s=96&d=mm&r=g\",\"contentUrl\":\"https:\/\/secure.gravatar.com\/avatar\/7b413f0c79b29930663995c7dbb9ddc1?s=96&d=mm&r=g\",\"caption\":\"M\u00aa Carmen Alfonso Gal\u00e1n\"},\"description\":\"Blog dedicado a la conducci\u00f3n, las autoescuelas y la seguridad vial. Est\u00e1 creado por un grupo de profesionales de la formaci\u00f3n vial que comparten inquietudes y experiencias. Aqu\u00ed\u00ad podr\u00e1s encontrar informaci\u00f3n variada sobre el d\u00ed\u00ada a d\u00ed\u00ada de la autoescuela, ex\u00e1menes, test o novedades y consejos para una conducci\u00f3n m\u00e1s segura.\",\"url\":\"https:\/\/www.blogdelaautoescuela.com\/blog\/author\/carmen-a-g\/\"}]}<\/script>\n<!-- \/ Yoast SEO plugin. -->","yoast_head_json":{"title":"Examinador de Tr\u00e1fico (promoci\u00f3n interna): el examen ser\u00e1 el 4 de julio de 2021 - Blog de la autoescuela","description":"El primer examen del proceso selectivo para el ingreso, por el sistema de promoci\u00f3n interna, se celebrar\u00e1, el 4 de julio de 2021.","robots":{"index":"index","follow":"follow","max-snippet":"max-snippet:-1","max-image-preview":"max-image-preview:large","max-video-preview":"max-video-preview:-1"},"canonical":"https:\/\/www.blogdelaautoescuela.com\/blog\/examen-4-de-julio-examinador-promocion-interna\/","og_locale":"es_ES","og_type":"article","og_title":"Examinador de Tr\u00e1fico (promoci\u00f3n interna): el examen ser\u00e1 el 4 de julio de 2021 - Blog de la autoescuela","og_description":"El primer examen del proceso selectivo para el ingreso, por el sistema de promoci\u00f3n interna, se celebrar\u00e1, el 4 de julio de 2021.","og_url":"https:\/\/www.blogdelaautoescuela.com\/blog\/examen-4-de-julio-examinador-promocion-interna\/","og_site_name":"Blog de la autoescuela","article_published_time":"2021-06-09T07:54:10+00:00","article_modified_time":"2021-06-09T07:54:13+00:00","og_image":[{"width":640,"height":426,"url":"https:\/\/www.blogdelaautoescuela.com\/blog\/wp-content\/uploads\/2016\/07\/examen-de-directores.jpg","type":"image\/jpeg"}],"author":"M\u00aa Carmen Alfonso Gal\u00e1n","twitter_misc":{"Escrito por":"M\u00aa Carmen Alfonso Gal\u00e1n","Tiempo de lectura":"1 minuto"},"schema":{"@context":"https:\/\/schema.org","@graph":[{"@type":"WebPage","@id":"https:\/\/www.blogdelaautoescuela.com\/blog\/examen-4-de-julio-examinador-promocion-interna\/","url":"https:\/\/www.blogdelaautoescuela.com\/blog\/examen-4-de-julio-examinador-promocion-interna\/","name":"Examinador de Tr\u00e1fico (promoci\u00f3n interna): el examen ser\u00e1 el 4 de julio de 2021 - Blog de la autoescuela","isPartOf":{"@id":"https:\/\/www.blogdelaautoescuela.com\/blog\/#website"},"primaryImageOfPage":{"@id":"https:\/\/www.blogdelaautoescuela.com\/blog\/examen-4-de-julio-examinador-promocion-interna\/#primaryimage"},"image":{"@id":"https:\/\/www.blogdelaautoescuela.com\/blog\/examen-4-de-julio-examinador-promocion-interna\/#primaryimage"},"thumbnailUrl":"https:\/\/www.blogdelaautoescuela.com\/blog\/wp-content\/uploads\/2016\/07\/examen-de-directores.jpg","datePublished":"2021-06-09T07:54:10+00:00","dateModified":"2021-06-09T07:54:13+00:00","author":{"@id":"https:\/\/www.blogdelaautoescuela.com\/blog\/#\/schema\/person\/45ccd53611da46f9748652f0714d069e"},"description":"El primer examen del proceso selectivo para el ingreso, por el sistema de promoci\u00f3n interna, se celebrar\u00e1, el 4 de julio de 2021.","breadcrumb":{"@id":"https:\/\/www.blogdelaautoescuela.com\/blog\/examen-4-de-julio-examinador-promocion-interna\/#breadcrumb"},"inLanguage":"es","potentialAction":[{"@type":"ReadAction","target":["https:\/\/www.blogdelaautoescuela.com\/blog\/examen-4-de-julio-examinador-promocion-interna\/"]}]},{"@type":"ImageObject","inLanguage":"es","@id":"https:\/\/www.blogdelaautoescuela.com\/blog\/examen-4-de-julio-examinador-promocion-interna\/#primaryimage","url":"https:\/\/www.blogdelaautoescuela.com\/blog\/wp-content\/uploads\/2016\/07\/examen-de-directores.jpg","contentUrl":"https:\/\/www.blogdelaautoescuela.com\/blog\/wp-content\/uploads\/2016\/07\/examen-de-directores.jpg","width":640,"height":426,"caption":"Examen"},{"@type":"BreadcrumbList","@id":"https:\/\/www.blogdelaautoescuela.com\/blog\/examen-4-de-julio-examinador-promocion-interna\/#breadcrumb","itemListElement":[{"@type":"ListItem","position":1,"name":"Portada","item":"https:\/\/www.blogdelaautoescuela.com\/blog\/"},{"@type":"ListItem","position":2,"name":"Examinador de Tr\u00e1fico (promoci\u00f3n interna): el examen ser\u00e1 el 4 de julio de 2021"}]},{"@type":"WebSite","@id":"https:\/\/www.blogdelaautoescuela.com\/blog\/#website","url":"https:\/\/www.blogdelaautoescuela.com\/blog\/","name":"Blog de la autoescuela","description":"Noticias sobre autoescuelas y seguridad vial","potentialAction":[{"@type":"SearchAction","target":{"@type":"EntryPoint","urlTemplate":"https:\/\/www.blogdelaautoescuela.com\/blog\/?s={search_term_string}"},"query-input":{"@type":"PropertyValueSpecification","valueRequired":true,"valueName":"search_term_string"}}],"inLanguage":"es"},{"@type":"Person","@id":"https:\/\/www.blogdelaautoescuela.com\/blog\/#\/schema\/person\/45ccd53611da46f9748652f0714d069e","name":"M\u00aa Carmen Alfonso Gal\u00e1n","image":{"@type":"ImageObject","inLanguage":"es","@id":"https:\/\/www.blogdelaautoescuela.com\/blog\/#\/schema\/person\/image\/","url":"https:\/\/secure.gravatar.com\/avatar\/7b413f0c79b29930663995c7dbb9ddc1?s=96&d=mm&r=g","contentUrl":"https:\/\/secure.gravatar.com\/avatar\/7b413f0c79b29930663995c7dbb9ddc1?s=96&d=mm&r=g","caption":"M\u00aa Carmen Alfonso Gal\u00e1n"},"description":"Blog dedicado a la conducci\u00f3n, las autoescuelas y la seguridad vial. Est\u00e1 creado por un grupo de profesionales de la formaci\u00f3n vial que comparten inquietudes y experiencias. Aqu\u00ed\u00ad podr\u00e1s encontrar informaci\u00f3n variada sobre el d\u00ed\u00ada a d\u00ed\u00ada de la autoescuela, ex\u00e1menes, test o novedades y consejos para una conducci\u00f3n m\u00e1s segura.","url":"https:\/\/www.blogdelaautoescuela.com\/blog\/author\/carmen-a-g\/"}]}},"jetpack_featured_media_url":"https:\/\/www.blogdelaautoescuela.com\/blog\/wp-content\/uploads\/2016\/07\/examen-de-directores.jpg","_links":{"self":[{"href":"https:\/\/www.blogdelaautoescuela.com\/blog\/wp-json\/wp\/v2\/posts\/15445","targetHints":{"allow":["GET"]}}],"collection":[{"href":"https:\/\/www.blogdelaautoescuela.com\/blog\/wp-json\/wp\/v2\/posts"}],"about":[{"href":"https:\/\/www.blogdelaautoescuela.com\/blog\/wp-json\/wp\/v2\/types\/post"}],"author":[{"embeddable":true,"href":"https:\/\/www.blogdelaautoescuela.com\/blog\/wp-json\/wp\/v2\/users\/10"}],"replies":[{"embeddable":true,"href":"https:\/\/www.blogdelaautoescuela.com\/blog\/wp-json\/wp\/v2\/comments?post=15445"}],"version-history":[{"count":2,"href":"https:\/\/www.blogdelaautoescuela.com\/blog\/wp-json\/wp\/v2\/posts\/15445\/revisions"}],"predecessor-version":[{"id":15447,"href":"https:\/\/www.blogdelaautoescuela.com\/blog\/wp-json\/wp\/v2\/posts\/15445\/revisions\/15447"}],"wp:featuredmedia":[{"embeddable":true,"href":"https:\/\/www.blogdelaautoescuela.com\/blog\/wp-json\/wp\/v2\/media\/13528"}],"wp:attachment":[{"href":"https:\/\/www.blogdelaautoescuela.com\/blog\/wp-json\/wp\/v2\/media?parent=15445"}],"wp:term":[{"taxonomy":"category","embeddable":true,"href":"https:\/\/www.blogdelaautoescuela.com\/blog\/wp-json\/wp\/v2\/categories?post=15445"},{"taxonomy":"post_tag","embeddable":true,"href":"https:\/\/www.blogdelaautoescuela.com\/blog\/wp-json\/wp\/v2\/tags?post=15445"}],"curies":[{"name":"wp","href":"https:\/\/api.w.org\/{rel}","templated":true}]}}