
{"id":15222,"date":"2021-01-22T09:49:26","date_gmt":"2021-01-22T08:49:26","guid":{"rendered":"http:\/\/www.blogdelaautoescuela.com\/blog\/?p=15222"},"modified":"2021-04-19T11:41:20","modified_gmt":"2021-04-19T09:41:20","slug":"director-de-autoescuela-lugares-de-celebracion-del-examen-el-25-de-febrero-de-2021","status":"publish","type":"post","link":"https:\/\/www.blogdelaautoescuela.com\/blog\/director-de-autoescuela-lugares-de-celebracion-del-examen-el-25-de-febrero-de-2021\/","title":{"rendered":"Director de autoescuela: lugares de celebraci\u00f3n del examen el 25 de febrero de 2021"},"content":{"rendered":"<p>&nbsp;<\/p>\n<p><a href=\"http:\/\/www.blogdelaautoescuela.com\/blog\/wp-content\/uploads\/2020\/08\/DIRECTOR-AUTOESCUELA.jpg\"><img loading=\"lazy\" decoding=\"async\" class=\"size-full wp-image-15096 aligncenter\" src=\"http:\/\/www.blogdelaautoescuela.com\/blog\/wp-content\/uploads\/2020\/08\/DIRECTOR-AUTOESCUELA.jpg\" alt=\"\" width=\"220\" height=\"220\" srcset=\"https:\/\/www.blogdelaautoescuela.com\/blog\/wp-content\/uploads\/2020\/08\/DIRECTOR-AUTOESCUELA.jpg 220w, https:\/\/www.blogdelaautoescuela.com\/blog\/wp-content\/uploads\/2020\/08\/DIRECTOR-AUTOESCUELA-150x150.jpg 150w, https:\/\/www.blogdelaautoescuela.com\/blog\/wp-content\/uploads\/2020\/08\/DIRECTOR-AUTOESCUELA-50x50.jpg 50w\" sizes=\"auto, (max-width: 220px) 100vw, 220px\" \/><\/a><\/p>\n<p style=\"text-align: justify;\">Esta semana la <strong>Direcci\u00f3n General de Tr\u00e1fico<\/strong> ha hecho p\u00fablicos los lugares exactos, as\u00ed\u00ad como la fecha y hora concretas, de la celebraci\u00f3n del examen<strong> para obtener el certificado de aptitud de director de escuelas de conductores.<\/strong><\/p>\n<p style=\"text-align: justify;\">La prueba tendr\u00e1 lugar el <strong>jueves 25 de febrero de 2021 a las 16:30 horas, (16:30 horas en la Comunidad Canaria).<\/strong><\/p>\n<ul>\n<li style=\"text-align: justify;\"><a href=\"https:\/\/sede-org.dgt.gob.es\/sede-estaticos\/Galerias\/permisos-de-conducir\/certificacion-aptitud-directores-centros-formacion-vial\/2019\/Nota-informativa-sobre-fecha-hora-y-lugar-de-la-Prueba-Selectiva-de-Directores.pdf\">Nota informativa DGT lugares de celebraci\u00f3n<\/a><\/li>\n<\/ul>\n<p style=\"text-align: justify;\">Los siguientes enlaces ya publicados anteriormente por la DGT pueden resultar de inter\u00e9s para aquellos que se encuentren preparando el examen.<\/p>\n<ul>\n<li><a href=\"https:\/\/sede-org.dgt.gob.es\/sede-estaticos\/Galerias\/permisos-de-conducir\/certificacion-aptitud-directores-centros-formacion-vial\/2019\/Resolucion-relacion-definitiva-de-aspirantes-admitidos-y-excluidos-prueba-Selectiva-de-Directores.pdf\">Resoluci\u00f3n<\/a><\/li>\n<li><a href=\"https:\/\/sede-org.dgt.gob.es\/sede-estaticos\/Galerias\/permisos-de-conducir\/certificacion-aptitud-directores-centros-formacion-vial\/2019\/Relacion-definitiva-de-aspirantes-admitidos.pdf\">Lista definitiva de aspirantes admitidos<\/a><\/li>\n<li><a href=\"https:\/\/sede-org.dgt.gob.es\/sede-estaticos\/Galerias\/permisos-de-conducir\/certificacion-aptitud-directores-centros-formacion-vial\/2019\/Relacion-definitiva-de-aspirantes-excluidos.pdf\">Lista definitiva de aspirantes excluidos<\/a><\/li>\n<\/ul>\n<p>&nbsp;<\/p>\n<p>&nbsp;<\/p>\n<p>MATERIAL DE ESTUDIO<\/p>\n<p>Os recomendamos los test y manuales de Arisoft. Visita su <a href=\"https:\/\/arisoft.es\/tienda\/16-director-de-autoescuela\">tienda online.<\/a><\/p>\n<p><a href=\"https:\/\/arisoft.es\/tienda\/director-de-autoescuela\/44-test-director-de-autoescuela\">TEST &#8211; DIRECTOR DE AUTOESCUELA<\/a><\/p>\n<p><a href=\"https:\/\/arisoft.es\/tienda\/director-de-autoescuela\/23-pack-director-de-autoescuela\">PACK AHORRO &#8211; DIRECTOR DE AUTOESCUELA<\/a><\/p>\n<p><a href=\"https:\/\/arisoft.es\/tienda\/home\/63-manuales-director-de-autoescuela\">PACK AHORRO MANUALES &#8211; DIRECTOR DE AUTOESCUELA<\/a><\/p>\n<p>&nbsp;<\/p>\n","protected":false},"excerpt":{"rendered":"<p>&nbsp; Esta semana la Direcci\u00f3n General de Tr\u00e1fico ha hecho p\u00fablicos los lugares exactos, as\u00ed\u00ad como la fecha y hora concretas, de la celebraci\u00f3n del examen para obtener el certificado de aptitud de director de escuelas de conductores. La prueba tendr\u00e1 lugar el jueves 25 de febrero de 2021 a las 16:30 horas, (16:30 horas [&hellip;]<\/p>\n","protected":false},"author":10,"featured_media":15348,"comment_status":"open","ping_status":"closed","sticky":false,"template":"","format":"standard","meta":{"footnotes":"","jetpack_publicize_message":"","jetpack_publicize_feature_enabled":true,"jetpack_social_post_already_shared":true,"jetpack_social_options":{"image_generator_settings":{"template":"highway","enabled":false},"version":2}},"categories":[6,7,19],"tags":[1846,1301],"class_list":["post-15222","post","type-post","status-publish","format-standard","has-post-thumbnail","hentry","category-director-de-autoescuela","category-examen-teorico","category-seguridad-vial","tag-diector","tag-test-de-autoescuela"],"wppr_data":{"cwp_meta_box_check":"No"},"jetpack_publicize_connections":[],"yoast_head":"<!-- This site is optimized with the Yoast SEO plugin v24.7 - https:\/\/yoast.com\/wordpress\/plugins\/seo\/ -->\n<title>Director de autoescuela: lugares de celebraci\u00f3n del examen<\/title>\n<meta name=\"description\" content=\"La DGT ha publicado los lugares exactos para la celebraci\u00f3n del examen de director de autoescuela el 25 de febrero de 2021.\" \/>\n<meta name=\"robots\" content=\"index, follow, max-snippet:-1, max-image-preview:large, max-video-preview:-1\" \/>\n<link rel=\"canonical\" href=\"https:\/\/www.blogdelaautoescuela.com\/blog\/director-de-autoescuela-lugares-de-celebracion-del-examen-el-25-de-febrero-de-2021\/\" \/>\n<meta property=\"og:locale\" content=\"es_ES\" \/>\n<meta property=\"og:type\" content=\"article\" \/>\n<meta property=\"og:title\" content=\"Director de autoescuela: lugares de celebraci\u00f3n del examen\" \/>\n<meta property=\"og:description\" content=\"La DGT ha publicado los lugares exactos para la celebraci\u00f3n del examen de director de autoescuela el 25 de febrero de 2021.\" \/>\n<meta property=\"og:url\" content=\"https:\/\/www.blogdelaautoescuela.com\/blog\/director-de-autoescuela-lugares-de-celebracion-del-examen-el-25-de-febrero-de-2021\/\" \/>\n<meta property=\"og:site_name\" content=\"Blog de la autoescuela\" \/>\n<meta property=\"article:published_time\" content=\"2021-01-22T08:49:26+00:00\" \/>\n<meta property=\"article:modified_time\" content=\"2021-04-19T09:41:20+00:00\" \/>\n<meta property=\"og:image\" content=\"https:\/\/www.blogdelaautoescuela.com\/blog\/wp-content\/uploads\/2021\/04\/DIR-AUT-1.jpg\" \/>\n\t<meta property=\"og:image:width\" content=\"284\" \/>\n\t<meta property=\"og:image:height\" content=\"200\" \/>\n\t<meta property=\"og:image:type\" content=\"image\/jpeg\" \/>\n<meta name=\"author\" content=\"M\u00aa Carmen Alfonso Gal\u00e1n\" \/>\n<meta name=\"twitter:label1\" content=\"Escrito por\" \/>\n\t<meta name=\"twitter:data1\" content=\"M\u00aa Carmen Alfonso Gal\u00e1n\" \/>\n\t<meta name=\"twitter:label2\" content=\"Tiempo de lectura\" \/>\n\t<meta name=\"twitter:data2\" content=\"1 minuto\" \/>\n<script type=\"application\/ld+json\" class=\"yoast-schema-graph\">{\"@context\":\"https:\/\/schema.org\",\"@graph\":[{\"@type\":\"WebPage\",\"@id\":\"https:\/\/www.blogdelaautoescuela.com\/blog\/director-de-autoescuela-lugares-de-celebracion-del-examen-el-25-de-febrero-de-2021\/\",\"url\":\"https:\/\/www.blogdelaautoescuela.com\/blog\/director-de-autoescuela-lugares-de-celebracion-del-examen-el-25-de-febrero-de-2021\/\",\"name\":\"Director de autoescuela: lugares de celebraci\u00f3n del examen\",\"isPartOf\":{\"@id\":\"https:\/\/www.blogdelaautoescuela.com\/blog\/#website\"},\"primaryImageOfPage\":{\"@id\":\"https:\/\/www.blogdelaautoescuela.com\/blog\/director-de-autoescuela-lugares-de-celebracion-del-examen-el-25-de-febrero-de-2021\/#primaryimage\"},\"image\":{\"@id\":\"https:\/\/www.blogdelaautoescuela.com\/blog\/director-de-autoescuela-lugares-de-celebracion-del-examen-el-25-de-febrero-de-2021\/#primaryimage\"},\"thumbnailUrl\":\"https:\/\/www.blogdelaautoescuela.com\/blog\/wp-content\/uploads\/2021\/04\/DIR-AUT-1.jpg\",\"datePublished\":\"2021-01-22T08:49:26+00:00\",\"dateModified\":\"2021-04-19T09:41:20+00:00\",\"author\":{\"@id\":\"https:\/\/www.blogdelaautoescuela.com\/blog\/#\/schema\/person\/45ccd53611da46f9748652f0714d069e\"},\"description\":\"La DGT ha publicado los lugares exactos para la celebraci\u00f3n del examen de director de autoescuela el 25 de febrero de 2021.\",\"breadcrumb\":{\"@id\":\"https:\/\/www.blogdelaautoescuela.com\/blog\/director-de-autoescuela-lugares-de-celebracion-del-examen-el-25-de-febrero-de-2021\/#breadcrumb\"},\"inLanguage\":\"es\",\"potentialAction\":[{\"@type\":\"ReadAction\",\"target\":[\"https:\/\/www.blogdelaautoescuela.com\/blog\/director-de-autoescuela-lugares-de-celebracion-del-examen-el-25-de-febrero-de-2021\/\"]}]},{\"@type\":\"ImageObject\",\"inLanguage\":\"es\",\"@id\":\"https:\/\/www.blogdelaautoescuela.com\/blog\/director-de-autoescuela-lugares-de-celebracion-del-examen-el-25-de-febrero-de-2021\/#primaryimage\",\"url\":\"https:\/\/www.blogdelaautoescuela.com\/blog\/wp-content\/uploads\/2021\/04\/DIR-AUT-1.jpg\",\"contentUrl\":\"https:\/\/www.blogdelaautoescuela.com\/blog\/wp-content\/uploads\/2021\/04\/DIR-AUT-1.jpg\",\"width\":284,\"height\":200},{\"@type\":\"BreadcrumbList\",\"@id\":\"https:\/\/www.blogdelaautoescuela.com\/blog\/director-de-autoescuela-lugares-de-celebracion-del-examen-el-25-de-febrero-de-2021\/#breadcrumb\",\"itemListElement\":[{\"@type\":\"ListItem\",\"position\":1,\"name\":\"Portada\",\"item\":\"https:\/\/www.blogdelaautoescuela.com\/blog\/\"},{\"@type\":\"ListItem\",\"position\":2,\"name\":\"Director de autoescuela: lugares de celebraci\u00f3n del examen el 25 de febrero de 2021\"}]},{\"@type\":\"WebSite\",\"@id\":\"https:\/\/www.blogdelaautoescuela.com\/blog\/#website\",\"url\":\"https:\/\/www.blogdelaautoescuela.com\/blog\/\",\"name\":\"Blog de la autoescuela\",\"description\":\"Noticias sobre autoescuelas y seguridad vial\",\"potentialAction\":[{\"@type\":\"SearchAction\",\"target\":{\"@type\":\"EntryPoint\",\"urlTemplate\":\"https:\/\/www.blogdelaautoescuela.com\/blog\/?s={search_term_string}\"},\"query-input\":{\"@type\":\"PropertyValueSpecification\",\"valueRequired\":true,\"valueName\":\"search_term_string\"}}],\"inLanguage\":\"es\"},{\"@type\":\"Person\",\"@id\":\"https:\/\/www.blogdelaautoescuela.com\/blog\/#\/schema\/person\/45ccd53611da46f9748652f0714d069e\",\"name\":\"M\u00aa Carmen Alfonso Gal\u00e1n\",\"image\":{\"@type\":\"ImageObject\",\"inLanguage\":\"es\",\"@id\":\"https:\/\/www.blogdelaautoescuela.com\/blog\/#\/schema\/person\/image\/\",\"url\":\"https:\/\/secure.gravatar.com\/avatar\/7b413f0c79b29930663995c7dbb9ddc1?s=96&d=mm&r=g\",\"contentUrl\":\"https:\/\/secure.gravatar.com\/avatar\/7b413f0c79b29930663995c7dbb9ddc1?s=96&d=mm&r=g\",\"caption\":\"M\u00aa Carmen Alfonso Gal\u00e1n\"},\"description\":\"Blog dedicado a la conducci\u00f3n, las autoescuelas y la seguridad vial. Est\u00e1 creado por un grupo de profesionales de la formaci\u00f3n vial que comparten inquietudes y experiencias. Aqu\u00ed\u00ad podr\u00e1s encontrar informaci\u00f3n variada sobre el d\u00ed\u00ada a d\u00ed\u00ada de la autoescuela, ex\u00e1menes, test o novedades y consejos para una conducci\u00f3n m\u00e1s segura.\",\"url\":\"https:\/\/www.blogdelaautoescuela.com\/blog\/author\/carmen-a-g\/\"}]}<\/script>\n<!-- \/ Yoast SEO plugin. -->","yoast_head_json":{"title":"Director de autoescuela: lugares de celebraci\u00f3n del examen","description":"La DGT ha publicado los lugares exactos para la celebraci\u00f3n del examen de director de autoescuela el 25 de febrero de 2021.","robots":{"index":"index","follow":"follow","max-snippet":"max-snippet:-1","max-image-preview":"max-image-preview:large","max-video-preview":"max-video-preview:-1"},"canonical":"https:\/\/www.blogdelaautoescuela.com\/blog\/director-de-autoescuela-lugares-de-celebracion-del-examen-el-25-de-febrero-de-2021\/","og_locale":"es_ES","og_type":"article","og_title":"Director de autoescuela: lugares de celebraci\u00f3n del examen","og_description":"La DGT ha publicado los lugares exactos para la celebraci\u00f3n del examen de director de autoescuela el 25 de febrero de 2021.","og_url":"https:\/\/www.blogdelaautoescuela.com\/blog\/director-de-autoescuela-lugares-de-celebracion-del-examen-el-25-de-febrero-de-2021\/","og_site_name":"Blog de la autoescuela","article_published_time":"2021-01-22T08:49:26+00:00","article_modified_time":"2021-04-19T09:41:20+00:00","og_image":[{"width":284,"height":200,"url":"https:\/\/www.blogdelaautoescuela.com\/blog\/wp-content\/uploads\/2021\/04\/DIR-AUT-1.jpg","type":"image\/jpeg"}],"author":"M\u00aa Carmen Alfonso Gal\u00e1n","twitter_misc":{"Escrito por":"M\u00aa Carmen Alfonso Gal\u00e1n","Tiempo de lectura":"1 minuto"},"schema":{"@context":"https:\/\/schema.org","@graph":[{"@type":"WebPage","@id":"https:\/\/www.blogdelaautoescuela.com\/blog\/director-de-autoescuela-lugares-de-celebracion-del-examen-el-25-de-febrero-de-2021\/","url":"https:\/\/www.blogdelaautoescuela.com\/blog\/director-de-autoescuela-lugares-de-celebracion-del-examen-el-25-de-febrero-de-2021\/","name":"Director de autoescuela: lugares de celebraci\u00f3n del examen","isPartOf":{"@id":"https:\/\/www.blogdelaautoescuela.com\/blog\/#website"},"primaryImageOfPage":{"@id":"https:\/\/www.blogdelaautoescuela.com\/blog\/director-de-autoescuela-lugares-de-celebracion-del-examen-el-25-de-febrero-de-2021\/#primaryimage"},"image":{"@id":"https:\/\/www.blogdelaautoescuela.com\/blog\/director-de-autoescuela-lugares-de-celebracion-del-examen-el-25-de-febrero-de-2021\/#primaryimage"},"thumbnailUrl":"https:\/\/www.blogdelaautoescuela.com\/blog\/wp-content\/uploads\/2021\/04\/DIR-AUT-1.jpg","datePublished":"2021-01-22T08:49:26+00:00","dateModified":"2021-04-19T09:41:20+00:00","author":{"@id":"https:\/\/www.blogdelaautoescuela.com\/blog\/#\/schema\/person\/45ccd53611da46f9748652f0714d069e"},"description":"La DGT ha publicado los lugares exactos para la celebraci\u00f3n del examen de director de autoescuela el 25 de febrero de 2021.","breadcrumb":{"@id":"https:\/\/www.blogdelaautoescuela.com\/blog\/director-de-autoescuela-lugares-de-celebracion-del-examen-el-25-de-febrero-de-2021\/#breadcrumb"},"inLanguage":"es","potentialAction":[{"@type":"ReadAction","target":["https:\/\/www.blogdelaautoescuela.com\/blog\/director-de-autoescuela-lugares-de-celebracion-del-examen-el-25-de-febrero-de-2021\/"]}]},{"@type":"ImageObject","inLanguage":"es","@id":"https:\/\/www.blogdelaautoescuela.com\/blog\/director-de-autoescuela-lugares-de-celebracion-del-examen-el-25-de-febrero-de-2021\/#primaryimage","url":"https:\/\/www.blogdelaautoescuela.com\/blog\/wp-content\/uploads\/2021\/04\/DIR-AUT-1.jpg","contentUrl":"https:\/\/www.blogdelaautoescuela.com\/blog\/wp-content\/uploads\/2021\/04\/DIR-AUT-1.jpg","width":284,"height":200},{"@type":"BreadcrumbList","@id":"https:\/\/www.blogdelaautoescuela.com\/blog\/director-de-autoescuela-lugares-de-celebracion-del-examen-el-25-de-febrero-de-2021\/#breadcrumb","itemListElement":[{"@type":"ListItem","position":1,"name":"Portada","item":"https:\/\/www.blogdelaautoescuela.com\/blog\/"},{"@type":"ListItem","position":2,"name":"Director de autoescuela: lugares de celebraci\u00f3n del examen el 25 de febrero de 2021"}]},{"@type":"WebSite","@id":"https:\/\/www.blogdelaautoescuela.com\/blog\/#website","url":"https:\/\/www.blogdelaautoescuela.com\/blog\/","name":"Blog de la autoescuela","description":"Noticias sobre autoescuelas y seguridad vial","potentialAction":[{"@type":"SearchAction","target":{"@type":"EntryPoint","urlTemplate":"https:\/\/www.blogdelaautoescuela.com\/blog\/?s={search_term_string}"},"query-input":{"@type":"PropertyValueSpecification","valueRequired":true,"valueName":"search_term_string"}}],"inLanguage":"es"},{"@type":"Person","@id":"https:\/\/www.blogdelaautoescuela.com\/blog\/#\/schema\/person\/45ccd53611da46f9748652f0714d069e","name":"M\u00aa Carmen Alfonso Gal\u00e1n","image":{"@type":"ImageObject","inLanguage":"es","@id":"https:\/\/www.blogdelaautoescuela.com\/blog\/#\/schema\/person\/image\/","url":"https:\/\/secure.gravatar.com\/avatar\/7b413f0c79b29930663995c7dbb9ddc1?s=96&d=mm&r=g","contentUrl":"https:\/\/secure.gravatar.com\/avatar\/7b413f0c79b29930663995c7dbb9ddc1?s=96&d=mm&r=g","caption":"M\u00aa Carmen Alfonso Gal\u00e1n"},"description":"Blog dedicado a la conducci\u00f3n, las autoescuelas y la seguridad vial. Est\u00e1 creado por un grupo de profesionales de la formaci\u00f3n vial que comparten inquietudes y experiencias. Aqu\u00ed\u00ad podr\u00e1s encontrar informaci\u00f3n variada sobre el d\u00ed\u00ada a d\u00ed\u00ada de la autoescuela, ex\u00e1menes, test o novedades y consejos para una conducci\u00f3n m\u00e1s segura.","url":"https:\/\/www.blogdelaautoescuela.com\/blog\/author\/carmen-a-g\/"}]}},"jetpack_featured_media_url":"https:\/\/www.blogdelaautoescuela.com\/blog\/wp-content\/uploads\/2021\/04\/DIR-AUT-1.jpg","_links":{"self":[{"href":"https:\/\/www.blogdelaautoescuela.com\/blog\/wp-json\/wp\/v2\/posts\/15222","targetHints":{"allow":["GET"]}}],"collection":[{"href":"https:\/\/www.blogdelaautoescuela.com\/blog\/wp-json\/wp\/v2\/posts"}],"about":[{"href":"https:\/\/www.blogdelaautoescuela.com\/blog\/wp-json\/wp\/v2\/types\/post"}],"author":[{"embeddable":true,"href":"https:\/\/www.blogdelaautoescuela.com\/blog\/wp-json\/wp\/v2\/users\/10"}],"replies":[{"embeddable":true,"href":"https:\/\/www.blogdelaautoescuela.com\/blog\/wp-json\/wp\/v2\/comments?post=15222"}],"version-history":[{"count":4,"href":"https:\/\/www.blogdelaautoescuela.com\/blog\/wp-json\/wp\/v2\/posts\/15222\/revisions"}],"predecessor-version":[{"id":15226,"href":"https:\/\/www.blogdelaautoescuela.com\/blog\/wp-json\/wp\/v2\/posts\/15222\/revisions\/15226"}],"wp:featuredmedia":[{"embeddable":true,"href":"https:\/\/www.blogdelaautoescuela.com\/blog\/wp-json\/wp\/v2\/media\/15348"}],"wp:attachment":[{"href":"https:\/\/www.blogdelaautoescuela.com\/blog\/wp-json\/wp\/v2\/media?parent=15222"}],"wp:term":[{"taxonomy":"category","embeddable":true,"href":"https:\/\/www.blogdelaautoescuela.com\/blog\/wp-json\/wp\/v2\/categories?post=15222"},{"taxonomy":"post_tag","embeddable":true,"href":"https:\/\/www.blogdelaautoescuela.com\/blog\/wp-json\/wp\/v2\/tags?post=15222"}],"curies":[{"name":"wp","href":"https:\/\/api.w.org\/{rel}","templated":true}]}}