
{"id":15045,"date":"2020-08-05T17:13:28","date_gmt":"2020-08-05T15:13:28","guid":{"rendered":"http:\/\/www.blogdelaautoescuela.com\/blog\/?p=15045"},"modified":"2020-10-22T10:31:55","modified_gmt":"2020-10-22T08:31:55","slug":"examinador-de-trafico-primer-examen-el-4-de-octubre-de-2020","status":"publish","type":"post","link":"https:\/\/www.blogdelaautoescuela.com\/blog\/examinador-de-trafico-primer-examen-el-4-de-octubre-de-2020\/","title":{"rendered":"Examinador de Tr\u00e1fico: primer examen el 4 de octubre de 2020"},"content":{"rendered":"<p>&nbsp;<\/p>\n<p><a href=\"http:\/\/www.blogdelaautoescuela.com\/blog\/wp-content\/uploads\/2019\/04\/Fecha-examen_Indicacion.jpg\"><img loading=\"lazy\" decoding=\"async\" class=\"alignnone size-full wp-image-14594\" src=\"http:\/\/www.blogdelaautoescuela.com\/blog\/wp-content\/uploads\/2019\/04\/Fecha-examen_Indicacion.jpg\" alt=\"\" width=\"200\" height=\"200\" srcset=\"https:\/\/www.blogdelaautoescuela.com\/blog\/wp-content\/uploads\/2019\/04\/Fecha-examen_Indicacion.jpg 200w, https:\/\/www.blogdelaautoescuela.com\/blog\/wp-content\/uploads\/2019\/04\/Fecha-examen_Indicacion-150x150.jpg 150w, https:\/\/www.blogdelaautoescuela.com\/blog\/wp-content\/uploads\/2019\/04\/Fecha-examen_Indicacion-50x50.jpg 50w\" sizes=\"auto, (max-width: 200px) 100vw, 200px\" \/><\/a><\/p>\n<p>El BOE ha publicado el 31 de julio de 2020:<\/p>\n<p align=\"justify\">&#8220;<em>Resoluci\u00f3n de 22 de julio de 2020, de la Subsecretar\u00ed\u00ada, por la que se aprueba la relaci\u00f3n de admitidos y excluidos y se anuncia fecha, hora y lugar de celebraci\u00f3n del primer ejercicio del proceso selectivo para ingreso, por el <strong>sistema general de acceso libre, en el Cuerpo General Administrativo de la Administraci\u00f3n del Estado, especialidad de Tr\u00e1fico,<\/strong> convocado por Resoluci\u00f3n de 4 de febrero de 2020&#8243;<\/em><\/p>\n<p align=\"justify\">Resoluci\u00f3n de 22 de julio de 2020, de la Subsecretar\u00ed\u00ada, por la que se aprueba la relaci\u00f3n de admitidos y excluidos y se anuncia fecha, hora y lugar de celebraci\u00f3n del primer ejercicio del proceso selectivo para ingreso, por el sistema de <strong>promoci\u00f3n interna<\/strong>, <strong>en el Cuerpo General Administrativo de la Administraci\u00f3n del Estado, especialidad de Tr\u00e1fico,<\/strong> convocado por Resoluci\u00f3n de 26 de febrero de 2020<\/p>\n<p align=\"justify\">El <strong>primer examen<\/strong> de la oposici\u00f3n se celebrar\u00e1 el<strong> 4 de octubre de 2020 a las 10:00 horas,<\/strong> en la Facultad de Ciencias Econ\u00f3micas y Empresariales, Universidad Aut\u00f3noma de Madrid, calle Francisco Tom\u00e1s y Valiente, 5, 28049 Madrid.<\/p>\n<p style=\"padding-left: 30px;\"><a href=\"https:\/\/www.boe.es\/boe\/dias\/2020\/07\/31\/pdfs\/BOE-A-2020-8868.pdf\">Consulta la resoluci\u00f3n completa acceso libre<\/a><\/p>\n<p style=\"padding-left: 30px;\"><a href=\"https:\/\/www.boe.es\/boe\/dias\/2020\/07\/31\/pdfs\/BOE-A-2020-8869.pdf\">Consulta la resoluci\u00f3n completa promoci\u00f3n interna<\/a><\/p>\n<p>M\u00e1s informaci\u00f3n en:<\/p>\n<p style=\"padding-left: 30px;\"><a href=\"http:\/\/www.dgt.es\/es\/la-dgt\/empleo-publico\/oposiciones\/\">Web DGT<\/a><\/p>\n<p>Fuente: <em>BOE \/DGT<br \/>\n<\/em><\/p>\n<p>&nbsp;<\/p>\n<p><strong>En <a href=\"https:\/\/arisoft.es\/tienda\/66-examinador-de-trafico\">Arisoft Editorial<\/a> disponen de <\/strong><strong>preguntas tipo test para preparar los siguiente bloques:<\/strong><\/p>\n<p><a href=\"https:\/\/arisoft.es\/tienda\/examinador-de-trafico\/257-test-examinador-de-trafico-bloque-3-normativa-de-trafico\">Bloque 3 Normativa de Tr\u00e1fico<\/a><\/p>\n<p><a href=\"https:\/\/arisoft.es\/tienda\/examinador-de-trafico\/262-test-examinador-de-trafico-bloque-4-seguridad-vial\">Bloque 4 Seguridad Vial<\/a><\/p>\n<p>Cualquier duda le puede pedir informaci\u00f3n sin compromiso en info@arisoft.es o 910606472<\/p>\n","protected":false},"excerpt":{"rendered":"<p>&nbsp; El BOE ha publicado el 31 de julio de 2020: &#8220;Resoluci\u00f3n de 22 de julio de 2020, de la Subsecretar\u00ed\u00ada, por la que se aprueba la relaci\u00f3n de admitidos y excluidos y se anuncia fecha, hora y lugar de celebraci\u00f3n del primer ejercicio del proceso selectivo para ingreso, por el sistema general de acceso [&hellip;]<\/p>\n","protected":false},"author":10,"featured_media":14594,"comment_status":"open","ping_status":"closed","sticky":false,"template":"","format":"standard","meta":{"footnotes":"","jetpack_publicize_message":"","jetpack_publicize_feature_enabled":true,"jetpack_social_post_already_shared":true,"jetpack_social_options":{"image_generator_settings":{"template":"highway","enabled":false},"version":2}},"categories":[1844,19],"tags":[1664,469,1821,1727,1819],"class_list":["post-15045","post","type-post","status-publish","format-standard","has-post-thumbnail","hentry","category-examinador-trafico","category-seguridad-vial","tag-autoescuela","tag-dgt","tag-examen-examinadores","tag-examinador-de-trafico","tag-oposiciones-examinadores-de-trafico"],"wppr_data":{"cwp_meta_box_check":"No"},"jetpack_publicize_connections":[],"yoast_head":"<!-- This site is optimized with the Yoast SEO plugin v24.7 - https:\/\/yoast.com\/wordpress\/plugins\/seo\/ -->\n<title>Examinador de Tr\u00e1fico: primer examen el 4 de octubre de 2020<\/title>\n<meta name=\"description\" content=\"Publicada fecha primer examen para el Cuerpo General Administrativo de la Administraci\u00f3n del Estado,especialidad de Tr\u00e1fico acceso libre y promoci\u00f3n interna.\" \/>\n<meta name=\"robots\" content=\"index, follow, max-snippet:-1, max-image-preview:large, max-video-preview:-1\" \/>\n<link rel=\"canonical\" href=\"https:\/\/www.blogdelaautoescuela.com\/blog\/examinador-de-trafico-primer-examen-el-4-de-octubre-de-2020\/\" \/>\n<meta property=\"og:locale\" content=\"es_ES\" \/>\n<meta property=\"og:type\" content=\"article\" \/>\n<meta property=\"og:title\" content=\"Examinador de Tr\u00e1fico: primer examen el 4 de octubre de 2020\" \/>\n<meta property=\"og:description\" content=\"Publicada fecha primer examen para el Cuerpo General Administrativo de la Administraci\u00f3n del Estado,especialidad de Tr\u00e1fico acceso libre y promoci\u00f3n interna.\" \/>\n<meta property=\"og:url\" content=\"https:\/\/www.blogdelaautoescuela.com\/blog\/examinador-de-trafico-primer-examen-el-4-de-octubre-de-2020\/\" \/>\n<meta property=\"og:site_name\" content=\"Blog de la autoescuela\" \/>\n<meta property=\"article:published_time\" content=\"2020-08-05T15:13:28+00:00\" \/>\n<meta property=\"article:modified_time\" content=\"2020-10-22T08:31:55+00:00\" \/>\n<meta property=\"og:image\" content=\"https:\/\/www.blogdelaautoescuela.com\/blog\/wp-content\/uploads\/2019\/04\/Fecha-examen_Indicacion.jpg\" \/>\n\t<meta property=\"og:image:width\" content=\"200\" \/>\n\t<meta property=\"og:image:height\" content=\"200\" \/>\n\t<meta property=\"og:image:type\" content=\"image\/jpeg\" \/>\n<meta name=\"author\" content=\"M\u00aa Carmen Alfonso Gal\u00e1n\" \/>\n<meta name=\"twitter:label1\" content=\"Escrito por\" \/>\n\t<meta name=\"twitter:data1\" content=\"M\u00aa Carmen Alfonso Gal\u00e1n\" \/>\n\t<meta name=\"twitter:label2\" content=\"Tiempo de lectura\" \/>\n\t<meta name=\"twitter:data2\" content=\"1 minuto\" \/>\n<script type=\"application\/ld+json\" class=\"yoast-schema-graph\">{\"@context\":\"https:\/\/schema.org\",\"@graph\":[{\"@type\":\"WebPage\",\"@id\":\"https:\/\/www.blogdelaautoescuela.com\/blog\/examinador-de-trafico-primer-examen-el-4-de-octubre-de-2020\/\",\"url\":\"https:\/\/www.blogdelaautoescuela.com\/blog\/examinador-de-trafico-primer-examen-el-4-de-octubre-de-2020\/\",\"name\":\"Examinador de Tr\u00e1fico: primer examen el 4 de octubre de 2020\",\"isPartOf\":{\"@id\":\"https:\/\/www.blogdelaautoescuela.com\/blog\/#website\"},\"primaryImageOfPage\":{\"@id\":\"https:\/\/www.blogdelaautoescuela.com\/blog\/examinador-de-trafico-primer-examen-el-4-de-octubre-de-2020\/#primaryimage\"},\"image\":{\"@id\":\"https:\/\/www.blogdelaautoescuela.com\/blog\/examinador-de-trafico-primer-examen-el-4-de-octubre-de-2020\/#primaryimage\"},\"thumbnailUrl\":\"https:\/\/www.blogdelaautoescuela.com\/blog\/wp-content\/uploads\/2019\/04\/Fecha-examen_Indicacion.jpg\",\"datePublished\":\"2020-08-05T15:13:28+00:00\",\"dateModified\":\"2020-10-22T08:31:55+00:00\",\"author\":{\"@id\":\"https:\/\/www.blogdelaautoescuela.com\/blog\/#\/schema\/person\/45ccd53611da46f9748652f0714d069e\"},\"description\":\"Publicada fecha primer examen para el Cuerpo General Administrativo de la Administraci\u00f3n del Estado,especialidad de Tr\u00e1fico acceso libre y promoci\u00f3n interna.\",\"breadcrumb\":{\"@id\":\"https:\/\/www.blogdelaautoescuela.com\/blog\/examinador-de-trafico-primer-examen-el-4-de-octubre-de-2020\/#breadcrumb\"},\"inLanguage\":\"es\",\"potentialAction\":[{\"@type\":\"ReadAction\",\"target\":[\"https:\/\/www.blogdelaautoescuela.com\/blog\/examinador-de-trafico-primer-examen-el-4-de-octubre-de-2020\/\"]}]},{\"@type\":\"ImageObject\",\"inLanguage\":\"es\",\"@id\":\"https:\/\/www.blogdelaautoescuela.com\/blog\/examinador-de-trafico-primer-examen-el-4-de-octubre-de-2020\/#primaryimage\",\"url\":\"https:\/\/www.blogdelaautoescuela.com\/blog\/wp-content\/uploads\/2019\/04\/Fecha-examen_Indicacion.jpg\",\"contentUrl\":\"https:\/\/www.blogdelaautoescuela.com\/blog\/wp-content\/uploads\/2019\/04\/Fecha-examen_Indicacion.jpg\",\"width\":200,\"height\":200},{\"@type\":\"BreadcrumbList\",\"@id\":\"https:\/\/www.blogdelaautoescuela.com\/blog\/examinador-de-trafico-primer-examen-el-4-de-octubre-de-2020\/#breadcrumb\",\"itemListElement\":[{\"@type\":\"ListItem\",\"position\":1,\"name\":\"Portada\",\"item\":\"https:\/\/www.blogdelaautoescuela.com\/blog\/\"},{\"@type\":\"ListItem\",\"position\":2,\"name\":\"Examinador de Tr\u00e1fico: primer examen el 4 de octubre de 2020\"}]},{\"@type\":\"WebSite\",\"@id\":\"https:\/\/www.blogdelaautoescuela.com\/blog\/#website\",\"url\":\"https:\/\/www.blogdelaautoescuela.com\/blog\/\",\"name\":\"Blog de la autoescuela\",\"description\":\"Noticias sobre autoescuelas y seguridad vial\",\"potentialAction\":[{\"@type\":\"SearchAction\",\"target\":{\"@type\":\"EntryPoint\",\"urlTemplate\":\"https:\/\/www.blogdelaautoescuela.com\/blog\/?s={search_term_string}\"},\"query-input\":{\"@type\":\"PropertyValueSpecification\",\"valueRequired\":true,\"valueName\":\"search_term_string\"}}],\"inLanguage\":\"es\"},{\"@type\":\"Person\",\"@id\":\"https:\/\/www.blogdelaautoescuela.com\/blog\/#\/schema\/person\/45ccd53611da46f9748652f0714d069e\",\"name\":\"M\u00aa Carmen Alfonso Gal\u00e1n\",\"image\":{\"@type\":\"ImageObject\",\"inLanguage\":\"es\",\"@id\":\"https:\/\/www.blogdelaautoescuela.com\/blog\/#\/schema\/person\/image\/\",\"url\":\"https:\/\/secure.gravatar.com\/avatar\/7b413f0c79b29930663995c7dbb9ddc1?s=96&d=mm&r=g\",\"contentUrl\":\"https:\/\/secure.gravatar.com\/avatar\/7b413f0c79b29930663995c7dbb9ddc1?s=96&d=mm&r=g\",\"caption\":\"M\u00aa Carmen Alfonso Gal\u00e1n\"},\"description\":\"Blog dedicado a la conducci\u00f3n, las autoescuelas y la seguridad vial. Est\u00e1 creado por un grupo de profesionales de la formaci\u00f3n vial que comparten inquietudes y experiencias. Aqu\u00ed\u00ad podr\u00e1s encontrar informaci\u00f3n variada sobre el d\u00ed\u00ada a d\u00ed\u00ada de la autoescuela, ex\u00e1menes, test o novedades y consejos para una conducci\u00f3n m\u00e1s segura.\",\"url\":\"https:\/\/www.blogdelaautoescuela.com\/blog\/author\/carmen-a-g\/\"}]}<\/script>\n<!-- \/ Yoast SEO plugin. -->","yoast_head_json":{"title":"Examinador de Tr\u00e1fico: primer examen el 4 de octubre de 2020","description":"Publicada fecha primer examen para el Cuerpo General Administrativo de la Administraci\u00f3n del Estado,especialidad de Tr\u00e1fico acceso libre y promoci\u00f3n interna.","robots":{"index":"index","follow":"follow","max-snippet":"max-snippet:-1","max-image-preview":"max-image-preview:large","max-video-preview":"max-video-preview:-1"},"canonical":"https:\/\/www.blogdelaautoescuela.com\/blog\/examinador-de-trafico-primer-examen-el-4-de-octubre-de-2020\/","og_locale":"es_ES","og_type":"article","og_title":"Examinador de Tr\u00e1fico: primer examen el 4 de octubre de 2020","og_description":"Publicada fecha primer examen para el Cuerpo General Administrativo de la Administraci\u00f3n del Estado,especialidad de Tr\u00e1fico acceso libre y promoci\u00f3n interna.","og_url":"https:\/\/www.blogdelaautoescuela.com\/blog\/examinador-de-trafico-primer-examen-el-4-de-octubre-de-2020\/","og_site_name":"Blog de la autoescuela","article_published_time":"2020-08-05T15:13:28+00:00","article_modified_time":"2020-10-22T08:31:55+00:00","og_image":[{"width":200,"height":200,"url":"https:\/\/www.blogdelaautoescuela.com\/blog\/wp-content\/uploads\/2019\/04\/Fecha-examen_Indicacion.jpg","type":"image\/jpeg"}],"author":"M\u00aa Carmen Alfonso Gal\u00e1n","twitter_misc":{"Escrito por":"M\u00aa Carmen Alfonso Gal\u00e1n","Tiempo de lectura":"1 minuto"},"schema":{"@context":"https:\/\/schema.org","@graph":[{"@type":"WebPage","@id":"https:\/\/www.blogdelaautoescuela.com\/blog\/examinador-de-trafico-primer-examen-el-4-de-octubre-de-2020\/","url":"https:\/\/www.blogdelaautoescuela.com\/blog\/examinador-de-trafico-primer-examen-el-4-de-octubre-de-2020\/","name":"Examinador de Tr\u00e1fico: primer examen el 4 de octubre de 2020","isPartOf":{"@id":"https:\/\/www.blogdelaautoescuela.com\/blog\/#website"},"primaryImageOfPage":{"@id":"https:\/\/www.blogdelaautoescuela.com\/blog\/examinador-de-trafico-primer-examen-el-4-de-octubre-de-2020\/#primaryimage"},"image":{"@id":"https:\/\/www.blogdelaautoescuela.com\/blog\/examinador-de-trafico-primer-examen-el-4-de-octubre-de-2020\/#primaryimage"},"thumbnailUrl":"https:\/\/www.blogdelaautoescuela.com\/blog\/wp-content\/uploads\/2019\/04\/Fecha-examen_Indicacion.jpg","datePublished":"2020-08-05T15:13:28+00:00","dateModified":"2020-10-22T08:31:55+00:00","author":{"@id":"https:\/\/www.blogdelaautoescuela.com\/blog\/#\/schema\/person\/45ccd53611da46f9748652f0714d069e"},"description":"Publicada fecha primer examen para el Cuerpo General Administrativo de la Administraci\u00f3n del Estado,especialidad de Tr\u00e1fico acceso libre y promoci\u00f3n interna.","breadcrumb":{"@id":"https:\/\/www.blogdelaautoescuela.com\/blog\/examinador-de-trafico-primer-examen-el-4-de-octubre-de-2020\/#breadcrumb"},"inLanguage":"es","potentialAction":[{"@type":"ReadAction","target":["https:\/\/www.blogdelaautoescuela.com\/blog\/examinador-de-trafico-primer-examen-el-4-de-octubre-de-2020\/"]}]},{"@type":"ImageObject","inLanguage":"es","@id":"https:\/\/www.blogdelaautoescuela.com\/blog\/examinador-de-trafico-primer-examen-el-4-de-octubre-de-2020\/#primaryimage","url":"https:\/\/www.blogdelaautoescuela.com\/blog\/wp-content\/uploads\/2019\/04\/Fecha-examen_Indicacion.jpg","contentUrl":"https:\/\/www.blogdelaautoescuela.com\/blog\/wp-content\/uploads\/2019\/04\/Fecha-examen_Indicacion.jpg","width":200,"height":200},{"@type":"BreadcrumbList","@id":"https:\/\/www.blogdelaautoescuela.com\/blog\/examinador-de-trafico-primer-examen-el-4-de-octubre-de-2020\/#breadcrumb","itemListElement":[{"@type":"ListItem","position":1,"name":"Portada","item":"https:\/\/www.blogdelaautoescuela.com\/blog\/"},{"@type":"ListItem","position":2,"name":"Examinador de Tr\u00e1fico: primer examen el 4 de octubre de 2020"}]},{"@type":"WebSite","@id":"https:\/\/www.blogdelaautoescuela.com\/blog\/#website","url":"https:\/\/www.blogdelaautoescuela.com\/blog\/","name":"Blog de la autoescuela","description":"Noticias sobre autoescuelas y seguridad vial","potentialAction":[{"@type":"SearchAction","target":{"@type":"EntryPoint","urlTemplate":"https:\/\/www.blogdelaautoescuela.com\/blog\/?s={search_term_string}"},"query-input":{"@type":"PropertyValueSpecification","valueRequired":true,"valueName":"search_term_string"}}],"inLanguage":"es"},{"@type":"Person","@id":"https:\/\/www.blogdelaautoescuela.com\/blog\/#\/schema\/person\/45ccd53611da46f9748652f0714d069e","name":"M\u00aa Carmen Alfonso Gal\u00e1n","image":{"@type":"ImageObject","inLanguage":"es","@id":"https:\/\/www.blogdelaautoescuela.com\/blog\/#\/schema\/person\/image\/","url":"https:\/\/secure.gravatar.com\/avatar\/7b413f0c79b29930663995c7dbb9ddc1?s=96&d=mm&r=g","contentUrl":"https:\/\/secure.gravatar.com\/avatar\/7b413f0c79b29930663995c7dbb9ddc1?s=96&d=mm&r=g","caption":"M\u00aa Carmen Alfonso Gal\u00e1n"},"description":"Blog dedicado a la conducci\u00f3n, las autoescuelas y la seguridad vial. Est\u00e1 creado por un grupo de profesionales de la formaci\u00f3n vial que comparten inquietudes y experiencias. Aqu\u00ed\u00ad podr\u00e1s encontrar informaci\u00f3n variada sobre el d\u00ed\u00ada a d\u00ed\u00ada de la autoescuela, ex\u00e1menes, test o novedades y consejos para una conducci\u00f3n m\u00e1s segura.","url":"https:\/\/www.blogdelaautoescuela.com\/blog\/author\/carmen-a-g\/"}]}},"jetpack_featured_media_url":"https:\/\/www.blogdelaautoescuela.com\/blog\/wp-content\/uploads\/2019\/04\/Fecha-examen_Indicacion.jpg","_links":{"self":[{"href":"https:\/\/www.blogdelaautoescuela.com\/blog\/wp-json\/wp\/v2\/posts\/15045","targetHints":{"allow":["GET"]}}],"collection":[{"href":"https:\/\/www.blogdelaautoescuela.com\/blog\/wp-json\/wp\/v2\/posts"}],"about":[{"href":"https:\/\/www.blogdelaautoescuela.com\/blog\/wp-json\/wp\/v2\/types\/post"}],"author":[{"embeddable":true,"href":"https:\/\/www.blogdelaautoescuela.com\/blog\/wp-json\/wp\/v2\/users\/10"}],"replies":[{"embeddable":true,"href":"https:\/\/www.blogdelaautoescuela.com\/blog\/wp-json\/wp\/v2\/comments?post=15045"}],"version-history":[{"count":5,"href":"https:\/\/www.blogdelaautoescuela.com\/blog\/wp-json\/wp\/v2\/posts\/15045\/revisions"}],"predecessor-version":[{"id":15095,"href":"https:\/\/www.blogdelaautoescuela.com\/blog\/wp-json\/wp\/v2\/posts\/15045\/revisions\/15095"}],"wp:featuredmedia":[{"embeddable":true,"href":"https:\/\/www.blogdelaautoescuela.com\/blog\/wp-json\/wp\/v2\/media\/14594"}],"wp:attachment":[{"href":"https:\/\/www.blogdelaautoescuela.com\/blog\/wp-json\/wp\/v2\/media?parent=15045"}],"wp:term":[{"taxonomy":"category","embeddable":true,"href":"https:\/\/www.blogdelaautoescuela.com\/blog\/wp-json\/wp\/v2\/categories?post=15045"},{"taxonomy":"post_tag","embeddable":true,"href":"https:\/\/www.blogdelaautoescuela.com\/blog\/wp-json\/wp\/v2\/tags?post=15045"}],"curies":[{"name":"wp","href":"https:\/\/api.w.org\/{rel}","templated":true}]}}