
{"id":14590,"date":"2019-04-17T11:20:39","date_gmt":"2019-04-17T09:20:39","guid":{"rendered":"http:\/\/www.blogdelaautoescuela.com\/blog\/?p=14590"},"modified":"2019-04-17T11:34:29","modified_gmt":"2019-04-17T09:34:29","slug":"examinador-trafico-acceso-libre-examen-sera-19-mayo-2019","status":"publish","type":"post","link":"https:\/\/www.blogdelaautoescuela.com\/blog\/examinador-trafico-acceso-libre-examen-sera-19-mayo-2019\/","title":{"rendered":"Examinador de Tr\u00e1fico (acceso libre): el examen ser\u00e1 el 19 de mayo de 2019"},"content":{"rendered":"<p style=\"text-align: justify;\"><a href=\"http:\/\/www.blogdelaautoescuela.com\/blog\/wp-content\/uploads\/2019\/04\/Fecha-examen_Indicacion.jpg\"><img loading=\"lazy\" decoding=\"async\" class=\"alignnone size-full wp-image-14594 alignleft\" src=\"http:\/\/www.blogdelaautoescuela.com\/blog\/wp-content\/uploads\/2019\/04\/Fecha-examen_Indicacion.jpg\" alt=\"\" width=\"200\" height=\"200\" srcset=\"https:\/\/www.blogdelaautoescuela.com\/blog\/wp-content\/uploads\/2019\/04\/Fecha-examen_Indicacion.jpg 200w, https:\/\/www.blogdelaautoescuela.com\/blog\/wp-content\/uploads\/2019\/04\/Fecha-examen_Indicacion-150x150.jpg 150w, https:\/\/www.blogdelaautoescuela.com\/blog\/wp-content\/uploads\/2019\/04\/Fecha-examen_Indicacion-50x50.jpg 50w\" sizes=\"auto, (max-width: 200px) 100vw, 200px\" \/><\/a>El BOE ha publicado hoy mi\u00e9rcoles 17 de abril, &#8220;<em>Resoluci\u00f3n de 5 de abril de 2019, de la Subsecretar\u00ed\u00ada, por la que se aprueba la <strong>relaci\u00f3n de admitidos y excluidos, y se anuncia fecha, hora y lugar de celebraci\u00f3n del primer ejercicio del proceso selectivo para el ingreso, por el sistema de acceso libre, al Cuerpo General Administrativo de la Administraci\u00f3n del Estado, especialidad de Tr\u00e1fico<\/strong>, convocado por Resoluci\u00f3n de 31 de enero de 2019&#8243;<\/em><\/p>\n<p>&nbsp;<\/p>\n<p style=\"text-align: justify;\">La Direcci\u00f3n General de tr\u00e1fico (DGT) ha anunciado que el <strong>primer examen de la oposici\u00f3n se celebrar\u00e1<\/strong>, en llamamiento \u00fanico , <strong>el 19 de mayo de 2019 a las 10:00 horas,<\/strong> en la Facultad de Ciencias Econ\u00f3micas y Empresariales, Universidad Aut\u00f3noma de Madrid, calle Francisco Tom\u00e1s y Valiente, 5, 28049 Madrid.<\/p>\n<p style=\"text-align: justify;\"><a href=\"https:\/\/www.boe.es\/boe\/dias\/2019\/04\/17\/pdfs\/BOE-A-2019-5832.pdf\">Consulta la resoluci\u00f3n completa<\/a><\/p>\n<p style=\"text-align: justify;\">Fuente: <em>BOE<\/em><\/p>\n<p>&nbsp;<\/p>\n","protected":false},"excerpt":{"rendered":"<p>El BOE ha publicado hoy mi\u00e9rcoles 17 de abril, &#8220;Resoluci\u00f3n de 5 de abril de 2019, de la Subsecretar\u00ed\u00ada, por la que se aprueba la relaci\u00f3n de admitidos y excluidos, y se anuncia fecha, hora y lugar de celebraci\u00f3n del primer ejercicio del proceso selectivo para el ingreso, por el sistema de acceso libre, al [&hellip;]<\/p>\n","protected":false},"author":10,"featured_media":14594,"comment_status":"open","ping_status":"closed","sticky":false,"template":"","format":"standard","meta":{"footnotes":"","jetpack_publicize_message":"","jetpack_publicize_feature_enabled":true,"jetpack_social_post_already_shared":true,"jetpack_social_options":{"image_generator_settings":{"template":"highway","enabled":false},"version":2}},"categories":[7],"tags":[1821,1727,1819],"class_list":["post-14590","post","type-post","status-publish","format-standard","has-post-thumbnail","hentry","category-examen-teorico","tag-examen-examinadores","tag-examinador-de-trafico","tag-oposiciones-examinadores-de-trafico"],"wppr_data":{"cwp_meta_box_check":"No"},"jetpack_publicize_connections":[],"yoast_head":"<!-- This site is optimized with the Yoast SEO plugin v24.7 - https:\/\/yoast.com\/wordpress\/plugins\/seo\/ -->\n<title>Examinador de Tr\u00e1fico acceso libre: examen el 19 de mayo<\/title>\n<meta name=\"description\" content=\"El BOE publica hoy la fecha del primer examen, acceso libre, al Cuerpo General Administrativo de la Administraci\u00f3n del Estado, especialidad deTr\u00e1fico.\" \/>\n<meta name=\"robots\" content=\"index, follow, max-snippet:-1, max-image-preview:large, max-video-preview:-1\" \/>\n<link rel=\"canonical\" href=\"https:\/\/www.blogdelaautoescuela.com\/blog\/examinador-trafico-acceso-libre-examen-sera-19-mayo-2019\/\" \/>\n<meta property=\"og:locale\" content=\"es_ES\" \/>\n<meta property=\"og:type\" content=\"article\" \/>\n<meta property=\"og:title\" content=\"Examinador de Tr\u00e1fico acceso libre: examen el 19 de mayo\" \/>\n<meta property=\"og:description\" content=\"El BOE publica hoy la fecha del primer examen, acceso libre, al Cuerpo General Administrativo de la Administraci\u00f3n del Estado, especialidad deTr\u00e1fico.\" \/>\n<meta property=\"og:url\" content=\"https:\/\/www.blogdelaautoescuela.com\/blog\/examinador-trafico-acceso-libre-examen-sera-19-mayo-2019\/\" \/>\n<meta property=\"og:site_name\" content=\"Blog de la autoescuela\" \/>\n<meta property=\"article:published_time\" content=\"2019-04-17T09:20:39+00:00\" \/>\n<meta property=\"article:modified_time\" content=\"2019-04-17T09:34:29+00:00\" \/>\n<meta property=\"og:image\" content=\"https:\/\/www.blogdelaautoescuela.com\/blog\/wp-content\/uploads\/2019\/04\/Fecha-examen_Indicacion.jpg\" \/>\n\t<meta property=\"og:image:width\" content=\"200\" \/>\n\t<meta property=\"og:image:height\" content=\"200\" \/>\n\t<meta property=\"og:image:type\" content=\"image\/jpeg\" \/>\n<meta name=\"author\" content=\"M\u00aa Carmen Alfonso Gal\u00e1n\" \/>\n<meta name=\"twitter:label1\" content=\"Escrito por\" \/>\n\t<meta name=\"twitter:data1\" content=\"M\u00aa Carmen Alfonso Gal\u00e1n\" \/>\n\t<meta name=\"twitter:label2\" content=\"Tiempo de lectura\" \/>\n\t<meta name=\"twitter:data2\" content=\"1 minuto\" \/>\n<script type=\"application\/ld+json\" class=\"yoast-schema-graph\">{\"@context\":\"https:\/\/schema.org\",\"@graph\":[{\"@type\":\"WebPage\",\"@id\":\"https:\/\/www.blogdelaautoescuela.com\/blog\/examinador-trafico-acceso-libre-examen-sera-19-mayo-2019\/\",\"url\":\"https:\/\/www.blogdelaautoescuela.com\/blog\/examinador-trafico-acceso-libre-examen-sera-19-mayo-2019\/\",\"name\":\"Examinador de Tr\u00e1fico acceso libre: examen el 19 de mayo\",\"isPartOf\":{\"@id\":\"https:\/\/www.blogdelaautoescuela.com\/blog\/#website\"},\"primaryImageOfPage\":{\"@id\":\"https:\/\/www.blogdelaautoescuela.com\/blog\/examinador-trafico-acceso-libre-examen-sera-19-mayo-2019\/#primaryimage\"},\"image\":{\"@id\":\"https:\/\/www.blogdelaautoescuela.com\/blog\/examinador-trafico-acceso-libre-examen-sera-19-mayo-2019\/#primaryimage\"},\"thumbnailUrl\":\"https:\/\/www.blogdelaautoescuela.com\/blog\/wp-content\/uploads\/2019\/04\/Fecha-examen_Indicacion.jpg\",\"datePublished\":\"2019-04-17T09:20:39+00:00\",\"dateModified\":\"2019-04-17T09:34:29+00:00\",\"author\":{\"@id\":\"https:\/\/www.blogdelaautoescuela.com\/blog\/#\/schema\/person\/45ccd53611da46f9748652f0714d069e\"},\"description\":\"El BOE publica hoy la fecha del primer examen, acceso libre, al Cuerpo General Administrativo de la Administraci\u00f3n del Estado, especialidad deTr\u00e1fico.\",\"breadcrumb\":{\"@id\":\"https:\/\/www.blogdelaautoescuela.com\/blog\/examinador-trafico-acceso-libre-examen-sera-19-mayo-2019\/#breadcrumb\"},\"inLanguage\":\"es\",\"potentialAction\":[{\"@type\":\"ReadAction\",\"target\":[\"https:\/\/www.blogdelaautoescuela.com\/blog\/examinador-trafico-acceso-libre-examen-sera-19-mayo-2019\/\"]}]},{\"@type\":\"ImageObject\",\"inLanguage\":\"es\",\"@id\":\"https:\/\/www.blogdelaautoescuela.com\/blog\/examinador-trafico-acceso-libre-examen-sera-19-mayo-2019\/#primaryimage\",\"url\":\"https:\/\/www.blogdelaautoescuela.com\/blog\/wp-content\/uploads\/2019\/04\/Fecha-examen_Indicacion.jpg\",\"contentUrl\":\"https:\/\/www.blogdelaautoescuela.com\/blog\/wp-content\/uploads\/2019\/04\/Fecha-examen_Indicacion.jpg\",\"width\":200,\"height\":200},{\"@type\":\"BreadcrumbList\",\"@id\":\"https:\/\/www.blogdelaautoescuela.com\/blog\/examinador-trafico-acceso-libre-examen-sera-19-mayo-2019\/#breadcrumb\",\"itemListElement\":[{\"@type\":\"ListItem\",\"position\":1,\"name\":\"Portada\",\"item\":\"https:\/\/www.blogdelaautoescuela.com\/blog\/\"},{\"@type\":\"ListItem\",\"position\":2,\"name\":\"Examinador de Tr\u00e1fico (acceso libre): el examen ser\u00e1 el 19 de mayo de 2019\"}]},{\"@type\":\"WebSite\",\"@id\":\"https:\/\/www.blogdelaautoescuela.com\/blog\/#website\",\"url\":\"https:\/\/www.blogdelaautoescuela.com\/blog\/\",\"name\":\"Blog de la autoescuela\",\"description\":\"Noticias sobre autoescuelas y seguridad vial\",\"potentialAction\":[{\"@type\":\"SearchAction\",\"target\":{\"@type\":\"EntryPoint\",\"urlTemplate\":\"https:\/\/www.blogdelaautoescuela.com\/blog\/?s={search_term_string}\"},\"query-input\":{\"@type\":\"PropertyValueSpecification\",\"valueRequired\":true,\"valueName\":\"search_term_string\"}}],\"inLanguage\":\"es\"},{\"@type\":\"Person\",\"@id\":\"https:\/\/www.blogdelaautoescuela.com\/blog\/#\/schema\/person\/45ccd53611da46f9748652f0714d069e\",\"name\":\"M\u00aa Carmen Alfonso Gal\u00e1n\",\"image\":{\"@type\":\"ImageObject\",\"inLanguage\":\"es\",\"@id\":\"https:\/\/www.blogdelaautoescuela.com\/blog\/#\/schema\/person\/image\/\",\"url\":\"https:\/\/secure.gravatar.com\/avatar\/7b413f0c79b29930663995c7dbb9ddc1?s=96&d=mm&r=g\",\"contentUrl\":\"https:\/\/secure.gravatar.com\/avatar\/7b413f0c79b29930663995c7dbb9ddc1?s=96&d=mm&r=g\",\"caption\":\"M\u00aa Carmen Alfonso Gal\u00e1n\"},\"description\":\"Blog dedicado a la conducci\u00f3n, las autoescuelas y la seguridad vial. Est\u00e1 creado por un grupo de profesionales de la formaci\u00f3n vial que comparten inquietudes y experiencias. Aqu\u00ed\u00ad podr\u00e1s encontrar informaci\u00f3n variada sobre el d\u00ed\u00ada a d\u00ed\u00ada de la autoescuela, ex\u00e1menes, test o novedades y consejos para una conducci\u00f3n m\u00e1s segura.\",\"url\":\"https:\/\/www.blogdelaautoescuela.com\/blog\/author\/carmen-a-g\/\"}]}<\/script>\n<!-- \/ Yoast SEO plugin. -->","yoast_head_json":{"title":"Examinador de Tr\u00e1fico acceso libre: examen el 19 de mayo","description":"El BOE publica hoy la fecha del primer examen, acceso libre, al Cuerpo General Administrativo de la Administraci\u00f3n del Estado, especialidad deTr\u00e1fico.","robots":{"index":"index","follow":"follow","max-snippet":"max-snippet:-1","max-image-preview":"max-image-preview:large","max-video-preview":"max-video-preview:-1"},"canonical":"https:\/\/www.blogdelaautoescuela.com\/blog\/examinador-trafico-acceso-libre-examen-sera-19-mayo-2019\/","og_locale":"es_ES","og_type":"article","og_title":"Examinador de Tr\u00e1fico acceso libre: examen el 19 de mayo","og_description":"El BOE publica hoy la fecha del primer examen, acceso libre, al Cuerpo General Administrativo de la Administraci\u00f3n del Estado, especialidad deTr\u00e1fico.","og_url":"https:\/\/www.blogdelaautoescuela.com\/blog\/examinador-trafico-acceso-libre-examen-sera-19-mayo-2019\/","og_site_name":"Blog de la autoescuela","article_published_time":"2019-04-17T09:20:39+00:00","article_modified_time":"2019-04-17T09:34:29+00:00","og_image":[{"width":200,"height":200,"url":"https:\/\/www.blogdelaautoescuela.com\/blog\/wp-content\/uploads\/2019\/04\/Fecha-examen_Indicacion.jpg","type":"image\/jpeg"}],"author":"M\u00aa Carmen Alfonso Gal\u00e1n","twitter_misc":{"Escrito por":"M\u00aa Carmen Alfonso Gal\u00e1n","Tiempo de lectura":"1 minuto"},"schema":{"@context":"https:\/\/schema.org","@graph":[{"@type":"WebPage","@id":"https:\/\/www.blogdelaautoescuela.com\/blog\/examinador-trafico-acceso-libre-examen-sera-19-mayo-2019\/","url":"https:\/\/www.blogdelaautoescuela.com\/blog\/examinador-trafico-acceso-libre-examen-sera-19-mayo-2019\/","name":"Examinador de Tr\u00e1fico acceso libre: examen el 19 de mayo","isPartOf":{"@id":"https:\/\/www.blogdelaautoescuela.com\/blog\/#website"},"primaryImageOfPage":{"@id":"https:\/\/www.blogdelaautoescuela.com\/blog\/examinador-trafico-acceso-libre-examen-sera-19-mayo-2019\/#primaryimage"},"image":{"@id":"https:\/\/www.blogdelaautoescuela.com\/blog\/examinador-trafico-acceso-libre-examen-sera-19-mayo-2019\/#primaryimage"},"thumbnailUrl":"https:\/\/www.blogdelaautoescuela.com\/blog\/wp-content\/uploads\/2019\/04\/Fecha-examen_Indicacion.jpg","datePublished":"2019-04-17T09:20:39+00:00","dateModified":"2019-04-17T09:34:29+00:00","author":{"@id":"https:\/\/www.blogdelaautoescuela.com\/blog\/#\/schema\/person\/45ccd53611da46f9748652f0714d069e"},"description":"El BOE publica hoy la fecha del primer examen, acceso libre, al Cuerpo General Administrativo de la Administraci\u00f3n del Estado, especialidad deTr\u00e1fico.","breadcrumb":{"@id":"https:\/\/www.blogdelaautoescuela.com\/blog\/examinador-trafico-acceso-libre-examen-sera-19-mayo-2019\/#breadcrumb"},"inLanguage":"es","potentialAction":[{"@type":"ReadAction","target":["https:\/\/www.blogdelaautoescuela.com\/blog\/examinador-trafico-acceso-libre-examen-sera-19-mayo-2019\/"]}]},{"@type":"ImageObject","inLanguage":"es","@id":"https:\/\/www.blogdelaautoescuela.com\/blog\/examinador-trafico-acceso-libre-examen-sera-19-mayo-2019\/#primaryimage","url":"https:\/\/www.blogdelaautoescuela.com\/blog\/wp-content\/uploads\/2019\/04\/Fecha-examen_Indicacion.jpg","contentUrl":"https:\/\/www.blogdelaautoescuela.com\/blog\/wp-content\/uploads\/2019\/04\/Fecha-examen_Indicacion.jpg","width":200,"height":200},{"@type":"BreadcrumbList","@id":"https:\/\/www.blogdelaautoescuela.com\/blog\/examinador-trafico-acceso-libre-examen-sera-19-mayo-2019\/#breadcrumb","itemListElement":[{"@type":"ListItem","position":1,"name":"Portada","item":"https:\/\/www.blogdelaautoescuela.com\/blog\/"},{"@type":"ListItem","position":2,"name":"Examinador de Tr\u00e1fico (acceso libre): el examen ser\u00e1 el 19 de mayo de 2019"}]},{"@type":"WebSite","@id":"https:\/\/www.blogdelaautoescuela.com\/blog\/#website","url":"https:\/\/www.blogdelaautoescuela.com\/blog\/","name":"Blog de la autoescuela","description":"Noticias sobre autoescuelas y seguridad vial","potentialAction":[{"@type":"SearchAction","target":{"@type":"EntryPoint","urlTemplate":"https:\/\/www.blogdelaautoescuela.com\/blog\/?s={search_term_string}"},"query-input":{"@type":"PropertyValueSpecification","valueRequired":true,"valueName":"search_term_string"}}],"inLanguage":"es"},{"@type":"Person","@id":"https:\/\/www.blogdelaautoescuela.com\/blog\/#\/schema\/person\/45ccd53611da46f9748652f0714d069e","name":"M\u00aa Carmen Alfonso Gal\u00e1n","image":{"@type":"ImageObject","inLanguage":"es","@id":"https:\/\/www.blogdelaautoescuela.com\/blog\/#\/schema\/person\/image\/","url":"https:\/\/secure.gravatar.com\/avatar\/7b413f0c79b29930663995c7dbb9ddc1?s=96&d=mm&r=g","contentUrl":"https:\/\/secure.gravatar.com\/avatar\/7b413f0c79b29930663995c7dbb9ddc1?s=96&d=mm&r=g","caption":"M\u00aa Carmen Alfonso Gal\u00e1n"},"description":"Blog dedicado a la conducci\u00f3n, las autoescuelas y la seguridad vial. Est\u00e1 creado por un grupo de profesionales de la formaci\u00f3n vial que comparten inquietudes y experiencias. Aqu\u00ed\u00ad podr\u00e1s encontrar informaci\u00f3n variada sobre el d\u00ed\u00ada a d\u00ed\u00ada de la autoescuela, ex\u00e1menes, test o novedades y consejos para una conducci\u00f3n m\u00e1s segura.","url":"https:\/\/www.blogdelaautoescuela.com\/blog\/author\/carmen-a-g\/"}]}},"jetpack_featured_media_url":"https:\/\/www.blogdelaautoescuela.com\/blog\/wp-content\/uploads\/2019\/04\/Fecha-examen_Indicacion.jpg","_links":{"self":[{"href":"https:\/\/www.blogdelaautoescuela.com\/blog\/wp-json\/wp\/v2\/posts\/14590","targetHints":{"allow":["GET"]}}],"collection":[{"href":"https:\/\/www.blogdelaautoescuela.com\/blog\/wp-json\/wp\/v2\/posts"}],"about":[{"href":"https:\/\/www.blogdelaautoescuela.com\/blog\/wp-json\/wp\/v2\/types\/post"}],"author":[{"embeddable":true,"href":"https:\/\/www.blogdelaautoescuela.com\/blog\/wp-json\/wp\/v2\/users\/10"}],"replies":[{"embeddable":true,"href":"https:\/\/www.blogdelaautoescuela.com\/blog\/wp-json\/wp\/v2\/comments?post=14590"}],"version-history":[{"count":10,"href":"https:\/\/www.blogdelaautoescuela.com\/blog\/wp-json\/wp\/v2\/posts\/14590\/revisions"}],"predecessor-version":[{"id":15439,"href":"https:\/\/www.blogdelaautoescuela.com\/blog\/wp-json\/wp\/v2\/posts\/14590\/revisions\/15439"}],"wp:featuredmedia":[{"embeddable":true,"href":"https:\/\/www.blogdelaautoescuela.com\/blog\/wp-json\/wp\/v2\/media\/14594"}],"wp:attachment":[{"href":"https:\/\/www.blogdelaautoescuela.com\/blog\/wp-json\/wp\/v2\/media?parent=14590"}],"wp:term":[{"taxonomy":"category","embeddable":true,"href":"https:\/\/www.blogdelaautoescuela.com\/blog\/wp-json\/wp\/v2\/categories?post=14590"},{"taxonomy":"post_tag","embeddable":true,"href":"https:\/\/www.blogdelaautoescuela.com\/blog\/wp-json\/wp\/v2\/tags?post=14590"}],"curies":[{"name":"wp","href":"https:\/\/api.w.org\/{rel}","templated":true}]}}