
{"id":1283,"date":"2009-06-05T11:07:09","date_gmt":"2009-06-05T09:07:09","guid":{"rendered":"http:\/\/www.blogdelaautoescuela.com\/blog\/?p=1283"},"modified":"2009-06-05T11:07:09","modified_gmt":"2009-06-05T09:07:09","slug":"el-cinturon-de-seguridad-en-el-transporte-escolar","status":"publish","type":"post","link":"https:\/\/www.blogdelaautoescuela.com\/blog\/el-cinturon-de-seguridad-en-el-transporte-escolar\/","title":{"rendered":"El cintur\u00f3n de seguridad en el transporte escolar"},"content":{"rendered":"<p><object classid=\"clsid:d27cdb6e-ae6d-11cf-96b8-444553540000\" width=\"445\" height=\"364\" codebase=\"http:\/\/download.macromedia.com\/pub\/shockwave\/cabs\/flash\/swflash.cab#version=6,0,40,0\"><param name=\"allowFullScreen\" value=\"true\" \/><param name=\"allowscriptaccess\" value=\"always\" \/><param name=\"src\" value=\"http:\/\/www.youtube.com\/v\/kOuTk3BVkvY&amp;hl=es&amp;fs=1&amp;rel=0&amp;color1=0x006699&amp;color2=0x54abd6&amp;border=1\" \/><param name=\"allowfullscreen\" value=\"true\" \/><\/object><\/p>\n<p>Uno de los objetivos que debemos perseguir es que los <strong>ni\u00f1os viajen seguros en autob\u00fas<\/strong> ya que cada d\u00ed\u00ada es el transporte que muchos de ellos utilizan para llegar hasta sus colegios y por desgracia Espa\u00f1a est\u00e1 a la cabeza en muertes por <strong>accidentes de autob\u00fas<\/strong>, quiz\u00e1 uno de los motivos sea que el 25% de los autocares espa\u00f1oles superan los 15 a\u00f1os.<\/p>\n<p>Por este motivo la <strong>Plataforma Ponle Freno<\/strong> ha puesto en marcha una campa\u00f1a para <strong>promover el uso del cintur\u00f3n de seguridad en el transporte escolar<\/strong>, aunque el problemas es que s\u00f3lo los autobuses fabricados desde octubre de 2007 est\u00e1n dotados de \u00e9l, lo que significa que <strong>la mayor\u00ed\u00ada de los autobuses no dispone de cintur\u00f3n de seguridad.<\/strong><\/p>\n<p>En esta ocasi\u00f3n <strong>Ponle Freno<\/strong> pide que se agilice la <strong>instalaci\u00f3n de los cinturones de seguridad<\/strong> en los autobuses, especialmente en los que se dedican al transporte escolar.<\/p>\n<p>La Plataforma Ciudadana ha realizado una encuesta on line a m\u00e1s de 30000 de sus miembros en la que <strong>m\u00e1s del 85% de los encuestados considera que ning\u00fan ni\u00f1o puede viajar sin cintur\u00f3n<\/strong>. Por eso en esta campa\u00f1a<strong> Ponle Freno<\/strong> pide a los <strong>padres que exijan a los colegios<\/strong> que el transporte de sus hijos se realice en veh\u00ed\u00adculos dotados de cintur\u00f3n de seguridad, mientras que al<strong> Ministerio de Industria<\/strong> le pide que ponga en marcha un <strong>&#8220;Plan Renove&#8221; de autobuses<\/strong> en el que se bonifique la adquisic\u00f3n de autobuses dotados de cintur\u00f3n de seguridad homologados y que esta medida se apoye adem\u00e1s con una <strong>l\u00ed\u00adnea ICO<\/strong> espec\u00ed\u00adfica para que las empresas de transporte puedan financiar la compra de los autobuses.<\/p>\n<p>Si quieres m\u00e1s informaaci\u00f3n sobre la campa\u00f1a visita<a href=\"http:\/\/www.ponlefreno.com\/PonleFreno\/detallenoticia.do?idNoticia=campa%F1a_cinturon_transporte_escolar\"> Ponle Freno<\/a><\/p>\n","protected":false},"excerpt":{"rendered":"<p>Uno de los objetivos que debemos perseguir es que los ni\u00f1os viajen seguros en autob\u00fas ya que cada d\u00ed\u00ada es el transporte que muchos de ellos utilizan para llegar hasta sus colegios y por desgracia Espa\u00f1a est\u00e1 a la cabeza en muertes por accidentes de autob\u00fas, quiz\u00e1 uno de los motivos sea que el 25% [&hellip;]<\/p>\n","protected":false},"author":1,"featured_media":0,"comment_status":"open","ping_status":"closed","sticky":false,"template":"","format":"standard","meta":{"footnotes":"","jetpack_publicize_message":"","jetpack_publicize_feature_enabled":true,"jetpack_social_post_already_shared":false,"jetpack_social_options":{"image_generator_settings":{"template":"highway","enabled":false},"version":2}},"categories":[4,19],"tags":[322,1022,1678,1215],"class_list":["post-1283","post","type-post","status-publish","format-standard","hentry","category-campanas-de-seguridad-vial","category-seguridad-vial","tag-cinturon-de-seguridad","tag-ponle-freno","tag-seguridad-vial","tag-sillas-infantiles"],"wppr_data":[],"jetpack_publicize_connections":[],"yoast_head":"<!-- This site is optimized with the Yoast SEO plugin v24.7 - https:\/\/yoast.com\/wordpress\/plugins\/seo\/ -->\n<title>El cintur\u00f3n de seguridad en el transporte escolar<\/title>\n<meta name=\"description\" content=\"la Plataforma Ponle Freno ha puesto en marcha una campa\u00f1a para promover el uso del cintur\u00f3n de seguridad en el transporte escolar\" \/>\n<meta name=\"robots\" content=\"index, follow, max-snippet:-1, max-image-preview:large, max-video-preview:-1\" \/>\n<link rel=\"canonical\" href=\"https:\/\/www.blogdelaautoescuela.com\/blog\/el-cinturon-de-seguridad-en-el-transporte-escolar\/\" \/>\n<meta property=\"og:locale\" content=\"es_ES\" \/>\n<meta property=\"og:type\" content=\"article\" \/>\n<meta property=\"og:title\" content=\"El cintur\u00f3n de seguridad en el transporte escolar\" \/>\n<meta property=\"og:description\" content=\"la Plataforma Ponle Freno ha puesto en marcha una campa\u00f1a para promover el uso del cintur\u00f3n de seguridad en el transporte escolar\" \/>\n<meta property=\"og:url\" content=\"https:\/\/www.blogdelaautoescuela.com\/blog\/el-cinturon-de-seguridad-en-el-transporte-escolar\/\" \/>\n<meta property=\"og:site_name\" content=\"Blog de la autoescuela\" \/>\n<meta property=\"article:author\" content=\"https:\/\/www.facebook.com\/blogdelaautoescuela\" \/>\n<meta property=\"article:published_time\" content=\"2009-06-05T09:07:09+00:00\" \/>\n<meta name=\"author\" content=\"usr_blogauto\" \/>\n<meta name=\"twitter:label1\" content=\"Escrito por\" \/>\n\t<meta name=\"twitter:data1\" content=\"usr_blogauto\" \/>\n\t<meta name=\"twitter:label2\" content=\"Tiempo de lectura\" \/>\n\t<meta name=\"twitter:data2\" content=\"2 minutos\" \/>\n<script type=\"application\/ld+json\" class=\"yoast-schema-graph\">{\"@context\":\"https:\/\/schema.org\",\"@graph\":[{\"@type\":\"WebPage\",\"@id\":\"https:\/\/www.blogdelaautoescuela.com\/blog\/el-cinturon-de-seguridad-en-el-transporte-escolar\/\",\"url\":\"https:\/\/www.blogdelaautoescuela.com\/blog\/el-cinturon-de-seguridad-en-el-transporte-escolar\/\",\"name\":\"El cintur\u00f3n de seguridad en el transporte escolar\",\"isPartOf\":{\"@id\":\"https:\/\/www.blogdelaautoescuela.com\/blog\/#website\"},\"datePublished\":\"2009-06-05T09:07:09+00:00\",\"author\":{\"@id\":\"https:\/\/www.blogdelaautoescuela.com\/blog\/#\/schema\/person\/f209a64ca5dfe74b9acb6317240e792f\"},\"description\":\"la Plataforma Ponle Freno ha puesto en marcha una campa\u00f1a para promover el uso del cintur\u00f3n de seguridad en el transporte escolar\",\"breadcrumb\":{\"@id\":\"https:\/\/www.blogdelaautoescuela.com\/blog\/el-cinturon-de-seguridad-en-el-transporte-escolar\/#breadcrumb\"},\"inLanguage\":\"es\",\"potentialAction\":[{\"@type\":\"ReadAction\",\"target\":[\"https:\/\/www.blogdelaautoescuela.com\/blog\/el-cinturon-de-seguridad-en-el-transporte-escolar\/\"]}]},{\"@type\":\"BreadcrumbList\",\"@id\":\"https:\/\/www.blogdelaautoescuela.com\/blog\/el-cinturon-de-seguridad-en-el-transporte-escolar\/#breadcrumb\",\"itemListElement\":[{\"@type\":\"ListItem\",\"position\":1,\"name\":\"Portada\",\"item\":\"https:\/\/www.blogdelaautoescuela.com\/blog\/\"},{\"@type\":\"ListItem\",\"position\":2,\"name\":\"El cintur\u00f3n de seguridad en el transporte escolar\"}]},{\"@type\":\"WebSite\",\"@id\":\"https:\/\/www.blogdelaautoescuela.com\/blog\/#website\",\"url\":\"https:\/\/www.blogdelaautoescuela.com\/blog\/\",\"name\":\"Blog de la autoescuela\",\"description\":\"Noticias sobre autoescuelas y seguridad vial\",\"potentialAction\":[{\"@type\":\"SearchAction\",\"target\":{\"@type\":\"EntryPoint\",\"urlTemplate\":\"https:\/\/www.blogdelaautoescuela.com\/blog\/?s={search_term_string}\"},\"query-input\":{\"@type\":\"PropertyValueSpecification\",\"valueRequired\":true,\"valueName\":\"search_term_string\"}}],\"inLanguage\":\"es\"},{\"@type\":\"Person\",\"@id\":\"https:\/\/www.blogdelaautoescuela.com\/blog\/#\/schema\/person\/f209a64ca5dfe74b9acb6317240e792f\",\"name\":\"usr_blogauto\",\"image\":{\"@type\":\"ImageObject\",\"inLanguage\":\"es\",\"@id\":\"https:\/\/www.blogdelaautoescuela.com\/blog\/#\/schema\/person\/image\/\",\"url\":\"https:\/\/secure.gravatar.com\/avatar\/d3939d4ea521ac8421c86d2980321cc9?s=96&d=mm&r=g\",\"contentUrl\":\"https:\/\/secure.gravatar.com\/avatar\/d3939d4ea521ac8421c86d2980321cc9?s=96&d=mm&r=g\",\"caption\":\"usr_blogauto\"},\"description\":\"Blog dedicado a la conducci\u00f3n, las autoescuelas y la seguridad vial. Est\u00e1 creado por un grupo de profesionales de la formaci\u00f3n vial que comparten inquietudes y experiencias. Aqu\u00ed\u00ad podr\u00e1s encontrar informaci\u00f3n variada sobre el d\u00ed\u00ada a d\u00ed\u00ada de la autoescuela, ex\u00e1menes, test o novedades y consejos para una conducci\u00f3n m\u00e1s segura.\",\"sameAs\":[\"http:\/\/www.blogdelaautoescuela.com\/\",\"https:\/\/www.facebook.com\/blogdelaautoescuela\",\"https:\/\/x.com\/autoescuelas\"],\"url\":\"https:\/\/www.blogdelaautoescuela.com\/blog\/author\/usr_blogauto\/\"}]}<\/script>\n<!-- \/ Yoast SEO plugin. -->","yoast_head_json":{"title":"El cintur\u00f3n de seguridad en el transporte escolar","description":"la Plataforma Ponle Freno ha puesto en marcha una campa\u00f1a para promover el uso del cintur\u00f3n de seguridad en el transporte escolar","robots":{"index":"index","follow":"follow","max-snippet":"max-snippet:-1","max-image-preview":"max-image-preview:large","max-video-preview":"max-video-preview:-1"},"canonical":"https:\/\/www.blogdelaautoescuela.com\/blog\/el-cinturon-de-seguridad-en-el-transporte-escolar\/","og_locale":"es_ES","og_type":"article","og_title":"El cintur\u00f3n de seguridad en el transporte escolar","og_description":"la Plataforma Ponle Freno ha puesto en marcha una campa\u00f1a para promover el uso del cintur\u00f3n de seguridad en el transporte escolar","og_url":"https:\/\/www.blogdelaautoescuela.com\/blog\/el-cinturon-de-seguridad-en-el-transporte-escolar\/","og_site_name":"Blog de la autoescuela","article_author":"https:\/\/www.facebook.com\/blogdelaautoescuela","article_published_time":"2009-06-05T09:07:09+00:00","author":"usr_blogauto","twitter_misc":{"Escrito por":"usr_blogauto","Tiempo de lectura":"2 minutos"},"schema":{"@context":"https:\/\/schema.org","@graph":[{"@type":"WebPage","@id":"https:\/\/www.blogdelaautoescuela.com\/blog\/el-cinturon-de-seguridad-en-el-transporte-escolar\/","url":"https:\/\/www.blogdelaautoescuela.com\/blog\/el-cinturon-de-seguridad-en-el-transporte-escolar\/","name":"El cintur\u00f3n de seguridad en el transporte escolar","isPartOf":{"@id":"https:\/\/www.blogdelaautoescuela.com\/blog\/#website"},"datePublished":"2009-06-05T09:07:09+00:00","author":{"@id":"https:\/\/www.blogdelaautoescuela.com\/blog\/#\/schema\/person\/f209a64ca5dfe74b9acb6317240e792f"},"description":"la Plataforma Ponle Freno ha puesto en marcha una campa\u00f1a para promover el uso del cintur\u00f3n de seguridad en el transporte escolar","breadcrumb":{"@id":"https:\/\/www.blogdelaautoescuela.com\/blog\/el-cinturon-de-seguridad-en-el-transporte-escolar\/#breadcrumb"},"inLanguage":"es","potentialAction":[{"@type":"ReadAction","target":["https:\/\/www.blogdelaautoescuela.com\/blog\/el-cinturon-de-seguridad-en-el-transporte-escolar\/"]}]},{"@type":"BreadcrumbList","@id":"https:\/\/www.blogdelaautoescuela.com\/blog\/el-cinturon-de-seguridad-en-el-transporte-escolar\/#breadcrumb","itemListElement":[{"@type":"ListItem","position":1,"name":"Portada","item":"https:\/\/www.blogdelaautoescuela.com\/blog\/"},{"@type":"ListItem","position":2,"name":"El cintur\u00f3n de seguridad en el transporte escolar"}]},{"@type":"WebSite","@id":"https:\/\/www.blogdelaautoescuela.com\/blog\/#website","url":"https:\/\/www.blogdelaautoescuela.com\/blog\/","name":"Blog de la autoescuela","description":"Noticias sobre autoescuelas y seguridad vial","potentialAction":[{"@type":"SearchAction","target":{"@type":"EntryPoint","urlTemplate":"https:\/\/www.blogdelaautoescuela.com\/blog\/?s={search_term_string}"},"query-input":{"@type":"PropertyValueSpecification","valueRequired":true,"valueName":"search_term_string"}}],"inLanguage":"es"},{"@type":"Person","@id":"https:\/\/www.blogdelaautoescuela.com\/blog\/#\/schema\/person\/f209a64ca5dfe74b9acb6317240e792f","name":"usr_blogauto","image":{"@type":"ImageObject","inLanguage":"es","@id":"https:\/\/www.blogdelaautoescuela.com\/blog\/#\/schema\/person\/image\/","url":"https:\/\/secure.gravatar.com\/avatar\/d3939d4ea521ac8421c86d2980321cc9?s=96&d=mm&r=g","contentUrl":"https:\/\/secure.gravatar.com\/avatar\/d3939d4ea521ac8421c86d2980321cc9?s=96&d=mm&r=g","caption":"usr_blogauto"},"description":"Blog dedicado a la conducci\u00f3n, las autoescuelas y la seguridad vial. Est\u00e1 creado por un grupo de profesionales de la formaci\u00f3n vial que comparten inquietudes y experiencias. Aqu\u00ed\u00ad podr\u00e1s encontrar informaci\u00f3n variada sobre el d\u00ed\u00ada a d\u00ed\u00ada de la autoescuela, ex\u00e1menes, test o novedades y consejos para una conducci\u00f3n m\u00e1s segura.","sameAs":["http:\/\/www.blogdelaautoescuela.com\/","https:\/\/www.facebook.com\/blogdelaautoescuela","https:\/\/x.com\/autoescuelas"],"url":"https:\/\/www.blogdelaautoescuela.com\/blog\/author\/usr_blogauto\/"}]}},"jetpack_featured_media_url":"","_links":{"self":[{"href":"https:\/\/www.blogdelaautoescuela.com\/blog\/wp-json\/wp\/v2\/posts\/1283","targetHints":{"allow":["GET"]}}],"collection":[{"href":"https:\/\/www.blogdelaautoescuela.com\/blog\/wp-json\/wp\/v2\/posts"}],"about":[{"href":"https:\/\/www.blogdelaautoescuela.com\/blog\/wp-json\/wp\/v2\/types\/post"}],"author":[{"embeddable":true,"href":"https:\/\/www.blogdelaautoescuela.com\/blog\/wp-json\/wp\/v2\/users\/1"}],"replies":[{"embeddable":true,"href":"https:\/\/www.blogdelaautoescuela.com\/blog\/wp-json\/wp\/v2\/comments?post=1283"}],"version-history":[{"count":0,"href":"https:\/\/www.blogdelaautoescuela.com\/blog\/wp-json\/wp\/v2\/posts\/1283\/revisions"}],"wp:attachment":[{"href":"https:\/\/www.blogdelaautoescuela.com\/blog\/wp-json\/wp\/v2\/media?parent=1283"}],"wp:term":[{"taxonomy":"category","embeddable":true,"href":"https:\/\/www.blogdelaautoescuela.com\/blog\/wp-json\/wp\/v2\/categories?post=1283"},{"taxonomy":"post_tag","embeddable":true,"href":"https:\/\/www.blogdelaautoescuela.com\/blog\/wp-json\/wp\/v2\/tags?post=1283"}],"curies":[{"name":"wp","href":"https:\/\/api.w.org\/{rel}","templated":true}]}}