
{"id":12691,"date":"2015-02-17T19:12:12","date_gmt":"2015-02-17T18:12:12","guid":{"rendered":"http:\/\/www.blogdelaautoescuela.com\/blog\/?p=12691"},"modified":"2015-02-17T19:12:12","modified_gmt":"2015-02-17T18:12:12","slug":"xii-premio-periodistico-de-seguridad-vial","status":"publish","type":"post","link":"https:\/\/www.blogdelaautoescuela.com\/blog\/xii-premio-periodistico-de-seguridad-vial\/","title":{"rendered":"XII Premio Period\u00ed\u00adstico de Seguridad Vial"},"content":{"rendered":"<p><img loading=\"lazy\" decoding=\"async\" class=\"aligncenter  wp-image-12692\" src=\"http:\/\/www.blogdelaautoescuela.com\/blog\/wp-content\/uploads\/2015\/02\/premioseguridadvial.jpg\" alt=\"Premio Period\u00ed\u00adstico Seguridad Vial L\u00ed\u00adnea Directa\" width=\"429\" height=\"265\" srcset=\"https:\/\/www.blogdelaautoescuela.com\/blog\/wp-content\/uploads\/2015\/02\/premioseguridadvial.jpg 311w, https:\/\/www.blogdelaautoescuela.com\/blog\/wp-content\/uploads\/2015\/02\/premioseguridadvial-300x185.jpg 300w\" sizes=\"auto, (max-width: 429px) 100vw, 429px\" \/><\/p>\n<p>La <strong>Fundaci\u00f3n L\u00ed\u00adnea Directa<\/strong> ha convocado el\u00a0<strong>XII Premio Period\u00ed\u00adstico de Seguridad Vial<\/strong>, que reconoce los trabajos que ayudan a <strong>fomentar la seguridad vial<\/strong> en las carreteras espa\u00f1olas. El objetivo de este premio es la <strong>divulgaci\u00f3n<\/strong> y <strong>promoci\u00f3n<\/strong> de los comportamientos responsables al volante.<\/p>\n<h2>PREMIO<\/h2>\n<p>El <strong>premio<\/strong> tiene tres categor\u00ed\u00adas: prensa escrita\/online, radio y televisi\u00f3n, dotadas con un premo en met\u00e1lico de <strong>10.000 euros.<\/strong>\u00a0En la edici\u00f3n anterior, se presentaron a este premio m\u00e1s de 1.300 trabajos.<\/p>\n<h2>INSCRIPCI\u00d3N<\/h2>\n<p>La<strong> fecha de inscripci\u00f3n<\/strong> permanecer\u00e1 abierta hasta el pr\u00f3ximo 1 de abril. Al premio puede optar <strong>periodistas<\/strong> y <strong>profesionales de la informaci\u00f3n<\/strong> de cualquier nacionalidad que hayan difundido <strong>noticias de seguridad vial<\/strong> entre el 1 de marzo de 2014 y el 1 de marzo de 2015 en diarios, revistas, publicaciones digitales, emisoras de radio y cadenas de televisi\u00f3n.<\/p>\n<p>Los trabajos se presentar\u00e1n junto a una ficha en la que conste el nombre completo del autor o de los autores, una breve nota biogr\u00e1fica, direcci\u00f3n, correo electr\u00f3nico, tel\u00e9fono y usuario de <strong>Twitter<\/strong> en caso de tenerlo. Las piezas de televisi\u00f3n y radio, adem\u00e1s, deber\u00e1n ir acompa\u00f1adas de un certificado del canal o del director del programa y una sinopsis.<\/p>\n<h2>JURADO<\/h2>\n<p>El jurado est\u00e1 compuesto por:<\/p>\n<ul>\n<li><strong>Mar\u00ed\u00ada Segu\u00ed\u00ad G\u00f3mez<\/strong>, directora general de Tr\u00e1fico y presidenta del Jurado.<\/li>\n<li><strong>Mar\u00ed\u00ada del Pilar Gonz\u00e1lez de Frutos<\/strong>, presidenta de UNESPA (Uni\u00f3n Espa\u00f1ola de Entidades Aseguradoras y Reaseguradoras).<\/li>\n<li><strong>Flavia Rodr\u00ed\u00adguez-Ponga Salamanca<\/strong>, directora general de Seguros y Fondos de Pensiones.<\/li>\n<li><strong>Pedro Guerrero Guerrero<\/strong>, presidente de Bankinter.<\/li>\n<li><strong>Alberto de Pinto Benito, <\/strong>presidente de la Federaci\u00f3n Nacional ASPAYM (Asociaci\u00f3n de Lesionados Medulares y Grandes Discapacitados F\u00ed\u00adsicos)<b>.<\/b><\/li>\n<li><strong>Javier Garc\u00ed\u00ada Vila<\/strong>, director de Europa Press.<\/li>\n<li><strong>Francisco Marhuenda, <\/strong>director de La Raz\u00f3n.<\/li>\n<li><strong>Montserrat Dom\u00ed\u00adnguez, <\/strong>directora del Huffington Post.<\/li>\n<li><strong>Marta Reyero,<\/strong> periodista y presentadora de Noticias Cuatro.<\/li>\n<li><strong>Jos\u00e9 Ribagorda,<\/strong> periodista y presentador de Informativos Telecinco.<\/li>\n<li><strong>Vicente Herranz, <\/strong>periodista de COPE Valencia y ganador de la XI edici\u00f3n en la categor\u00ed\u00ada de radio.<\/li>\n<\/ul>\n<p>Para dudas o env\u00ed\u00ado de trabajos: <a href=\"mailto:premio.lineadirecta@trescom.es\">premio.lineadirecta@trescom.es<\/a> y 91 411 58 68<\/p>\n","protected":false},"excerpt":{"rendered":"<p>El objetivo del XII Premio Period\u00ed\u00adstico de Seguridad Vial es la divulgaci\u00f3n y promoci\u00f3n de los comportamientos responsables al volante.<\/p>\n","protected":false},"author":1,"featured_media":12692,"comment_status":"open","ping_status":"closed","sticky":false,"template":"","format":"standard","meta":{"footnotes":"","jetpack_publicize_message":"","jetpack_publicize_feature_enabled":true,"jetpack_social_post_already_shared":true,"jetpack_social_options":{"image_generator_settings":{"template":"highway","enabled":false},"version":2}},"categories":[12,19],"tags":[1040,1042,1043],"class_list":["post-12691","post","type-post","status-publish","format-standard","has-post-thumbnail","hentry","category-noticias","category-seguridad-vial","tag-premio","tag-premio-periodistico","tag-premio-seguridad-vial"],"wppr_data":{"cwp_meta_box_check":"No","cwp_rev_product_name":"","cwp_rev_product_image":"","cwp_image_link":"image","cwp_rev_price":""},"jetpack_publicize_connections":[],"yoast_head":"<!-- This site is optimized with the Yoast SEO plugin v24.7 - https:\/\/yoast.com\/wordpress\/plugins\/seo\/ -->\n<title>XII Premio Period\u00ed\u00adstico de Seguridad Vial<\/title>\n<meta name=\"description\" content=\"El objetivo del XII Premio Period\u00ed\u00adstico de Seguridad Vial es la divulgaci\u00f3n y promoci\u00f3n de los comportamientos responsables al volante.\" \/>\n<meta name=\"robots\" content=\"index, follow, max-snippet:-1, max-image-preview:large, max-video-preview:-1\" \/>\n<link rel=\"canonical\" href=\"https:\/\/www.blogdelaautoescuela.com\/blog\/xii-premio-periodistico-de-seguridad-vial\/\" \/>\n<meta property=\"og:locale\" content=\"es_ES\" \/>\n<meta property=\"og:type\" content=\"article\" \/>\n<meta property=\"og:title\" content=\"XII Premio Period\u00ed\u00adstico de Seguridad Vial\" \/>\n<meta property=\"og:description\" content=\"El objetivo del XII Premio Period\u00ed\u00adstico de Seguridad Vial es la divulgaci\u00f3n y promoci\u00f3n de los comportamientos responsables al volante.\" \/>\n<meta property=\"og:url\" content=\"https:\/\/www.blogdelaautoescuela.com\/blog\/xii-premio-periodistico-de-seguridad-vial\/\" \/>\n<meta property=\"og:site_name\" content=\"Blog de la autoescuela\" \/>\n<meta property=\"article:author\" content=\"https:\/\/www.facebook.com\/blogdelaautoescuela\" \/>\n<meta property=\"article:published_time\" content=\"2015-02-17T18:12:12+00:00\" \/>\n<meta property=\"og:image\" content=\"https:\/\/www.blogdelaautoescuela.com\/blog\/wp-content\/uploads\/2015\/02\/premioseguridadvial.jpg\" \/>\n\t<meta property=\"og:image:width\" content=\"311\" \/>\n\t<meta property=\"og:image:height\" content=\"192\" \/>\n\t<meta property=\"og:image:type\" content=\"image\/jpeg\" \/>\n<meta name=\"author\" content=\"usr_blogauto\" \/>\n<meta name=\"twitter:label1\" content=\"Escrito por\" \/>\n\t<meta name=\"twitter:data1\" content=\"usr_blogauto\" \/>\n\t<meta name=\"twitter:label2\" content=\"Tiempo de lectura\" \/>\n\t<meta name=\"twitter:data2\" content=\"2 minutos\" \/>\n<script type=\"application\/ld+json\" class=\"yoast-schema-graph\">{\"@context\":\"https:\/\/schema.org\",\"@graph\":[{\"@type\":\"WebPage\",\"@id\":\"https:\/\/www.blogdelaautoescuela.com\/blog\/xii-premio-periodistico-de-seguridad-vial\/\",\"url\":\"https:\/\/www.blogdelaautoescuela.com\/blog\/xii-premio-periodistico-de-seguridad-vial\/\",\"name\":\"XII Premio Period\u00ed\u00adstico de Seguridad Vial\",\"isPartOf\":{\"@id\":\"https:\/\/www.blogdelaautoescuela.com\/blog\/#website\"},\"primaryImageOfPage\":{\"@id\":\"https:\/\/www.blogdelaautoescuela.com\/blog\/xii-premio-periodistico-de-seguridad-vial\/#primaryimage\"},\"image\":{\"@id\":\"https:\/\/www.blogdelaautoescuela.com\/blog\/xii-premio-periodistico-de-seguridad-vial\/#primaryimage\"},\"thumbnailUrl\":\"https:\/\/www.blogdelaautoescuela.com\/blog\/wp-content\/uploads\/2015\/02\/premioseguridadvial.jpg\",\"datePublished\":\"2015-02-17T18:12:12+00:00\",\"author\":{\"@id\":\"https:\/\/www.blogdelaautoescuela.com\/blog\/#\/schema\/person\/f209a64ca5dfe74b9acb6317240e792f\"},\"description\":\"El objetivo del XII Premio Period\u00ed\u00adstico de Seguridad Vial es la divulgaci\u00f3n y promoci\u00f3n de los comportamientos responsables al volante.\",\"breadcrumb\":{\"@id\":\"https:\/\/www.blogdelaautoescuela.com\/blog\/xii-premio-periodistico-de-seguridad-vial\/#breadcrumb\"},\"inLanguage\":\"es\",\"potentialAction\":[{\"@type\":\"ReadAction\",\"target\":[\"https:\/\/www.blogdelaautoescuela.com\/blog\/xii-premio-periodistico-de-seguridad-vial\/\"]}]},{\"@type\":\"ImageObject\",\"inLanguage\":\"es\",\"@id\":\"https:\/\/www.blogdelaautoescuela.com\/blog\/xii-premio-periodistico-de-seguridad-vial\/#primaryimage\",\"url\":\"https:\/\/www.blogdelaautoescuela.com\/blog\/wp-content\/uploads\/2015\/02\/premioseguridadvial.jpg\",\"contentUrl\":\"https:\/\/www.blogdelaautoescuela.com\/blog\/wp-content\/uploads\/2015\/02\/premioseguridadvial.jpg\",\"width\":311,\"height\":192,\"caption\":\"Premio Period\u00ed\u00adstico Seguridad Vial L\u00ed\u00adnea Directa\"},{\"@type\":\"BreadcrumbList\",\"@id\":\"https:\/\/www.blogdelaautoescuela.com\/blog\/xii-premio-periodistico-de-seguridad-vial\/#breadcrumb\",\"itemListElement\":[{\"@type\":\"ListItem\",\"position\":1,\"name\":\"Portada\",\"item\":\"https:\/\/www.blogdelaautoescuela.com\/blog\/\"},{\"@type\":\"ListItem\",\"position\":2,\"name\":\"XII Premio Period\u00ed\u00adstico de Seguridad Vial\"}]},{\"@type\":\"WebSite\",\"@id\":\"https:\/\/www.blogdelaautoescuela.com\/blog\/#website\",\"url\":\"https:\/\/www.blogdelaautoescuela.com\/blog\/\",\"name\":\"Blog de la autoescuela\",\"description\":\"Noticias sobre autoescuelas y seguridad vial\",\"potentialAction\":[{\"@type\":\"SearchAction\",\"target\":{\"@type\":\"EntryPoint\",\"urlTemplate\":\"https:\/\/www.blogdelaautoescuela.com\/blog\/?s={search_term_string}\"},\"query-input\":{\"@type\":\"PropertyValueSpecification\",\"valueRequired\":true,\"valueName\":\"search_term_string\"}}],\"inLanguage\":\"es\"},{\"@type\":\"Person\",\"@id\":\"https:\/\/www.blogdelaautoescuela.com\/blog\/#\/schema\/person\/f209a64ca5dfe74b9acb6317240e792f\",\"name\":\"usr_blogauto\",\"image\":{\"@type\":\"ImageObject\",\"inLanguage\":\"es\",\"@id\":\"https:\/\/www.blogdelaautoescuela.com\/blog\/#\/schema\/person\/image\/\",\"url\":\"https:\/\/secure.gravatar.com\/avatar\/d3939d4ea521ac8421c86d2980321cc9?s=96&d=mm&r=g\",\"contentUrl\":\"https:\/\/secure.gravatar.com\/avatar\/d3939d4ea521ac8421c86d2980321cc9?s=96&d=mm&r=g\",\"caption\":\"usr_blogauto\"},\"description\":\"Blog dedicado a la conducci\u00f3n, las autoescuelas y la seguridad vial. Est\u00e1 creado por un grupo de profesionales de la formaci\u00f3n vial que comparten inquietudes y experiencias. Aqu\u00ed\u00ad podr\u00e1s encontrar informaci\u00f3n variada sobre el d\u00ed\u00ada a d\u00ed\u00ada de la autoescuela, ex\u00e1menes, test o novedades y consejos para una conducci\u00f3n m\u00e1s segura.\",\"sameAs\":[\"http:\/\/www.blogdelaautoescuela.com\/\",\"https:\/\/www.facebook.com\/blogdelaautoescuela\",\"https:\/\/x.com\/autoescuelas\"],\"url\":\"https:\/\/www.blogdelaautoescuela.com\/blog\/author\/usr_blogauto\/\"}]}<\/script>\n<!-- \/ Yoast SEO plugin. -->","yoast_head_json":{"title":"XII Premio Period\u00ed\u00adstico de Seguridad Vial","description":"El objetivo del XII Premio Period\u00ed\u00adstico de Seguridad Vial es la divulgaci\u00f3n y promoci\u00f3n de los comportamientos responsables al volante.","robots":{"index":"index","follow":"follow","max-snippet":"max-snippet:-1","max-image-preview":"max-image-preview:large","max-video-preview":"max-video-preview:-1"},"canonical":"https:\/\/www.blogdelaautoescuela.com\/blog\/xii-premio-periodistico-de-seguridad-vial\/","og_locale":"es_ES","og_type":"article","og_title":"XII Premio Period\u00ed\u00adstico de Seguridad Vial","og_description":"El objetivo del XII Premio Period\u00ed\u00adstico de Seguridad Vial es la divulgaci\u00f3n y promoci\u00f3n de los comportamientos responsables al volante.","og_url":"https:\/\/www.blogdelaautoescuela.com\/blog\/xii-premio-periodistico-de-seguridad-vial\/","og_site_name":"Blog de la autoescuela","article_author":"https:\/\/www.facebook.com\/blogdelaautoescuela","article_published_time":"2015-02-17T18:12:12+00:00","og_image":[{"width":311,"height":192,"url":"https:\/\/www.blogdelaautoescuela.com\/blog\/wp-content\/uploads\/2015\/02\/premioseguridadvial.jpg","type":"image\/jpeg"}],"author":"usr_blogauto","twitter_misc":{"Escrito por":"usr_blogauto","Tiempo de lectura":"2 minutos"},"schema":{"@context":"https:\/\/schema.org","@graph":[{"@type":"WebPage","@id":"https:\/\/www.blogdelaautoescuela.com\/blog\/xii-premio-periodistico-de-seguridad-vial\/","url":"https:\/\/www.blogdelaautoescuela.com\/blog\/xii-premio-periodistico-de-seguridad-vial\/","name":"XII Premio Period\u00ed\u00adstico de Seguridad Vial","isPartOf":{"@id":"https:\/\/www.blogdelaautoescuela.com\/blog\/#website"},"primaryImageOfPage":{"@id":"https:\/\/www.blogdelaautoescuela.com\/blog\/xii-premio-periodistico-de-seguridad-vial\/#primaryimage"},"image":{"@id":"https:\/\/www.blogdelaautoescuela.com\/blog\/xii-premio-periodistico-de-seguridad-vial\/#primaryimage"},"thumbnailUrl":"https:\/\/www.blogdelaautoescuela.com\/blog\/wp-content\/uploads\/2015\/02\/premioseguridadvial.jpg","datePublished":"2015-02-17T18:12:12+00:00","author":{"@id":"https:\/\/www.blogdelaautoescuela.com\/blog\/#\/schema\/person\/f209a64ca5dfe74b9acb6317240e792f"},"description":"El objetivo del XII Premio Period\u00ed\u00adstico de Seguridad Vial es la divulgaci\u00f3n y promoci\u00f3n de los comportamientos responsables al volante.","breadcrumb":{"@id":"https:\/\/www.blogdelaautoescuela.com\/blog\/xii-premio-periodistico-de-seguridad-vial\/#breadcrumb"},"inLanguage":"es","potentialAction":[{"@type":"ReadAction","target":["https:\/\/www.blogdelaautoescuela.com\/blog\/xii-premio-periodistico-de-seguridad-vial\/"]}]},{"@type":"ImageObject","inLanguage":"es","@id":"https:\/\/www.blogdelaautoescuela.com\/blog\/xii-premio-periodistico-de-seguridad-vial\/#primaryimage","url":"https:\/\/www.blogdelaautoescuela.com\/blog\/wp-content\/uploads\/2015\/02\/premioseguridadvial.jpg","contentUrl":"https:\/\/www.blogdelaautoescuela.com\/blog\/wp-content\/uploads\/2015\/02\/premioseguridadvial.jpg","width":311,"height":192,"caption":"Premio Period\u00ed\u00adstico Seguridad Vial L\u00ed\u00adnea Directa"},{"@type":"BreadcrumbList","@id":"https:\/\/www.blogdelaautoescuela.com\/blog\/xii-premio-periodistico-de-seguridad-vial\/#breadcrumb","itemListElement":[{"@type":"ListItem","position":1,"name":"Portada","item":"https:\/\/www.blogdelaautoescuela.com\/blog\/"},{"@type":"ListItem","position":2,"name":"XII Premio Period\u00ed\u00adstico de Seguridad Vial"}]},{"@type":"WebSite","@id":"https:\/\/www.blogdelaautoescuela.com\/blog\/#website","url":"https:\/\/www.blogdelaautoescuela.com\/blog\/","name":"Blog de la autoescuela","description":"Noticias sobre autoescuelas y seguridad vial","potentialAction":[{"@type":"SearchAction","target":{"@type":"EntryPoint","urlTemplate":"https:\/\/www.blogdelaautoescuela.com\/blog\/?s={search_term_string}"},"query-input":{"@type":"PropertyValueSpecification","valueRequired":true,"valueName":"search_term_string"}}],"inLanguage":"es"},{"@type":"Person","@id":"https:\/\/www.blogdelaautoescuela.com\/blog\/#\/schema\/person\/f209a64ca5dfe74b9acb6317240e792f","name":"usr_blogauto","image":{"@type":"ImageObject","inLanguage":"es","@id":"https:\/\/www.blogdelaautoescuela.com\/blog\/#\/schema\/person\/image\/","url":"https:\/\/secure.gravatar.com\/avatar\/d3939d4ea521ac8421c86d2980321cc9?s=96&d=mm&r=g","contentUrl":"https:\/\/secure.gravatar.com\/avatar\/d3939d4ea521ac8421c86d2980321cc9?s=96&d=mm&r=g","caption":"usr_blogauto"},"description":"Blog dedicado a la conducci\u00f3n, las autoescuelas y la seguridad vial. Est\u00e1 creado por un grupo de profesionales de la formaci\u00f3n vial que comparten inquietudes y experiencias. Aqu\u00ed\u00ad podr\u00e1s encontrar informaci\u00f3n variada sobre el d\u00ed\u00ada a d\u00ed\u00ada de la autoescuela, ex\u00e1menes, test o novedades y consejos para una conducci\u00f3n m\u00e1s segura.","sameAs":["http:\/\/www.blogdelaautoescuela.com\/","https:\/\/www.facebook.com\/blogdelaautoescuela","https:\/\/x.com\/autoescuelas"],"url":"https:\/\/www.blogdelaautoescuela.com\/blog\/author\/usr_blogauto\/"}]}},"jetpack_featured_media_url":"https:\/\/www.blogdelaautoescuela.com\/blog\/wp-content\/uploads\/2015\/02\/premioseguridadvial.jpg","_links":{"self":[{"href":"https:\/\/www.blogdelaautoescuela.com\/blog\/wp-json\/wp\/v2\/posts\/12691","targetHints":{"allow":["GET"]}}],"collection":[{"href":"https:\/\/www.blogdelaautoescuela.com\/blog\/wp-json\/wp\/v2\/posts"}],"about":[{"href":"https:\/\/www.blogdelaautoescuela.com\/blog\/wp-json\/wp\/v2\/types\/post"}],"author":[{"embeddable":true,"href":"https:\/\/www.blogdelaautoescuela.com\/blog\/wp-json\/wp\/v2\/users\/1"}],"replies":[{"embeddable":true,"href":"https:\/\/www.blogdelaautoescuela.com\/blog\/wp-json\/wp\/v2\/comments?post=12691"}],"version-history":[{"count":0,"href":"https:\/\/www.blogdelaautoescuela.com\/blog\/wp-json\/wp\/v2\/posts\/12691\/revisions"}],"wp:featuredmedia":[{"embeddable":true,"href":"https:\/\/www.blogdelaautoescuela.com\/blog\/wp-json\/wp\/v2\/media\/12692"}],"wp:attachment":[{"href":"https:\/\/www.blogdelaautoescuela.com\/blog\/wp-json\/wp\/v2\/media?parent=12691"}],"wp:term":[{"taxonomy":"category","embeddable":true,"href":"https:\/\/www.blogdelaautoescuela.com\/blog\/wp-json\/wp\/v2\/categories?post=12691"},{"taxonomy":"post_tag","embeddable":true,"href":"https:\/\/www.blogdelaautoescuela.com\/blog\/wp-json\/wp\/v2\/tags?post=12691"}],"curies":[{"name":"wp","href":"https:\/\/api.w.org\/{rel}","templated":true}]}}