
{"id":12612,"date":"2015-01-23T17:42:42","date_gmt":"2015-01-23T16:42:42","guid":{"rendered":"http:\/\/www.blogdelaautoescuela.com\/blog\/?p=12612"},"modified":"2015-05-12T19:41:58","modified_gmt":"2015-05-12T17:41:58","slug":"28-coches-en-circulacion-que-suponen-un-riesgo-para-la-seguridad-vial","status":"publish","type":"post","link":"https:\/\/www.blogdelaautoescuela.com\/blog\/28-coches-en-circulacion-que-suponen-un-riesgo-para-la-seguridad-vial\/","title":{"rendered":"28 coches en circulaci\u00f3n que suponen un riesgo para la seguridad vial"},"content":{"rendered":"<p><img loading=\"lazy\" decoding=\"async\" class=\"aligncenter  wp-image-12613\" src=\"http:\/\/www.blogdelaautoescuela.com\/blog\/wp-content\/uploads\/2015\/01\/SEAT-IBIZA.jpg\" alt=\"SEAT IBIZA\" width=\"690\" height=\"459\" srcset=\"https:\/\/www.blogdelaautoescuela.com\/blog\/wp-content\/uploads\/2015\/01\/SEAT-IBIZA.jpg 800w, https:\/\/www.blogdelaautoescuela.com\/blog\/wp-content\/uploads\/2015\/01\/SEAT-IBIZA-300x200.jpg 300w\" sizes=\"auto, (max-width: 690px) 100vw, 690px\" \/><\/p>\n<p>Seg\u00fan se refleja en un <a title=\"Informe Asociaci\u00f3n Mutua Motera\" href=\"https:\/\/www.mutuamotera.org\/gn\/web\/documentos\/noticias\/1420632462_186695747_2015_dsv_012_declaracion_alertas_de_riesgo_de_turismos.pdf\" target=\"_blank\">informe reciente de la <strong>Asociaci\u00f3n Mutua Motera (AMM)<\/strong><\/a>, la investigaci\u00f3n llevada a cabo por el <strong>Instituto de Seguridad Vial del Motociclista<\/strong>, a trav\u00e9s de AECOSAM y RAPEX, ha declarado que 28 tipos de veh\u00ed\u00adculos en circulaci\u00f3n podr\u00ed\u00adan suponer un riesgo para la seguridad vial.<\/p>\n<p>Los veh\u00ed\u00adculos en cuesti\u00f3n son estos:<\/p>\n<h3 style=\"text-align: justify;\"><strong>Kia Soul (2011-2012)<\/strong><\/h3>\n<p style=\"text-align: justify;\">La correa del cintur\u00f3n de seguridad del conductor podr\u00ed\u00ada perder tensi\u00f3n y separarse del anclaje en caso de accidente.<\/p>\n<h3 style=\"text-align: justify;\"><b>Volkswagen Polo 1.2 Di\u00e9sel (2010-2014)<\/b><\/h3>\n<p style=\"text-align: justify;\">Existe la posibilidad de que se transmitan vibraciones a la tapa del filtro de combustible di\u00e9sel a trav\u00e9s de<b>\u00a0<\/b>los impulsos de presi\u00f3n en las tuber\u00ed\u00adas de combustible. Esta carga vibracional permanente puede, a largo plazo, provocar fisuras en la tapa del filtro de part\u00ed\u00adculas di\u00e9sel por el efecto de la vibraci\u00f3n. No descartan la aparici\u00f3n de fugas de combustible como consecuencia.<\/p>\n<h3 style=\"text-align: justify;\"><b>Seat Ibiza 1.2 Diesel (2010-2014)<\/b><\/h3>\n<p style=\"text-align: justify;\">Una carga vibracional permanente puede agrietar la tapa del filtro de combustible di\u00e9sel por el efecto de la vibraci\u00f3n y, como consecuencia, provocar fugas de combustible.<\/p>\n<h3 style=\"text-align: justify;\"><b>Nissan Micra (K13) y Patrol (Y62)<\/b><\/h3>\n<p style=\"text-align: justify;\">Existe posibilidad de que el inflador del airbag del conductor se haya montado incorrectamente en la l\u00ed\u00adnea de producci\u00f3n. En ese caso, si se activara el airbag, el flujo de los gases de inflado podr\u00ed\u00ada bloquearse y aumentar la presi\u00f3n interna en el inflador pudiendo causar la rotura de su carcasa.<\/p>\n<h3 style=\"text-align: justify;\"><b>Lotus Elise, Exige, 211 y Evora S (2004-2011)<\/b><\/h3>\n<p style=\"text-align: justify;\">Potencial p\u00e9rdida de aceite por el manguito del radiador de aceite.<\/p>\n<h3 style=\"text-align: justify;\"><b>Honda Civic y Jazz (2004)<\/b><\/h3>\n<p style=\"text-align: justify;\">En algunos veh\u00ed\u00adculos, el inflador del airbag frontal del conductor podr\u00ed\u00ada producir una presi\u00f3n interna excesiva al ser activado. Si un airbag afectado se ha de desplegar, la presi\u00f3n interna aumentada puede causar la ruptura del inflador. En el caso de una ruptura del inflador, fragmentos de metal puede ser impulsados para el habit\u00e1culo de pasajeros.<\/p>\n<h3 style=\"text-align: justify;\"><b>Nissan Qashqai (J11), con gancho remolque, (julio 2013-octubre 2014)<\/b><\/h3>\n<p style=\"text-align: justify;\">Existe la posibilidad de que los pernos que fijan el gancho de remolque al chasis del veh\u00ed\u00adculo se aflojen en algunas condiciones de uso. En algunos casos extremos, el gancho de remolque podr\u00ed\u00ada desprenderse del veh\u00ed\u00adculo.<\/p>\n<h3 style=\"text-align: justify;\"><b>Toyota Yaris H\u00ed\u00adbrido (Abril 2014<\/b>)<\/h3>\n<p style=\"text-align: justify;\">Debido a un ajuste incorrecto de los par\u00e1metros de mecanizaci\u00f3n por parte del proveedor, algunas pinzas delanteras se fabricaron con una dimensi\u00f3n del chafl\u00e1n incorrecta, por lo que ser\u00ed\u00ada posible que el ret\u00e9n se da\u00f1e y provoque una fuga de l\u00ed\u00adquido de frenos.<\/p>\n<h3 style=\"text-align: justify;\"><b>Toyota Auris<\/b> (abril 2008-noviembre 2014), <b>Corolla<\/b> (noviembre 2008-septiembre 2014),\u00a0<b>Yaris <\/b>(noviembre 2008-septiembre 2013),\u00a0<b>IQ <\/b>(octubre 2008-septiembre 2010),\u00a0<b>Urban Cruiser\u00a0<\/b>(noviembre 2008-mayo 2014).<\/h3>\n<p style=\"text-align: justify;\">Debido a la insuficiente eficiencia del flujo de aire en el sistema de admisi\u00f3n, se puede acumular aceite en el intercooler. Bajo ciertas condiciones de conducci\u00f3n, el aceite podr\u00ed\u00ada fluir dentro de la c\u00e1mara de combusti\u00f3n y causar da\u00f1os en el motor. Esto podr\u00ed\u00ada incrementar el riesgo de fuego en el compartimento motor debido a la fuga de aceite.<\/p>\n<h3 style=\"text-align: justify;\"><b>Chevrolet Spark (todos)<\/b><\/h3>\n<p style=\"text-align: justify;\">Podr\u00ed\u00ada romperse el soporte motor del lado de la transmisi\u00f3n, pudiendo producirse en este caso una p\u00e9rdida de tracci\u00f3n del veh\u00ed\u00adculo.<\/p>\n<h3 style=\"text-align: justify;\"><b>Mitsubishi Montero V88W, V88V, V98W, V98V, (2007-mayo 2014)<\/b><\/h3>\n<p style=\"text-align: justify;\">Existe la posibilidad de que el motor tenga un ruido procedente de la cadena de distribuci\u00f3n, por un mal funcionamiento del tenor. En algunos casos, podr\u00ed\u00ada llegar a romperse y, como consecuencia, el motor se parar\u00ed\u00ada.<\/p>\n<h3 style=\"text-align: justify;\"><b>Nissan Juke (enero 2012-mayo-2014), Patrol (enero 2012-junio 2014)<\/b><\/h3>\n<p style=\"text-align: justify;\">Existe la posibilidad de que, debido a las vibraciones y al calor, el sensor de presi\u00f3n pudiera perder apriete de forma gradual. Si esto no fuera detectado y el veh\u00ed\u00adculo se siguiera utilizando, podr\u00ed\u00ada haber una fuga de combustible entre la rampa de inyecci\u00f3n y el sensor.<\/p>\n<h3 style=\"text-align: justify;\"><b>Nissan Leaf (diciembre 2013-octubre 2014)<\/b><\/h3>\n<p style=\"text-align: justify;\">El pasador de seguridad utilizado en la uni\u00f3n inferior de la columna de direcci\u00f3n podr\u00ed\u00ada haberse desplazado de su alojamiento durante el proceso de montaje. Sin este pasador de seguridad, el perno que asegura la uni\u00f3n podr\u00ed\u00ada haber sido instalado sin estar completamente insertado en el eje de la columna de direcci\u00f3n.<\/p>\n<h3 style=\"text-align: justify;\"><b>Renault Kangoo con banqueta fija de tres asientos delanteros (mayo 2013-diciembre 2013)<\/b><\/h3>\n<p style=\"text-align: justify;\">Funcionamiento an\u00f3malo del mecanismo de freno de mano que podr\u00ed\u00ada, con el tiempo, hacer que no se mantenga apretado, lo que podr\u00ed\u00ada afectar a la eficacia del sistema de frenado del veh\u00ed\u00adculo.<\/p>\n<h3 style=\"text-align: justify;\"><b>Opel Meriva B (2015)<\/b><\/h3>\n<p style=\"text-align: justify;\">Debido a una desviaci\u00f3n de fabricaci\u00f3n, las hebillas de cierre de los cinturones de seguridad de la segunda fila de asientos podr\u00ed\u00adan no haber sido fabricadas seg\u00fan la especificaci\u00f3n.<\/p>\n<h3 style=\"text-align: justify;\"><b>Opel Astra J y Astra GTC (2010-2012)<\/b><\/h3>\n<p style=\"text-align: justify;\">Debido a una desviaci\u00f3n de fabricaci\u00f3n en el dise\u00f1o el\u00e9ctrico, en caso de bloqueo del ventilador de refrigeraci\u00f3n del radiador, podr\u00ed\u00ada producirse un cortocircuito el\u00e9ctrico. Esto podr\u00ed\u00ada causar da\u00f1os en el m\u00f3dulo del ventilador de refrigeraci\u00f3n y, en el peor de los casos, provocar un incendio.<\/p>\n<h3 style=\"text-align: justify;\"><b>Toyota Aygo (junio 2013-agosto 2013)<\/b><\/h3>\n<p style=\"text-align: justify;\">Debido a un mal funcionamiento temporal de la m\u00e1quina, los componentes del amortiguador delantero se templaron con otro proceso que no aseguraba todos los par\u00e1metros requeridos. En consecuencia, la micro estructura del v\u00e1stago del amortiguador delantero podr\u00ed\u00ada no estar garantizada, y se podr\u00ed\u00ada producir la rotura del v\u00e1stago. Si ocurriera esto, el conductor podr\u00ed\u00ada tener algunas dificultades para controlar el veh\u00ed\u00adculo.<\/p>\n<p style=\"text-align: justify;\">La AMM recomienda a aquellas personas titulares de alguno de estos veh\u00ed\u00adculos que se pongan en contacto con los representantes oficiales de las marcas.<\/p>\n","protected":false},"excerpt":{"rendered":"<p>Seg\u00fan se refleja en un informe reciente de la Asociaci\u00f3n Mutua Motera (AMM), la investigaci\u00f3n llevada a cabo por el Instituto de Seguridad Vial del Motociclista, a trav\u00e9s de AECOSAM y RAPEX, ha declarado que 28 tipos de veh\u00ed\u00adculos en circulaci\u00f3n podr\u00ed\u00adan suponer un riesgo para la seguridad vial. Los veh\u00ed\u00adculos en cuesti\u00f3n son estos: [&hellip;]<\/p>\n","protected":false},"author":1,"featured_media":12613,"comment_status":"open","ping_status":"closed","sticky":false,"template":"","format":"standard","meta":{"footnotes":"","jetpack_publicize_message":"","jetpack_publicize_feature_enabled":true,"jetpack_social_post_already_shared":true,"jetpack_social_options":{"image_generator_settings":{"template":"highway","enabled":false},"version":2}},"categories":[19],"tags":[1560,1559,1678,1320,1561],"class_list":["post-12612","post","type-post","status-publish","format-standard","has-post-thumbnail","hentry","category-seguridad-vial","tag-opel-astra","tag-seat-ibiza","tag-seguridad-vial","tag-toyota","tag-toyota-yaris"],"wppr_data":{"cwp_meta_box_check":"No","cwp_rev_product_name":"","cwp_rev_product_image":"","cwp_image_link":"image","cwp_rev_price":""},"jetpack_publicize_connections":[],"yoast_head":"<!-- This site is optimized with the Yoast SEO plugin v24.7 - https:\/\/yoast.com\/wordpress\/plugins\/seo\/ -->\n<title>28 coches en circulaci\u00f3n que suponen un riesgo para la seguridad vial<\/title>\n<meta name=\"description\" content=\"La AMM recomienda a aquellas personas titulares de alguno de estos veh\u00ed\u00adculos que se pongan en contacto con los representantes oficiales de las marcas.\" \/>\n<meta name=\"robots\" content=\"index, follow, max-snippet:-1, max-image-preview:large, max-video-preview:-1\" \/>\n<link rel=\"canonical\" href=\"https:\/\/www.blogdelaautoescuela.com\/blog\/28-coches-en-circulacion-que-suponen-un-riesgo-para-la-seguridad-vial\/\" \/>\n<meta property=\"og:locale\" content=\"es_ES\" \/>\n<meta property=\"og:type\" content=\"article\" \/>\n<meta property=\"og:title\" content=\"28 coches en circulaci\u00f3n que suponen un riesgo para la seguridad vial\" \/>\n<meta property=\"og:description\" content=\"La AMM recomienda a aquellas personas titulares de alguno de estos veh\u00ed\u00adculos que se pongan en contacto con los representantes oficiales de las marcas.\" \/>\n<meta property=\"og:url\" content=\"https:\/\/www.blogdelaautoescuela.com\/blog\/28-coches-en-circulacion-que-suponen-un-riesgo-para-la-seguridad-vial\/\" \/>\n<meta property=\"og:site_name\" content=\"Blog de la autoescuela\" \/>\n<meta property=\"article:author\" content=\"https:\/\/www.facebook.com\/blogdelaautoescuela\" \/>\n<meta property=\"article:published_time\" content=\"2015-01-23T16:42:42+00:00\" \/>\n<meta property=\"article:modified_time\" content=\"2015-05-12T17:41:58+00:00\" \/>\n<meta property=\"og:image\" content=\"https:\/\/www.blogdelaautoescuela.com\/blog\/wp-content\/uploads\/2015\/01\/SEAT-IBIZA.jpg\" \/>\n\t<meta property=\"og:image:width\" content=\"800\" \/>\n\t<meta property=\"og:image:height\" content=\"532\" \/>\n\t<meta property=\"og:image:type\" content=\"image\/jpeg\" \/>\n<meta name=\"author\" content=\"usr_blogauto\" \/>\n<meta name=\"twitter:label1\" content=\"Escrito por\" \/>\n\t<meta name=\"twitter:data1\" content=\"usr_blogauto\" \/>\n\t<meta name=\"twitter:label2\" content=\"Tiempo de lectura\" \/>\n\t<meta name=\"twitter:data2\" content=\"5 minutos\" \/>\n<script type=\"application\/ld+json\" class=\"yoast-schema-graph\">{\"@context\":\"https:\/\/schema.org\",\"@graph\":[{\"@type\":\"WebPage\",\"@id\":\"https:\/\/www.blogdelaautoescuela.com\/blog\/28-coches-en-circulacion-que-suponen-un-riesgo-para-la-seguridad-vial\/\",\"url\":\"https:\/\/www.blogdelaautoescuela.com\/blog\/28-coches-en-circulacion-que-suponen-un-riesgo-para-la-seguridad-vial\/\",\"name\":\"28 coches en circulaci\u00f3n que suponen un riesgo para la seguridad vial\",\"isPartOf\":{\"@id\":\"https:\/\/www.blogdelaautoescuela.com\/blog\/#website\"},\"primaryImageOfPage\":{\"@id\":\"https:\/\/www.blogdelaautoescuela.com\/blog\/28-coches-en-circulacion-que-suponen-un-riesgo-para-la-seguridad-vial\/#primaryimage\"},\"image\":{\"@id\":\"https:\/\/www.blogdelaautoescuela.com\/blog\/28-coches-en-circulacion-que-suponen-un-riesgo-para-la-seguridad-vial\/#primaryimage\"},\"thumbnailUrl\":\"https:\/\/www.blogdelaautoescuela.com\/blog\/wp-content\/uploads\/2015\/01\/SEAT-IBIZA.jpg\",\"datePublished\":\"2015-01-23T16:42:42+00:00\",\"dateModified\":\"2015-05-12T17:41:58+00:00\",\"author\":{\"@id\":\"https:\/\/www.blogdelaautoescuela.com\/blog\/#\/schema\/person\/f209a64ca5dfe74b9acb6317240e792f\"},\"description\":\"La AMM recomienda a aquellas personas titulares de alguno de estos veh\u00ed\u00adculos que se pongan en contacto con los representantes oficiales de las marcas.\",\"breadcrumb\":{\"@id\":\"https:\/\/www.blogdelaautoescuela.com\/blog\/28-coches-en-circulacion-que-suponen-un-riesgo-para-la-seguridad-vial\/#breadcrumb\"},\"inLanguage\":\"es\",\"potentialAction\":[{\"@type\":\"ReadAction\",\"target\":[\"https:\/\/www.blogdelaautoescuela.com\/blog\/28-coches-en-circulacion-que-suponen-un-riesgo-para-la-seguridad-vial\/\"]}]},{\"@type\":\"ImageObject\",\"inLanguage\":\"es\",\"@id\":\"https:\/\/www.blogdelaautoescuela.com\/blog\/28-coches-en-circulacion-que-suponen-un-riesgo-para-la-seguridad-vial\/#primaryimage\",\"url\":\"https:\/\/www.blogdelaautoescuela.com\/blog\/wp-content\/uploads\/2015\/01\/SEAT-IBIZA.jpg\",\"contentUrl\":\"https:\/\/www.blogdelaautoescuela.com\/blog\/wp-content\/uploads\/2015\/01\/SEAT-IBIZA.jpg\",\"width\":800,\"height\":532},{\"@type\":\"BreadcrumbList\",\"@id\":\"https:\/\/www.blogdelaautoescuela.com\/blog\/28-coches-en-circulacion-que-suponen-un-riesgo-para-la-seguridad-vial\/#breadcrumb\",\"itemListElement\":[{\"@type\":\"ListItem\",\"position\":1,\"name\":\"Portada\",\"item\":\"https:\/\/www.blogdelaautoescuela.com\/blog\/\"},{\"@type\":\"ListItem\",\"position\":2,\"name\":\"28 coches en circulaci\u00f3n que suponen un riesgo para la seguridad vial\"}]},{\"@type\":\"WebSite\",\"@id\":\"https:\/\/www.blogdelaautoescuela.com\/blog\/#website\",\"url\":\"https:\/\/www.blogdelaautoescuela.com\/blog\/\",\"name\":\"Blog de la autoescuela\",\"description\":\"Noticias sobre autoescuelas y seguridad vial\",\"potentialAction\":[{\"@type\":\"SearchAction\",\"target\":{\"@type\":\"EntryPoint\",\"urlTemplate\":\"https:\/\/www.blogdelaautoescuela.com\/blog\/?s={search_term_string}\"},\"query-input\":{\"@type\":\"PropertyValueSpecification\",\"valueRequired\":true,\"valueName\":\"search_term_string\"}}],\"inLanguage\":\"es\"},{\"@type\":\"Person\",\"@id\":\"https:\/\/www.blogdelaautoescuela.com\/blog\/#\/schema\/person\/f209a64ca5dfe74b9acb6317240e792f\",\"name\":\"usr_blogauto\",\"image\":{\"@type\":\"ImageObject\",\"inLanguage\":\"es\",\"@id\":\"https:\/\/www.blogdelaautoescuela.com\/blog\/#\/schema\/person\/image\/\",\"url\":\"https:\/\/secure.gravatar.com\/avatar\/d3939d4ea521ac8421c86d2980321cc9?s=96&d=mm&r=g\",\"contentUrl\":\"https:\/\/secure.gravatar.com\/avatar\/d3939d4ea521ac8421c86d2980321cc9?s=96&d=mm&r=g\",\"caption\":\"usr_blogauto\"},\"description\":\"Blog dedicado a la conducci\u00f3n, las autoescuelas y la seguridad vial. Est\u00e1 creado por un grupo de profesionales de la formaci\u00f3n vial que comparten inquietudes y experiencias. Aqu\u00ed\u00ad podr\u00e1s encontrar informaci\u00f3n variada sobre el d\u00ed\u00ada a d\u00ed\u00ada de la autoescuela, ex\u00e1menes, test o novedades y consejos para una conducci\u00f3n m\u00e1s segura.\",\"sameAs\":[\"http:\/\/www.blogdelaautoescuela.com\/\",\"https:\/\/www.facebook.com\/blogdelaautoescuela\",\"https:\/\/x.com\/autoescuelas\"],\"url\":\"https:\/\/www.blogdelaautoescuela.com\/blog\/author\/usr_blogauto\/\"}]}<\/script>\n<!-- \/ Yoast SEO plugin. -->","yoast_head_json":{"title":"28 coches en circulaci\u00f3n que suponen un riesgo para la seguridad vial","description":"La AMM recomienda a aquellas personas titulares de alguno de estos veh\u00ed\u00adculos que se pongan en contacto con los representantes oficiales de las marcas.","robots":{"index":"index","follow":"follow","max-snippet":"max-snippet:-1","max-image-preview":"max-image-preview:large","max-video-preview":"max-video-preview:-1"},"canonical":"https:\/\/www.blogdelaautoescuela.com\/blog\/28-coches-en-circulacion-que-suponen-un-riesgo-para-la-seguridad-vial\/","og_locale":"es_ES","og_type":"article","og_title":"28 coches en circulaci\u00f3n que suponen un riesgo para la seguridad vial","og_description":"La AMM recomienda a aquellas personas titulares de alguno de estos veh\u00ed\u00adculos que se pongan en contacto con los representantes oficiales de las marcas.","og_url":"https:\/\/www.blogdelaautoescuela.com\/blog\/28-coches-en-circulacion-que-suponen-un-riesgo-para-la-seguridad-vial\/","og_site_name":"Blog de la autoescuela","article_author":"https:\/\/www.facebook.com\/blogdelaautoescuela","article_published_time":"2015-01-23T16:42:42+00:00","article_modified_time":"2015-05-12T17:41:58+00:00","og_image":[{"width":800,"height":532,"url":"https:\/\/www.blogdelaautoescuela.com\/blog\/wp-content\/uploads\/2015\/01\/SEAT-IBIZA.jpg","type":"image\/jpeg"}],"author":"usr_blogauto","twitter_misc":{"Escrito por":"usr_blogauto","Tiempo de lectura":"5 minutos"},"schema":{"@context":"https:\/\/schema.org","@graph":[{"@type":"WebPage","@id":"https:\/\/www.blogdelaautoescuela.com\/blog\/28-coches-en-circulacion-que-suponen-un-riesgo-para-la-seguridad-vial\/","url":"https:\/\/www.blogdelaautoescuela.com\/blog\/28-coches-en-circulacion-que-suponen-un-riesgo-para-la-seguridad-vial\/","name":"28 coches en circulaci\u00f3n que suponen un riesgo para la seguridad vial","isPartOf":{"@id":"https:\/\/www.blogdelaautoescuela.com\/blog\/#website"},"primaryImageOfPage":{"@id":"https:\/\/www.blogdelaautoescuela.com\/blog\/28-coches-en-circulacion-que-suponen-un-riesgo-para-la-seguridad-vial\/#primaryimage"},"image":{"@id":"https:\/\/www.blogdelaautoescuela.com\/blog\/28-coches-en-circulacion-que-suponen-un-riesgo-para-la-seguridad-vial\/#primaryimage"},"thumbnailUrl":"https:\/\/www.blogdelaautoescuela.com\/blog\/wp-content\/uploads\/2015\/01\/SEAT-IBIZA.jpg","datePublished":"2015-01-23T16:42:42+00:00","dateModified":"2015-05-12T17:41:58+00:00","author":{"@id":"https:\/\/www.blogdelaautoescuela.com\/blog\/#\/schema\/person\/f209a64ca5dfe74b9acb6317240e792f"},"description":"La AMM recomienda a aquellas personas titulares de alguno de estos veh\u00ed\u00adculos que se pongan en contacto con los representantes oficiales de las marcas.","breadcrumb":{"@id":"https:\/\/www.blogdelaautoescuela.com\/blog\/28-coches-en-circulacion-que-suponen-un-riesgo-para-la-seguridad-vial\/#breadcrumb"},"inLanguage":"es","potentialAction":[{"@type":"ReadAction","target":["https:\/\/www.blogdelaautoescuela.com\/blog\/28-coches-en-circulacion-que-suponen-un-riesgo-para-la-seguridad-vial\/"]}]},{"@type":"ImageObject","inLanguage":"es","@id":"https:\/\/www.blogdelaautoescuela.com\/blog\/28-coches-en-circulacion-que-suponen-un-riesgo-para-la-seguridad-vial\/#primaryimage","url":"https:\/\/www.blogdelaautoescuela.com\/blog\/wp-content\/uploads\/2015\/01\/SEAT-IBIZA.jpg","contentUrl":"https:\/\/www.blogdelaautoescuela.com\/blog\/wp-content\/uploads\/2015\/01\/SEAT-IBIZA.jpg","width":800,"height":532},{"@type":"BreadcrumbList","@id":"https:\/\/www.blogdelaautoescuela.com\/blog\/28-coches-en-circulacion-que-suponen-un-riesgo-para-la-seguridad-vial\/#breadcrumb","itemListElement":[{"@type":"ListItem","position":1,"name":"Portada","item":"https:\/\/www.blogdelaautoescuela.com\/blog\/"},{"@type":"ListItem","position":2,"name":"28 coches en circulaci\u00f3n que suponen un riesgo para la seguridad vial"}]},{"@type":"WebSite","@id":"https:\/\/www.blogdelaautoescuela.com\/blog\/#website","url":"https:\/\/www.blogdelaautoescuela.com\/blog\/","name":"Blog de la autoescuela","description":"Noticias sobre autoescuelas y seguridad vial","potentialAction":[{"@type":"SearchAction","target":{"@type":"EntryPoint","urlTemplate":"https:\/\/www.blogdelaautoescuela.com\/blog\/?s={search_term_string}"},"query-input":{"@type":"PropertyValueSpecification","valueRequired":true,"valueName":"search_term_string"}}],"inLanguage":"es"},{"@type":"Person","@id":"https:\/\/www.blogdelaautoescuela.com\/blog\/#\/schema\/person\/f209a64ca5dfe74b9acb6317240e792f","name":"usr_blogauto","image":{"@type":"ImageObject","inLanguage":"es","@id":"https:\/\/www.blogdelaautoescuela.com\/blog\/#\/schema\/person\/image\/","url":"https:\/\/secure.gravatar.com\/avatar\/d3939d4ea521ac8421c86d2980321cc9?s=96&d=mm&r=g","contentUrl":"https:\/\/secure.gravatar.com\/avatar\/d3939d4ea521ac8421c86d2980321cc9?s=96&d=mm&r=g","caption":"usr_blogauto"},"description":"Blog dedicado a la conducci\u00f3n, las autoescuelas y la seguridad vial. Est\u00e1 creado por un grupo de profesionales de la formaci\u00f3n vial que comparten inquietudes y experiencias. Aqu\u00ed\u00ad podr\u00e1s encontrar informaci\u00f3n variada sobre el d\u00ed\u00ada a d\u00ed\u00ada de la autoescuela, ex\u00e1menes, test o novedades y consejos para una conducci\u00f3n m\u00e1s segura.","sameAs":["http:\/\/www.blogdelaautoescuela.com\/","https:\/\/www.facebook.com\/blogdelaautoescuela","https:\/\/x.com\/autoescuelas"],"url":"https:\/\/www.blogdelaautoescuela.com\/blog\/author\/usr_blogauto\/"}]}},"jetpack_featured_media_url":"https:\/\/www.blogdelaautoescuela.com\/blog\/wp-content\/uploads\/2015\/01\/SEAT-IBIZA.jpg","_links":{"self":[{"href":"https:\/\/www.blogdelaautoescuela.com\/blog\/wp-json\/wp\/v2\/posts\/12612","targetHints":{"allow":["GET"]}}],"collection":[{"href":"https:\/\/www.blogdelaautoescuela.com\/blog\/wp-json\/wp\/v2\/posts"}],"about":[{"href":"https:\/\/www.blogdelaautoescuela.com\/blog\/wp-json\/wp\/v2\/types\/post"}],"author":[{"embeddable":true,"href":"https:\/\/www.blogdelaautoescuela.com\/blog\/wp-json\/wp\/v2\/users\/1"}],"replies":[{"embeddable":true,"href":"https:\/\/www.blogdelaautoescuela.com\/blog\/wp-json\/wp\/v2\/comments?post=12612"}],"version-history":[{"count":0,"href":"https:\/\/www.blogdelaautoescuela.com\/blog\/wp-json\/wp\/v2\/posts\/12612\/revisions"}],"wp:featuredmedia":[{"embeddable":true,"href":"https:\/\/www.blogdelaautoescuela.com\/blog\/wp-json\/wp\/v2\/media\/12613"}],"wp:attachment":[{"href":"https:\/\/www.blogdelaautoescuela.com\/blog\/wp-json\/wp\/v2\/media?parent=12612"}],"wp:term":[{"taxonomy":"category","embeddable":true,"href":"https:\/\/www.blogdelaautoescuela.com\/blog\/wp-json\/wp\/v2\/categories?post=12612"},{"taxonomy":"post_tag","embeddable":true,"href":"https:\/\/www.blogdelaautoescuela.com\/blog\/wp-json\/wp\/v2\/tags?post=12612"}],"curies":[{"name":"wp","href":"https:\/\/api.w.org\/{rel}","templated":true}]}}