
{"id":12599,"date":"2015-01-19T14:07:25","date_gmt":"2015-01-19T13:07:25","guid":{"rendered":"http:\/\/www.blogdelaautoescuela.com\/blog\/?p=12599"},"modified":"2015-05-12T19:42:17","modified_gmt":"2015-05-12T17:42:17","slug":"autoescuela-irrintzi-pionera-en-abrir-sus-puertas-a-personas-con-discapacidad","status":"publish","type":"post","link":"https:\/\/www.blogdelaautoescuela.com\/blog\/autoescuela-irrintzi-pionera-en-abrir-sus-puertas-a-personas-con-discapacidad\/","title":{"rendered":"Autoescuela Irrintzi, pionera en abrir sus puertas a personas con discapacidad"},"content":{"rendered":"<p style=\"text-align: justify;\"><img loading=\"lazy\" decoding=\"async\" class=\"aligncenter size-full wp-image-12600\" src=\"http:\/\/www.blogdelaautoescuela.com\/blog\/wp-content\/uploads\/2015\/01\/autoescuela-irrintzi-basauri_22126_1-1.jpg\" alt=\"autoescuela-irrintzi-basauri_22126_1 (1)\" width=\"614\" height=\"347\" srcset=\"https:\/\/www.blogdelaautoescuela.com\/blog\/wp-content\/uploads\/2015\/01\/autoescuela-irrintzi-basauri_22126_1-1.jpg 614w, https:\/\/www.blogdelaautoescuela.com\/blog\/wp-content\/uploads\/2015\/01\/autoescuela-irrintzi-basauri_22126_1-1-300x170.jpg 300w\" sizes=\"auto, (max-width: 614px) 100vw, 614px\" \/><\/p>\n<p style=\"text-align: justify;\">La <a href=\"http:\/\/www.autoescuelairrintzi.com\/\" target=\"_blank\"><strong>autoescuela\u00a0Irrintzi<\/strong><\/a>, en Basauri (Pa\u00ed\u00ads Vasco) ha ganado el premio <a href=\"http:\/\/www.telefonicaabilityawards.com\/\" target=\"_blank\">Telef\u00f3nica Ability Award<\/a>, que reconoce la labor\u00a0de\u00a0empresas e instituciones que desarrollan modelos de negocio con la inclusi\u00f3n de personas con discapacidad.<\/p>\n<p style=\"text-align: justify;\"><img loading=\"lazy\" decoding=\"async\" class=\"aligncenter  wp-image-12601\" src=\"http:\/\/www.blogdelaautoescuela.com\/blog\/wp-content\/uploads\/2015\/01\/IMG-20150112-WA0019-264x243.jpg\" alt=\"IMG-20150112-WA0019-264x243\" width=\"353\" height=\"325\" \/><\/p>\n<p style=\"text-align: justify;\">En el a\u00f1o 2011, esta autoescuela fue noticia porque uno de sus alumnos, David Rivas, se convirti\u00f3 en el <strong>primer europeo<\/strong> que obten\u00ed\u00ada la licencia de conducci\u00f3n s\u00f3lo con dos pies.<\/p>\n<p style=\"text-align: justify;\">\u00a0Seg\u00fan cuenta\u00a0Ander Goyoaga en el diario <a href=\"http:\/\/www.deia.com\/2015\/01\/13\/bizkaia\/arratia-nervion\/la-autoescuela-de-quienes-rompen-barreras\" target=\"_blank\">Deia.com<\/a>, Javier Hern\u00e1ndez se est\u00e1 sacando el carn\u00e9 de conducir en esta misma autoescuela. Este zaragozano naci\u00f3 sin brazos y, cuando conoci\u00f3 el caso de David Rivas, contact\u00f3 con la escuela para asistir a las clases.<\/p>\n<p style=\"text-align: justify;\">En declaraciones de Jos\u00e9 Maria Andr\u00e9s, director de la autoescuela, recogidas por este diario:<\/p>\n<blockquote>\n<p style=\"text-align: justify;\">\u20ac\u0153Desde los inicios de la autoescuela apostamos por la inclusi\u00f3n y por dar facilidades tambi\u00e9n a las personas con alg\u00fan tipo de discapacidad, aunque el mayor avance lleg\u00f3 hace algunos a\u00f1os. Gracias al joystick, que se puede colocar en diferentes posiciones, podemos llegar a la inmensa mayor\u00ed\u00ada de personas con alguna discapacidad, es algo muy gratificante\u20ac\u009d<\/p>\n<\/blockquote>\n<div class=\"Subtitulo\">\n<blockquote>\n<p style=\"text-align: justify;\">\u20ac\u0153Que una empresa familiar como la nuestra reciba un premio de estas caracter\u00ed\u00adsticas es algo que nos anima much\u00ed\u00adsimo\u20ac\u009d<\/p>\n<\/blockquote>\n<p>&nbsp;<\/p>\n<\/div>\n","protected":false},"excerpt":{"rendered":"<p>La autoescuela Irrintzi, en Basauri (Pa\u00ed\u00ads Vasco) ha ganado el premio Telef\u00f3nica Ability Award, que reconoce la labor de empresas e instituciones que desarrollan modelos de negocio con la inclusi\u00f3n de personas con discapacida<\/p>\n","protected":false},"author":1,"featured_media":12600,"comment_status":"open","ping_status":"closed","sticky":false,"template":"","format":"standard","meta":{"footnotes":"","jetpack_publicize_message":"","jetpack_publicize_feature_enabled":true,"jetpack_social_post_already_shared":true,"jetpack_social_options":{"image_generator_settings":{"template":"highway","enabled":false},"version":2}},"categories":[19],"tags":[1664,1553,1552],"class_list":["post-12599","post","type-post","status-publish","format-standard","has-post-thumbnail","hentry","category-seguridad-vial","tag-autoescuela","tag-autoescuelas-para-discapacitados","tag-discapacidad"],"wppr_data":{"cwp_meta_box_check":"No","cwp_rev_product_name":"","cwp_rev_product_image":"","cwp_image_link":"image","cwp_rev_price":""},"jetpack_publicize_connections":[],"yoast_head":"<!-- This site is optimized with the Yoast SEO plugin v24.7 - https:\/\/yoast.com\/wordpress\/plugins\/seo\/ -->\n<title>Autoescuela Irrintzi, pionera en abrir sus puertas a personas con discapacidad<\/title>\n<meta name=\"description\" content=\"La autoescuela Irrintzi, en Basauri (Pa\u00ed\u00ads Vasco) ha ganado el premio Telef\u00f3nica Ability Award, que reconoce la labor de empresas e instituciones que desarrollan modelos de negocio con la inclusi\u00f3n de personas con discapacida\" \/>\n<meta name=\"robots\" content=\"index, follow, max-snippet:-1, max-image-preview:large, max-video-preview:-1\" \/>\n<link rel=\"canonical\" href=\"https:\/\/www.blogdelaautoescuela.com\/blog\/autoescuela-irrintzi-pionera-en-abrir-sus-puertas-a-personas-con-discapacidad\/\" \/>\n<meta property=\"og:locale\" content=\"es_ES\" \/>\n<meta property=\"og:type\" content=\"article\" \/>\n<meta property=\"og:title\" content=\"Autoescuela Irrintzi, pionera en abrir sus puertas a personas con discapacidad\" \/>\n<meta property=\"og:description\" content=\"La autoescuela Irrintzi, en Basauri (Pa\u00ed\u00ads Vasco) ha ganado el premio Telef\u00f3nica Ability Award, que reconoce la labor de empresas e instituciones que desarrollan modelos de negocio con la inclusi\u00f3n de personas con discapacida\" \/>\n<meta property=\"og:url\" content=\"https:\/\/www.blogdelaautoescuela.com\/blog\/autoescuela-irrintzi-pionera-en-abrir-sus-puertas-a-personas-con-discapacidad\/\" \/>\n<meta property=\"og:site_name\" content=\"Blog de la autoescuela\" \/>\n<meta property=\"article:author\" content=\"https:\/\/www.facebook.com\/blogdelaautoescuela\" \/>\n<meta property=\"article:published_time\" content=\"2015-01-19T13:07:25+00:00\" \/>\n<meta property=\"article:modified_time\" content=\"2015-05-12T17:42:17+00:00\" \/>\n<meta property=\"og:image\" content=\"https:\/\/www.blogdelaautoescuela.com\/blog\/wp-content\/uploads\/2015\/01\/autoescuela-irrintzi-basauri_22126_1-1.jpg\" \/>\n\t<meta property=\"og:image:width\" content=\"614\" \/>\n\t<meta property=\"og:image:height\" content=\"347\" \/>\n\t<meta property=\"og:image:type\" content=\"image\/jpeg\" \/>\n<meta name=\"author\" content=\"usr_blogauto\" \/>\n<meta name=\"twitter:label1\" content=\"Escrito por\" \/>\n\t<meta name=\"twitter:data1\" content=\"usr_blogauto\" \/>\n\t<meta name=\"twitter:label2\" content=\"Tiempo de lectura\" \/>\n\t<meta name=\"twitter:data2\" content=\"1 minuto\" \/>\n<script type=\"application\/ld+json\" class=\"yoast-schema-graph\">{\"@context\":\"https:\/\/schema.org\",\"@graph\":[{\"@type\":\"WebPage\",\"@id\":\"https:\/\/www.blogdelaautoescuela.com\/blog\/autoescuela-irrintzi-pionera-en-abrir-sus-puertas-a-personas-con-discapacidad\/\",\"url\":\"https:\/\/www.blogdelaautoescuela.com\/blog\/autoescuela-irrintzi-pionera-en-abrir-sus-puertas-a-personas-con-discapacidad\/\",\"name\":\"Autoescuela Irrintzi, pionera en abrir sus puertas a personas con discapacidad\",\"isPartOf\":{\"@id\":\"https:\/\/www.blogdelaautoescuela.com\/blog\/#website\"},\"primaryImageOfPage\":{\"@id\":\"https:\/\/www.blogdelaautoescuela.com\/blog\/autoescuela-irrintzi-pionera-en-abrir-sus-puertas-a-personas-con-discapacidad\/#primaryimage\"},\"image\":{\"@id\":\"https:\/\/www.blogdelaautoescuela.com\/blog\/autoescuela-irrintzi-pionera-en-abrir-sus-puertas-a-personas-con-discapacidad\/#primaryimage\"},\"thumbnailUrl\":\"https:\/\/www.blogdelaautoescuela.com\/blog\/wp-content\/uploads\/2015\/01\/autoescuela-irrintzi-basauri_22126_1-1.jpg\",\"datePublished\":\"2015-01-19T13:07:25+00:00\",\"dateModified\":\"2015-05-12T17:42:17+00:00\",\"author\":{\"@id\":\"https:\/\/www.blogdelaautoescuela.com\/blog\/#\/schema\/person\/f209a64ca5dfe74b9acb6317240e792f\"},\"description\":\"La autoescuela Irrintzi, en Basauri (Pa\u00ed\u00ads Vasco) ha ganado el premio Telef\u00f3nica Ability Award, que reconoce la labor de empresas e instituciones que desarrollan modelos de negocio con la inclusi\u00f3n de personas con discapacida\",\"breadcrumb\":{\"@id\":\"https:\/\/www.blogdelaautoescuela.com\/blog\/autoescuela-irrintzi-pionera-en-abrir-sus-puertas-a-personas-con-discapacidad\/#breadcrumb\"},\"inLanguage\":\"es\",\"potentialAction\":[{\"@type\":\"ReadAction\",\"target\":[\"https:\/\/www.blogdelaautoescuela.com\/blog\/autoescuela-irrintzi-pionera-en-abrir-sus-puertas-a-personas-con-discapacidad\/\"]}]},{\"@type\":\"ImageObject\",\"inLanguage\":\"es\",\"@id\":\"https:\/\/www.blogdelaautoescuela.com\/blog\/autoescuela-irrintzi-pionera-en-abrir-sus-puertas-a-personas-con-discapacidad\/#primaryimage\",\"url\":\"https:\/\/www.blogdelaautoescuela.com\/blog\/wp-content\/uploads\/2015\/01\/autoescuela-irrintzi-basauri_22126_1-1.jpg\",\"contentUrl\":\"https:\/\/www.blogdelaautoescuela.com\/blog\/wp-content\/uploads\/2015\/01\/autoescuela-irrintzi-basauri_22126_1-1.jpg\",\"width\":614,\"height\":347},{\"@type\":\"BreadcrumbList\",\"@id\":\"https:\/\/www.blogdelaautoescuela.com\/blog\/autoescuela-irrintzi-pionera-en-abrir-sus-puertas-a-personas-con-discapacidad\/#breadcrumb\",\"itemListElement\":[{\"@type\":\"ListItem\",\"position\":1,\"name\":\"Portada\",\"item\":\"https:\/\/www.blogdelaautoescuela.com\/blog\/\"},{\"@type\":\"ListItem\",\"position\":2,\"name\":\"Autoescuela Irrintzi, pionera en abrir sus puertas a personas con discapacidad\"}]},{\"@type\":\"WebSite\",\"@id\":\"https:\/\/www.blogdelaautoescuela.com\/blog\/#website\",\"url\":\"https:\/\/www.blogdelaautoescuela.com\/blog\/\",\"name\":\"Blog de la autoescuela\",\"description\":\"Noticias sobre autoescuelas y seguridad vial\",\"potentialAction\":[{\"@type\":\"SearchAction\",\"target\":{\"@type\":\"EntryPoint\",\"urlTemplate\":\"https:\/\/www.blogdelaautoescuela.com\/blog\/?s={search_term_string}\"},\"query-input\":{\"@type\":\"PropertyValueSpecification\",\"valueRequired\":true,\"valueName\":\"search_term_string\"}}],\"inLanguage\":\"es\"},{\"@type\":\"Person\",\"@id\":\"https:\/\/www.blogdelaautoescuela.com\/blog\/#\/schema\/person\/f209a64ca5dfe74b9acb6317240e792f\",\"name\":\"usr_blogauto\",\"image\":{\"@type\":\"ImageObject\",\"inLanguage\":\"es\",\"@id\":\"https:\/\/www.blogdelaautoescuela.com\/blog\/#\/schema\/person\/image\/\",\"url\":\"https:\/\/secure.gravatar.com\/avatar\/d3939d4ea521ac8421c86d2980321cc9?s=96&d=mm&r=g\",\"contentUrl\":\"https:\/\/secure.gravatar.com\/avatar\/d3939d4ea521ac8421c86d2980321cc9?s=96&d=mm&r=g\",\"caption\":\"usr_blogauto\"},\"description\":\"Blog dedicado a la conducci\u00f3n, las autoescuelas y la seguridad vial. Est\u00e1 creado por un grupo de profesionales de la formaci\u00f3n vial que comparten inquietudes y experiencias. Aqu\u00ed\u00ad podr\u00e1s encontrar informaci\u00f3n variada sobre el d\u00ed\u00ada a d\u00ed\u00ada de la autoescuela, ex\u00e1menes, test o novedades y consejos para una conducci\u00f3n m\u00e1s segura.\",\"sameAs\":[\"http:\/\/www.blogdelaautoescuela.com\/\",\"https:\/\/www.facebook.com\/blogdelaautoescuela\",\"https:\/\/x.com\/autoescuelas\"],\"url\":\"https:\/\/www.blogdelaautoescuela.com\/blog\/author\/usr_blogauto\/\"}]}<\/script>\n<!-- \/ Yoast SEO plugin. -->","yoast_head_json":{"title":"Autoescuela Irrintzi, pionera en abrir sus puertas a personas con discapacidad","description":"La autoescuela Irrintzi, en Basauri (Pa\u00ed\u00ads Vasco) ha ganado el premio Telef\u00f3nica Ability Award, que reconoce la labor de empresas e instituciones que desarrollan modelos de negocio con la inclusi\u00f3n de personas con discapacida","robots":{"index":"index","follow":"follow","max-snippet":"max-snippet:-1","max-image-preview":"max-image-preview:large","max-video-preview":"max-video-preview:-1"},"canonical":"https:\/\/www.blogdelaautoescuela.com\/blog\/autoescuela-irrintzi-pionera-en-abrir-sus-puertas-a-personas-con-discapacidad\/","og_locale":"es_ES","og_type":"article","og_title":"Autoescuela Irrintzi, pionera en abrir sus puertas a personas con discapacidad","og_description":"La autoescuela Irrintzi, en Basauri (Pa\u00ed\u00ads Vasco) ha ganado el premio Telef\u00f3nica Ability Award, que reconoce la labor de empresas e instituciones que desarrollan modelos de negocio con la inclusi\u00f3n de personas con discapacida","og_url":"https:\/\/www.blogdelaautoescuela.com\/blog\/autoescuela-irrintzi-pionera-en-abrir-sus-puertas-a-personas-con-discapacidad\/","og_site_name":"Blog de la autoescuela","article_author":"https:\/\/www.facebook.com\/blogdelaautoescuela","article_published_time":"2015-01-19T13:07:25+00:00","article_modified_time":"2015-05-12T17:42:17+00:00","og_image":[{"width":614,"height":347,"url":"https:\/\/www.blogdelaautoescuela.com\/blog\/wp-content\/uploads\/2015\/01\/autoescuela-irrintzi-basauri_22126_1-1.jpg","type":"image\/jpeg"}],"author":"usr_blogauto","twitter_misc":{"Escrito por":"usr_blogauto","Tiempo de lectura":"1 minuto"},"schema":{"@context":"https:\/\/schema.org","@graph":[{"@type":"WebPage","@id":"https:\/\/www.blogdelaautoescuela.com\/blog\/autoescuela-irrintzi-pionera-en-abrir-sus-puertas-a-personas-con-discapacidad\/","url":"https:\/\/www.blogdelaautoescuela.com\/blog\/autoescuela-irrintzi-pionera-en-abrir-sus-puertas-a-personas-con-discapacidad\/","name":"Autoescuela Irrintzi, pionera en abrir sus puertas a personas con discapacidad","isPartOf":{"@id":"https:\/\/www.blogdelaautoescuela.com\/blog\/#website"},"primaryImageOfPage":{"@id":"https:\/\/www.blogdelaautoescuela.com\/blog\/autoescuela-irrintzi-pionera-en-abrir-sus-puertas-a-personas-con-discapacidad\/#primaryimage"},"image":{"@id":"https:\/\/www.blogdelaautoescuela.com\/blog\/autoescuela-irrintzi-pionera-en-abrir-sus-puertas-a-personas-con-discapacidad\/#primaryimage"},"thumbnailUrl":"https:\/\/www.blogdelaautoescuela.com\/blog\/wp-content\/uploads\/2015\/01\/autoescuela-irrintzi-basauri_22126_1-1.jpg","datePublished":"2015-01-19T13:07:25+00:00","dateModified":"2015-05-12T17:42:17+00:00","author":{"@id":"https:\/\/www.blogdelaautoescuela.com\/blog\/#\/schema\/person\/f209a64ca5dfe74b9acb6317240e792f"},"description":"La autoescuela Irrintzi, en Basauri (Pa\u00ed\u00ads Vasco) ha ganado el premio Telef\u00f3nica Ability Award, que reconoce la labor de empresas e instituciones que desarrollan modelos de negocio con la inclusi\u00f3n de personas con discapacida","breadcrumb":{"@id":"https:\/\/www.blogdelaautoescuela.com\/blog\/autoescuela-irrintzi-pionera-en-abrir-sus-puertas-a-personas-con-discapacidad\/#breadcrumb"},"inLanguage":"es","potentialAction":[{"@type":"ReadAction","target":["https:\/\/www.blogdelaautoescuela.com\/blog\/autoescuela-irrintzi-pionera-en-abrir-sus-puertas-a-personas-con-discapacidad\/"]}]},{"@type":"ImageObject","inLanguage":"es","@id":"https:\/\/www.blogdelaautoescuela.com\/blog\/autoescuela-irrintzi-pionera-en-abrir-sus-puertas-a-personas-con-discapacidad\/#primaryimage","url":"https:\/\/www.blogdelaautoescuela.com\/blog\/wp-content\/uploads\/2015\/01\/autoescuela-irrintzi-basauri_22126_1-1.jpg","contentUrl":"https:\/\/www.blogdelaautoescuela.com\/blog\/wp-content\/uploads\/2015\/01\/autoescuela-irrintzi-basauri_22126_1-1.jpg","width":614,"height":347},{"@type":"BreadcrumbList","@id":"https:\/\/www.blogdelaautoescuela.com\/blog\/autoescuela-irrintzi-pionera-en-abrir-sus-puertas-a-personas-con-discapacidad\/#breadcrumb","itemListElement":[{"@type":"ListItem","position":1,"name":"Portada","item":"https:\/\/www.blogdelaautoescuela.com\/blog\/"},{"@type":"ListItem","position":2,"name":"Autoescuela Irrintzi, pionera en abrir sus puertas a personas con discapacidad"}]},{"@type":"WebSite","@id":"https:\/\/www.blogdelaautoescuela.com\/blog\/#website","url":"https:\/\/www.blogdelaautoescuela.com\/blog\/","name":"Blog de la autoescuela","description":"Noticias sobre autoescuelas y seguridad vial","potentialAction":[{"@type":"SearchAction","target":{"@type":"EntryPoint","urlTemplate":"https:\/\/www.blogdelaautoescuela.com\/blog\/?s={search_term_string}"},"query-input":{"@type":"PropertyValueSpecification","valueRequired":true,"valueName":"search_term_string"}}],"inLanguage":"es"},{"@type":"Person","@id":"https:\/\/www.blogdelaautoescuela.com\/blog\/#\/schema\/person\/f209a64ca5dfe74b9acb6317240e792f","name":"usr_blogauto","image":{"@type":"ImageObject","inLanguage":"es","@id":"https:\/\/www.blogdelaautoescuela.com\/blog\/#\/schema\/person\/image\/","url":"https:\/\/secure.gravatar.com\/avatar\/d3939d4ea521ac8421c86d2980321cc9?s=96&d=mm&r=g","contentUrl":"https:\/\/secure.gravatar.com\/avatar\/d3939d4ea521ac8421c86d2980321cc9?s=96&d=mm&r=g","caption":"usr_blogauto"},"description":"Blog dedicado a la conducci\u00f3n, las autoescuelas y la seguridad vial. Est\u00e1 creado por un grupo de profesionales de la formaci\u00f3n vial que comparten inquietudes y experiencias. Aqu\u00ed\u00ad podr\u00e1s encontrar informaci\u00f3n variada sobre el d\u00ed\u00ada a d\u00ed\u00ada de la autoescuela, ex\u00e1menes, test o novedades y consejos para una conducci\u00f3n m\u00e1s segura.","sameAs":["http:\/\/www.blogdelaautoescuela.com\/","https:\/\/www.facebook.com\/blogdelaautoescuela","https:\/\/x.com\/autoescuelas"],"url":"https:\/\/www.blogdelaautoescuela.com\/blog\/author\/usr_blogauto\/"}]}},"jetpack_featured_media_url":"https:\/\/www.blogdelaautoescuela.com\/blog\/wp-content\/uploads\/2015\/01\/autoescuela-irrintzi-basauri_22126_1-1.jpg","_links":{"self":[{"href":"https:\/\/www.blogdelaautoescuela.com\/blog\/wp-json\/wp\/v2\/posts\/12599","targetHints":{"allow":["GET"]}}],"collection":[{"href":"https:\/\/www.blogdelaautoescuela.com\/blog\/wp-json\/wp\/v2\/posts"}],"about":[{"href":"https:\/\/www.blogdelaautoescuela.com\/blog\/wp-json\/wp\/v2\/types\/post"}],"author":[{"embeddable":true,"href":"https:\/\/www.blogdelaautoescuela.com\/blog\/wp-json\/wp\/v2\/users\/1"}],"replies":[{"embeddable":true,"href":"https:\/\/www.blogdelaautoescuela.com\/blog\/wp-json\/wp\/v2\/comments?post=12599"}],"version-history":[{"count":0,"href":"https:\/\/www.blogdelaautoescuela.com\/blog\/wp-json\/wp\/v2\/posts\/12599\/revisions"}],"wp:featuredmedia":[{"embeddable":true,"href":"https:\/\/www.blogdelaautoescuela.com\/blog\/wp-json\/wp\/v2\/media\/12600"}],"wp:attachment":[{"href":"https:\/\/www.blogdelaautoescuela.com\/blog\/wp-json\/wp\/v2\/media?parent=12599"}],"wp:term":[{"taxonomy":"category","embeddable":true,"href":"https:\/\/www.blogdelaautoescuela.com\/blog\/wp-json\/wp\/v2\/categories?post=12599"},{"taxonomy":"post_tag","embeddable":true,"href":"https:\/\/www.blogdelaautoescuela.com\/blog\/wp-json\/wp\/v2\/tags?post=12599"}],"curies":[{"name":"wp","href":"https:\/\/api.w.org\/{rel}","templated":true}]}}