
{"id":11144,"date":"2013-09-19T13:22:13","date_gmt":"2013-09-19T11:22:13","guid":{"rendered":"http:\/\/www.blogdelaautoescuela.com\/blog\/?p=11144"},"modified":"2013-09-19T13:22:13","modified_gmt":"2013-09-19T11:22:13","slug":"la-somnolencia-presente-en-el-20-de-los-accidentes","status":"publish","type":"post","link":"https:\/\/www.blogdelaautoescuela.com\/blog\/la-somnolencia-presente-en-el-20-de-los-accidentes\/","title":{"rendered":"La somnolencia presente en el 20% de los accidentes"},"content":{"rendered":"<p><a href=\"http:\/\/www.blogdelaautoescuela.com\/blog\/wp-content\/uploads\/2012\/08\/sueno-volante1.jpg\"><img loading=\"lazy\" decoding=\"async\" class=\"aligncenter size-full wp-image-9583\" alt=\"sueno-volante\" src=\"http:\/\/www.blogdelaautoescuela.com\/blog\/wp-content\/uploads\/2012\/08\/sueno-volante1.jpg\" width=\"500\" height=\"295\" \/><\/a><\/p>\n<p>La <strong>somnolencia<\/strong> est\u00e1 m\u00e1s presente en los accidentes de lo que en principio podr\u00ed\u00adamos pensar, de hecho, seg\u00fan los datos de la <strong>Sociedad Europea de Sue\u00f1o (SES), la somnolencia est\u00e1 presente, de forma directa o indirecta, en el 20% de los accidentes<\/strong> que se producen en nuestro pa\u00ed\u00ads.<\/p>\n<p>A la vista de los datos no es de extra\u00f1ar que reducir este tipo de <strong>siniestros relacionados con la somnolencia<\/strong> sea uno de los objetivos de la <strong>Direcci\u00f3n General de Tr\u00e1fico (DGT),<\/strong> por ese motivo <strong>Juan Carlos Gonz\u00e1lez-Luque, jefe de la Unidad de Coordinaci\u00f3n de la Investigaci\u00f3n de la DGT<\/strong>, cree que <em>&#8220;es esencial que los responsables de la seguridad vial trabajen conjuntamente con los m\u00e9dicos y con los propios conductores para reducir al m\u00e1ximo los accidentes causados por la somnolencia&#8221;.<\/em><\/p>\n<p>Para conocer cu\u00e1les son las experiencias y actitudes de los conductores europeos respecto al sue\u00f1o<strong> la SES en colaboraci\u00f3n con la DGT van a llevar un macro estudio<\/strong> y los conductores que lo dese\u00e9n podr\u00e1n participar en \u00e9l de forma an\u00f3nima cumplimentando una encuesta en la <a href=\"http:\/\/www.dgt.es\">web de la DGT<\/a> sobre la<strong> somnolencia al volante.<\/strong><\/p>\n<p>Los resultados del macro estudio se dar\u00e1n a conocer en toda Eurpoa durante el pr\u00f3ximo mes de octubre, en el marco de la campa\u00f1a <strong>&#8220;Europa, despierta. No te duermas al volante&#8221;.<\/strong><\/p>\n<p><strong>Joaqu\u00ed\u00adn Ter\u00e1n-Santos<\/strong>, jefe de la Unidad de Trastornos del Sue\u00f1o del Hospital Universitario de Burgos y representante espa\u00f1ol en el comit\u00e9 m\u00e9dico que est\u00e1 elaborando el trabajo, ha destacado que el estudio va a permitir <em>&#8220;comparar las experiencias entre los conductores europeos, identificar los perfiles sintom\u00e1ticos y colectivos con mayor riesgo de siniestralidad a causa de la somnolencia o conocer las \u00e9pocas del a\u00f1o que son m\u00e1s propicias a estos accidentes y en las que conviene tomar medidas especiales&#8221;<\/em>, adem\u00e1s el experto cree que el estudio <em>&#8220;contribuir\u00e1 a identificar la somnolencia como un factor de primer impacto en el origen de las accidentes de tr\u00e1fico junto a hechos tan frecuentes como el consumo de alcohol-drogas o el exceso de velocidad&#8221;.<\/em><\/p>\n","protected":false},"excerpt":{"rendered":"<p>La somnolencia est\u00e1 m\u00e1s presente en los accidentes de lo que en principio podr\u00ed\u00adamos pensar, de hecho, seg\u00fan los datos de la Sociedad Europea de Sue\u00f1o (SES), la somnolencia est\u00e1 presente, de forma directa o indirecta, en el 20% de los accidentes que se producen en nuestro pa\u00ed\u00ads. A la vista de los datos no [&hellip;]<\/p>\n","protected":false},"author":1,"featured_media":9583,"comment_status":"open","ping_status":"closed","sticky":false,"template":"","format":"standard","meta":{"footnotes":"","jetpack_publicize_message":"","jetpack_publicize_feature_enabled":true,"jetpack_social_post_already_shared":false,"jetpack_social_options":{"image_generator_settings":{"template":"highway","enabled":false},"version":2}},"categories":[12,19],"tags":[1672,1678,1259,1271],"class_list":["post-11144","post","type-post","status-publish","format-standard","has-post-thumbnail","hentry","category-noticias","category-seguridad-vial","tag-noticias","tag-seguridad-vial","tag-somnolencia","tag-sueno"],"wppr_data":[],"jetpack_publicize_connections":[],"yoast_head":"<!-- This site is optimized with the Yoast SEO plugin v24.7 - https:\/\/yoast.com\/wordpress\/plugins\/seo\/ -->\n<title>La somnolencia presente en el 20% de los accidentes<\/title>\n<meta name=\"description\" content=\"seg\u00fan los datos de la Sociedad Europea de Sue\u00f1o (SES), la somnolencia est\u00e1 presente, de forma directa o indirecta, en el 20% de los accidentes que se producen\" \/>\n<meta name=\"robots\" content=\"index, follow, max-snippet:-1, max-image-preview:large, max-video-preview:-1\" \/>\n<link rel=\"canonical\" href=\"https:\/\/www.blogdelaautoescuela.com\/blog\/la-somnolencia-presente-en-el-20-de-los-accidentes\/\" \/>\n<meta property=\"og:locale\" content=\"es_ES\" \/>\n<meta property=\"og:type\" content=\"article\" \/>\n<meta property=\"og:title\" content=\"La somnolencia presente en el 20% de los accidentes\" \/>\n<meta property=\"og:description\" content=\"seg\u00fan los datos de la Sociedad Europea de Sue\u00f1o (SES), la somnolencia est\u00e1 presente, de forma directa o indirecta, en el 20% de los accidentes que se producen\" \/>\n<meta property=\"og:url\" content=\"https:\/\/www.blogdelaautoescuela.com\/blog\/la-somnolencia-presente-en-el-20-de-los-accidentes\/\" \/>\n<meta property=\"og:site_name\" content=\"Blog de la autoescuela\" \/>\n<meta property=\"article:author\" content=\"https:\/\/www.facebook.com\/blogdelaautoescuela\" \/>\n<meta property=\"article:published_time\" content=\"2013-09-19T11:22:13+00:00\" \/>\n<meta property=\"og:image\" content=\"https:\/\/www.blogdelaautoescuela.com\/blog\/wp-content\/uploads\/2012\/08\/sueno-volante1.jpg\" \/>\n\t<meta property=\"og:image:width\" content=\"400\" \/>\n\t<meta property=\"og:image:height\" content=\"265\" \/>\n\t<meta property=\"og:image:type\" content=\"image\/jpeg\" \/>\n<meta name=\"author\" content=\"usr_blogauto\" \/>\n<meta name=\"twitter:label1\" content=\"Escrito por\" \/>\n\t<meta name=\"twitter:data1\" content=\"usr_blogauto\" \/>\n\t<meta name=\"twitter:label2\" content=\"Tiempo de lectura\" \/>\n\t<meta name=\"twitter:data2\" content=\"2 minutos\" \/>\n<script type=\"application\/ld+json\" class=\"yoast-schema-graph\">{\"@context\":\"https:\/\/schema.org\",\"@graph\":[{\"@type\":\"WebPage\",\"@id\":\"https:\/\/www.blogdelaautoescuela.com\/blog\/la-somnolencia-presente-en-el-20-de-los-accidentes\/\",\"url\":\"https:\/\/www.blogdelaautoescuela.com\/blog\/la-somnolencia-presente-en-el-20-de-los-accidentes\/\",\"name\":\"La somnolencia presente en el 20% de los accidentes\",\"isPartOf\":{\"@id\":\"https:\/\/www.blogdelaautoescuela.com\/blog\/#website\"},\"primaryImageOfPage\":{\"@id\":\"https:\/\/www.blogdelaautoescuela.com\/blog\/la-somnolencia-presente-en-el-20-de-los-accidentes\/#primaryimage\"},\"image\":{\"@id\":\"https:\/\/www.blogdelaautoescuela.com\/blog\/la-somnolencia-presente-en-el-20-de-los-accidentes\/#primaryimage\"},\"thumbnailUrl\":\"https:\/\/www.blogdelaautoescuela.com\/blog\/wp-content\/uploads\/2012\/08\/sueno-volante1.jpg\",\"datePublished\":\"2013-09-19T11:22:13+00:00\",\"author\":{\"@id\":\"https:\/\/www.blogdelaautoescuela.com\/blog\/#\/schema\/person\/f209a64ca5dfe74b9acb6317240e792f\"},\"description\":\"seg\u00fan los datos de la Sociedad Europea de Sue\u00f1o (SES), la somnolencia est\u00e1 presente, de forma directa o indirecta, en el 20% de los accidentes que se producen\",\"breadcrumb\":{\"@id\":\"https:\/\/www.blogdelaautoescuela.com\/blog\/la-somnolencia-presente-en-el-20-de-los-accidentes\/#breadcrumb\"},\"inLanguage\":\"es\",\"potentialAction\":[{\"@type\":\"ReadAction\",\"target\":[\"https:\/\/www.blogdelaautoescuela.com\/blog\/la-somnolencia-presente-en-el-20-de-los-accidentes\/\"]}]},{\"@type\":\"ImageObject\",\"inLanguage\":\"es\",\"@id\":\"https:\/\/www.blogdelaautoescuela.com\/blog\/la-somnolencia-presente-en-el-20-de-los-accidentes\/#primaryimage\",\"url\":\"https:\/\/www.blogdelaautoescuela.com\/blog\/wp-content\/uploads\/2012\/08\/sueno-volante1.jpg\",\"contentUrl\":\"https:\/\/www.blogdelaautoescuela.com\/blog\/wp-content\/uploads\/2012\/08\/sueno-volante1.jpg\",\"width\":400,\"height\":265},{\"@type\":\"BreadcrumbList\",\"@id\":\"https:\/\/www.blogdelaautoescuela.com\/blog\/la-somnolencia-presente-en-el-20-de-los-accidentes\/#breadcrumb\",\"itemListElement\":[{\"@type\":\"ListItem\",\"position\":1,\"name\":\"Portada\",\"item\":\"https:\/\/www.blogdelaautoescuela.com\/blog\/\"},{\"@type\":\"ListItem\",\"position\":2,\"name\":\"La somnolencia presente en el 20% de los accidentes\"}]},{\"@type\":\"WebSite\",\"@id\":\"https:\/\/www.blogdelaautoescuela.com\/blog\/#website\",\"url\":\"https:\/\/www.blogdelaautoescuela.com\/blog\/\",\"name\":\"Blog de la autoescuela\",\"description\":\"Noticias sobre autoescuelas y seguridad vial\",\"potentialAction\":[{\"@type\":\"SearchAction\",\"target\":{\"@type\":\"EntryPoint\",\"urlTemplate\":\"https:\/\/www.blogdelaautoescuela.com\/blog\/?s={search_term_string}\"},\"query-input\":{\"@type\":\"PropertyValueSpecification\",\"valueRequired\":true,\"valueName\":\"search_term_string\"}}],\"inLanguage\":\"es\"},{\"@type\":\"Person\",\"@id\":\"https:\/\/www.blogdelaautoescuela.com\/blog\/#\/schema\/person\/f209a64ca5dfe74b9acb6317240e792f\",\"name\":\"usr_blogauto\",\"image\":{\"@type\":\"ImageObject\",\"inLanguage\":\"es\",\"@id\":\"https:\/\/www.blogdelaautoescuela.com\/blog\/#\/schema\/person\/image\/\",\"url\":\"https:\/\/secure.gravatar.com\/avatar\/d3939d4ea521ac8421c86d2980321cc9?s=96&d=mm&r=g\",\"contentUrl\":\"https:\/\/secure.gravatar.com\/avatar\/d3939d4ea521ac8421c86d2980321cc9?s=96&d=mm&r=g\",\"caption\":\"usr_blogauto\"},\"description\":\"Blog dedicado a la conducci\u00f3n, las autoescuelas y la seguridad vial. Est\u00e1 creado por un grupo de profesionales de la formaci\u00f3n vial que comparten inquietudes y experiencias. Aqu\u00ed\u00ad podr\u00e1s encontrar informaci\u00f3n variada sobre el d\u00ed\u00ada a d\u00ed\u00ada de la autoescuela, ex\u00e1menes, test o novedades y consejos para una conducci\u00f3n m\u00e1s segura.\",\"sameAs\":[\"http:\/\/www.blogdelaautoescuela.com\/\",\"https:\/\/www.facebook.com\/blogdelaautoescuela\",\"https:\/\/x.com\/autoescuelas\"],\"url\":\"https:\/\/www.blogdelaautoescuela.com\/blog\/author\/usr_blogauto\/\"}]}<\/script>\n<!-- \/ Yoast SEO plugin. -->","yoast_head_json":{"title":"La somnolencia presente en el 20% de los accidentes","description":"seg\u00fan los datos de la Sociedad Europea de Sue\u00f1o (SES), la somnolencia est\u00e1 presente, de forma directa o indirecta, en el 20% de los accidentes que se producen","robots":{"index":"index","follow":"follow","max-snippet":"max-snippet:-1","max-image-preview":"max-image-preview:large","max-video-preview":"max-video-preview:-1"},"canonical":"https:\/\/www.blogdelaautoescuela.com\/blog\/la-somnolencia-presente-en-el-20-de-los-accidentes\/","og_locale":"es_ES","og_type":"article","og_title":"La somnolencia presente en el 20% de los accidentes","og_description":"seg\u00fan los datos de la Sociedad Europea de Sue\u00f1o (SES), la somnolencia est\u00e1 presente, de forma directa o indirecta, en el 20% de los accidentes que se producen","og_url":"https:\/\/www.blogdelaautoescuela.com\/blog\/la-somnolencia-presente-en-el-20-de-los-accidentes\/","og_site_name":"Blog de la autoescuela","article_author":"https:\/\/www.facebook.com\/blogdelaautoescuela","article_published_time":"2013-09-19T11:22:13+00:00","og_image":[{"width":400,"height":265,"url":"https:\/\/www.blogdelaautoescuela.com\/blog\/wp-content\/uploads\/2012\/08\/sueno-volante1.jpg","type":"image\/jpeg"}],"author":"usr_blogauto","twitter_misc":{"Escrito por":"usr_blogauto","Tiempo de lectura":"2 minutos"},"schema":{"@context":"https:\/\/schema.org","@graph":[{"@type":"WebPage","@id":"https:\/\/www.blogdelaautoescuela.com\/blog\/la-somnolencia-presente-en-el-20-de-los-accidentes\/","url":"https:\/\/www.blogdelaautoescuela.com\/blog\/la-somnolencia-presente-en-el-20-de-los-accidentes\/","name":"La somnolencia presente en el 20% de los accidentes","isPartOf":{"@id":"https:\/\/www.blogdelaautoescuela.com\/blog\/#website"},"primaryImageOfPage":{"@id":"https:\/\/www.blogdelaautoescuela.com\/blog\/la-somnolencia-presente-en-el-20-de-los-accidentes\/#primaryimage"},"image":{"@id":"https:\/\/www.blogdelaautoescuela.com\/blog\/la-somnolencia-presente-en-el-20-de-los-accidentes\/#primaryimage"},"thumbnailUrl":"https:\/\/www.blogdelaautoescuela.com\/blog\/wp-content\/uploads\/2012\/08\/sueno-volante1.jpg","datePublished":"2013-09-19T11:22:13+00:00","author":{"@id":"https:\/\/www.blogdelaautoescuela.com\/blog\/#\/schema\/person\/f209a64ca5dfe74b9acb6317240e792f"},"description":"seg\u00fan los datos de la Sociedad Europea de Sue\u00f1o (SES), la somnolencia est\u00e1 presente, de forma directa o indirecta, en el 20% de los accidentes que se producen","breadcrumb":{"@id":"https:\/\/www.blogdelaautoescuela.com\/blog\/la-somnolencia-presente-en-el-20-de-los-accidentes\/#breadcrumb"},"inLanguage":"es","potentialAction":[{"@type":"ReadAction","target":["https:\/\/www.blogdelaautoescuela.com\/blog\/la-somnolencia-presente-en-el-20-de-los-accidentes\/"]}]},{"@type":"ImageObject","inLanguage":"es","@id":"https:\/\/www.blogdelaautoescuela.com\/blog\/la-somnolencia-presente-en-el-20-de-los-accidentes\/#primaryimage","url":"https:\/\/www.blogdelaautoescuela.com\/blog\/wp-content\/uploads\/2012\/08\/sueno-volante1.jpg","contentUrl":"https:\/\/www.blogdelaautoescuela.com\/blog\/wp-content\/uploads\/2012\/08\/sueno-volante1.jpg","width":400,"height":265},{"@type":"BreadcrumbList","@id":"https:\/\/www.blogdelaautoescuela.com\/blog\/la-somnolencia-presente-en-el-20-de-los-accidentes\/#breadcrumb","itemListElement":[{"@type":"ListItem","position":1,"name":"Portada","item":"https:\/\/www.blogdelaautoescuela.com\/blog\/"},{"@type":"ListItem","position":2,"name":"La somnolencia presente en el 20% de los accidentes"}]},{"@type":"WebSite","@id":"https:\/\/www.blogdelaautoescuela.com\/blog\/#website","url":"https:\/\/www.blogdelaautoescuela.com\/blog\/","name":"Blog de la autoescuela","description":"Noticias sobre autoescuelas y seguridad vial","potentialAction":[{"@type":"SearchAction","target":{"@type":"EntryPoint","urlTemplate":"https:\/\/www.blogdelaautoescuela.com\/blog\/?s={search_term_string}"},"query-input":{"@type":"PropertyValueSpecification","valueRequired":true,"valueName":"search_term_string"}}],"inLanguage":"es"},{"@type":"Person","@id":"https:\/\/www.blogdelaautoescuela.com\/blog\/#\/schema\/person\/f209a64ca5dfe74b9acb6317240e792f","name":"usr_blogauto","image":{"@type":"ImageObject","inLanguage":"es","@id":"https:\/\/www.blogdelaautoescuela.com\/blog\/#\/schema\/person\/image\/","url":"https:\/\/secure.gravatar.com\/avatar\/d3939d4ea521ac8421c86d2980321cc9?s=96&d=mm&r=g","contentUrl":"https:\/\/secure.gravatar.com\/avatar\/d3939d4ea521ac8421c86d2980321cc9?s=96&d=mm&r=g","caption":"usr_blogauto"},"description":"Blog dedicado a la conducci\u00f3n, las autoescuelas y la seguridad vial. Est\u00e1 creado por un grupo de profesionales de la formaci\u00f3n vial que comparten inquietudes y experiencias. Aqu\u00ed\u00ad podr\u00e1s encontrar informaci\u00f3n variada sobre el d\u00ed\u00ada a d\u00ed\u00ada de la autoescuela, ex\u00e1menes, test o novedades y consejos para una conducci\u00f3n m\u00e1s segura.","sameAs":["http:\/\/www.blogdelaautoescuela.com\/","https:\/\/www.facebook.com\/blogdelaautoescuela","https:\/\/x.com\/autoescuelas"],"url":"https:\/\/www.blogdelaautoescuela.com\/blog\/author\/usr_blogauto\/"}]}},"jetpack_featured_media_url":"https:\/\/www.blogdelaautoescuela.com\/blog\/wp-content\/uploads\/2012\/08\/sueno-volante1.jpg","_links":{"self":[{"href":"https:\/\/www.blogdelaautoescuela.com\/blog\/wp-json\/wp\/v2\/posts\/11144","targetHints":{"allow":["GET"]}}],"collection":[{"href":"https:\/\/www.blogdelaautoescuela.com\/blog\/wp-json\/wp\/v2\/posts"}],"about":[{"href":"https:\/\/www.blogdelaautoescuela.com\/blog\/wp-json\/wp\/v2\/types\/post"}],"author":[{"embeddable":true,"href":"https:\/\/www.blogdelaautoescuela.com\/blog\/wp-json\/wp\/v2\/users\/1"}],"replies":[{"embeddable":true,"href":"https:\/\/www.blogdelaautoescuela.com\/blog\/wp-json\/wp\/v2\/comments?post=11144"}],"version-history":[{"count":0,"href":"https:\/\/www.blogdelaautoescuela.com\/blog\/wp-json\/wp\/v2\/posts\/11144\/revisions"}],"wp:featuredmedia":[{"embeddable":true,"href":"https:\/\/www.blogdelaautoescuela.com\/blog\/wp-json\/wp\/v2\/media\/9583"}],"wp:attachment":[{"href":"https:\/\/www.blogdelaautoescuela.com\/blog\/wp-json\/wp\/v2\/media?parent=11144"}],"wp:term":[{"taxonomy":"category","embeddable":true,"href":"https:\/\/www.blogdelaautoescuela.com\/blog\/wp-json\/wp\/v2\/categories?post=11144"},{"taxonomy":"post_tag","embeddable":true,"href":"https:\/\/www.blogdelaautoescuela.com\/blog\/wp-json\/wp\/v2\/tags?post=11144"}],"curies":[{"name":"wp","href":"https:\/\/api.w.org\/{rel}","templated":true}]}}