
{"id":11076,"date":"2013-08-09T13:12:24","date_gmt":"2013-08-09T11:12:24","guid":{"rendered":"http:\/\/www.blogdelaautoescuela.com\/blog\/?p=11076"},"modified":"2013-08-22T10:57:35","modified_gmt":"2013-08-22T08:57:35","slug":"no-mas-excusas-en-la-carretera","status":"publish","type":"post","link":"https:\/\/www.blogdelaautoescuela.com\/blog\/no-mas-excusas-en-la-carretera\/","title":{"rendered":"No m\u00e1s excusas en la carretera"},"content":{"rendered":"<p><object width=\"500\" height=\"281\" classid=\"clsid:d27cdb6e-ae6d-11cf-96b8-444553540000\" codebase=\"http:\/\/download.macromedia.com\/pub\/shockwave\/cabs\/flash\/swflash.cab#version=6,0,40,0\"><param name=\"allowFullScreen\" value=\"true\" \/><param name=\"allowscriptaccess\" value=\"always\" \/><param name=\"src\" value=\"\/\/www.youtube.com\/v\/o6Zgk9B68j8?hl=es_ES&amp;version=3&amp;rel=0\" \/><param name=\"allowfullscreen\" value=\"true\" \/><\/object><\/p>\n<p style=\"text-align: justify;\">Hoy quiero compartir con vosotros un <strong>v\u00ed\u00addeo de Fremap<\/strong> de una <strong>Campa\u00f1a de Prevenci\u00f3n del Accidente Laboral de Tr\u00e1fico<\/strong>, este es el primer video de una serie de 7 videos de seguridad vial.<\/p>\n<p style=\"text-align: justify;\">El video que os comparto tiene bastante que ver con las <strong>excusas<\/strong>, y es que cuando pasa algo simpre tenemos una excusa que demuestra que<strong> la culpa nunca es nuestra<\/strong>, la culpa siempre es de los dem\u00e1s, y en la carretera&#8230; la culpa tampoco es nuestra, siempre es culpa de los dem\u00e1s o de la mala suerte.<\/p>\n<p style=\"text-align: justify;\"><strong>Esquivamos la responsabilidad<\/strong> porque nos creemos infalibles, grandes conductores, sensatos, que siempre tenemos todo bajo control&#8230; Pero esto no es as\u00ed\u00ad.<\/p>\n<p style=\"text-align: justify;\">Es verdad que los fallos mec\u00e1nicos, las condiciones de la carretera o la meteorolog\u00ed\u00ada son importantes, pero no nos pueden servir como excusa, ya que <strong>la mayor parte de estos sucesos y circunstancias son totalmente previsibles<\/strong>, y por tanto, como seres inteligentes que somos, podemos anticiparnos y evitar bueno parte de los accidentes de tr\u00e1fico.<\/p>\n<p style=\"text-align: justify;\">Los estudios demuestran que en la mayor\u00ed\u00ada de los casos, si el conductor hubiera actuado de otra manera,<strong> el accidente podr\u00ed\u00ada haber sido evitado, o al menos se podr\u00ed\u00adan minimizado sus consecuencias.<\/strong><\/p>\n<p style=\"text-align: justify;\">En el video nos dejan varios ejemplos de c\u00f3mo evitar posibles accidentes.<\/p>\n<p style=\"text-align: justify;\">Y ya lo sabes, si este fin de semana te pones en la carretera, respeta las normas y se\u00f1ales de circulaci\u00f3n y evita las distracciones.<\/p>\n","protected":false},"excerpt":{"rendered":"<p>Hoy quiero compartir con vosotros un v\u00ed\u00addeo de Fremap de una Campa\u00f1a de Prevenci\u00f3n del Accidente Laboral de Tr\u00e1fico, este es el primer video de una serie de 7 videos de seguridad vial. El video que os comparto tiene bastante que ver con las excusas, y es que cuando pasa algo simpre tenemos una excusa [&hellip;]<\/p>\n","protected":false},"author":1,"featured_media":0,"comment_status":"open","ping_status":"closed","sticky":false,"template":"","format":"standard","meta":{"footnotes":"","jetpack_publicize_message":"","jetpack_publicize_feature_enabled":true,"jetpack_social_post_already_shared":false,"jetpack_social_options":{"image_generator_settings":{"template":"highway","enabled":false},"version":2}},"categories":[19],"tags":[1678,1372],"class_list":["post-11076","post","type-post","status-publish","format-standard","hentry","category-seguridad-vial","tag-seguridad-vial","tag-video"],"wppr_data":[],"jetpack_publicize_connections":[],"yoast_head":"<!-- This site is optimized with the Yoast SEO plugin v24.7 - https:\/\/yoast.com\/wordpress\/plugins\/seo\/ -->\n<title>No m\u00e1s excusas en la carretera<\/title>\n<meta name=\"description\" content=\"El video que os comparto tiene bastante que ver con las excusas, y es que cuando pasa algo simpre tenemos una excusa que demuestra que la culpa nunca es nuestra, siempre es de los dem\u00e1s\" \/>\n<meta name=\"robots\" content=\"index, follow, max-snippet:-1, max-image-preview:large, max-video-preview:-1\" \/>\n<link rel=\"canonical\" href=\"https:\/\/www.blogdelaautoescuela.com\/blog\/no-mas-excusas-en-la-carretera\/\" \/>\n<meta property=\"og:locale\" content=\"es_ES\" \/>\n<meta property=\"og:type\" content=\"article\" \/>\n<meta property=\"og:title\" content=\"No m\u00e1s excusas en la carretera\" \/>\n<meta property=\"og:description\" content=\"El video que os comparto tiene bastante que ver con las excusas, y es que cuando pasa algo simpre tenemos una excusa que demuestra que la culpa nunca es nuestra, siempre es de los dem\u00e1s\" \/>\n<meta property=\"og:url\" content=\"https:\/\/www.blogdelaautoescuela.com\/blog\/no-mas-excusas-en-la-carretera\/\" \/>\n<meta property=\"og:site_name\" content=\"Blog de la autoescuela\" \/>\n<meta property=\"article:author\" content=\"https:\/\/www.facebook.com\/blogdelaautoescuela\" \/>\n<meta property=\"article:published_time\" content=\"2013-08-09T11:12:24+00:00\" \/>\n<meta property=\"article:modified_time\" content=\"2013-08-22T08:57:35+00:00\" \/>\n<meta name=\"author\" content=\"usr_blogauto\" \/>\n<meta name=\"twitter:label1\" content=\"Escrito por\" \/>\n\t<meta name=\"twitter:data1\" content=\"usr_blogauto\" \/>\n\t<meta name=\"twitter:label2\" content=\"Tiempo de lectura\" \/>\n\t<meta name=\"twitter:data2\" content=\"1 minuto\" \/>\n<script type=\"application\/ld+json\" class=\"yoast-schema-graph\">{\"@context\":\"https:\/\/schema.org\",\"@graph\":[{\"@type\":\"WebPage\",\"@id\":\"https:\/\/www.blogdelaautoescuela.com\/blog\/no-mas-excusas-en-la-carretera\/\",\"url\":\"https:\/\/www.blogdelaautoescuela.com\/blog\/no-mas-excusas-en-la-carretera\/\",\"name\":\"No m\u00e1s excusas en la carretera\",\"isPartOf\":{\"@id\":\"https:\/\/www.blogdelaautoescuela.com\/blog\/#website\"},\"datePublished\":\"2013-08-09T11:12:24+00:00\",\"dateModified\":\"2013-08-22T08:57:35+00:00\",\"author\":{\"@id\":\"https:\/\/www.blogdelaautoescuela.com\/blog\/#\/schema\/person\/f209a64ca5dfe74b9acb6317240e792f\"},\"description\":\"El video que os comparto tiene bastante que ver con las excusas, y es que cuando pasa algo simpre tenemos una excusa que demuestra que la culpa nunca es nuestra, siempre es de los dem\u00e1s\",\"breadcrumb\":{\"@id\":\"https:\/\/www.blogdelaautoescuela.com\/blog\/no-mas-excusas-en-la-carretera\/#breadcrumb\"},\"inLanguage\":\"es\",\"potentialAction\":[{\"@type\":\"ReadAction\",\"target\":[\"https:\/\/www.blogdelaautoescuela.com\/blog\/no-mas-excusas-en-la-carretera\/\"]}]},{\"@type\":\"BreadcrumbList\",\"@id\":\"https:\/\/www.blogdelaautoescuela.com\/blog\/no-mas-excusas-en-la-carretera\/#breadcrumb\",\"itemListElement\":[{\"@type\":\"ListItem\",\"position\":1,\"name\":\"Portada\",\"item\":\"https:\/\/www.blogdelaautoescuela.com\/blog\/\"},{\"@type\":\"ListItem\",\"position\":2,\"name\":\"No m\u00e1s excusas en la carretera\"}]},{\"@type\":\"WebSite\",\"@id\":\"https:\/\/www.blogdelaautoescuela.com\/blog\/#website\",\"url\":\"https:\/\/www.blogdelaautoescuela.com\/blog\/\",\"name\":\"Blog de la autoescuela\",\"description\":\"Noticias sobre autoescuelas y seguridad vial\",\"potentialAction\":[{\"@type\":\"SearchAction\",\"target\":{\"@type\":\"EntryPoint\",\"urlTemplate\":\"https:\/\/www.blogdelaautoescuela.com\/blog\/?s={search_term_string}\"},\"query-input\":{\"@type\":\"PropertyValueSpecification\",\"valueRequired\":true,\"valueName\":\"search_term_string\"}}],\"inLanguage\":\"es\"},{\"@type\":\"Person\",\"@id\":\"https:\/\/www.blogdelaautoescuela.com\/blog\/#\/schema\/person\/f209a64ca5dfe74b9acb6317240e792f\",\"name\":\"usr_blogauto\",\"image\":{\"@type\":\"ImageObject\",\"inLanguage\":\"es\",\"@id\":\"https:\/\/www.blogdelaautoescuela.com\/blog\/#\/schema\/person\/image\/\",\"url\":\"https:\/\/secure.gravatar.com\/avatar\/d3939d4ea521ac8421c86d2980321cc9?s=96&d=mm&r=g\",\"contentUrl\":\"https:\/\/secure.gravatar.com\/avatar\/d3939d4ea521ac8421c86d2980321cc9?s=96&d=mm&r=g\",\"caption\":\"usr_blogauto\"},\"description\":\"Blog dedicado a la conducci\u00f3n, las autoescuelas y la seguridad vial. Est\u00e1 creado por un grupo de profesionales de la formaci\u00f3n vial que comparten inquietudes y experiencias. Aqu\u00ed\u00ad podr\u00e1s encontrar informaci\u00f3n variada sobre el d\u00ed\u00ada a d\u00ed\u00ada de la autoescuela, ex\u00e1menes, test o novedades y consejos para una conducci\u00f3n m\u00e1s segura.\",\"sameAs\":[\"http:\/\/www.blogdelaautoescuela.com\/\",\"https:\/\/www.facebook.com\/blogdelaautoescuela\",\"https:\/\/x.com\/autoescuelas\"],\"url\":\"https:\/\/www.blogdelaautoescuela.com\/blog\/author\/usr_blogauto\/\"}]}<\/script>\n<!-- \/ Yoast SEO plugin. -->","yoast_head_json":{"title":"No m\u00e1s excusas en la carretera","description":"El video que os comparto tiene bastante que ver con las excusas, y es que cuando pasa algo simpre tenemos una excusa que demuestra que la culpa nunca es nuestra, siempre es de los dem\u00e1s","robots":{"index":"index","follow":"follow","max-snippet":"max-snippet:-1","max-image-preview":"max-image-preview:large","max-video-preview":"max-video-preview:-1"},"canonical":"https:\/\/www.blogdelaautoescuela.com\/blog\/no-mas-excusas-en-la-carretera\/","og_locale":"es_ES","og_type":"article","og_title":"No m\u00e1s excusas en la carretera","og_description":"El video que os comparto tiene bastante que ver con las excusas, y es que cuando pasa algo simpre tenemos una excusa que demuestra que la culpa nunca es nuestra, siempre es de los dem\u00e1s","og_url":"https:\/\/www.blogdelaautoescuela.com\/blog\/no-mas-excusas-en-la-carretera\/","og_site_name":"Blog de la autoescuela","article_author":"https:\/\/www.facebook.com\/blogdelaautoescuela","article_published_time":"2013-08-09T11:12:24+00:00","article_modified_time":"2013-08-22T08:57:35+00:00","author":"usr_blogauto","twitter_misc":{"Escrito por":"usr_blogauto","Tiempo de lectura":"1 minuto"},"schema":{"@context":"https:\/\/schema.org","@graph":[{"@type":"WebPage","@id":"https:\/\/www.blogdelaautoescuela.com\/blog\/no-mas-excusas-en-la-carretera\/","url":"https:\/\/www.blogdelaautoescuela.com\/blog\/no-mas-excusas-en-la-carretera\/","name":"No m\u00e1s excusas en la carretera","isPartOf":{"@id":"https:\/\/www.blogdelaautoescuela.com\/blog\/#website"},"datePublished":"2013-08-09T11:12:24+00:00","dateModified":"2013-08-22T08:57:35+00:00","author":{"@id":"https:\/\/www.blogdelaautoescuela.com\/blog\/#\/schema\/person\/f209a64ca5dfe74b9acb6317240e792f"},"description":"El video que os comparto tiene bastante que ver con las excusas, y es que cuando pasa algo simpre tenemos una excusa que demuestra que la culpa nunca es nuestra, siempre es de los dem\u00e1s","breadcrumb":{"@id":"https:\/\/www.blogdelaautoescuela.com\/blog\/no-mas-excusas-en-la-carretera\/#breadcrumb"},"inLanguage":"es","potentialAction":[{"@type":"ReadAction","target":["https:\/\/www.blogdelaautoescuela.com\/blog\/no-mas-excusas-en-la-carretera\/"]}]},{"@type":"BreadcrumbList","@id":"https:\/\/www.blogdelaautoescuela.com\/blog\/no-mas-excusas-en-la-carretera\/#breadcrumb","itemListElement":[{"@type":"ListItem","position":1,"name":"Portada","item":"https:\/\/www.blogdelaautoescuela.com\/blog\/"},{"@type":"ListItem","position":2,"name":"No m\u00e1s excusas en la carretera"}]},{"@type":"WebSite","@id":"https:\/\/www.blogdelaautoescuela.com\/blog\/#website","url":"https:\/\/www.blogdelaautoescuela.com\/blog\/","name":"Blog de la autoescuela","description":"Noticias sobre autoescuelas y seguridad vial","potentialAction":[{"@type":"SearchAction","target":{"@type":"EntryPoint","urlTemplate":"https:\/\/www.blogdelaautoescuela.com\/blog\/?s={search_term_string}"},"query-input":{"@type":"PropertyValueSpecification","valueRequired":true,"valueName":"search_term_string"}}],"inLanguage":"es"},{"@type":"Person","@id":"https:\/\/www.blogdelaautoescuela.com\/blog\/#\/schema\/person\/f209a64ca5dfe74b9acb6317240e792f","name":"usr_blogauto","image":{"@type":"ImageObject","inLanguage":"es","@id":"https:\/\/www.blogdelaautoescuela.com\/blog\/#\/schema\/person\/image\/","url":"https:\/\/secure.gravatar.com\/avatar\/d3939d4ea521ac8421c86d2980321cc9?s=96&d=mm&r=g","contentUrl":"https:\/\/secure.gravatar.com\/avatar\/d3939d4ea521ac8421c86d2980321cc9?s=96&d=mm&r=g","caption":"usr_blogauto"},"description":"Blog dedicado a la conducci\u00f3n, las autoescuelas y la seguridad vial. Est\u00e1 creado por un grupo de profesionales de la formaci\u00f3n vial que comparten inquietudes y experiencias. Aqu\u00ed\u00ad podr\u00e1s encontrar informaci\u00f3n variada sobre el d\u00ed\u00ada a d\u00ed\u00ada de la autoescuela, ex\u00e1menes, test o novedades y consejos para una conducci\u00f3n m\u00e1s segura.","sameAs":["http:\/\/www.blogdelaautoescuela.com\/","https:\/\/www.facebook.com\/blogdelaautoescuela","https:\/\/x.com\/autoescuelas"],"url":"https:\/\/www.blogdelaautoescuela.com\/blog\/author\/usr_blogauto\/"}]}},"jetpack_featured_media_url":"","_links":{"self":[{"href":"https:\/\/www.blogdelaautoescuela.com\/blog\/wp-json\/wp\/v2\/posts\/11076","targetHints":{"allow":["GET"]}}],"collection":[{"href":"https:\/\/www.blogdelaautoescuela.com\/blog\/wp-json\/wp\/v2\/posts"}],"about":[{"href":"https:\/\/www.blogdelaautoescuela.com\/blog\/wp-json\/wp\/v2\/types\/post"}],"author":[{"embeddable":true,"href":"https:\/\/www.blogdelaautoescuela.com\/blog\/wp-json\/wp\/v2\/users\/1"}],"replies":[{"embeddable":true,"href":"https:\/\/www.blogdelaautoescuela.com\/blog\/wp-json\/wp\/v2\/comments?post=11076"}],"version-history":[{"count":0,"href":"https:\/\/www.blogdelaautoescuela.com\/blog\/wp-json\/wp\/v2\/posts\/11076\/revisions"}],"wp:attachment":[{"href":"https:\/\/www.blogdelaautoescuela.com\/blog\/wp-json\/wp\/v2\/media?parent=11076"}],"wp:term":[{"taxonomy":"category","embeddable":true,"href":"https:\/\/www.blogdelaautoescuela.com\/blog\/wp-json\/wp\/v2\/categories?post=11076"},{"taxonomy":"post_tag","embeddable":true,"href":"https:\/\/www.blogdelaautoescuela.com\/blog\/wp-json\/wp\/v2\/tags?post=11076"}],"curies":[{"name":"wp","href":"https:\/\/api.w.org\/{rel}","templated":true}]}}