
{"id":10848,"date":"2013-05-29T17:06:46","date_gmt":"2013-05-29T15:06:46","guid":{"rendered":"http:\/\/www.blogdelaautoescuela.com\/blog\/?p=10848"},"modified":"2013-05-29T17:06:46","modified_gmt":"2013-05-29T15:06:46","slug":"sigue-el-debate-por-los-limites-de-velocidad","status":"publish","type":"post","link":"https:\/\/www.blogdelaautoescuela.com\/blog\/sigue-el-debate-por-los-limites-de-velocidad\/","title":{"rendered":"Sigue el debate por los l\u00ed\u00admites de velocidad"},"content":{"rendered":"<p><a href=\"http:\/\/www.blogdelaautoescuela.com\/blog\/wp-content\/uploads\/2009\/06\/velocimetro.jpg\"><img loading=\"lazy\" decoding=\"async\" class=\"aligncenter size-full wp-image-1315\" alt=\"velocimetro\" src=\"http:\/\/www.blogdelaautoescuela.com\/blog\/wp-content\/uploads\/2009\/06\/velocimetro.jpg\" width=\"500\" height=\"300\" \/><\/a><\/p>\n<p>Esta semana se ha reunido <strong><\/strong> la <strong>Comisi\u00f3n de Seguridad Vial y Movilidad Sostenible del Congreso de los Diputados<\/strong>, y uno de los temas que se abordaron fue la <strong>posibilidad de aumentar el l\u00ed\u00admite de velocidad a 130 km\/h en algunos tramos de autopistas y autov\u00ed\u00adas.<\/strong><\/p>\n<p>Como era de esperar hubo voces a favor y en contra de esta medida, entre las <strong>voces contrarias a esta medida se encuentran varias asociaciones de v\u00ed\u00adctimas de accidentes de tr\u00e1fico, la Confederaci\u00f3n Nacional de Autoescuelas (CNAE) y la Fundaci\u00f3n Espa\u00f1ola para la Seguridad Vial (Fesvial).<\/strong><\/p>\n<p><strong>Mar\u00ed\u00ada Segu\u00ed\u00ad, Directora General de Tr\u00e1fico (DGT)<\/strong>, ha explicado que <em>&#8220;El borrador del Reglamento consagra el l\u00ed\u00admite de 120 km\/h. Lo que ocurre es que establece la posibilidad de que en ciertos tramos monitorizados y se\u00f1alizados mediante paneles luminosos, libres de siniestralidad mortal y siempre y cuando el firme est\u00e9 en perfectas condiciones y la meteorolog\u00ed\u00ada sea favorable, se pueda ir a 130 km\/h. Es una interpretaci\u00f3n sumamente conservadora de lo que se ha dado en llamar &#8216;velocidad variable&#8217;, algo de lo que se est\u00e1 hablando cada vez m\u00e1s en Europa&#8221;.<\/em><\/p>\n<p>Por su parte los opositores al aumento de velocidad aluden a un <strong>estudio del European Transport Safety Council (ETSC)<\/strong> en el que se demuestra que <strong>ampliar el l\u00ed\u00admite de velocidad en tan solo un 1 km\/h, supone un aumento de un 3 por ciento de los accidentes de tr\u00e1fico<\/strong>, adem\u00e1s han recordado que la OCDE ha asegurado que bajando un 5 por ciento la velocidad podr\u00ed\u00ada reducir un 20 por ciento mortales y que en pa\u00ed\u00adses como Estados Unidos, Australia y Dinamarca, en donde se subieron los l\u00ed\u00admites de velocidad, los fallecidos por accidente de tr\u00e1fico aumentaron entre un 15 y un 20 por ciento, mientras que la rebaja de los l\u00ed\u00admites en Suiza o Inglaterra acarre\u00f3 descensos entre un 12 y un 19 por ciento de las v\u00ed\u00adctimas mortales.<\/p>\n<p>En lo que s\u00ed\u00ad\u00a0<strong> todas las partes est\u00e1n de acuerdo es en reducir a 90km\/h el l\u00ed\u00admite de velocidad en todas las carreteras convencionale<\/strong>s, que son las que actualmente presentan una tasa m\u00e1s alta de siniestralidad y a 30km\/h en las v\u00ed\u00adas urbanas con un solo carril y sentido \u00fanico de circulaci\u00f3n o con un carril por sentido de circulaci\u00f3n, como prev\u00e9 la reforma en la que trabaja el Gobierno.<\/p>\n","protected":false},"excerpt":{"rendered":"<p>Esta semana se ha reunido la Comisi\u00f3n de Seguridad Vial y Movilidad Sostenible del Congreso de los Diputados, y uno de los temas que se abordaron fue la posibilidad de aumentar el l\u00ed\u00admite de velocidad a 130 km\/h en algunos tramos de autopistas y autov\u00ed\u00adas. Como era de esperar hubo voces a favor y en [&hellip;]<\/p>\n","protected":false},"author":1,"featured_media":1315,"comment_status":"open","ping_status":"closed","sticky":false,"template":"","format":"standard","meta":{"footnotes":"","jetpack_publicize_message":"","jetpack_publicize_feature_enabled":true,"jetpack_social_post_already_shared":false,"jetpack_social_options":{"image_generator_settings":{"template":"highway","enabled":false},"version":2}},"categories":[12,19],"tags":[810,1672,1678,1360],"class_list":["post-10848","post","type-post","status-publish","format-standard","has-post-thumbnail","hentry","category-noticias","category-seguridad-vial","tag-limites-velocidad","tag-noticias","tag-seguridad-vial","tag-velocidad"],"wppr_data":[],"jetpack_publicize_connections":[],"yoast_head":"<!-- This site is optimized with the Yoast SEO plugin v24.7 - https:\/\/yoast.com\/wordpress\/plugins\/seo\/ -->\n<title>Sigue el debate por los l\u00ed\u00admites de velocidad<\/title>\n<meta name=\"description\" content=\"se ha reunido la Comisi\u00f3n de Seguridad Vial y Movilidad Sostenible y uno de los temas que se abordaron fue la posibilidad de aumentar el l\u00ed\u00admite de velocidad\" \/>\n<meta name=\"robots\" content=\"index, follow, max-snippet:-1, max-image-preview:large, max-video-preview:-1\" \/>\n<link rel=\"canonical\" href=\"https:\/\/www.blogdelaautoescuela.com\/blog\/sigue-el-debate-por-los-limites-de-velocidad\/\" \/>\n<meta property=\"og:locale\" content=\"es_ES\" \/>\n<meta property=\"og:type\" content=\"article\" \/>\n<meta property=\"og:title\" content=\"Sigue el debate por los l\u00ed\u00admites de velocidad\" \/>\n<meta property=\"og:description\" content=\"se ha reunido la Comisi\u00f3n de Seguridad Vial y Movilidad Sostenible y uno de los temas que se abordaron fue la posibilidad de aumentar el l\u00ed\u00admite de velocidad\" \/>\n<meta property=\"og:url\" content=\"https:\/\/www.blogdelaautoescuela.com\/blog\/sigue-el-debate-por-los-limites-de-velocidad\/\" \/>\n<meta property=\"og:site_name\" content=\"Blog de la autoescuela\" \/>\n<meta property=\"article:author\" content=\"https:\/\/www.facebook.com\/blogdelaautoescuela\" \/>\n<meta property=\"article:published_time\" content=\"2013-05-29T15:06:46+00:00\" \/>\n<meta property=\"og:image\" content=\"https:\/\/www.blogdelaautoescuela.com\/blog\/wp-content\/uploads\/2009\/06\/velocimetro1.jpg\" \/>\n\t<meta property=\"og:image:width\" content=\"400\" \/>\n\t<meta property=\"og:image:height\" content=\"261\" \/>\n\t<meta property=\"og:image:type\" content=\"image\/jpeg\" \/>\n<meta name=\"author\" content=\"usr_blogauto\" \/>\n<meta name=\"twitter:label1\" content=\"Escrito por\" \/>\n\t<meta name=\"twitter:data1\" content=\"usr_blogauto\" \/>\n\t<meta name=\"twitter:label2\" content=\"Tiempo de lectura\" \/>\n\t<meta name=\"twitter:data2\" content=\"2 minutos\" \/>\n<script type=\"application\/ld+json\" class=\"yoast-schema-graph\">{\"@context\":\"https:\/\/schema.org\",\"@graph\":[{\"@type\":\"WebPage\",\"@id\":\"https:\/\/www.blogdelaautoescuela.com\/blog\/sigue-el-debate-por-los-limites-de-velocidad\/\",\"url\":\"https:\/\/www.blogdelaautoescuela.com\/blog\/sigue-el-debate-por-los-limites-de-velocidad\/\",\"name\":\"Sigue el debate por los l\u00ed\u00admites de velocidad\",\"isPartOf\":{\"@id\":\"https:\/\/www.blogdelaautoescuela.com\/blog\/#website\"},\"primaryImageOfPage\":{\"@id\":\"https:\/\/www.blogdelaautoescuela.com\/blog\/sigue-el-debate-por-los-limites-de-velocidad\/#primaryimage\"},\"image\":{\"@id\":\"https:\/\/www.blogdelaautoescuela.com\/blog\/sigue-el-debate-por-los-limites-de-velocidad\/#primaryimage\"},\"thumbnailUrl\":\"https:\/\/www.blogdelaautoescuela.com\/blog\/wp-content\/uploads\/2009\/06\/velocimetro1.jpg\",\"datePublished\":\"2013-05-29T15:06:46+00:00\",\"author\":{\"@id\":\"https:\/\/www.blogdelaautoescuela.com\/blog\/#\/schema\/person\/f209a64ca5dfe74b9acb6317240e792f\"},\"description\":\"se ha reunido la Comisi\u00f3n de Seguridad Vial y Movilidad Sostenible y uno de los temas que se abordaron fue la posibilidad de aumentar el l\u00ed\u00admite de velocidad\",\"breadcrumb\":{\"@id\":\"https:\/\/www.blogdelaautoescuela.com\/blog\/sigue-el-debate-por-los-limites-de-velocidad\/#breadcrumb\"},\"inLanguage\":\"es\",\"potentialAction\":[{\"@type\":\"ReadAction\",\"target\":[\"https:\/\/www.blogdelaautoescuela.com\/blog\/sigue-el-debate-por-los-limites-de-velocidad\/\"]}]},{\"@type\":\"ImageObject\",\"inLanguage\":\"es\",\"@id\":\"https:\/\/www.blogdelaautoescuela.com\/blog\/sigue-el-debate-por-los-limites-de-velocidad\/#primaryimage\",\"url\":\"https:\/\/www.blogdelaautoescuela.com\/blog\/wp-content\/uploads\/2009\/06\/velocimetro1.jpg\",\"contentUrl\":\"https:\/\/www.blogdelaautoescuela.com\/blog\/wp-content\/uploads\/2009\/06\/velocimetro1.jpg\",\"width\":400,\"height\":261},{\"@type\":\"BreadcrumbList\",\"@id\":\"https:\/\/www.blogdelaautoescuela.com\/blog\/sigue-el-debate-por-los-limites-de-velocidad\/#breadcrumb\",\"itemListElement\":[{\"@type\":\"ListItem\",\"position\":1,\"name\":\"Portada\",\"item\":\"https:\/\/www.blogdelaautoescuela.com\/blog\/\"},{\"@type\":\"ListItem\",\"position\":2,\"name\":\"Sigue el debate por los l\u00ed\u00admites de velocidad\"}]},{\"@type\":\"WebSite\",\"@id\":\"https:\/\/www.blogdelaautoescuela.com\/blog\/#website\",\"url\":\"https:\/\/www.blogdelaautoescuela.com\/blog\/\",\"name\":\"Blog de la autoescuela\",\"description\":\"Noticias sobre autoescuelas y seguridad vial\",\"potentialAction\":[{\"@type\":\"SearchAction\",\"target\":{\"@type\":\"EntryPoint\",\"urlTemplate\":\"https:\/\/www.blogdelaautoescuela.com\/blog\/?s={search_term_string}\"},\"query-input\":{\"@type\":\"PropertyValueSpecification\",\"valueRequired\":true,\"valueName\":\"search_term_string\"}}],\"inLanguage\":\"es\"},{\"@type\":\"Person\",\"@id\":\"https:\/\/www.blogdelaautoescuela.com\/blog\/#\/schema\/person\/f209a64ca5dfe74b9acb6317240e792f\",\"name\":\"usr_blogauto\",\"image\":{\"@type\":\"ImageObject\",\"inLanguage\":\"es\",\"@id\":\"https:\/\/www.blogdelaautoescuela.com\/blog\/#\/schema\/person\/image\/\",\"url\":\"https:\/\/secure.gravatar.com\/avatar\/d3939d4ea521ac8421c86d2980321cc9?s=96&d=mm&r=g\",\"contentUrl\":\"https:\/\/secure.gravatar.com\/avatar\/d3939d4ea521ac8421c86d2980321cc9?s=96&d=mm&r=g\",\"caption\":\"usr_blogauto\"},\"description\":\"Blog dedicado a la conducci\u00f3n, las autoescuelas y la seguridad vial. Est\u00e1 creado por un grupo de profesionales de la formaci\u00f3n vial que comparten inquietudes y experiencias. Aqu\u00ed\u00ad podr\u00e1s encontrar informaci\u00f3n variada sobre el d\u00ed\u00ada a d\u00ed\u00ada de la autoescuela, ex\u00e1menes, test o novedades y consejos para una conducci\u00f3n m\u00e1s segura.\",\"sameAs\":[\"http:\/\/www.blogdelaautoescuela.com\/\",\"https:\/\/www.facebook.com\/blogdelaautoescuela\",\"https:\/\/x.com\/autoescuelas\"],\"url\":\"https:\/\/www.blogdelaautoescuela.com\/blog\/author\/usr_blogauto\/\"}]}<\/script>\n<!-- \/ Yoast SEO plugin. -->","yoast_head_json":{"title":"Sigue el debate por los l\u00ed\u00admites de velocidad","description":"se ha reunido la Comisi\u00f3n de Seguridad Vial y Movilidad Sostenible y uno de los temas que se abordaron fue la posibilidad de aumentar el l\u00ed\u00admite de velocidad","robots":{"index":"index","follow":"follow","max-snippet":"max-snippet:-1","max-image-preview":"max-image-preview:large","max-video-preview":"max-video-preview:-1"},"canonical":"https:\/\/www.blogdelaautoescuela.com\/blog\/sigue-el-debate-por-los-limites-de-velocidad\/","og_locale":"es_ES","og_type":"article","og_title":"Sigue el debate por los l\u00ed\u00admites de velocidad","og_description":"se ha reunido la Comisi\u00f3n de Seguridad Vial y Movilidad Sostenible y uno de los temas que se abordaron fue la posibilidad de aumentar el l\u00ed\u00admite de velocidad","og_url":"https:\/\/www.blogdelaautoescuela.com\/blog\/sigue-el-debate-por-los-limites-de-velocidad\/","og_site_name":"Blog de la autoescuela","article_author":"https:\/\/www.facebook.com\/blogdelaautoescuela","article_published_time":"2013-05-29T15:06:46+00:00","og_image":[{"width":400,"height":261,"url":"https:\/\/www.blogdelaautoescuela.com\/blog\/wp-content\/uploads\/2009\/06\/velocimetro1.jpg","type":"image\/jpeg"}],"author":"usr_blogauto","twitter_misc":{"Escrito por":"usr_blogauto","Tiempo de lectura":"2 minutos"},"schema":{"@context":"https:\/\/schema.org","@graph":[{"@type":"WebPage","@id":"https:\/\/www.blogdelaautoescuela.com\/blog\/sigue-el-debate-por-los-limites-de-velocidad\/","url":"https:\/\/www.blogdelaautoescuela.com\/blog\/sigue-el-debate-por-los-limites-de-velocidad\/","name":"Sigue el debate por los l\u00ed\u00admites de velocidad","isPartOf":{"@id":"https:\/\/www.blogdelaautoescuela.com\/blog\/#website"},"primaryImageOfPage":{"@id":"https:\/\/www.blogdelaautoescuela.com\/blog\/sigue-el-debate-por-los-limites-de-velocidad\/#primaryimage"},"image":{"@id":"https:\/\/www.blogdelaautoescuela.com\/blog\/sigue-el-debate-por-los-limites-de-velocidad\/#primaryimage"},"thumbnailUrl":"https:\/\/www.blogdelaautoescuela.com\/blog\/wp-content\/uploads\/2009\/06\/velocimetro1.jpg","datePublished":"2013-05-29T15:06:46+00:00","author":{"@id":"https:\/\/www.blogdelaautoescuela.com\/blog\/#\/schema\/person\/f209a64ca5dfe74b9acb6317240e792f"},"description":"se ha reunido la Comisi\u00f3n de Seguridad Vial y Movilidad Sostenible y uno de los temas que se abordaron fue la posibilidad de aumentar el l\u00ed\u00admite de velocidad","breadcrumb":{"@id":"https:\/\/www.blogdelaautoescuela.com\/blog\/sigue-el-debate-por-los-limites-de-velocidad\/#breadcrumb"},"inLanguage":"es","potentialAction":[{"@type":"ReadAction","target":["https:\/\/www.blogdelaautoescuela.com\/blog\/sigue-el-debate-por-los-limites-de-velocidad\/"]}]},{"@type":"ImageObject","inLanguage":"es","@id":"https:\/\/www.blogdelaautoescuela.com\/blog\/sigue-el-debate-por-los-limites-de-velocidad\/#primaryimage","url":"https:\/\/www.blogdelaautoescuela.com\/blog\/wp-content\/uploads\/2009\/06\/velocimetro1.jpg","contentUrl":"https:\/\/www.blogdelaautoescuela.com\/blog\/wp-content\/uploads\/2009\/06\/velocimetro1.jpg","width":400,"height":261},{"@type":"BreadcrumbList","@id":"https:\/\/www.blogdelaautoescuela.com\/blog\/sigue-el-debate-por-los-limites-de-velocidad\/#breadcrumb","itemListElement":[{"@type":"ListItem","position":1,"name":"Portada","item":"https:\/\/www.blogdelaautoescuela.com\/blog\/"},{"@type":"ListItem","position":2,"name":"Sigue el debate por los l\u00ed\u00admites de velocidad"}]},{"@type":"WebSite","@id":"https:\/\/www.blogdelaautoescuela.com\/blog\/#website","url":"https:\/\/www.blogdelaautoescuela.com\/blog\/","name":"Blog de la autoescuela","description":"Noticias sobre autoescuelas y seguridad vial","potentialAction":[{"@type":"SearchAction","target":{"@type":"EntryPoint","urlTemplate":"https:\/\/www.blogdelaautoescuela.com\/blog\/?s={search_term_string}"},"query-input":{"@type":"PropertyValueSpecification","valueRequired":true,"valueName":"search_term_string"}}],"inLanguage":"es"},{"@type":"Person","@id":"https:\/\/www.blogdelaautoescuela.com\/blog\/#\/schema\/person\/f209a64ca5dfe74b9acb6317240e792f","name":"usr_blogauto","image":{"@type":"ImageObject","inLanguage":"es","@id":"https:\/\/www.blogdelaautoescuela.com\/blog\/#\/schema\/person\/image\/","url":"https:\/\/secure.gravatar.com\/avatar\/d3939d4ea521ac8421c86d2980321cc9?s=96&d=mm&r=g","contentUrl":"https:\/\/secure.gravatar.com\/avatar\/d3939d4ea521ac8421c86d2980321cc9?s=96&d=mm&r=g","caption":"usr_blogauto"},"description":"Blog dedicado a la conducci\u00f3n, las autoescuelas y la seguridad vial. Est\u00e1 creado por un grupo de profesionales de la formaci\u00f3n vial que comparten inquietudes y experiencias. Aqu\u00ed\u00ad podr\u00e1s encontrar informaci\u00f3n variada sobre el d\u00ed\u00ada a d\u00ed\u00ada de la autoescuela, ex\u00e1menes, test o novedades y consejos para una conducci\u00f3n m\u00e1s segura.","sameAs":["http:\/\/www.blogdelaautoescuela.com\/","https:\/\/www.facebook.com\/blogdelaautoescuela","https:\/\/x.com\/autoescuelas"],"url":"https:\/\/www.blogdelaautoescuela.com\/blog\/author\/usr_blogauto\/"}]}},"jetpack_featured_media_url":"https:\/\/www.blogdelaautoescuela.com\/blog\/wp-content\/uploads\/2009\/06\/velocimetro1.jpg","_links":{"self":[{"href":"https:\/\/www.blogdelaautoescuela.com\/blog\/wp-json\/wp\/v2\/posts\/10848","targetHints":{"allow":["GET"]}}],"collection":[{"href":"https:\/\/www.blogdelaautoescuela.com\/blog\/wp-json\/wp\/v2\/posts"}],"about":[{"href":"https:\/\/www.blogdelaautoescuela.com\/blog\/wp-json\/wp\/v2\/types\/post"}],"author":[{"embeddable":true,"href":"https:\/\/www.blogdelaautoescuela.com\/blog\/wp-json\/wp\/v2\/users\/1"}],"replies":[{"embeddable":true,"href":"https:\/\/www.blogdelaautoescuela.com\/blog\/wp-json\/wp\/v2\/comments?post=10848"}],"version-history":[{"count":0,"href":"https:\/\/www.blogdelaautoescuela.com\/blog\/wp-json\/wp\/v2\/posts\/10848\/revisions"}],"wp:featuredmedia":[{"embeddable":true,"href":"https:\/\/www.blogdelaautoescuela.com\/blog\/wp-json\/wp\/v2\/media\/1315"}],"wp:attachment":[{"href":"https:\/\/www.blogdelaautoescuela.com\/blog\/wp-json\/wp\/v2\/media?parent=10848"}],"wp:term":[{"taxonomy":"category","embeddable":true,"href":"https:\/\/www.blogdelaautoescuela.com\/blog\/wp-json\/wp\/v2\/categories?post=10848"},{"taxonomy":"post_tag","embeddable":true,"href":"https:\/\/www.blogdelaautoescuela.com\/blog\/wp-json\/wp\/v2\/tags?post=10848"}],"curies":[{"name":"wp","href":"https:\/\/api.w.org\/{rel}","templated":true}]}}