
{"id":10826,"date":"2013-05-23T18:13:35","date_gmt":"2013-05-23T16:13:35","guid":{"rendered":"http:\/\/www.blogdelaautoescuela.com\/blog\/?p=10826"},"modified":"2013-05-23T18:13:35","modified_gmt":"2013-05-23T16:13:35","slug":"se-estudiara-subir-la-edad-minima-para-conducir","status":"publish","type":"post","link":"https:\/\/www.blogdelaautoescuela.com\/blog\/se-estudiara-subir-la-edad-minima-para-conducir\/","title":{"rendered":"Se estudiar\u00e1 subir la edad m\u00ed\u00adnima para conducir"},"content":{"rendered":"<p><a href=\"http:\/\/www.blogdelaautoescuela.com\/blog\/wp-content\/uploads\/2009\/10\/accidentes-jovenes.jpg\"><img loading=\"lazy\" decoding=\"async\" class=\"aligncenter size-full wp-image-2254\" alt=\"accidentes jovenes\" src=\"http:\/\/www.blogdelaautoescuela.com\/blog\/wp-content\/uploads\/2009\/10\/accidentes-jovenes.jpg\" width=\"500\" height=\"330\" \/><\/a><\/p>\n<p>Uno de los objetivos que se plantea la <strong>Direcci\u00f3n General de Tr\u00e1fico (DGT)<\/strong> es <strong>reducir la mortalidad entre los conductores m\u00e1s j\u00f3venes<\/strong>, por eso durante la<strong> presentaci\u00f3n del libro \u20ac\u0153Mortalidad de j\u00f3venes en accidentes de tr\u00e1fico&#8221;,<\/strong>\u00a0<strong>Mar\u00ed\u00ada Segu\u00ed\u00ad, la directora de la DGT<\/strong>, anunci\u00f3 que se <em>\u20ac\u0153estudiar\u00e1 subir la edad para conducir o un sistema gradual para que los j\u00f3venes se incorporen de forma escalonada a la conducci\u00f3n\u20ac\u009d<\/em><\/p>\n<p>La directora de la DGT aprovech\u00f3 la prensetaci\u00f3n del l<strong>ibro escrito por Julio Laria del Vals y editado por la Fundaci\u00f3n Mapfre<\/strong>, para recordar que <em>\u20ac\u0153los accidentes de circulaci\u00f3n son la primera causa de muerte entre los j\u00f3venes conductores\u20ac\u009d<\/em>, las tasas de fallecidos en siniestros de tr\u00e1fico siguen siendo superiores etre los conductores mas j\u00f3venes que los del resto de los conductores, de hecho seg\u00fan los datos del autor del libro <em>\u20ac\u0153el \u00ed\u00adndice en los j\u00f3venes alcanza los 55 fallecidos por cada mill\u00f3n de habitantes frente a los 45 de la media nacional\u20ac\u009d.<\/em><\/p>\n<p>Aunque se ha Mar\u00ed\u00ada Segu\u00ed\u00ad ha comentado que se estudiar\u00e1n estas medidas para reducir la siniestralidad de los m\u00e1s j\u00f3venes tambi\u00e9n ha declarado que<strong> estas medidas ahora no son prioritarias<\/strong>.<\/p>\n<p><strong>Julio Laria del Vals<\/strong> reconoce que aunque <em>\u20ac\u0153la siniestralidad ha descendido entre la poblaci\u00f3n m\u00e1s joven, solo el a\u00f1o pasado, un total de 145 j\u00f3venes perdieron la vida en accidente, un 25% menos que el a\u00f1o anterior\u20ac\u0153.<\/em><\/p>\n<p>&nbsp;<\/p>\n","protected":false},"excerpt":{"rendered":"<p>Uno de los objetivos que se plantea la Direcci\u00f3n General de Tr\u00e1fico (DGT) es reducir la mortalidad entre los conductores m\u00e1s j\u00f3venes, por eso durante la presentaci\u00f3n del libro \u20ac\u0153Mortalidad de j\u00f3venes en accidentes de tr\u00e1fico&#8221;,\u00a0Mar\u00ed\u00ada Segu\u00ed\u00ad, la directora de la DGT, anunci\u00f3 que se \u20ac\u0153estudiar\u00e1 subir la edad para conducir o un sistema gradual [&hellip;]<\/p>\n","protected":false},"author":1,"featured_media":2254,"comment_status":"open","ping_status":"closed","sticky":false,"template":"","format":"standard","meta":{"footnotes":"","jetpack_publicize_message":"","jetpack_publicize_feature_enabled":true,"jetpack_social_post_already_shared":false,"jetpack_social_options":{"image_generator_settings":{"template":"highway","enabled":false},"version":2}},"categories":[12,19],"tags":[270,776,1672,1678],"class_list":["post-10826","post","type-post","status-publish","format-standard","has-post-thumbnail","hentry","category-noticias","category-seguridad-vial","tag-carnet-de-conducir","tag-jovenes","tag-noticias","tag-seguridad-vial"],"wppr_data":[],"jetpack_publicize_connections":[],"yoast_head":"<!-- This site is optimized with the Yoast SEO plugin v24.7 - https:\/\/yoast.com\/wordpress\/plugins\/seo\/ -->\n<title>Se estudiar\u00e1 subir la edad m\u00ed\u00adnima para conducir<\/title>\n<meta name=\"description\" content=\"la directora de la DGT, anunci\u00f3 que se estudiar\u00e1 subir la edad para conducir o un sistema gradual para que los j\u00f3venes se incorporen de forma escalonada a la conducci\u00f3n\" \/>\n<meta name=\"robots\" content=\"index, follow, max-snippet:-1, max-image-preview:large, max-video-preview:-1\" \/>\n<link rel=\"canonical\" href=\"https:\/\/www.blogdelaautoescuela.com\/blog\/se-estudiara-subir-la-edad-minima-para-conducir\/\" \/>\n<meta property=\"og:locale\" content=\"es_ES\" \/>\n<meta property=\"og:type\" content=\"article\" \/>\n<meta property=\"og:title\" content=\"Se estudiar\u00e1 subir la edad m\u00ed\u00adnima para conducir\" \/>\n<meta property=\"og:description\" content=\"la directora de la DGT, anunci\u00f3 que se estudiar\u00e1 subir la edad para conducir o un sistema gradual para que los j\u00f3venes se incorporen de forma escalonada a la conducci\u00f3n\" \/>\n<meta property=\"og:url\" content=\"https:\/\/www.blogdelaautoescuela.com\/blog\/se-estudiara-subir-la-edad-minima-para-conducir\/\" \/>\n<meta property=\"og:site_name\" content=\"Blog de la autoescuela\" \/>\n<meta property=\"article:author\" content=\"https:\/\/www.facebook.com\/blogdelaautoescuela\" \/>\n<meta property=\"article:published_time\" content=\"2013-05-23T16:13:35+00:00\" \/>\n<meta property=\"og:image\" content=\"https:\/\/www.blogdelaautoescuela.com\/blog\/wp-content\/uploads\/2009\/10\/accidentes-jovenes1.jpg\" \/>\n\t<meta property=\"og:image:width\" content=\"400\" \/>\n\t<meta property=\"og:image:height\" content=\"267\" \/>\n\t<meta property=\"og:image:type\" content=\"image\/jpeg\" \/>\n<meta name=\"author\" content=\"usr_blogauto\" \/>\n<meta name=\"twitter:label1\" content=\"Escrito por\" \/>\n\t<meta name=\"twitter:data1\" content=\"usr_blogauto\" \/>\n\t<meta name=\"twitter:label2\" content=\"Tiempo de lectura\" \/>\n\t<meta name=\"twitter:data2\" content=\"1 minuto\" \/>\n<script type=\"application\/ld+json\" class=\"yoast-schema-graph\">{\"@context\":\"https:\/\/schema.org\",\"@graph\":[{\"@type\":\"WebPage\",\"@id\":\"https:\/\/www.blogdelaautoescuela.com\/blog\/se-estudiara-subir-la-edad-minima-para-conducir\/\",\"url\":\"https:\/\/www.blogdelaautoescuela.com\/blog\/se-estudiara-subir-la-edad-minima-para-conducir\/\",\"name\":\"Se estudiar\u00e1 subir la edad m\u00ed\u00adnima para conducir\",\"isPartOf\":{\"@id\":\"https:\/\/www.blogdelaautoescuela.com\/blog\/#website\"},\"primaryImageOfPage\":{\"@id\":\"https:\/\/www.blogdelaautoescuela.com\/blog\/se-estudiara-subir-la-edad-minima-para-conducir\/#primaryimage\"},\"image\":{\"@id\":\"https:\/\/www.blogdelaautoescuela.com\/blog\/se-estudiara-subir-la-edad-minima-para-conducir\/#primaryimage\"},\"thumbnailUrl\":\"https:\/\/www.blogdelaautoescuela.com\/blog\/wp-content\/uploads\/2009\/10\/accidentes-jovenes1.jpg\",\"datePublished\":\"2013-05-23T16:13:35+00:00\",\"author\":{\"@id\":\"https:\/\/www.blogdelaautoescuela.com\/blog\/#\/schema\/person\/f209a64ca5dfe74b9acb6317240e792f\"},\"description\":\"la directora de la DGT, anunci\u00f3 que se estudiar\u00e1 subir la edad para conducir o un sistema gradual para que los j\u00f3venes se incorporen de forma escalonada a la conducci\u00f3n\",\"breadcrumb\":{\"@id\":\"https:\/\/www.blogdelaautoescuela.com\/blog\/se-estudiara-subir-la-edad-minima-para-conducir\/#breadcrumb\"},\"inLanguage\":\"es\",\"potentialAction\":[{\"@type\":\"ReadAction\",\"target\":[\"https:\/\/www.blogdelaautoescuela.com\/blog\/se-estudiara-subir-la-edad-minima-para-conducir\/\"]}]},{\"@type\":\"ImageObject\",\"inLanguage\":\"es\",\"@id\":\"https:\/\/www.blogdelaautoescuela.com\/blog\/se-estudiara-subir-la-edad-minima-para-conducir\/#primaryimage\",\"url\":\"https:\/\/www.blogdelaautoescuela.com\/blog\/wp-content\/uploads\/2009\/10\/accidentes-jovenes1.jpg\",\"contentUrl\":\"https:\/\/www.blogdelaautoescuela.com\/blog\/wp-content\/uploads\/2009\/10\/accidentes-jovenes1.jpg\",\"width\":400,\"height\":267},{\"@type\":\"BreadcrumbList\",\"@id\":\"https:\/\/www.blogdelaautoescuela.com\/blog\/se-estudiara-subir-la-edad-minima-para-conducir\/#breadcrumb\",\"itemListElement\":[{\"@type\":\"ListItem\",\"position\":1,\"name\":\"Portada\",\"item\":\"https:\/\/www.blogdelaautoescuela.com\/blog\/\"},{\"@type\":\"ListItem\",\"position\":2,\"name\":\"Se estudiar\u00e1 subir la edad m\u00ed\u00adnima para conducir\"}]},{\"@type\":\"WebSite\",\"@id\":\"https:\/\/www.blogdelaautoescuela.com\/blog\/#website\",\"url\":\"https:\/\/www.blogdelaautoescuela.com\/blog\/\",\"name\":\"Blog de la autoescuela\",\"description\":\"Noticias sobre autoescuelas y seguridad vial\",\"potentialAction\":[{\"@type\":\"SearchAction\",\"target\":{\"@type\":\"EntryPoint\",\"urlTemplate\":\"https:\/\/www.blogdelaautoescuela.com\/blog\/?s={search_term_string}\"},\"query-input\":{\"@type\":\"PropertyValueSpecification\",\"valueRequired\":true,\"valueName\":\"search_term_string\"}}],\"inLanguage\":\"es\"},{\"@type\":\"Person\",\"@id\":\"https:\/\/www.blogdelaautoescuela.com\/blog\/#\/schema\/person\/f209a64ca5dfe74b9acb6317240e792f\",\"name\":\"usr_blogauto\",\"image\":{\"@type\":\"ImageObject\",\"inLanguage\":\"es\",\"@id\":\"https:\/\/www.blogdelaautoescuela.com\/blog\/#\/schema\/person\/image\/\",\"url\":\"https:\/\/secure.gravatar.com\/avatar\/d3939d4ea521ac8421c86d2980321cc9?s=96&d=mm&r=g\",\"contentUrl\":\"https:\/\/secure.gravatar.com\/avatar\/d3939d4ea521ac8421c86d2980321cc9?s=96&d=mm&r=g\",\"caption\":\"usr_blogauto\"},\"description\":\"Blog dedicado a la conducci\u00f3n, las autoescuelas y la seguridad vial. Est\u00e1 creado por un grupo de profesionales de la formaci\u00f3n vial que comparten inquietudes y experiencias. Aqu\u00ed\u00ad podr\u00e1s encontrar informaci\u00f3n variada sobre el d\u00ed\u00ada a d\u00ed\u00ada de la autoescuela, ex\u00e1menes, test o novedades y consejos para una conducci\u00f3n m\u00e1s segura.\",\"sameAs\":[\"http:\/\/www.blogdelaautoescuela.com\/\",\"https:\/\/www.facebook.com\/blogdelaautoescuela\",\"https:\/\/x.com\/autoescuelas\"],\"url\":\"https:\/\/www.blogdelaautoescuela.com\/blog\/author\/usr_blogauto\/\"}]}<\/script>\n<!-- \/ Yoast SEO plugin. -->","yoast_head_json":{"title":"Se estudiar\u00e1 subir la edad m\u00ed\u00adnima para conducir","description":"la directora de la DGT, anunci\u00f3 que se estudiar\u00e1 subir la edad para conducir o un sistema gradual para que los j\u00f3venes se incorporen de forma escalonada a la conducci\u00f3n","robots":{"index":"index","follow":"follow","max-snippet":"max-snippet:-1","max-image-preview":"max-image-preview:large","max-video-preview":"max-video-preview:-1"},"canonical":"https:\/\/www.blogdelaautoescuela.com\/blog\/se-estudiara-subir-la-edad-minima-para-conducir\/","og_locale":"es_ES","og_type":"article","og_title":"Se estudiar\u00e1 subir la edad m\u00ed\u00adnima para conducir","og_description":"la directora de la DGT, anunci\u00f3 que se estudiar\u00e1 subir la edad para conducir o un sistema gradual para que los j\u00f3venes se incorporen de forma escalonada a la conducci\u00f3n","og_url":"https:\/\/www.blogdelaautoescuela.com\/blog\/se-estudiara-subir-la-edad-minima-para-conducir\/","og_site_name":"Blog de la autoescuela","article_author":"https:\/\/www.facebook.com\/blogdelaautoescuela","article_published_time":"2013-05-23T16:13:35+00:00","og_image":[{"width":400,"height":267,"url":"https:\/\/www.blogdelaautoescuela.com\/blog\/wp-content\/uploads\/2009\/10\/accidentes-jovenes1.jpg","type":"image\/jpeg"}],"author":"usr_blogauto","twitter_misc":{"Escrito por":"usr_blogauto","Tiempo de lectura":"1 minuto"},"schema":{"@context":"https:\/\/schema.org","@graph":[{"@type":"WebPage","@id":"https:\/\/www.blogdelaautoescuela.com\/blog\/se-estudiara-subir-la-edad-minima-para-conducir\/","url":"https:\/\/www.blogdelaautoescuela.com\/blog\/se-estudiara-subir-la-edad-minima-para-conducir\/","name":"Se estudiar\u00e1 subir la edad m\u00ed\u00adnima para conducir","isPartOf":{"@id":"https:\/\/www.blogdelaautoescuela.com\/blog\/#website"},"primaryImageOfPage":{"@id":"https:\/\/www.blogdelaautoescuela.com\/blog\/se-estudiara-subir-la-edad-minima-para-conducir\/#primaryimage"},"image":{"@id":"https:\/\/www.blogdelaautoescuela.com\/blog\/se-estudiara-subir-la-edad-minima-para-conducir\/#primaryimage"},"thumbnailUrl":"https:\/\/www.blogdelaautoescuela.com\/blog\/wp-content\/uploads\/2009\/10\/accidentes-jovenes1.jpg","datePublished":"2013-05-23T16:13:35+00:00","author":{"@id":"https:\/\/www.blogdelaautoescuela.com\/blog\/#\/schema\/person\/f209a64ca5dfe74b9acb6317240e792f"},"description":"la directora de la DGT, anunci\u00f3 que se estudiar\u00e1 subir la edad para conducir o un sistema gradual para que los j\u00f3venes se incorporen de forma escalonada a la conducci\u00f3n","breadcrumb":{"@id":"https:\/\/www.blogdelaautoescuela.com\/blog\/se-estudiara-subir-la-edad-minima-para-conducir\/#breadcrumb"},"inLanguage":"es","potentialAction":[{"@type":"ReadAction","target":["https:\/\/www.blogdelaautoescuela.com\/blog\/se-estudiara-subir-la-edad-minima-para-conducir\/"]}]},{"@type":"ImageObject","inLanguage":"es","@id":"https:\/\/www.blogdelaautoescuela.com\/blog\/se-estudiara-subir-la-edad-minima-para-conducir\/#primaryimage","url":"https:\/\/www.blogdelaautoescuela.com\/blog\/wp-content\/uploads\/2009\/10\/accidentes-jovenes1.jpg","contentUrl":"https:\/\/www.blogdelaautoescuela.com\/blog\/wp-content\/uploads\/2009\/10\/accidentes-jovenes1.jpg","width":400,"height":267},{"@type":"BreadcrumbList","@id":"https:\/\/www.blogdelaautoescuela.com\/blog\/se-estudiara-subir-la-edad-minima-para-conducir\/#breadcrumb","itemListElement":[{"@type":"ListItem","position":1,"name":"Portada","item":"https:\/\/www.blogdelaautoescuela.com\/blog\/"},{"@type":"ListItem","position":2,"name":"Se estudiar\u00e1 subir la edad m\u00ed\u00adnima para conducir"}]},{"@type":"WebSite","@id":"https:\/\/www.blogdelaautoescuela.com\/blog\/#website","url":"https:\/\/www.blogdelaautoescuela.com\/blog\/","name":"Blog de la autoescuela","description":"Noticias sobre autoescuelas y seguridad vial","potentialAction":[{"@type":"SearchAction","target":{"@type":"EntryPoint","urlTemplate":"https:\/\/www.blogdelaautoescuela.com\/blog\/?s={search_term_string}"},"query-input":{"@type":"PropertyValueSpecification","valueRequired":true,"valueName":"search_term_string"}}],"inLanguage":"es"},{"@type":"Person","@id":"https:\/\/www.blogdelaautoescuela.com\/blog\/#\/schema\/person\/f209a64ca5dfe74b9acb6317240e792f","name":"usr_blogauto","image":{"@type":"ImageObject","inLanguage":"es","@id":"https:\/\/www.blogdelaautoescuela.com\/blog\/#\/schema\/person\/image\/","url":"https:\/\/secure.gravatar.com\/avatar\/d3939d4ea521ac8421c86d2980321cc9?s=96&d=mm&r=g","contentUrl":"https:\/\/secure.gravatar.com\/avatar\/d3939d4ea521ac8421c86d2980321cc9?s=96&d=mm&r=g","caption":"usr_blogauto"},"description":"Blog dedicado a la conducci\u00f3n, las autoescuelas y la seguridad vial. Est\u00e1 creado por un grupo de profesionales de la formaci\u00f3n vial que comparten inquietudes y experiencias. Aqu\u00ed\u00ad podr\u00e1s encontrar informaci\u00f3n variada sobre el d\u00ed\u00ada a d\u00ed\u00ada de la autoescuela, ex\u00e1menes, test o novedades y consejos para una conducci\u00f3n m\u00e1s segura.","sameAs":["http:\/\/www.blogdelaautoescuela.com\/","https:\/\/www.facebook.com\/blogdelaautoescuela","https:\/\/x.com\/autoescuelas"],"url":"https:\/\/www.blogdelaautoescuela.com\/blog\/author\/usr_blogauto\/"}]}},"jetpack_featured_media_url":"https:\/\/www.blogdelaautoescuela.com\/blog\/wp-content\/uploads\/2009\/10\/accidentes-jovenes1.jpg","_links":{"self":[{"href":"https:\/\/www.blogdelaautoescuela.com\/blog\/wp-json\/wp\/v2\/posts\/10826","targetHints":{"allow":["GET"]}}],"collection":[{"href":"https:\/\/www.blogdelaautoescuela.com\/blog\/wp-json\/wp\/v2\/posts"}],"about":[{"href":"https:\/\/www.blogdelaautoescuela.com\/blog\/wp-json\/wp\/v2\/types\/post"}],"author":[{"embeddable":true,"href":"https:\/\/www.blogdelaautoescuela.com\/blog\/wp-json\/wp\/v2\/users\/1"}],"replies":[{"embeddable":true,"href":"https:\/\/www.blogdelaautoescuela.com\/blog\/wp-json\/wp\/v2\/comments?post=10826"}],"version-history":[{"count":0,"href":"https:\/\/www.blogdelaautoescuela.com\/blog\/wp-json\/wp\/v2\/posts\/10826\/revisions"}],"wp:featuredmedia":[{"embeddable":true,"href":"https:\/\/www.blogdelaautoescuela.com\/blog\/wp-json\/wp\/v2\/media\/2254"}],"wp:attachment":[{"href":"https:\/\/www.blogdelaautoescuela.com\/blog\/wp-json\/wp\/v2\/media?parent=10826"}],"wp:term":[{"taxonomy":"category","embeddable":true,"href":"https:\/\/www.blogdelaautoescuela.com\/blog\/wp-json\/wp\/v2\/categories?post=10826"},{"taxonomy":"post_tag","embeddable":true,"href":"https:\/\/www.blogdelaautoescuela.com\/blog\/wp-json\/wp\/v2\/tags?post=10826"}],"curies":[{"name":"wp","href":"https:\/\/api.w.org\/{rel}","templated":true}]}}