
{"id":10807,"date":"2013-05-17T18:20:24","date_gmt":"2013-05-17T16:20:24","guid":{"rendered":"http:\/\/www.blogdelaautoescuela.com\/blog\/?p=10807"},"modified":"2013-05-17T18:20:24","modified_gmt":"2013-05-17T16:20:24","slug":"video-de-seguridad-vial-como-nos-debemos-comportar-cuando-damos-un-paseo-en-bici","status":"publish","type":"post","link":"https:\/\/www.blogdelaautoescuela.com\/blog\/video-de-seguridad-vial-como-nos-debemos-comportar-cuando-damos-un-paseo-en-bici\/","title":{"rendered":"Video de Seguridad Vial: como nos debemos comportar cuando damos un paseo en bici."},"content":{"rendered":"<p><object width=\"500\" height=\"281\"><param name=\"movie\" value=\"http:\/\/www.youtube.com\/v\/7V73iK-TEWk?version=3&amp;hl=es_ES&amp;rel=0\"><\/param><param name=\"allowFullScreen\" value=\"true\"><\/param><param name=\"allowscriptaccess\" value=\"always\"><\/param><\/object><\/p>\n<p>Hoy quiero compartir con vosotros un <strong>video de Educaci\u00f3n Vial para bicicletas<\/strong> realizado por el programa <strong>Escuela Segura<\/strong>, del <strong>Instituto de Seguridad y Educaci\u00f3n Vial (ISEV) de Argentina.<\/strong><\/p>\n<p>Todos conocemos las normas de seguridad y de circulaci\u00f3n, y sabemos que desatenderlas tiene consecuencias. Sin embargo, la sociedad se ha acostumbrado a infringirlas una y otra vez: cruzar por la mitad de la calle, viajar sin el cintur\u00f3n de seguridad abrochado, andar en bicicleta sin casco o cruzar en rojo cuando no vienen autos son conductas instaladas en muchas personas.<\/p>\n<p>El objetivo de este video es <strong>transformar las conductas imprudentes de peatones y conductores en h\u00e1bitos y actitudes seguras,<\/strong> y para ello Kevin, el protagonista del video, nos ense\u00f1a<strong> c\u00f3mo nos debemos comportar cuando damos un paseo en bici.<\/strong><\/p>\n<p>Kevin nos ense\u00f1a desde c\u00f3mo debemos comprobar el estado de la bici, hasta la importancia de utilizar el casco o el uso de ropa de colores claros para que nos vean el resto de usuarios de la v\u00ed\u00ada, nos recuerda que debemos circular siempre por la derecha, lo m\u00e1s pegados posibles al arc\u00e9n y tambi\u00e9n nos refreca la memoria sobre c\u00f3mo indicar que vamos a girar.<\/p>\n<p>Recuerda <strong>tambi\u00e9n que en la bici tambi\u00e9n hay que respetar todas las normas y se\u00f1ales de circulaci\u00f3n<\/strong>, sobre todo los sem\u00e1foros.<\/p>\n","protected":false},"excerpt":{"rendered":"<p>Hoy quiero compartir con vosotros un video de Educaci\u00f3n Vial para bicicletas realizado por el programa Escuela Segura, del Instituto de Seguridad y Educaci\u00f3n Vial (ISEV) de Argentina. Todos conocemos las normas de seguridad y de circulaci\u00f3n, y sabemos que desatenderlas tiene consecuencias. Sin embargo, la sociedad se ha acostumbrado a infringirlas una y otra [&hellip;]<\/p>\n","protected":false},"author":1,"featured_media":0,"comment_status":"open","ping_status":"closed","sticky":false,"template":"","format":"standard","meta":{"footnotes":"","jetpack_publicize_message":"","jetpack_publicize_feature_enabled":true,"jetpack_social_post_already_shared":false,"jetpack_social_options":{"image_generator_settings":{"template":"highway","enabled":false},"version":2}},"categories":[19],"tags":[527,1165,1678,1372],"class_list":["post-10807","post","type-post","status-publish","format-standard","hentry","category-seguridad-vial","tag-educacion-vial","tag-seguridad-infantil","tag-seguridad-vial","tag-video"],"wppr_data":[],"jetpack_publicize_connections":[],"yoast_head":"<!-- This site is optimized with the Yoast SEO plugin v24.7 - https:\/\/yoast.com\/wordpress\/plugins\/seo\/ -->\n<title>Video de Seguridad Vial: como nos debemos comportar cuando damos un paseo en bici.<\/title>\n<meta name=\"robots\" content=\"index, follow, max-snippet:-1, max-image-preview:large, max-video-preview:-1\" \/>\n<link rel=\"canonical\" href=\"https:\/\/www.blogdelaautoescuela.com\/blog\/video-de-seguridad-vial-como-nos-debemos-comportar-cuando-damos-un-paseo-en-bici\/\" \/>\n<meta property=\"og:locale\" content=\"es_ES\" \/>\n<meta property=\"og:type\" content=\"article\" \/>\n<meta property=\"og:title\" content=\"Video de Seguridad Vial: como nos debemos comportar cuando damos un paseo en bici.\" \/>\n<meta property=\"og:description\" content=\"Hoy quiero compartir con vosotros un video de Educaci\u00f3n Vial para bicicletas realizado por el programa Escuela Segura, del Instituto de Seguridad y Educaci\u00f3n Vial (ISEV) de Argentina. Todos conocemos las normas de seguridad y de circulaci\u00f3n, y sabemos que desatenderlas tiene consecuencias. Sin embargo, la sociedad se ha acostumbrado a infringirlas una y otra [&hellip;]\" \/>\n<meta property=\"og:url\" content=\"https:\/\/www.blogdelaautoescuela.com\/blog\/video-de-seguridad-vial-como-nos-debemos-comportar-cuando-damos-un-paseo-en-bici\/\" \/>\n<meta property=\"og:site_name\" content=\"Blog de la autoescuela\" \/>\n<meta property=\"article:author\" content=\"https:\/\/www.facebook.com\/blogdelaautoescuela\" \/>\n<meta property=\"article:published_time\" content=\"2013-05-17T16:20:24+00:00\" \/>\n<meta name=\"author\" content=\"usr_blogauto\" \/>\n<meta name=\"twitter:label1\" content=\"Escrito por\" \/>\n\t<meta name=\"twitter:data1\" content=\"usr_blogauto\" \/>\n\t<meta name=\"twitter:label2\" content=\"Tiempo de lectura\" \/>\n\t<meta name=\"twitter:data2\" content=\"1 minuto\" \/>\n<script type=\"application\/ld+json\" class=\"yoast-schema-graph\">{\"@context\":\"https:\/\/schema.org\",\"@graph\":[{\"@type\":\"WebPage\",\"@id\":\"https:\/\/www.blogdelaautoescuela.com\/blog\/video-de-seguridad-vial-como-nos-debemos-comportar-cuando-damos-un-paseo-en-bici\/\",\"url\":\"https:\/\/www.blogdelaautoescuela.com\/blog\/video-de-seguridad-vial-como-nos-debemos-comportar-cuando-damos-un-paseo-en-bici\/\",\"name\":\"Video de Seguridad Vial: como nos debemos comportar cuando damos un paseo en bici.\",\"isPartOf\":{\"@id\":\"https:\/\/www.blogdelaautoescuela.com\/blog\/#website\"},\"datePublished\":\"2013-05-17T16:20:24+00:00\",\"author\":{\"@id\":\"https:\/\/www.blogdelaautoescuela.com\/blog\/#\/schema\/person\/f209a64ca5dfe74b9acb6317240e792f\"},\"breadcrumb\":{\"@id\":\"https:\/\/www.blogdelaautoescuela.com\/blog\/video-de-seguridad-vial-como-nos-debemos-comportar-cuando-damos-un-paseo-en-bici\/#breadcrumb\"},\"inLanguage\":\"es\",\"potentialAction\":[{\"@type\":\"ReadAction\",\"target\":[\"https:\/\/www.blogdelaautoescuela.com\/blog\/video-de-seguridad-vial-como-nos-debemos-comportar-cuando-damos-un-paseo-en-bici\/\"]}]},{\"@type\":\"BreadcrumbList\",\"@id\":\"https:\/\/www.blogdelaautoescuela.com\/blog\/video-de-seguridad-vial-como-nos-debemos-comportar-cuando-damos-un-paseo-en-bici\/#breadcrumb\",\"itemListElement\":[{\"@type\":\"ListItem\",\"position\":1,\"name\":\"Portada\",\"item\":\"https:\/\/www.blogdelaautoescuela.com\/blog\/\"},{\"@type\":\"ListItem\",\"position\":2,\"name\":\"Video de Seguridad Vial: como nos debemos comportar cuando damos un paseo en bici.\"}]},{\"@type\":\"WebSite\",\"@id\":\"https:\/\/www.blogdelaautoescuela.com\/blog\/#website\",\"url\":\"https:\/\/www.blogdelaautoescuela.com\/blog\/\",\"name\":\"Blog de la autoescuela\",\"description\":\"Noticias sobre autoescuelas y seguridad vial\",\"potentialAction\":[{\"@type\":\"SearchAction\",\"target\":{\"@type\":\"EntryPoint\",\"urlTemplate\":\"https:\/\/www.blogdelaautoescuela.com\/blog\/?s={search_term_string}\"},\"query-input\":{\"@type\":\"PropertyValueSpecification\",\"valueRequired\":true,\"valueName\":\"search_term_string\"}}],\"inLanguage\":\"es\"},{\"@type\":\"Person\",\"@id\":\"https:\/\/www.blogdelaautoescuela.com\/blog\/#\/schema\/person\/f209a64ca5dfe74b9acb6317240e792f\",\"name\":\"usr_blogauto\",\"image\":{\"@type\":\"ImageObject\",\"inLanguage\":\"es\",\"@id\":\"https:\/\/www.blogdelaautoescuela.com\/blog\/#\/schema\/person\/image\/\",\"url\":\"https:\/\/secure.gravatar.com\/avatar\/d3939d4ea521ac8421c86d2980321cc9?s=96&d=mm&r=g\",\"contentUrl\":\"https:\/\/secure.gravatar.com\/avatar\/d3939d4ea521ac8421c86d2980321cc9?s=96&d=mm&r=g\",\"caption\":\"usr_blogauto\"},\"description\":\"Blog dedicado a la conducci\u00f3n, las autoescuelas y la seguridad vial. Est\u00e1 creado por un grupo de profesionales de la formaci\u00f3n vial que comparten inquietudes y experiencias. Aqu\u00ed\u00ad podr\u00e1s encontrar informaci\u00f3n variada sobre el d\u00ed\u00ada a d\u00ed\u00ada de la autoescuela, ex\u00e1menes, test o novedades y consejos para una conducci\u00f3n m\u00e1s segura.\",\"sameAs\":[\"http:\/\/www.blogdelaautoescuela.com\/\",\"https:\/\/www.facebook.com\/blogdelaautoescuela\",\"https:\/\/x.com\/autoescuelas\"],\"url\":\"https:\/\/www.blogdelaautoescuela.com\/blog\/author\/usr_blogauto\/\"}]}<\/script>\n<!-- \/ Yoast SEO plugin. -->","yoast_head_json":{"title":"Video de Seguridad Vial: como nos debemos comportar cuando damos un paseo en bici.","robots":{"index":"index","follow":"follow","max-snippet":"max-snippet:-1","max-image-preview":"max-image-preview:large","max-video-preview":"max-video-preview:-1"},"canonical":"https:\/\/www.blogdelaautoescuela.com\/blog\/video-de-seguridad-vial-como-nos-debemos-comportar-cuando-damos-un-paseo-en-bici\/","og_locale":"es_ES","og_type":"article","og_title":"Video de Seguridad Vial: como nos debemos comportar cuando damos un paseo en bici.","og_description":"Hoy quiero compartir con vosotros un video de Educaci\u00f3n Vial para bicicletas realizado por el programa Escuela Segura, del Instituto de Seguridad y Educaci\u00f3n Vial (ISEV) de Argentina. Todos conocemos las normas de seguridad y de circulaci\u00f3n, y sabemos que desatenderlas tiene consecuencias. Sin embargo, la sociedad se ha acostumbrado a infringirlas una y otra [&hellip;]","og_url":"https:\/\/www.blogdelaautoescuela.com\/blog\/video-de-seguridad-vial-como-nos-debemos-comportar-cuando-damos-un-paseo-en-bici\/","og_site_name":"Blog de la autoescuela","article_author":"https:\/\/www.facebook.com\/blogdelaautoescuela","article_published_time":"2013-05-17T16:20:24+00:00","author":"usr_blogauto","twitter_misc":{"Escrito por":"usr_blogauto","Tiempo de lectura":"1 minuto"},"schema":{"@context":"https:\/\/schema.org","@graph":[{"@type":"WebPage","@id":"https:\/\/www.blogdelaautoescuela.com\/blog\/video-de-seguridad-vial-como-nos-debemos-comportar-cuando-damos-un-paseo-en-bici\/","url":"https:\/\/www.blogdelaautoescuela.com\/blog\/video-de-seguridad-vial-como-nos-debemos-comportar-cuando-damos-un-paseo-en-bici\/","name":"Video de Seguridad Vial: como nos debemos comportar cuando damos un paseo en bici.","isPartOf":{"@id":"https:\/\/www.blogdelaautoescuela.com\/blog\/#website"},"datePublished":"2013-05-17T16:20:24+00:00","author":{"@id":"https:\/\/www.blogdelaautoescuela.com\/blog\/#\/schema\/person\/f209a64ca5dfe74b9acb6317240e792f"},"breadcrumb":{"@id":"https:\/\/www.blogdelaautoescuela.com\/blog\/video-de-seguridad-vial-como-nos-debemos-comportar-cuando-damos-un-paseo-en-bici\/#breadcrumb"},"inLanguage":"es","potentialAction":[{"@type":"ReadAction","target":["https:\/\/www.blogdelaautoescuela.com\/blog\/video-de-seguridad-vial-como-nos-debemos-comportar-cuando-damos-un-paseo-en-bici\/"]}]},{"@type":"BreadcrumbList","@id":"https:\/\/www.blogdelaautoescuela.com\/blog\/video-de-seguridad-vial-como-nos-debemos-comportar-cuando-damos-un-paseo-en-bici\/#breadcrumb","itemListElement":[{"@type":"ListItem","position":1,"name":"Portada","item":"https:\/\/www.blogdelaautoescuela.com\/blog\/"},{"@type":"ListItem","position":2,"name":"Video de Seguridad Vial: como nos debemos comportar cuando damos un paseo en bici."}]},{"@type":"WebSite","@id":"https:\/\/www.blogdelaautoescuela.com\/blog\/#website","url":"https:\/\/www.blogdelaautoescuela.com\/blog\/","name":"Blog de la autoescuela","description":"Noticias sobre autoescuelas y seguridad vial","potentialAction":[{"@type":"SearchAction","target":{"@type":"EntryPoint","urlTemplate":"https:\/\/www.blogdelaautoescuela.com\/blog\/?s={search_term_string}"},"query-input":{"@type":"PropertyValueSpecification","valueRequired":true,"valueName":"search_term_string"}}],"inLanguage":"es"},{"@type":"Person","@id":"https:\/\/www.blogdelaautoescuela.com\/blog\/#\/schema\/person\/f209a64ca5dfe74b9acb6317240e792f","name":"usr_blogauto","image":{"@type":"ImageObject","inLanguage":"es","@id":"https:\/\/www.blogdelaautoescuela.com\/blog\/#\/schema\/person\/image\/","url":"https:\/\/secure.gravatar.com\/avatar\/d3939d4ea521ac8421c86d2980321cc9?s=96&d=mm&r=g","contentUrl":"https:\/\/secure.gravatar.com\/avatar\/d3939d4ea521ac8421c86d2980321cc9?s=96&d=mm&r=g","caption":"usr_blogauto"},"description":"Blog dedicado a la conducci\u00f3n, las autoescuelas y la seguridad vial. Est\u00e1 creado por un grupo de profesionales de la formaci\u00f3n vial que comparten inquietudes y experiencias. Aqu\u00ed\u00ad podr\u00e1s encontrar informaci\u00f3n variada sobre el d\u00ed\u00ada a d\u00ed\u00ada de la autoescuela, ex\u00e1menes, test o novedades y consejos para una conducci\u00f3n m\u00e1s segura.","sameAs":["http:\/\/www.blogdelaautoescuela.com\/","https:\/\/www.facebook.com\/blogdelaautoescuela","https:\/\/x.com\/autoescuelas"],"url":"https:\/\/www.blogdelaautoescuela.com\/blog\/author\/usr_blogauto\/"}]}},"jetpack_featured_media_url":"","_links":{"self":[{"href":"https:\/\/www.blogdelaautoescuela.com\/blog\/wp-json\/wp\/v2\/posts\/10807","targetHints":{"allow":["GET"]}}],"collection":[{"href":"https:\/\/www.blogdelaautoescuela.com\/blog\/wp-json\/wp\/v2\/posts"}],"about":[{"href":"https:\/\/www.blogdelaautoescuela.com\/blog\/wp-json\/wp\/v2\/types\/post"}],"author":[{"embeddable":true,"href":"https:\/\/www.blogdelaautoescuela.com\/blog\/wp-json\/wp\/v2\/users\/1"}],"replies":[{"embeddable":true,"href":"https:\/\/www.blogdelaautoescuela.com\/blog\/wp-json\/wp\/v2\/comments?post=10807"}],"version-history":[{"count":0,"href":"https:\/\/www.blogdelaautoescuela.com\/blog\/wp-json\/wp\/v2\/posts\/10807\/revisions"}],"wp:attachment":[{"href":"https:\/\/www.blogdelaautoescuela.com\/blog\/wp-json\/wp\/v2\/media?parent=10807"}],"wp:term":[{"taxonomy":"category","embeddable":true,"href":"https:\/\/www.blogdelaautoescuela.com\/blog\/wp-json\/wp\/v2\/categories?post=10807"},{"taxonomy":"post_tag","embeddable":true,"href":"https:\/\/www.blogdelaautoescuela.com\/blog\/wp-json\/wp\/v2\/tags?post=10807"}],"curies":[{"name":"wp","href":"https:\/\/api.w.org\/{rel}","templated":true}]}}