
{"id":10783,"date":"2013-05-09T17:49:24","date_gmt":"2013-05-09T15:49:24","guid":{"rendered":"http:\/\/www.blogdelaautoescuela.com\/blog\/?p=10783"},"modified":"2013-05-09T17:49:24","modified_gmt":"2013-05-09T15:49:24","slug":"la-ii-semana-mundial-de-la-seguridad-vial-de-la-seguridad-vial-se-centra-en-la-prevencion-de-atropellos","status":"publish","type":"post","link":"https:\/\/www.blogdelaautoescuela.com\/blog\/la-ii-semana-mundial-de-la-seguridad-vial-de-la-seguridad-vial-se-centra-en-la-prevencion-de-atropellos\/","title":{"rendered":"La II Semana Mundial de la Seguridad Vial de la Seguridad Vial se centra en la prevenci\u00f3n de atropellos"},"content":{"rendered":"<p><a href=\"http:\/\/www.blogdelaautoescuela.com\/blog\/wp-content\/uploads\/2009\/02\/ninos-peatones.jpg\"><img loading=\"lazy\" decoding=\"async\" class=\"aligncenter size-full wp-image-486\" alt=\"ninos-peatones\" src=\"http:\/\/www.blogdelaautoescuela.com\/blog\/wp-content\/uploads\/2009\/02\/ninos-peatones.jpg\" width=\"500\" height=\"340\" \/><\/a><\/p>\n<p>Esta semana, desde el 6 de mayo, se est\u00e1 celebrando<strong> II Semana Mundial de la Seguridad Vial de la Seguridad Vial<\/strong>, una inciativa de la Organizaci\u00f3n de las Naciones Unidadas, que en esta ocasi\u00f3n se centra en la <strong>prevenci\u00f3n de atropellos.<\/strong><\/p>\n<p>Para <strong>evitar los atropellos<\/strong> es fundamental que se impliquen tanto <strong>peatones<\/strong> como <strong>conductores<\/strong>, en la mayor\u00ed\u00ada de las ocasiones los atropellos se producen en los n\u00facleos urbanos y se deben a que los movimientos de los peatones son resultan m\u00e1s impredecibles que los del resto de usuarios de la v\u00ed\u00ada, y si a eso se suma que <strong>casi el 70% de los peatones atropellados han cometido alguna infracci\u00f3n de tr\u00e1fico,<\/strong> y alrededor del 30% de los peatones atropellados presentaban alcohol en sangre, el resultado es una bomba de relojer\u00ed\u00ada.<\/p>\n<p>Entre las <strong>infracciones m\u00e1s habituales de los peatones<\/strong> se encuentran irrumpir en la v\u00ed\u00ada de forma inesperada, cruzar la calzada sin mirar primero o bajar de un veh\u00ed\u00adculo cuando se aproxima otro, no andar correctamente por las calzadas\u00a0 y arcenes (el peat\u00f3n ha de ir por la izquierda, o sea, de cara y no de espaldas a los veh\u00ed\u00adculos que transitan), no utilizar los pasos para peatones o no respetar los sem\u00e1foros, y esperar en la calzada a otras personas o la llegada del autob\u00fas.<\/p>\n<p>Aunque los peatones no son los \u00fanicos que comenten infracciones que pueden acabar en un atropello.<\/p>\n<p>Para evitar los atropellos la <strong>Confederaci\u00f3n Nacional de Autoescuelas (CNAE)<\/strong> ha hecho una serie de recomendaciones a los conductores.<\/p>\n<p><strong><span style=\"color: #99cc00;\">Recomendaciones a los conductores para evitar atropellos:<\/span><\/strong><\/p>\n<ul>\n<li>Moderar la velocidad, especialmente en la ciudad, por encima de 50 km\/h, la probabilidad de muerte de un peat\u00f3n atropellado supera el 80%.<\/li>\n<li>Prestar especial atenci\u00f3n si el veh\u00ed\u00adculo que precede se detiene, pues es probable que bajen peatones sin fijarse.<\/li>\n<li>Mostrar cautela ante los peatones que transiten por v\u00ed\u00adas hablando por el tel\u00e9fono m\u00f3vil, ya que la falta de atenci\u00f3n puede llevarles a irrumpir en la calzada<\/li>\n<li>Aumentar la precauci\u00f3n en el verano y durante los periodos vacacionales porque hay m\u00e1s peatones y \u00e9stos se mueven de un modo m\u00e1s despreocupado.<\/li>\n<li>Prestar atenci\u00f3n a la salida de los garajes<\/li>\n<li>Reducir la velocidad al aproximarse a un autob\u00fas parado, especialmente si es de transporte escolar<\/li>\n<li>Moderar la velocidad ante la proximidad de pasos para peatones<\/li>\n<li>Aumentar el nivel de atenci\u00f3n cuando las condiciones meteorol\u00f3gicas son adversas<\/li>\n<li>No hacer se\u00f1ales para que los peatones crucen la calzada<\/li>\n<li>Extremar el cuidado al circular marcha atr\u00e1s<\/li>\n<li>No estacionar encima de la acera.<\/li>\n<\/ul>\n<p>&nbsp;<\/p>\n<p>&nbsp;<\/p>\n","protected":false},"excerpt":{"rendered":"<p>Esta semana, desde el 6 de mayo, se est\u00e1 celebrando II Semana Mundial de la Seguridad Vial de la Seguridad Vial, una inciativa de la Organizaci\u00f3n de las Naciones Unidadas, que en esta ocasi\u00f3n se centra en la prevenci\u00f3n de atropellos. Para evitar los atropellos es fundamental que se impliquen tanto peatones como conductores, en [&hellip;]<\/p>\n","protected":false},"author":1,"featured_media":486,"comment_status":"open","ping_status":"closed","sticky":false,"template":"","format":"standard","meta":{"footnotes":"","jetpack_publicize_message":"","jetpack_publicize_feature_enabled":true,"jetpack_social_post_already_shared":false,"jetpack_social_options":{"image_generator_settings":{"template":"highway","enabled":false},"version":2}},"categories":[12,19],"tags":[152,1672,984,1678],"class_list":["post-10783","post","type-post","status-publish","format-standard","has-post-thumbnail","hentry","category-noticias","category-seguridad-vial","tag-atropellos","tag-noticias","tag-peaton","tag-seguridad-vial"],"wppr_data":[],"jetpack_publicize_connections":[],"yoast_head":"<!-- This site is optimized with the Yoast SEO plugin v24.7 - https:\/\/yoast.com\/wordpress\/plugins\/seo\/ -->\n<title>La II Semana Mundial de la Seguridad Vial de la Seguridad Vial se centra en la prevenci\u00f3n de atropellos<\/title>\n<meta name=\"description\" content=\"se est\u00e1 celebrando II Semana Mundial de la Seguridad Vial de la Seguridad Vial, una inciativa de la ONU que en esta ocasi\u00f3n se centra en la prevenci\u00f3n de atropellos\" \/>\n<meta name=\"robots\" content=\"index, follow, max-snippet:-1, max-image-preview:large, max-video-preview:-1\" \/>\n<link rel=\"canonical\" href=\"https:\/\/www.blogdelaautoescuela.com\/blog\/la-ii-semana-mundial-de-la-seguridad-vial-de-la-seguridad-vial-se-centra-en-la-prevencion-de-atropellos\/\" \/>\n<meta property=\"og:locale\" content=\"es_ES\" \/>\n<meta property=\"og:type\" content=\"article\" \/>\n<meta property=\"og:title\" content=\"La II Semana Mundial de la Seguridad Vial de la Seguridad Vial se centra en la prevenci\u00f3n de atropellos\" \/>\n<meta property=\"og:description\" content=\"se est\u00e1 celebrando II Semana Mundial de la Seguridad Vial de la Seguridad Vial, una inciativa de la ONU que en esta ocasi\u00f3n se centra en la prevenci\u00f3n de atropellos\" \/>\n<meta property=\"og:url\" content=\"https:\/\/www.blogdelaautoescuela.com\/blog\/la-ii-semana-mundial-de-la-seguridad-vial-de-la-seguridad-vial-se-centra-en-la-prevencion-de-atropellos\/\" \/>\n<meta property=\"og:site_name\" content=\"Blog de la autoescuela\" \/>\n<meta property=\"article:author\" content=\"https:\/\/www.facebook.com\/blogdelaautoescuela\" \/>\n<meta property=\"article:published_time\" content=\"2013-05-09T15:49:24+00:00\" \/>\n<meta property=\"og:image\" content=\"https:\/\/www.blogdelaautoescuela.com\/blog\/wp-content\/uploads\/2009\/02\/ninos-peatones1.jpg\" \/>\n\t<meta property=\"og:image:width\" content=\"300\" \/>\n\t<meta property=\"og:image:height\" content=\"225\" \/>\n\t<meta property=\"og:image:type\" content=\"image\/jpeg\" \/>\n<meta name=\"author\" content=\"usr_blogauto\" \/>\n<meta name=\"twitter:label1\" content=\"Escrito por\" \/>\n\t<meta name=\"twitter:data1\" content=\"usr_blogauto\" \/>\n\t<meta name=\"twitter:label2\" content=\"Tiempo de lectura\" \/>\n\t<meta name=\"twitter:data2\" content=\"2 minutos\" \/>\n<script type=\"application\/ld+json\" class=\"yoast-schema-graph\">{\"@context\":\"https:\/\/schema.org\",\"@graph\":[{\"@type\":\"WebPage\",\"@id\":\"https:\/\/www.blogdelaautoescuela.com\/blog\/la-ii-semana-mundial-de-la-seguridad-vial-de-la-seguridad-vial-se-centra-en-la-prevencion-de-atropellos\/\",\"url\":\"https:\/\/www.blogdelaautoescuela.com\/blog\/la-ii-semana-mundial-de-la-seguridad-vial-de-la-seguridad-vial-se-centra-en-la-prevencion-de-atropellos\/\",\"name\":\"La II Semana Mundial de la Seguridad Vial de la Seguridad Vial se centra en la prevenci\u00f3n de atropellos\",\"isPartOf\":{\"@id\":\"https:\/\/www.blogdelaautoescuela.com\/blog\/#website\"},\"primaryImageOfPage\":{\"@id\":\"https:\/\/www.blogdelaautoescuela.com\/blog\/la-ii-semana-mundial-de-la-seguridad-vial-de-la-seguridad-vial-se-centra-en-la-prevencion-de-atropellos\/#primaryimage\"},\"image\":{\"@id\":\"https:\/\/www.blogdelaautoescuela.com\/blog\/la-ii-semana-mundial-de-la-seguridad-vial-de-la-seguridad-vial-se-centra-en-la-prevencion-de-atropellos\/#primaryimage\"},\"thumbnailUrl\":\"https:\/\/www.blogdelaautoescuela.com\/blog\/wp-content\/uploads\/2009\/02\/ninos-peatones1.jpg\",\"datePublished\":\"2013-05-09T15:49:24+00:00\",\"author\":{\"@id\":\"https:\/\/www.blogdelaautoescuela.com\/blog\/#\/schema\/person\/f209a64ca5dfe74b9acb6317240e792f\"},\"description\":\"se est\u00e1 celebrando II Semana Mundial de la Seguridad Vial de la Seguridad Vial, una inciativa de la ONU que en esta ocasi\u00f3n se centra en la prevenci\u00f3n de atropellos\",\"breadcrumb\":{\"@id\":\"https:\/\/www.blogdelaautoescuela.com\/blog\/la-ii-semana-mundial-de-la-seguridad-vial-de-la-seguridad-vial-se-centra-en-la-prevencion-de-atropellos\/#breadcrumb\"},\"inLanguage\":\"es\",\"potentialAction\":[{\"@type\":\"ReadAction\",\"target\":[\"https:\/\/www.blogdelaautoescuela.com\/blog\/la-ii-semana-mundial-de-la-seguridad-vial-de-la-seguridad-vial-se-centra-en-la-prevencion-de-atropellos\/\"]}]},{\"@type\":\"ImageObject\",\"inLanguage\":\"es\",\"@id\":\"https:\/\/www.blogdelaautoescuela.com\/blog\/la-ii-semana-mundial-de-la-seguridad-vial-de-la-seguridad-vial-se-centra-en-la-prevencion-de-atropellos\/#primaryimage\",\"url\":\"https:\/\/www.blogdelaautoescuela.com\/blog\/wp-content\/uploads\/2009\/02\/ninos-peatones1.jpg\",\"contentUrl\":\"https:\/\/www.blogdelaautoescuela.com\/blog\/wp-content\/uploads\/2009\/02\/ninos-peatones1.jpg\",\"width\":300,\"height\":225},{\"@type\":\"BreadcrumbList\",\"@id\":\"https:\/\/www.blogdelaautoescuela.com\/blog\/la-ii-semana-mundial-de-la-seguridad-vial-de-la-seguridad-vial-se-centra-en-la-prevencion-de-atropellos\/#breadcrumb\",\"itemListElement\":[{\"@type\":\"ListItem\",\"position\":1,\"name\":\"Portada\",\"item\":\"https:\/\/www.blogdelaautoescuela.com\/blog\/\"},{\"@type\":\"ListItem\",\"position\":2,\"name\":\"La II Semana Mundial de la Seguridad Vial de la Seguridad Vial se centra en la prevenci\u00f3n de atropellos\"}]},{\"@type\":\"WebSite\",\"@id\":\"https:\/\/www.blogdelaautoescuela.com\/blog\/#website\",\"url\":\"https:\/\/www.blogdelaautoescuela.com\/blog\/\",\"name\":\"Blog de la autoescuela\",\"description\":\"Noticias sobre autoescuelas y seguridad vial\",\"potentialAction\":[{\"@type\":\"SearchAction\",\"target\":{\"@type\":\"EntryPoint\",\"urlTemplate\":\"https:\/\/www.blogdelaautoescuela.com\/blog\/?s={search_term_string}\"},\"query-input\":{\"@type\":\"PropertyValueSpecification\",\"valueRequired\":true,\"valueName\":\"search_term_string\"}}],\"inLanguage\":\"es\"},{\"@type\":\"Person\",\"@id\":\"https:\/\/www.blogdelaautoescuela.com\/blog\/#\/schema\/person\/f209a64ca5dfe74b9acb6317240e792f\",\"name\":\"usr_blogauto\",\"image\":{\"@type\":\"ImageObject\",\"inLanguage\":\"es\",\"@id\":\"https:\/\/www.blogdelaautoescuela.com\/blog\/#\/schema\/person\/image\/\",\"url\":\"https:\/\/secure.gravatar.com\/avatar\/d3939d4ea521ac8421c86d2980321cc9?s=96&d=mm&r=g\",\"contentUrl\":\"https:\/\/secure.gravatar.com\/avatar\/d3939d4ea521ac8421c86d2980321cc9?s=96&d=mm&r=g\",\"caption\":\"usr_blogauto\"},\"description\":\"Blog dedicado a la conducci\u00f3n, las autoescuelas y la seguridad vial. Est\u00e1 creado por un grupo de profesionales de la formaci\u00f3n vial que comparten inquietudes y experiencias. Aqu\u00ed\u00ad podr\u00e1s encontrar informaci\u00f3n variada sobre el d\u00ed\u00ada a d\u00ed\u00ada de la autoescuela, ex\u00e1menes, test o novedades y consejos para una conducci\u00f3n m\u00e1s segura.\",\"sameAs\":[\"http:\/\/www.blogdelaautoescuela.com\/\",\"https:\/\/www.facebook.com\/blogdelaautoescuela\",\"https:\/\/x.com\/autoescuelas\"],\"url\":\"https:\/\/www.blogdelaautoescuela.com\/blog\/author\/usr_blogauto\/\"}]}<\/script>\n<!-- \/ Yoast SEO plugin. -->","yoast_head_json":{"title":"La II Semana Mundial de la Seguridad Vial de la Seguridad Vial se centra en la prevenci\u00f3n de atropellos","description":"se est\u00e1 celebrando II Semana Mundial de la Seguridad Vial de la Seguridad Vial, una inciativa de la ONU que en esta ocasi\u00f3n se centra en la prevenci\u00f3n de atropellos","robots":{"index":"index","follow":"follow","max-snippet":"max-snippet:-1","max-image-preview":"max-image-preview:large","max-video-preview":"max-video-preview:-1"},"canonical":"https:\/\/www.blogdelaautoescuela.com\/blog\/la-ii-semana-mundial-de-la-seguridad-vial-de-la-seguridad-vial-se-centra-en-la-prevencion-de-atropellos\/","og_locale":"es_ES","og_type":"article","og_title":"La II Semana Mundial de la Seguridad Vial de la Seguridad Vial se centra en la prevenci\u00f3n de atropellos","og_description":"se est\u00e1 celebrando II Semana Mundial de la Seguridad Vial de la Seguridad Vial, una inciativa de la ONU que en esta ocasi\u00f3n se centra en la prevenci\u00f3n de atropellos","og_url":"https:\/\/www.blogdelaautoescuela.com\/blog\/la-ii-semana-mundial-de-la-seguridad-vial-de-la-seguridad-vial-se-centra-en-la-prevencion-de-atropellos\/","og_site_name":"Blog de la autoescuela","article_author":"https:\/\/www.facebook.com\/blogdelaautoescuela","article_published_time":"2013-05-09T15:49:24+00:00","og_image":[{"width":300,"height":225,"url":"https:\/\/www.blogdelaautoescuela.com\/blog\/wp-content\/uploads\/2009\/02\/ninos-peatones1.jpg","type":"image\/jpeg"}],"author":"usr_blogauto","twitter_misc":{"Escrito por":"usr_blogauto","Tiempo de lectura":"2 minutos"},"schema":{"@context":"https:\/\/schema.org","@graph":[{"@type":"WebPage","@id":"https:\/\/www.blogdelaautoescuela.com\/blog\/la-ii-semana-mundial-de-la-seguridad-vial-de-la-seguridad-vial-se-centra-en-la-prevencion-de-atropellos\/","url":"https:\/\/www.blogdelaautoescuela.com\/blog\/la-ii-semana-mundial-de-la-seguridad-vial-de-la-seguridad-vial-se-centra-en-la-prevencion-de-atropellos\/","name":"La II Semana Mundial de la Seguridad Vial de la Seguridad Vial se centra en la prevenci\u00f3n de atropellos","isPartOf":{"@id":"https:\/\/www.blogdelaautoescuela.com\/blog\/#website"},"primaryImageOfPage":{"@id":"https:\/\/www.blogdelaautoescuela.com\/blog\/la-ii-semana-mundial-de-la-seguridad-vial-de-la-seguridad-vial-se-centra-en-la-prevencion-de-atropellos\/#primaryimage"},"image":{"@id":"https:\/\/www.blogdelaautoescuela.com\/blog\/la-ii-semana-mundial-de-la-seguridad-vial-de-la-seguridad-vial-se-centra-en-la-prevencion-de-atropellos\/#primaryimage"},"thumbnailUrl":"https:\/\/www.blogdelaautoescuela.com\/blog\/wp-content\/uploads\/2009\/02\/ninos-peatones1.jpg","datePublished":"2013-05-09T15:49:24+00:00","author":{"@id":"https:\/\/www.blogdelaautoescuela.com\/blog\/#\/schema\/person\/f209a64ca5dfe74b9acb6317240e792f"},"description":"se est\u00e1 celebrando II Semana Mundial de la Seguridad Vial de la Seguridad Vial, una inciativa de la ONU que en esta ocasi\u00f3n se centra en la prevenci\u00f3n de atropellos","breadcrumb":{"@id":"https:\/\/www.blogdelaautoescuela.com\/blog\/la-ii-semana-mundial-de-la-seguridad-vial-de-la-seguridad-vial-se-centra-en-la-prevencion-de-atropellos\/#breadcrumb"},"inLanguage":"es","potentialAction":[{"@type":"ReadAction","target":["https:\/\/www.blogdelaautoescuela.com\/blog\/la-ii-semana-mundial-de-la-seguridad-vial-de-la-seguridad-vial-se-centra-en-la-prevencion-de-atropellos\/"]}]},{"@type":"ImageObject","inLanguage":"es","@id":"https:\/\/www.blogdelaautoescuela.com\/blog\/la-ii-semana-mundial-de-la-seguridad-vial-de-la-seguridad-vial-se-centra-en-la-prevencion-de-atropellos\/#primaryimage","url":"https:\/\/www.blogdelaautoescuela.com\/blog\/wp-content\/uploads\/2009\/02\/ninos-peatones1.jpg","contentUrl":"https:\/\/www.blogdelaautoescuela.com\/blog\/wp-content\/uploads\/2009\/02\/ninos-peatones1.jpg","width":300,"height":225},{"@type":"BreadcrumbList","@id":"https:\/\/www.blogdelaautoescuela.com\/blog\/la-ii-semana-mundial-de-la-seguridad-vial-de-la-seguridad-vial-se-centra-en-la-prevencion-de-atropellos\/#breadcrumb","itemListElement":[{"@type":"ListItem","position":1,"name":"Portada","item":"https:\/\/www.blogdelaautoescuela.com\/blog\/"},{"@type":"ListItem","position":2,"name":"La II Semana Mundial de la Seguridad Vial de la Seguridad Vial se centra en la prevenci\u00f3n de atropellos"}]},{"@type":"WebSite","@id":"https:\/\/www.blogdelaautoescuela.com\/blog\/#website","url":"https:\/\/www.blogdelaautoescuela.com\/blog\/","name":"Blog de la autoescuela","description":"Noticias sobre autoescuelas y seguridad vial","potentialAction":[{"@type":"SearchAction","target":{"@type":"EntryPoint","urlTemplate":"https:\/\/www.blogdelaautoescuela.com\/blog\/?s={search_term_string}"},"query-input":{"@type":"PropertyValueSpecification","valueRequired":true,"valueName":"search_term_string"}}],"inLanguage":"es"},{"@type":"Person","@id":"https:\/\/www.blogdelaautoescuela.com\/blog\/#\/schema\/person\/f209a64ca5dfe74b9acb6317240e792f","name":"usr_blogauto","image":{"@type":"ImageObject","inLanguage":"es","@id":"https:\/\/www.blogdelaautoescuela.com\/blog\/#\/schema\/person\/image\/","url":"https:\/\/secure.gravatar.com\/avatar\/d3939d4ea521ac8421c86d2980321cc9?s=96&d=mm&r=g","contentUrl":"https:\/\/secure.gravatar.com\/avatar\/d3939d4ea521ac8421c86d2980321cc9?s=96&d=mm&r=g","caption":"usr_blogauto"},"description":"Blog dedicado a la conducci\u00f3n, las autoescuelas y la seguridad vial. Est\u00e1 creado por un grupo de profesionales de la formaci\u00f3n vial que comparten inquietudes y experiencias. Aqu\u00ed\u00ad podr\u00e1s encontrar informaci\u00f3n variada sobre el d\u00ed\u00ada a d\u00ed\u00ada de la autoescuela, ex\u00e1menes, test o novedades y consejos para una conducci\u00f3n m\u00e1s segura.","sameAs":["http:\/\/www.blogdelaautoescuela.com\/","https:\/\/www.facebook.com\/blogdelaautoescuela","https:\/\/x.com\/autoescuelas"],"url":"https:\/\/www.blogdelaautoescuela.com\/blog\/author\/usr_blogauto\/"}]}},"jetpack_featured_media_url":"https:\/\/www.blogdelaautoescuela.com\/blog\/wp-content\/uploads\/2009\/02\/ninos-peatones1.jpg","_links":{"self":[{"href":"https:\/\/www.blogdelaautoescuela.com\/blog\/wp-json\/wp\/v2\/posts\/10783","targetHints":{"allow":["GET"]}}],"collection":[{"href":"https:\/\/www.blogdelaautoescuela.com\/blog\/wp-json\/wp\/v2\/posts"}],"about":[{"href":"https:\/\/www.blogdelaautoescuela.com\/blog\/wp-json\/wp\/v2\/types\/post"}],"author":[{"embeddable":true,"href":"https:\/\/www.blogdelaautoescuela.com\/blog\/wp-json\/wp\/v2\/users\/1"}],"replies":[{"embeddable":true,"href":"https:\/\/www.blogdelaautoescuela.com\/blog\/wp-json\/wp\/v2\/comments?post=10783"}],"version-history":[{"count":0,"href":"https:\/\/www.blogdelaautoescuela.com\/blog\/wp-json\/wp\/v2\/posts\/10783\/revisions"}],"wp:featuredmedia":[{"embeddable":true,"href":"https:\/\/www.blogdelaautoescuela.com\/blog\/wp-json\/wp\/v2\/media\/486"}],"wp:attachment":[{"href":"https:\/\/www.blogdelaautoescuela.com\/blog\/wp-json\/wp\/v2\/media?parent=10783"}],"wp:term":[{"taxonomy":"category","embeddable":true,"href":"https:\/\/www.blogdelaautoescuela.com\/blog\/wp-json\/wp\/v2\/categories?post=10783"},{"taxonomy":"post_tag","embeddable":true,"href":"https:\/\/www.blogdelaautoescuela.com\/blog\/wp-json\/wp\/v2\/tags?post=10783"}],"curies":[{"name":"wp","href":"https:\/\/api.w.org\/{rel}","templated":true}]}}