
{"id":10716,"date":"2013-04-19T19:31:49","date_gmt":"2013-04-19T17:31:49","guid":{"rendered":"http:\/\/www.blogdelaautoescuela.com\/blog\/?p=10716"},"modified":"2013-04-19T19:31:49","modified_gmt":"2013-04-19T17:31:49","slug":"vide-de-educacion-vial-para-ninos-protagonizado-por-ninos","status":"publish","type":"post","link":"https:\/\/www.blogdelaautoescuela.com\/blog\/vide-de-educacion-vial-para-ninos-protagonizado-por-ninos\/","title":{"rendered":"Video de educaci\u00f3n vial para ni\u00f1os protagonizado por ni\u00f1os"},"content":{"rendered":"<p><iframe loading=\"lazy\" src=\"http:\/\/www.youtube.com\/embed\/HkO3Vro5nzw\" height=\"281\" width=\"500\" allowfullscreen=\"\" frameborder=\"0\"><\/iframe><\/p>\n<p>Hoy quiero compartir un <strong>video de Educaci\u00f3n Vial<\/strong> de la <strong>Fundaci\u00f3n Mapfre<\/strong> <strong>para ni\u00f1os protagonizado por ni\u00f1os.<\/strong><\/p>\n<p>En Espa\u00f1a cada d\u00ed\u00ada un ni\u00f1o resulta herido grave por un accidente de tr\u00e1fico, y es que los ni\u00f1os corren m\u00e1s riesgos porque no entienden igual los peligros y los mayores, a veces se olvidan de que son el ejemplo de los m\u00e1s peque\u00f1os.<\/p>\n<p><strong><span style=\"color: #99cc00;\">Normas b\u00e1sicas para que los ni\u00f1os no tengan accidentes:<\/span><\/strong><\/p>\n<ul>\n<li>Por el paso de peatones nunca hay que cruzar corriendo, y si son peque\u00f1os hay que hacerlo de la mano de un adulto<\/li>\n<li>Cuando caminamos por la acera hay que hacerlo lejos del bordillo, hay que mirar antes de cruzar un garaje y no jugar entre los coches aparcados.<\/li>\n<li>Si caminamos por una carretera, hay que hacerlo por el arc\u00e9n de la izquierda y siempre con algo reflectante puesto<\/li>\n<li>Siempre hay que subir al coche por el lado de la acera y hay que abrocharse el cintur\u00f3n de seguridad.<\/li>\n<li>En bici hay que llevar casco para no hacerse da\u00f1o en la cabeza<\/li>\n<\/ul>\n<p>Con la colaboraci\u00f3n de ni\u00f1os y mayores se pueden evitar muchos accidentes de tr\u00e1fico.<\/p>\n","protected":false},"excerpt":{"rendered":"<p>Hoy quiero compartir un video de Educaci\u00f3n Vial de la Fundaci\u00f3n Mapfre para ni\u00f1os protagonizado por ni\u00f1os. En Espa\u00f1a cada d\u00ed\u00ada un ni\u00f1o resulta herido grave por un accidente de tr\u00e1fico, y es que los ni\u00f1os corren m\u00e1s riesgos porque no entienden igual los peligros y los mayores, a veces se olvidan de que son [&hellip;]<\/p>\n","protected":false},"author":1,"featured_media":0,"comment_status":"open","ping_status":"closed","sticky":false,"template":"","format":"standard","meta":{"footnotes":"","jetpack_publicize_message":"","jetpack_publicize_feature_enabled":true,"jetpack_social_post_already_shared":false,"jetpack_social_options":{"image_generator_settings":{"template":"highway","enabled":false},"version":2}},"categories":[19],"tags":[527,924,1678,1372],"class_list":["post-10716","post","type-post","status-publish","format-standard","hentry","category-seguridad-vial","tag-educacion-vial","tag-ninos","tag-seguridad-vial","tag-video"],"wppr_data":[],"jetpack_publicize_connections":[],"yoast_head":"<!-- This site is optimized with the Yoast SEO plugin v24.7 - https:\/\/yoast.com\/wordpress\/plugins\/seo\/ -->\n<title>Ni\u00f1o de educaci\u00f3n vial para ni\u00f1os protagonizado por ni\u00f1os<\/title>\n<meta name=\"description\" content=\"Hoy quiero compartir un video de Educaci\u00f3n Vial de la Fundaci\u00f3n Mapfre para ni\u00f1os protagonizado por ni\u00f1os.\" \/>\n<meta name=\"robots\" content=\"index, follow, max-snippet:-1, max-image-preview:large, max-video-preview:-1\" \/>\n<link rel=\"canonical\" href=\"https:\/\/www.blogdelaautoescuela.com\/blog\/vide-de-educacion-vial-para-ninos-protagonizado-por-ninos\/\" \/>\n<meta property=\"og:locale\" content=\"es_ES\" \/>\n<meta property=\"og:type\" content=\"article\" \/>\n<meta property=\"og:title\" content=\"Ni\u00f1o de educaci\u00f3n vial para ni\u00f1os protagonizado por ni\u00f1os\" \/>\n<meta property=\"og:description\" content=\"Hoy quiero compartir un video de Educaci\u00f3n Vial de la Fundaci\u00f3n Mapfre para ni\u00f1os protagonizado por ni\u00f1os.\" \/>\n<meta property=\"og:url\" content=\"https:\/\/www.blogdelaautoescuela.com\/blog\/vide-de-educacion-vial-para-ninos-protagonizado-por-ninos\/\" \/>\n<meta property=\"og:site_name\" content=\"Blog de la autoescuela\" \/>\n<meta property=\"article:author\" content=\"https:\/\/www.facebook.com\/blogdelaautoescuela\" \/>\n<meta property=\"article:published_time\" content=\"2013-04-19T17:31:49+00:00\" \/>\n<meta name=\"author\" content=\"usr_blogauto\" \/>\n<meta name=\"twitter:label1\" content=\"Escrito por\" \/>\n\t<meta name=\"twitter:data1\" content=\"usr_blogauto\" \/>\n\t<meta name=\"twitter:label2\" content=\"Tiempo de lectura\" \/>\n\t<meta name=\"twitter:data2\" content=\"1 minuto\" \/>\n<script type=\"application\/ld+json\" class=\"yoast-schema-graph\">{\"@context\":\"https:\/\/schema.org\",\"@graph\":[{\"@type\":\"WebPage\",\"@id\":\"https:\/\/www.blogdelaautoescuela.com\/blog\/vide-de-educacion-vial-para-ninos-protagonizado-por-ninos\/\",\"url\":\"https:\/\/www.blogdelaautoescuela.com\/blog\/vide-de-educacion-vial-para-ninos-protagonizado-por-ninos\/\",\"name\":\"Ni\u00f1o de educaci\u00f3n vial para ni\u00f1os protagonizado por ni\u00f1os\",\"isPartOf\":{\"@id\":\"https:\/\/www.blogdelaautoescuela.com\/blog\/#website\"},\"datePublished\":\"2013-04-19T17:31:49+00:00\",\"author\":{\"@id\":\"https:\/\/www.blogdelaautoescuela.com\/blog\/#\/schema\/person\/f209a64ca5dfe74b9acb6317240e792f\"},\"description\":\"Hoy quiero compartir un video de Educaci\u00f3n Vial de la Fundaci\u00f3n Mapfre para ni\u00f1os protagonizado por ni\u00f1os.\",\"breadcrumb\":{\"@id\":\"https:\/\/www.blogdelaautoescuela.com\/blog\/vide-de-educacion-vial-para-ninos-protagonizado-por-ninos\/#breadcrumb\"},\"inLanguage\":\"es\",\"potentialAction\":[{\"@type\":\"ReadAction\",\"target\":[\"https:\/\/www.blogdelaautoescuela.com\/blog\/vide-de-educacion-vial-para-ninos-protagonizado-por-ninos\/\"]}]},{\"@type\":\"BreadcrumbList\",\"@id\":\"https:\/\/www.blogdelaautoescuela.com\/blog\/vide-de-educacion-vial-para-ninos-protagonizado-por-ninos\/#breadcrumb\",\"itemListElement\":[{\"@type\":\"ListItem\",\"position\":1,\"name\":\"Portada\",\"item\":\"https:\/\/www.blogdelaautoescuela.com\/blog\/\"},{\"@type\":\"ListItem\",\"position\":2,\"name\":\"Video de educaci\u00f3n vial para ni\u00f1os protagonizado por ni\u00f1os\"}]},{\"@type\":\"WebSite\",\"@id\":\"https:\/\/www.blogdelaautoescuela.com\/blog\/#website\",\"url\":\"https:\/\/www.blogdelaautoescuela.com\/blog\/\",\"name\":\"Blog de la autoescuela\",\"description\":\"Noticias sobre autoescuelas y seguridad vial\",\"potentialAction\":[{\"@type\":\"SearchAction\",\"target\":{\"@type\":\"EntryPoint\",\"urlTemplate\":\"https:\/\/www.blogdelaautoescuela.com\/blog\/?s={search_term_string}\"},\"query-input\":{\"@type\":\"PropertyValueSpecification\",\"valueRequired\":true,\"valueName\":\"search_term_string\"}}],\"inLanguage\":\"es\"},{\"@type\":\"Person\",\"@id\":\"https:\/\/www.blogdelaautoescuela.com\/blog\/#\/schema\/person\/f209a64ca5dfe74b9acb6317240e792f\",\"name\":\"usr_blogauto\",\"image\":{\"@type\":\"ImageObject\",\"inLanguage\":\"es\",\"@id\":\"https:\/\/www.blogdelaautoescuela.com\/blog\/#\/schema\/person\/image\/\",\"url\":\"https:\/\/secure.gravatar.com\/avatar\/d3939d4ea521ac8421c86d2980321cc9?s=96&d=mm&r=g\",\"contentUrl\":\"https:\/\/secure.gravatar.com\/avatar\/d3939d4ea521ac8421c86d2980321cc9?s=96&d=mm&r=g\",\"caption\":\"usr_blogauto\"},\"description\":\"Blog dedicado a la conducci\u00f3n, las autoescuelas y la seguridad vial. Est\u00e1 creado por un grupo de profesionales de la formaci\u00f3n vial que comparten inquietudes y experiencias. Aqu\u00ed\u00ad podr\u00e1s encontrar informaci\u00f3n variada sobre el d\u00ed\u00ada a d\u00ed\u00ada de la autoescuela, ex\u00e1menes, test o novedades y consejos para una conducci\u00f3n m\u00e1s segura.\",\"sameAs\":[\"http:\/\/www.blogdelaautoescuela.com\/\",\"https:\/\/www.facebook.com\/blogdelaautoescuela\",\"https:\/\/x.com\/autoescuelas\"],\"url\":\"https:\/\/www.blogdelaautoescuela.com\/blog\/author\/usr_blogauto\/\"}]}<\/script>\n<!-- \/ Yoast SEO plugin. -->","yoast_head_json":{"title":"Ni\u00f1o de educaci\u00f3n vial para ni\u00f1os protagonizado por ni\u00f1os","description":"Hoy quiero compartir un video de Educaci\u00f3n Vial de la Fundaci\u00f3n Mapfre para ni\u00f1os protagonizado por ni\u00f1os.","robots":{"index":"index","follow":"follow","max-snippet":"max-snippet:-1","max-image-preview":"max-image-preview:large","max-video-preview":"max-video-preview:-1"},"canonical":"https:\/\/www.blogdelaautoescuela.com\/blog\/vide-de-educacion-vial-para-ninos-protagonizado-por-ninos\/","og_locale":"es_ES","og_type":"article","og_title":"Ni\u00f1o de educaci\u00f3n vial para ni\u00f1os protagonizado por ni\u00f1os","og_description":"Hoy quiero compartir un video de Educaci\u00f3n Vial de la Fundaci\u00f3n Mapfre para ni\u00f1os protagonizado por ni\u00f1os.","og_url":"https:\/\/www.blogdelaautoescuela.com\/blog\/vide-de-educacion-vial-para-ninos-protagonizado-por-ninos\/","og_site_name":"Blog de la autoescuela","article_author":"https:\/\/www.facebook.com\/blogdelaautoescuela","article_published_time":"2013-04-19T17:31:49+00:00","author":"usr_blogauto","twitter_misc":{"Escrito por":"usr_blogauto","Tiempo de lectura":"1 minuto"},"schema":{"@context":"https:\/\/schema.org","@graph":[{"@type":"WebPage","@id":"https:\/\/www.blogdelaautoescuela.com\/blog\/vide-de-educacion-vial-para-ninos-protagonizado-por-ninos\/","url":"https:\/\/www.blogdelaautoescuela.com\/blog\/vide-de-educacion-vial-para-ninos-protagonizado-por-ninos\/","name":"Ni\u00f1o de educaci\u00f3n vial para ni\u00f1os protagonizado por ni\u00f1os","isPartOf":{"@id":"https:\/\/www.blogdelaautoescuela.com\/blog\/#website"},"datePublished":"2013-04-19T17:31:49+00:00","author":{"@id":"https:\/\/www.blogdelaautoescuela.com\/blog\/#\/schema\/person\/f209a64ca5dfe74b9acb6317240e792f"},"description":"Hoy quiero compartir un video de Educaci\u00f3n Vial de la Fundaci\u00f3n Mapfre para ni\u00f1os protagonizado por ni\u00f1os.","breadcrumb":{"@id":"https:\/\/www.blogdelaautoescuela.com\/blog\/vide-de-educacion-vial-para-ninos-protagonizado-por-ninos\/#breadcrumb"},"inLanguage":"es","potentialAction":[{"@type":"ReadAction","target":["https:\/\/www.blogdelaautoescuela.com\/blog\/vide-de-educacion-vial-para-ninos-protagonizado-por-ninos\/"]}]},{"@type":"BreadcrumbList","@id":"https:\/\/www.blogdelaautoescuela.com\/blog\/vide-de-educacion-vial-para-ninos-protagonizado-por-ninos\/#breadcrumb","itemListElement":[{"@type":"ListItem","position":1,"name":"Portada","item":"https:\/\/www.blogdelaautoescuela.com\/blog\/"},{"@type":"ListItem","position":2,"name":"Video de educaci\u00f3n vial para ni\u00f1os protagonizado por ni\u00f1os"}]},{"@type":"WebSite","@id":"https:\/\/www.blogdelaautoescuela.com\/blog\/#website","url":"https:\/\/www.blogdelaautoescuela.com\/blog\/","name":"Blog de la autoescuela","description":"Noticias sobre autoescuelas y seguridad vial","potentialAction":[{"@type":"SearchAction","target":{"@type":"EntryPoint","urlTemplate":"https:\/\/www.blogdelaautoescuela.com\/blog\/?s={search_term_string}"},"query-input":{"@type":"PropertyValueSpecification","valueRequired":true,"valueName":"search_term_string"}}],"inLanguage":"es"},{"@type":"Person","@id":"https:\/\/www.blogdelaautoescuela.com\/blog\/#\/schema\/person\/f209a64ca5dfe74b9acb6317240e792f","name":"usr_blogauto","image":{"@type":"ImageObject","inLanguage":"es","@id":"https:\/\/www.blogdelaautoescuela.com\/blog\/#\/schema\/person\/image\/","url":"https:\/\/secure.gravatar.com\/avatar\/d3939d4ea521ac8421c86d2980321cc9?s=96&d=mm&r=g","contentUrl":"https:\/\/secure.gravatar.com\/avatar\/d3939d4ea521ac8421c86d2980321cc9?s=96&d=mm&r=g","caption":"usr_blogauto"},"description":"Blog dedicado a la conducci\u00f3n, las autoescuelas y la seguridad vial. Est\u00e1 creado por un grupo de profesionales de la formaci\u00f3n vial que comparten inquietudes y experiencias. Aqu\u00ed\u00ad podr\u00e1s encontrar informaci\u00f3n variada sobre el d\u00ed\u00ada a d\u00ed\u00ada de la autoescuela, ex\u00e1menes, test o novedades y consejos para una conducci\u00f3n m\u00e1s segura.","sameAs":["http:\/\/www.blogdelaautoescuela.com\/","https:\/\/www.facebook.com\/blogdelaautoescuela","https:\/\/x.com\/autoescuelas"],"url":"https:\/\/www.blogdelaautoescuela.com\/blog\/author\/usr_blogauto\/"}]}},"jetpack_featured_media_url":"","_links":{"self":[{"href":"https:\/\/www.blogdelaautoescuela.com\/blog\/wp-json\/wp\/v2\/posts\/10716","targetHints":{"allow":["GET"]}}],"collection":[{"href":"https:\/\/www.blogdelaautoescuela.com\/blog\/wp-json\/wp\/v2\/posts"}],"about":[{"href":"https:\/\/www.blogdelaautoescuela.com\/blog\/wp-json\/wp\/v2\/types\/post"}],"author":[{"embeddable":true,"href":"https:\/\/www.blogdelaautoescuela.com\/blog\/wp-json\/wp\/v2\/users\/1"}],"replies":[{"embeddable":true,"href":"https:\/\/www.blogdelaautoescuela.com\/blog\/wp-json\/wp\/v2\/comments?post=10716"}],"version-history":[{"count":0,"href":"https:\/\/www.blogdelaautoescuela.com\/blog\/wp-json\/wp\/v2\/posts\/10716\/revisions"}],"wp:attachment":[{"href":"https:\/\/www.blogdelaautoescuela.com\/blog\/wp-json\/wp\/v2\/media?parent=10716"}],"wp:term":[{"taxonomy":"category","embeddable":true,"href":"https:\/\/www.blogdelaautoescuela.com\/blog\/wp-json\/wp\/v2\/categories?post=10716"},{"taxonomy":"post_tag","embeddable":true,"href":"https:\/\/www.blogdelaautoescuela.com\/blog\/wp-json\/wp\/v2\/tags?post=10716"}],"curies":[{"name":"wp","href":"https:\/\/api.w.org\/{rel}","templated":true}]}}