
{"id":10590,"date":"2013-03-08T19:04:44","date_gmt":"2013-03-08T18:04:44","guid":{"rendered":"http:\/\/www.blogdelaautoescuela.com\/blog\/?p=10590"},"modified":"2013-03-08T19:04:44","modified_gmt":"2013-03-08T18:04:44","slug":"video-jovenes-y-seguridad-vial-de-la-fundacion-mapfre","status":"publish","type":"post","link":"https:\/\/www.blogdelaautoescuela.com\/blog\/video-jovenes-y-seguridad-vial-de-la-fundacion-mapfre\/","title":{"rendered":"Video J\u00f3venes y Seguridad Vial de la Fundaci\u00f3n Mapfre"},"content":{"rendered":"<p><object width=\"500\" height=\"281\" classid=\"clsid:d27cdb6e-ae6d-11cf-96b8-444553540000\" codebase=\"http:\/\/download.macromedia.com\/pub\/shockwave\/cabs\/flash\/swflash.cab#version=6,0,40,0\"><param name=\"allowFullScreen\" value=\"true\" \/><param name=\"allowscriptaccess\" value=\"always\" \/><param name=\"src\" value=\"http:\/\/www.youtube.com\/v\/-ukOX-Fr_tg?version=3&amp;hl=es_ES&amp;rel=0\" \/><param name=\"allowfullscreen\" value=\"true\" \/><\/object><\/p>\n<p>Hoy es fin de semana y<strong> seguro que muchos j\u00f3venes ya est\u00e1n pensando en salir<\/strong>, por eso hoy quiero compartir con vosotros un <strong>video llamado J\u00f3venes y Seguridad Vial de la Fundaci\u00f3n Mapfre.<\/strong><\/p>\n<blockquote><p>En los \u00faltimos a\u00f1os ha descendido notablemente el n\u00famero de j\u00f3venes fallecidos en Espa\u00f1a en accidentes de tr\u00e1fico. Sin embargo, los accidentes de tr\u00e1fico siguen siendo una de las principales causas de muerte entre los 15 y los 29 a\u00f1os, sin olvidar a los heridos, que sufren graves secuelas de por vida.<\/p>\n<p>\u00bfPor qu\u00e9 se nos considera a los j\u00f3venes un grupo de riesgo? Principalmente por su falta de esperiencia, para aprender a conducir se necesita tiempo y mucha pr\u00e1ctica.<\/p>\n<p>Por la necesidad de integrarse en un colectivo, el af\u00e1n de protagonismo o la rebeld\u00ed\u00ada propia de esas edades, los j\u00f3venes ponen en riesgo su propia seguridad y la de sus amigos con m\u00e1s frecuencia que los adultos.<\/p>\n<p>Por nuestros propios h\u00e1bitos, muchos de los accidentes que se producen las noches de los fines de semana los protagonizamos nosotros, en trayectos cortos, para desplazarnos por las zonas de ocio.<\/p>\n<p>Las campa\u00f1as de concienciaci\u00f3n han surtido efecto entre los j\u00f3venes y el alcohol ha disminuido como factor de riesgo porque hay m\u00e1s sensibilidad a sus efectos, pero el consumo de otras drogas como la marihuana, el LSD o las anfetaminas sigue presente en un gran n\u00famero de accidentes.<\/p>\n<p>Conducir es un acto de responsabilidad que conlleva riesgos, valorarnos y enfrentarnos a ellos antes de conducir puede evitar un accidente de tr\u00e1fico. Como pasajeros tenemos que ser responsables y decidir si debemos subir a un veh\u00ed\u00adculo o bajarnos de \u00e9l al darnos cuenta de una conducci\u00f3n temeraria.<\/p>\n<p>Y si decides salir de fiesta en coche con tus amigos elegid entre vosotros aquel que no va a beber y que se encargar\u00e1 de que la noche no tenga un final amargo.<\/p><\/blockquote>\n","protected":false},"excerpt":{"rendered":"<p>Hoy es fin de semana y seguro que muchos j\u00f3venes ya est\u00e1n pensando en salir, por eso hoy quiero compartir con vosotros un video llamado J\u00f3venes y Seguridad Vial de la Fundaci\u00f3n Mapfre. En los \u00faltimos a\u00f1os ha descendido notablemente el n\u00famero de j\u00f3venes fallecidos en Espa\u00f1a en accidentes de tr\u00e1fico. Sin embargo, los accidentes [&hellip;]<\/p>\n","protected":false},"author":1,"featured_media":0,"comment_status":"open","ping_status":"closed","sticky":false,"template":"","format":"standard","meta":{"footnotes":"","jetpack_publicize_message":"","jetpack_publicize_feature_enabled":true,"jetpack_social_post_already_shared":false,"jetpack_social_options":{"image_generator_settings":{"template":"highway","enabled":false},"version":2}},"categories":[19],"tags":[776,1678,1372],"class_list":["post-10590","post","type-post","status-publish","format-standard","hentry","category-seguridad-vial","tag-jovenes","tag-seguridad-vial","tag-video"],"wppr_data":[],"jetpack_publicize_connections":[],"yoast_head":"<!-- This site is optimized with the Yoast SEO plugin v24.7 - https:\/\/yoast.com\/wordpress\/plugins\/seo\/ -->\n<title>Video J\u00f3venes y Seguridad Vial de la Fundaci\u00f3n Mapfre<\/title>\n<meta name=\"description\" content=\"es fin de semana y seguro que muchos j\u00f3venes ya est\u00e1n pensando en salir, por eso quiero compartir un video llamado J\u00f3venes y Seguridad Vial de la Fundaci\u00f3n Mapfre\" \/>\n<meta name=\"robots\" content=\"index, follow, max-snippet:-1, max-image-preview:large, max-video-preview:-1\" \/>\n<link rel=\"canonical\" href=\"https:\/\/www.blogdelaautoescuela.com\/blog\/video-jovenes-y-seguridad-vial-de-la-fundacion-mapfre\/\" \/>\n<meta property=\"og:locale\" content=\"es_ES\" \/>\n<meta property=\"og:type\" content=\"article\" \/>\n<meta property=\"og:title\" content=\"Video J\u00f3venes y Seguridad Vial de la Fundaci\u00f3n Mapfre\" \/>\n<meta property=\"og:description\" content=\"es fin de semana y seguro que muchos j\u00f3venes ya est\u00e1n pensando en salir, por eso quiero compartir un video llamado J\u00f3venes y Seguridad Vial de la Fundaci\u00f3n Mapfre\" \/>\n<meta property=\"og:url\" content=\"https:\/\/www.blogdelaautoescuela.com\/blog\/video-jovenes-y-seguridad-vial-de-la-fundacion-mapfre\/\" \/>\n<meta property=\"og:site_name\" content=\"Blog de la autoescuela\" \/>\n<meta property=\"article:author\" content=\"https:\/\/www.facebook.com\/blogdelaautoescuela\" \/>\n<meta property=\"article:published_time\" content=\"2013-03-08T18:04:44+00:00\" \/>\n<meta name=\"author\" content=\"usr_blogauto\" \/>\n<meta name=\"twitter:label1\" content=\"Escrito por\" \/>\n\t<meta name=\"twitter:data1\" content=\"usr_blogauto\" \/>\n\t<meta name=\"twitter:label2\" content=\"Tiempo de lectura\" \/>\n\t<meta name=\"twitter:data2\" content=\"2 minutos\" \/>\n<script type=\"application\/ld+json\" class=\"yoast-schema-graph\">{\"@context\":\"https:\/\/schema.org\",\"@graph\":[{\"@type\":\"WebPage\",\"@id\":\"https:\/\/www.blogdelaautoescuela.com\/blog\/video-jovenes-y-seguridad-vial-de-la-fundacion-mapfre\/\",\"url\":\"https:\/\/www.blogdelaautoescuela.com\/blog\/video-jovenes-y-seguridad-vial-de-la-fundacion-mapfre\/\",\"name\":\"Video J\u00f3venes y Seguridad Vial de la Fundaci\u00f3n Mapfre\",\"isPartOf\":{\"@id\":\"https:\/\/www.blogdelaautoescuela.com\/blog\/#website\"},\"datePublished\":\"2013-03-08T18:04:44+00:00\",\"author\":{\"@id\":\"https:\/\/www.blogdelaautoescuela.com\/blog\/#\/schema\/person\/f209a64ca5dfe74b9acb6317240e792f\"},\"description\":\"es fin de semana y seguro que muchos j\u00f3venes ya est\u00e1n pensando en salir, por eso quiero compartir un video llamado J\u00f3venes y Seguridad Vial de la Fundaci\u00f3n Mapfre\",\"breadcrumb\":{\"@id\":\"https:\/\/www.blogdelaautoescuela.com\/blog\/video-jovenes-y-seguridad-vial-de-la-fundacion-mapfre\/#breadcrumb\"},\"inLanguage\":\"es\",\"potentialAction\":[{\"@type\":\"ReadAction\",\"target\":[\"https:\/\/www.blogdelaautoescuela.com\/blog\/video-jovenes-y-seguridad-vial-de-la-fundacion-mapfre\/\"]}]},{\"@type\":\"BreadcrumbList\",\"@id\":\"https:\/\/www.blogdelaautoescuela.com\/blog\/video-jovenes-y-seguridad-vial-de-la-fundacion-mapfre\/#breadcrumb\",\"itemListElement\":[{\"@type\":\"ListItem\",\"position\":1,\"name\":\"Portada\",\"item\":\"https:\/\/www.blogdelaautoescuela.com\/blog\/\"},{\"@type\":\"ListItem\",\"position\":2,\"name\":\"Video J\u00f3venes y Seguridad Vial de la Fundaci\u00f3n Mapfre\"}]},{\"@type\":\"WebSite\",\"@id\":\"https:\/\/www.blogdelaautoescuela.com\/blog\/#website\",\"url\":\"https:\/\/www.blogdelaautoescuela.com\/blog\/\",\"name\":\"Blog de la autoescuela\",\"description\":\"Noticias sobre autoescuelas y seguridad vial\",\"potentialAction\":[{\"@type\":\"SearchAction\",\"target\":{\"@type\":\"EntryPoint\",\"urlTemplate\":\"https:\/\/www.blogdelaautoescuela.com\/blog\/?s={search_term_string}\"},\"query-input\":{\"@type\":\"PropertyValueSpecification\",\"valueRequired\":true,\"valueName\":\"search_term_string\"}}],\"inLanguage\":\"es\"},{\"@type\":\"Person\",\"@id\":\"https:\/\/www.blogdelaautoescuela.com\/blog\/#\/schema\/person\/f209a64ca5dfe74b9acb6317240e792f\",\"name\":\"usr_blogauto\",\"image\":{\"@type\":\"ImageObject\",\"inLanguage\":\"es\",\"@id\":\"https:\/\/www.blogdelaautoescuela.com\/blog\/#\/schema\/person\/image\/\",\"url\":\"https:\/\/secure.gravatar.com\/avatar\/d3939d4ea521ac8421c86d2980321cc9?s=96&d=mm&r=g\",\"contentUrl\":\"https:\/\/secure.gravatar.com\/avatar\/d3939d4ea521ac8421c86d2980321cc9?s=96&d=mm&r=g\",\"caption\":\"usr_blogauto\"},\"description\":\"Blog dedicado a la conducci\u00f3n, las autoescuelas y la seguridad vial. Est\u00e1 creado por un grupo de profesionales de la formaci\u00f3n vial que comparten inquietudes y experiencias. Aqu\u00ed\u00ad podr\u00e1s encontrar informaci\u00f3n variada sobre el d\u00ed\u00ada a d\u00ed\u00ada de la autoescuela, ex\u00e1menes, test o novedades y consejos para una conducci\u00f3n m\u00e1s segura.\",\"sameAs\":[\"http:\/\/www.blogdelaautoescuela.com\/\",\"https:\/\/www.facebook.com\/blogdelaautoescuela\",\"https:\/\/x.com\/autoescuelas\"],\"url\":\"https:\/\/www.blogdelaautoescuela.com\/blog\/author\/usr_blogauto\/\"}]}<\/script>\n<!-- \/ Yoast SEO plugin. -->","yoast_head_json":{"title":"Video J\u00f3venes y Seguridad Vial de la Fundaci\u00f3n Mapfre","description":"es fin de semana y seguro que muchos j\u00f3venes ya est\u00e1n pensando en salir, por eso quiero compartir un video llamado J\u00f3venes y Seguridad Vial de la Fundaci\u00f3n Mapfre","robots":{"index":"index","follow":"follow","max-snippet":"max-snippet:-1","max-image-preview":"max-image-preview:large","max-video-preview":"max-video-preview:-1"},"canonical":"https:\/\/www.blogdelaautoescuela.com\/blog\/video-jovenes-y-seguridad-vial-de-la-fundacion-mapfre\/","og_locale":"es_ES","og_type":"article","og_title":"Video J\u00f3venes y Seguridad Vial de la Fundaci\u00f3n Mapfre","og_description":"es fin de semana y seguro que muchos j\u00f3venes ya est\u00e1n pensando en salir, por eso quiero compartir un video llamado J\u00f3venes y Seguridad Vial de la Fundaci\u00f3n Mapfre","og_url":"https:\/\/www.blogdelaautoescuela.com\/blog\/video-jovenes-y-seguridad-vial-de-la-fundacion-mapfre\/","og_site_name":"Blog de la autoescuela","article_author":"https:\/\/www.facebook.com\/blogdelaautoescuela","article_published_time":"2013-03-08T18:04:44+00:00","author":"usr_blogauto","twitter_misc":{"Escrito por":"usr_blogauto","Tiempo de lectura":"2 minutos"},"schema":{"@context":"https:\/\/schema.org","@graph":[{"@type":"WebPage","@id":"https:\/\/www.blogdelaautoescuela.com\/blog\/video-jovenes-y-seguridad-vial-de-la-fundacion-mapfre\/","url":"https:\/\/www.blogdelaautoescuela.com\/blog\/video-jovenes-y-seguridad-vial-de-la-fundacion-mapfre\/","name":"Video J\u00f3venes y Seguridad Vial de la Fundaci\u00f3n Mapfre","isPartOf":{"@id":"https:\/\/www.blogdelaautoescuela.com\/blog\/#website"},"datePublished":"2013-03-08T18:04:44+00:00","author":{"@id":"https:\/\/www.blogdelaautoescuela.com\/blog\/#\/schema\/person\/f209a64ca5dfe74b9acb6317240e792f"},"description":"es fin de semana y seguro que muchos j\u00f3venes ya est\u00e1n pensando en salir, por eso quiero compartir un video llamado J\u00f3venes y Seguridad Vial de la Fundaci\u00f3n Mapfre","breadcrumb":{"@id":"https:\/\/www.blogdelaautoescuela.com\/blog\/video-jovenes-y-seguridad-vial-de-la-fundacion-mapfre\/#breadcrumb"},"inLanguage":"es","potentialAction":[{"@type":"ReadAction","target":["https:\/\/www.blogdelaautoescuela.com\/blog\/video-jovenes-y-seguridad-vial-de-la-fundacion-mapfre\/"]}]},{"@type":"BreadcrumbList","@id":"https:\/\/www.blogdelaautoescuela.com\/blog\/video-jovenes-y-seguridad-vial-de-la-fundacion-mapfre\/#breadcrumb","itemListElement":[{"@type":"ListItem","position":1,"name":"Portada","item":"https:\/\/www.blogdelaautoescuela.com\/blog\/"},{"@type":"ListItem","position":2,"name":"Video J\u00f3venes y Seguridad Vial de la Fundaci\u00f3n Mapfre"}]},{"@type":"WebSite","@id":"https:\/\/www.blogdelaautoescuela.com\/blog\/#website","url":"https:\/\/www.blogdelaautoescuela.com\/blog\/","name":"Blog de la autoescuela","description":"Noticias sobre autoescuelas y seguridad vial","potentialAction":[{"@type":"SearchAction","target":{"@type":"EntryPoint","urlTemplate":"https:\/\/www.blogdelaautoescuela.com\/blog\/?s={search_term_string}"},"query-input":{"@type":"PropertyValueSpecification","valueRequired":true,"valueName":"search_term_string"}}],"inLanguage":"es"},{"@type":"Person","@id":"https:\/\/www.blogdelaautoescuela.com\/blog\/#\/schema\/person\/f209a64ca5dfe74b9acb6317240e792f","name":"usr_blogauto","image":{"@type":"ImageObject","inLanguage":"es","@id":"https:\/\/www.blogdelaautoescuela.com\/blog\/#\/schema\/person\/image\/","url":"https:\/\/secure.gravatar.com\/avatar\/d3939d4ea521ac8421c86d2980321cc9?s=96&d=mm&r=g","contentUrl":"https:\/\/secure.gravatar.com\/avatar\/d3939d4ea521ac8421c86d2980321cc9?s=96&d=mm&r=g","caption":"usr_blogauto"},"description":"Blog dedicado a la conducci\u00f3n, las autoescuelas y la seguridad vial. Est\u00e1 creado por un grupo de profesionales de la formaci\u00f3n vial que comparten inquietudes y experiencias. Aqu\u00ed\u00ad podr\u00e1s encontrar informaci\u00f3n variada sobre el d\u00ed\u00ada a d\u00ed\u00ada de la autoescuela, ex\u00e1menes, test o novedades y consejos para una conducci\u00f3n m\u00e1s segura.","sameAs":["http:\/\/www.blogdelaautoescuela.com\/","https:\/\/www.facebook.com\/blogdelaautoescuela","https:\/\/x.com\/autoescuelas"],"url":"https:\/\/www.blogdelaautoescuela.com\/blog\/author\/usr_blogauto\/"}]}},"jetpack_featured_media_url":"","_links":{"self":[{"href":"https:\/\/www.blogdelaautoescuela.com\/blog\/wp-json\/wp\/v2\/posts\/10590","targetHints":{"allow":["GET"]}}],"collection":[{"href":"https:\/\/www.blogdelaautoescuela.com\/blog\/wp-json\/wp\/v2\/posts"}],"about":[{"href":"https:\/\/www.blogdelaautoescuela.com\/blog\/wp-json\/wp\/v2\/types\/post"}],"author":[{"embeddable":true,"href":"https:\/\/www.blogdelaautoescuela.com\/blog\/wp-json\/wp\/v2\/users\/1"}],"replies":[{"embeddable":true,"href":"https:\/\/www.blogdelaautoescuela.com\/blog\/wp-json\/wp\/v2\/comments?post=10590"}],"version-history":[{"count":0,"href":"https:\/\/www.blogdelaautoescuela.com\/blog\/wp-json\/wp\/v2\/posts\/10590\/revisions"}],"wp:attachment":[{"href":"https:\/\/www.blogdelaautoescuela.com\/blog\/wp-json\/wp\/v2\/media?parent=10590"}],"wp:term":[{"taxonomy":"category","embeddable":true,"href":"https:\/\/www.blogdelaautoescuela.com\/blog\/wp-json\/wp\/v2\/categories?post=10590"},{"taxonomy":"post_tag","embeddable":true,"href":"https:\/\/www.blogdelaautoescuela.com\/blog\/wp-json\/wp\/v2\/tags?post=10590"}],"curies":[{"name":"wp","href":"https:\/\/api.w.org\/{rel}","templated":true}]}}