
{"id":10571,"date":"2013-03-01T18:53:39","date_gmt":"2013-03-01T17:53:39","guid":{"rendered":"http:\/\/www.blogdelaautoescuela.com\/blog\/?p=10571"},"modified":"2013-03-01T18:53:39","modified_gmt":"2013-03-01T17:53:39","slug":"la-seguridad-activa-y-pasiva-de-los-vehiculos-video-de-seguridad-vial","status":"publish","type":"post","link":"https:\/\/www.blogdelaautoescuela.com\/blog\/la-seguridad-activa-y-pasiva-de-los-vehiculos-video-de-seguridad-vial\/","title":{"rendered":"La seguridad activa y pasiva de los veh\u00ed\u00adculos, video de seguridad vial"},"content":{"rendered":"<p><iframe loading=\"lazy\" src=\"http:\/\/www.youtube.com\/embed\/WlDIST9djrM?list=UU8xHednEgomDFqsdgOarpJg\" height=\"305\" width=\"500\" allowfullscreen=\"\" frameborder=\"0\"><\/iframe><\/p>\n<p>Hoy quiero compartir con vosotros un v<strong>ideo de la Serie Seguridad Vial, dirigida por Paco Costas<\/strong>, que trata sobre la <strong>seguridad activa y pasiva de los veh\u00ed\u00adculos.<\/strong><\/p>\n<p>La <strong>seguridad activa, o seguridad de marcha<\/strong>, est\u00e1 encaminada a<strong> evitar los accidentes<\/strong> y est\u00e1 estrechamente ligada a las acciones y a la postura del conductor mientras conduce, su colocaci\u00f3n el el asiento debe permitirle, en todo momento, el acceso a todos los mandos, sin que para ello tenga que hacer un esfuerzo que dificulte la rapidez de las maniobras.<\/p>\n<p>Las reacciones mec\u00e1nicas con las que el conductor mantiene su veh\u00ed\u00adculo bajo control han de responder, en todo momento, a las exigencias de este.<\/p>\n<p>Actualmente los veh\u00ed\u00adculos inclyen <strong>elementos de seguridad activa<\/strong> como sistemas de frenado antibloqueo sobre superfecies deslizantes, control de la tracci\u00f3n, altura regulable de la carrocer\u00ed\u00ada en funci\u00f3n del estado de la carretera y de la velocidad de marcha, ordenadores que avisan de los posibles fallos mec\u00e1nicos, luces y radios que permiten que el conductor siga con las manos al volante&#8230;<\/p>\n<p>La <strong>seguridad pasiva, se encarga de que en caso de accidente, el conductor y sus acompa\u00f1antes tengan las menores lesiones posibles.<\/strong><\/p>\n<p>Cada vez se investiga m\u00e1s en materia de seguridad pasiva en los veh\u00ed\u00adculos, lo que ha supuesto la mejora en la eficacia de los cabeceros, los sistemas de retenci\u00f3n de ni\u00f1os y adultos, el efecto de los impactos laterales y traseros, la resistencia de los techos ante el vuelco, la resistencia y calidad de las superficies acristaladas, el volante&#8230;<\/p>\n<p>&nbsp;<\/p>\n<p>&nbsp;<\/p>\n<p>&nbsp;<\/p>\n","protected":false},"excerpt":{"rendered":"<p>Hoy quiero compartir con vosotros un video de la Serie Seguridad Vial, dirigida por Paco Costas, que trata sobre la seguridad activa y pasiva de los veh\u00ed\u00adculos. La seguridad activa, o seguridad de marcha, est\u00e1 encaminada a evitar los accidentes y est\u00e1 estrechamente ligada a las acciones y a la postura del conductor mientras conduce, [&hellip;]<\/p>\n","protected":false},"author":1,"featured_media":0,"comment_status":"open","ping_status":"closed","sticky":false,"template":"","format":"standard","meta":{"footnotes":"","jetpack_publicize_message":"","jetpack_publicize_feature_enabled":true,"jetpack_social_post_already_shared":false,"jetpack_social_options":{"image_generator_settings":{"template":"highway","enabled":false},"version":2}},"categories":[19],"tags":[1678,1372],"class_list":["post-10571","post","type-post","status-publish","format-standard","hentry","category-seguridad-vial","tag-seguridad-vial","tag-video"],"wppr_data":[],"jetpack_publicize_connections":[],"yoast_head":"<!-- This site is optimized with the Yoast SEO plugin v24.7 - https:\/\/yoast.com\/wordpress\/plugins\/seo\/ -->\n<title>La seguridad activa y pasiva de los veh\u00ed\u00adculos, video de seguridad vial<\/title>\n<meta name=\"description\" content=\"Hoy quiero compartir con vosotros un video de la Serie Seguridad Vial, dirigida por Paco Costas, que trata sobre la seguridad activa y pasiva de los veh\u00ed\u00adculos\" \/>\n<meta name=\"robots\" content=\"index, follow, max-snippet:-1, max-image-preview:large, max-video-preview:-1\" \/>\n<link rel=\"canonical\" href=\"https:\/\/www.blogdelaautoescuela.com\/blog\/la-seguridad-activa-y-pasiva-de-los-vehiculos-video-de-seguridad-vial\/\" \/>\n<meta property=\"og:locale\" content=\"es_ES\" \/>\n<meta property=\"og:type\" content=\"article\" \/>\n<meta property=\"og:title\" content=\"La seguridad activa y pasiva de los veh\u00ed\u00adculos, video de seguridad vial\" \/>\n<meta property=\"og:description\" content=\"Hoy quiero compartir con vosotros un video de la Serie Seguridad Vial, dirigida por Paco Costas, que trata sobre la seguridad activa y pasiva de los veh\u00ed\u00adculos\" \/>\n<meta property=\"og:url\" content=\"https:\/\/www.blogdelaautoescuela.com\/blog\/la-seguridad-activa-y-pasiva-de-los-vehiculos-video-de-seguridad-vial\/\" \/>\n<meta property=\"og:site_name\" content=\"Blog de la autoescuela\" \/>\n<meta property=\"article:author\" content=\"https:\/\/www.facebook.com\/blogdelaautoescuela\" \/>\n<meta property=\"article:published_time\" content=\"2013-03-01T17:53:39+00:00\" \/>\n<meta name=\"author\" content=\"usr_blogauto\" \/>\n<meta name=\"twitter:label1\" content=\"Escrito por\" \/>\n\t<meta name=\"twitter:data1\" content=\"usr_blogauto\" \/>\n\t<meta name=\"twitter:label2\" content=\"Tiempo de lectura\" \/>\n\t<meta name=\"twitter:data2\" content=\"1 minuto\" \/>\n<script type=\"application\/ld+json\" class=\"yoast-schema-graph\">{\"@context\":\"https:\/\/schema.org\",\"@graph\":[{\"@type\":\"WebPage\",\"@id\":\"https:\/\/www.blogdelaautoescuela.com\/blog\/la-seguridad-activa-y-pasiva-de-los-vehiculos-video-de-seguridad-vial\/\",\"url\":\"https:\/\/www.blogdelaautoescuela.com\/blog\/la-seguridad-activa-y-pasiva-de-los-vehiculos-video-de-seguridad-vial\/\",\"name\":\"La seguridad activa y pasiva de los veh\u00ed\u00adculos, video de seguridad vial\",\"isPartOf\":{\"@id\":\"https:\/\/www.blogdelaautoescuela.com\/blog\/#website\"},\"datePublished\":\"2013-03-01T17:53:39+00:00\",\"author\":{\"@id\":\"https:\/\/www.blogdelaautoescuela.com\/blog\/#\/schema\/person\/f209a64ca5dfe74b9acb6317240e792f\"},\"description\":\"Hoy quiero compartir con vosotros un video de la Serie Seguridad Vial, dirigida por Paco Costas, que trata sobre la seguridad activa y pasiva de los veh\u00ed\u00adculos\",\"breadcrumb\":{\"@id\":\"https:\/\/www.blogdelaautoescuela.com\/blog\/la-seguridad-activa-y-pasiva-de-los-vehiculos-video-de-seguridad-vial\/#breadcrumb\"},\"inLanguage\":\"es\",\"potentialAction\":[{\"@type\":\"ReadAction\",\"target\":[\"https:\/\/www.blogdelaautoescuela.com\/blog\/la-seguridad-activa-y-pasiva-de-los-vehiculos-video-de-seguridad-vial\/\"]}]},{\"@type\":\"BreadcrumbList\",\"@id\":\"https:\/\/www.blogdelaautoescuela.com\/blog\/la-seguridad-activa-y-pasiva-de-los-vehiculos-video-de-seguridad-vial\/#breadcrumb\",\"itemListElement\":[{\"@type\":\"ListItem\",\"position\":1,\"name\":\"Portada\",\"item\":\"https:\/\/www.blogdelaautoescuela.com\/blog\/\"},{\"@type\":\"ListItem\",\"position\":2,\"name\":\"La seguridad activa y pasiva de los veh\u00ed\u00adculos, video de seguridad vial\"}]},{\"@type\":\"WebSite\",\"@id\":\"https:\/\/www.blogdelaautoescuela.com\/blog\/#website\",\"url\":\"https:\/\/www.blogdelaautoescuela.com\/blog\/\",\"name\":\"Blog de la autoescuela\",\"description\":\"Noticias sobre autoescuelas y seguridad vial\",\"potentialAction\":[{\"@type\":\"SearchAction\",\"target\":{\"@type\":\"EntryPoint\",\"urlTemplate\":\"https:\/\/www.blogdelaautoescuela.com\/blog\/?s={search_term_string}\"},\"query-input\":{\"@type\":\"PropertyValueSpecification\",\"valueRequired\":true,\"valueName\":\"search_term_string\"}}],\"inLanguage\":\"es\"},{\"@type\":\"Person\",\"@id\":\"https:\/\/www.blogdelaautoescuela.com\/blog\/#\/schema\/person\/f209a64ca5dfe74b9acb6317240e792f\",\"name\":\"usr_blogauto\",\"image\":{\"@type\":\"ImageObject\",\"inLanguage\":\"es\",\"@id\":\"https:\/\/www.blogdelaautoescuela.com\/blog\/#\/schema\/person\/image\/\",\"url\":\"https:\/\/secure.gravatar.com\/avatar\/d3939d4ea521ac8421c86d2980321cc9?s=96&d=mm&r=g\",\"contentUrl\":\"https:\/\/secure.gravatar.com\/avatar\/d3939d4ea521ac8421c86d2980321cc9?s=96&d=mm&r=g\",\"caption\":\"usr_blogauto\"},\"description\":\"Blog dedicado a la conducci\u00f3n, las autoescuelas y la seguridad vial. Est\u00e1 creado por un grupo de profesionales de la formaci\u00f3n vial que comparten inquietudes y experiencias. Aqu\u00ed\u00ad podr\u00e1s encontrar informaci\u00f3n variada sobre el d\u00ed\u00ada a d\u00ed\u00ada de la autoescuela, ex\u00e1menes, test o novedades y consejos para una conducci\u00f3n m\u00e1s segura.\",\"sameAs\":[\"http:\/\/www.blogdelaautoescuela.com\/\",\"https:\/\/www.facebook.com\/blogdelaautoescuela\",\"https:\/\/x.com\/autoescuelas\"],\"url\":\"https:\/\/www.blogdelaautoescuela.com\/blog\/author\/usr_blogauto\/\"}]}<\/script>\n<!-- \/ Yoast SEO plugin. -->","yoast_head_json":{"title":"La seguridad activa y pasiva de los veh\u00ed\u00adculos, video de seguridad vial","description":"Hoy quiero compartir con vosotros un video de la Serie Seguridad Vial, dirigida por Paco Costas, que trata sobre la seguridad activa y pasiva de los veh\u00ed\u00adculos","robots":{"index":"index","follow":"follow","max-snippet":"max-snippet:-1","max-image-preview":"max-image-preview:large","max-video-preview":"max-video-preview:-1"},"canonical":"https:\/\/www.blogdelaautoescuela.com\/blog\/la-seguridad-activa-y-pasiva-de-los-vehiculos-video-de-seguridad-vial\/","og_locale":"es_ES","og_type":"article","og_title":"La seguridad activa y pasiva de los veh\u00ed\u00adculos, video de seguridad vial","og_description":"Hoy quiero compartir con vosotros un video de la Serie Seguridad Vial, dirigida por Paco Costas, que trata sobre la seguridad activa y pasiva de los veh\u00ed\u00adculos","og_url":"https:\/\/www.blogdelaautoescuela.com\/blog\/la-seguridad-activa-y-pasiva-de-los-vehiculos-video-de-seguridad-vial\/","og_site_name":"Blog de la autoescuela","article_author":"https:\/\/www.facebook.com\/blogdelaautoescuela","article_published_time":"2013-03-01T17:53:39+00:00","author":"usr_blogauto","twitter_misc":{"Escrito por":"usr_blogauto","Tiempo de lectura":"1 minuto"},"schema":{"@context":"https:\/\/schema.org","@graph":[{"@type":"WebPage","@id":"https:\/\/www.blogdelaautoescuela.com\/blog\/la-seguridad-activa-y-pasiva-de-los-vehiculos-video-de-seguridad-vial\/","url":"https:\/\/www.blogdelaautoescuela.com\/blog\/la-seguridad-activa-y-pasiva-de-los-vehiculos-video-de-seguridad-vial\/","name":"La seguridad activa y pasiva de los veh\u00ed\u00adculos, video de seguridad vial","isPartOf":{"@id":"https:\/\/www.blogdelaautoescuela.com\/blog\/#website"},"datePublished":"2013-03-01T17:53:39+00:00","author":{"@id":"https:\/\/www.blogdelaautoescuela.com\/blog\/#\/schema\/person\/f209a64ca5dfe74b9acb6317240e792f"},"description":"Hoy quiero compartir con vosotros un video de la Serie Seguridad Vial, dirigida por Paco Costas, que trata sobre la seguridad activa y pasiva de los veh\u00ed\u00adculos","breadcrumb":{"@id":"https:\/\/www.blogdelaautoescuela.com\/blog\/la-seguridad-activa-y-pasiva-de-los-vehiculos-video-de-seguridad-vial\/#breadcrumb"},"inLanguage":"es","potentialAction":[{"@type":"ReadAction","target":["https:\/\/www.blogdelaautoescuela.com\/blog\/la-seguridad-activa-y-pasiva-de-los-vehiculos-video-de-seguridad-vial\/"]}]},{"@type":"BreadcrumbList","@id":"https:\/\/www.blogdelaautoescuela.com\/blog\/la-seguridad-activa-y-pasiva-de-los-vehiculos-video-de-seguridad-vial\/#breadcrumb","itemListElement":[{"@type":"ListItem","position":1,"name":"Portada","item":"https:\/\/www.blogdelaautoescuela.com\/blog\/"},{"@type":"ListItem","position":2,"name":"La seguridad activa y pasiva de los veh\u00ed\u00adculos, video de seguridad vial"}]},{"@type":"WebSite","@id":"https:\/\/www.blogdelaautoescuela.com\/blog\/#website","url":"https:\/\/www.blogdelaautoescuela.com\/blog\/","name":"Blog de la autoescuela","description":"Noticias sobre autoescuelas y seguridad vial","potentialAction":[{"@type":"SearchAction","target":{"@type":"EntryPoint","urlTemplate":"https:\/\/www.blogdelaautoescuela.com\/blog\/?s={search_term_string}"},"query-input":{"@type":"PropertyValueSpecification","valueRequired":true,"valueName":"search_term_string"}}],"inLanguage":"es"},{"@type":"Person","@id":"https:\/\/www.blogdelaautoescuela.com\/blog\/#\/schema\/person\/f209a64ca5dfe74b9acb6317240e792f","name":"usr_blogauto","image":{"@type":"ImageObject","inLanguage":"es","@id":"https:\/\/www.blogdelaautoescuela.com\/blog\/#\/schema\/person\/image\/","url":"https:\/\/secure.gravatar.com\/avatar\/d3939d4ea521ac8421c86d2980321cc9?s=96&d=mm&r=g","contentUrl":"https:\/\/secure.gravatar.com\/avatar\/d3939d4ea521ac8421c86d2980321cc9?s=96&d=mm&r=g","caption":"usr_blogauto"},"description":"Blog dedicado a la conducci\u00f3n, las autoescuelas y la seguridad vial. Est\u00e1 creado por un grupo de profesionales de la formaci\u00f3n vial que comparten inquietudes y experiencias. Aqu\u00ed\u00ad podr\u00e1s encontrar informaci\u00f3n variada sobre el d\u00ed\u00ada a d\u00ed\u00ada de la autoescuela, ex\u00e1menes, test o novedades y consejos para una conducci\u00f3n m\u00e1s segura.","sameAs":["http:\/\/www.blogdelaautoescuela.com\/","https:\/\/www.facebook.com\/blogdelaautoescuela","https:\/\/x.com\/autoescuelas"],"url":"https:\/\/www.blogdelaautoescuela.com\/blog\/author\/usr_blogauto\/"}]}},"jetpack_featured_media_url":"","_links":{"self":[{"href":"https:\/\/www.blogdelaautoescuela.com\/blog\/wp-json\/wp\/v2\/posts\/10571","targetHints":{"allow":["GET"]}}],"collection":[{"href":"https:\/\/www.blogdelaautoescuela.com\/blog\/wp-json\/wp\/v2\/posts"}],"about":[{"href":"https:\/\/www.blogdelaautoescuela.com\/blog\/wp-json\/wp\/v2\/types\/post"}],"author":[{"embeddable":true,"href":"https:\/\/www.blogdelaautoescuela.com\/blog\/wp-json\/wp\/v2\/users\/1"}],"replies":[{"embeddable":true,"href":"https:\/\/www.blogdelaautoescuela.com\/blog\/wp-json\/wp\/v2\/comments?post=10571"}],"version-history":[{"count":0,"href":"https:\/\/www.blogdelaautoescuela.com\/blog\/wp-json\/wp\/v2\/posts\/10571\/revisions"}],"wp:attachment":[{"href":"https:\/\/www.blogdelaautoescuela.com\/blog\/wp-json\/wp\/v2\/media?parent=10571"}],"wp:term":[{"taxonomy":"category","embeddable":true,"href":"https:\/\/www.blogdelaautoescuela.com\/blog\/wp-json\/wp\/v2\/categories?post=10571"},{"taxonomy":"post_tag","embeddable":true,"href":"https:\/\/www.blogdelaautoescuela.com\/blog\/wp-json\/wp\/v2\/tags?post=10571"}],"curies":[{"name":"wp","href":"https:\/\/api.w.org\/{rel}","templated":true}]}}