
{"id":10542,"date":"2013-02-20T18:20:24","date_gmt":"2013-02-20T17:20:24","guid":{"rendered":"http:\/\/www.blogdelaautoescuela.com\/blog\/?p=10542"},"modified":"2013-02-20T18:20:24","modified_gmt":"2013-02-20T17:20:24","slug":"accesorios-obligatorios-en-los-vehiculos","status":"publish","type":"post","link":"https:\/\/www.blogdelaautoescuela.com\/blog\/accesorios-obligatorios-en-los-vehiculos\/","title":{"rendered":"Accesorios obligatorios en los veh\u00ed\u00adculos"},"content":{"rendered":"<p><a href=\"http:\/\/www.blogdelaautoescuela.com\/blog\/wp-content\/uploads\/2013\/02\/chaleco-reflectante.jpg\"><img loading=\"lazy\" decoding=\"async\" class=\"aligncenter size-full wp-image-10436\" alt=\"chaleco reflectante\" src=\"http:\/\/www.blogdelaautoescuela.com\/blog\/wp-content\/uploads\/2013\/02\/chaleco-reflectante.jpg\" width=\"500\" height=\"333\" \/><\/a><\/p>\n<p>Muchas veces cuando conducimos un veh\u00ed\u00adculo no conocemos cosas tan b\u00e1sicas como <strong>qu\u00e9 acesorios tenemos que llevar<\/strong> en ellos obligatoriamente, por eso hoy queremos hacer un repaso de la dotaci\u00f3n m\u00ed\u00adnima que el <strong>Reglamento General de Veh\u00ed\u00adculos<\/strong> nos exige llevar en nuestro veh\u00ed\u00adculo, a no ser que se trata de ciclomotores, tranv\u00ed\u00adas o veh\u00ed\u00adculos para personas de movilidad reducida.<\/p>\n<h3><span style=\"color: #99cc00;\">Accesorios obligatorios en los veh\u00ed\u00adculos:<\/span><\/h3>\n<p><strong>Chaleco reflectante de alta visibilidad<\/strong>, el chaleco debe ser visible desde 150 metros de distancia, puede ser de color amarillo, naranja o rojo, sus bandas reflectantes no deben ser de anchura inferior a 5 cm y deben rodear todo el contorno del cuerpo. Es imprescindible que el chaleco reflectante est\u00e9 homologado de acuerdo al Real Decreto 1407\/1992 y que cumpla con la norma EN 471. Recuerda que el chaleco reflectante, adem\u00e1s de ser obligatorio, te puede salvar la vida.<\/p>\n<p><strong>Dos dispositivos de prese\u00f1alizaci\u00f3n de peligro<\/strong>. Recuerda que en las calzadas de doble sentido, de 2 o 3 carrilles, tenemos que colocar los dos tri\u00e1ngulos, uno por delante y otro por detr\u00e1s, a unos 50 metros de nuestro veh\u00ed\u00adculo y deben ser visibles por el resto de conductores como m\u00ed\u00adnimo a 100 metros de distancia.<\/p>\n<p><strong>Rueda de repuesto o rueda de uso temporal<\/strong>, adem\u00e1s deberemos llevar las<strong> herramientas necesarias para cambiarlas<\/strong> en el caso de que fuera necesario.<\/p>\n<p><strong>Equipo homologado de extinci\u00f3n de incendios<\/strong>, esto no es obligatorio para todos los veh\u00ed\u00adculos s\u00f3lo es necesario en los turismos de servicio p\u00fablico, furgonetas, camiones y autobuses de cualquier masa m\u00e1xima autorizada.<\/p>\n<p>No llevar en nuestro veh\u00ed\u00adculo uno de estos accesorios puede conllevar una <strong>sanci\u00f3n econ\u00f3mica de 200 euros.<\/strong><\/p>\n","protected":false},"excerpt":{"rendered":"<p>Muchas veces cuando conducimos un veh\u00ed\u00adculo no conocemos cosas tan b\u00e1sicas como qu\u00e9 acesorios tenemos que llevar en ellos obligatoriamente, por eso hoy queremos hacer un repaso de la dotaci\u00f3n m\u00ed\u00adnima que el Reglamento General de Veh\u00ed\u00adculos nos exige llevar en nuestro veh\u00ed\u00adculo, a no ser que se trata de ciclomotores, tranv\u00ed\u00adas o veh\u00ed\u00adculos para [&hellip;]<\/p>\n","protected":false},"author":1,"featured_media":10436,"comment_status":"open","ping_status":"closed","sticky":false,"template":"","format":"standard","meta":{"footnotes":"","jetpack_publicize_message":"","jetpack_publicize_feature_enabled":true,"jetpack_social_post_already_shared":false,"jetpack_social_options":{"image_generator_settings":{"template":"highway","enabled":false},"version":2}},"categories":[19],"tags":[313,928,1678,1196],"class_list":["post-10542","post","type-post","status-publish","format-standard","has-post-thumbnail","hentry","category-seguridad-vial","tag-chaleco-reflectante","tag-normativa","tag-seguridad-vial","tag-senales-de-peligro"],"wppr_data":[],"jetpack_publicize_connections":[],"yoast_head":"<!-- This site is optimized with the Yoast SEO plugin v24.7 - https:\/\/yoast.com\/wordpress\/plugins\/seo\/ -->\n<title>Accesorios obligatorios en los veh\u00ed\u00adculos:<\/title>\n<meta name=\"description\" content=\"queremos hacer un repaso de la dotaci\u00f3n m\u00ed\u00adnima que el Reglamento General de Veh\u00ed\u00adculos nos exige llevar en nuestro veh\u00ed\u00adculo\" \/>\n<meta name=\"robots\" content=\"index, follow, max-snippet:-1, max-image-preview:large, max-video-preview:-1\" \/>\n<link rel=\"canonical\" href=\"https:\/\/www.blogdelaautoescuela.com\/blog\/accesorios-obligatorios-en-los-vehiculos\/\" \/>\n<meta property=\"og:locale\" content=\"es_ES\" \/>\n<meta property=\"og:type\" content=\"article\" \/>\n<meta property=\"og:title\" content=\"Accesorios obligatorios en los veh\u00ed\u00adculos:\" \/>\n<meta property=\"og:description\" content=\"queremos hacer un repaso de la dotaci\u00f3n m\u00ed\u00adnima que el Reglamento General de Veh\u00ed\u00adculos nos exige llevar en nuestro veh\u00ed\u00adculo\" \/>\n<meta property=\"og:url\" content=\"https:\/\/www.blogdelaautoescuela.com\/blog\/accesorios-obligatorios-en-los-vehiculos\/\" \/>\n<meta property=\"og:site_name\" content=\"Blog de la autoescuela\" \/>\n<meta property=\"article:author\" content=\"https:\/\/www.facebook.com\/blogdelaautoescuela\" \/>\n<meta property=\"article:published_time\" content=\"2013-02-20T17:20:24+00:00\" \/>\n<meta property=\"og:image\" content=\"https:\/\/www.blogdelaautoescuela.com\/blog\/wp-content\/uploads\/2013\/02\/chaleco-reflectante1.jpg\" \/>\n\t<meta property=\"og:image:width\" content=\"500\" \/>\n\t<meta property=\"og:image:height\" content=\"333\" \/>\n\t<meta property=\"og:image:type\" content=\"image\/jpeg\" \/>\n<meta name=\"author\" content=\"usr_blogauto\" \/>\n<meta name=\"twitter:label1\" content=\"Escrito por\" \/>\n\t<meta name=\"twitter:data1\" content=\"usr_blogauto\" \/>\n\t<meta name=\"twitter:label2\" content=\"Tiempo de lectura\" \/>\n\t<meta name=\"twitter:data2\" content=\"1 minuto\" \/>\n<script type=\"application\/ld+json\" class=\"yoast-schema-graph\">{\"@context\":\"https:\/\/schema.org\",\"@graph\":[{\"@type\":\"WebPage\",\"@id\":\"https:\/\/www.blogdelaautoescuela.com\/blog\/accesorios-obligatorios-en-los-vehiculos\/\",\"url\":\"https:\/\/www.blogdelaautoescuela.com\/blog\/accesorios-obligatorios-en-los-vehiculos\/\",\"name\":\"Accesorios obligatorios en los veh\u00ed\u00adculos:\",\"isPartOf\":{\"@id\":\"https:\/\/www.blogdelaautoescuela.com\/blog\/#website\"},\"primaryImageOfPage\":{\"@id\":\"https:\/\/www.blogdelaautoescuela.com\/blog\/accesorios-obligatorios-en-los-vehiculos\/#primaryimage\"},\"image\":{\"@id\":\"https:\/\/www.blogdelaautoescuela.com\/blog\/accesorios-obligatorios-en-los-vehiculos\/#primaryimage\"},\"thumbnailUrl\":\"https:\/\/www.blogdelaautoescuela.com\/blog\/wp-content\/uploads\/2013\/02\/chaleco-reflectante1.jpg\",\"datePublished\":\"2013-02-20T17:20:24+00:00\",\"author\":{\"@id\":\"https:\/\/www.blogdelaautoescuela.com\/blog\/#\/schema\/person\/f209a64ca5dfe74b9acb6317240e792f\"},\"description\":\"queremos hacer un repaso de la dotaci\u00f3n m\u00ed\u00adnima que el Reglamento General de Veh\u00ed\u00adculos nos exige llevar en nuestro veh\u00ed\u00adculo\",\"breadcrumb\":{\"@id\":\"https:\/\/www.blogdelaautoescuela.com\/blog\/accesorios-obligatorios-en-los-vehiculos\/#breadcrumb\"},\"inLanguage\":\"es\",\"potentialAction\":[{\"@type\":\"ReadAction\",\"target\":[\"https:\/\/www.blogdelaautoescuela.com\/blog\/accesorios-obligatorios-en-los-vehiculos\/\"]}]},{\"@type\":\"ImageObject\",\"inLanguage\":\"es\",\"@id\":\"https:\/\/www.blogdelaautoescuela.com\/blog\/accesorios-obligatorios-en-los-vehiculos\/#primaryimage\",\"url\":\"https:\/\/www.blogdelaautoescuela.com\/blog\/wp-content\/uploads\/2013\/02\/chaleco-reflectante1.jpg\",\"contentUrl\":\"https:\/\/www.blogdelaautoescuela.com\/blog\/wp-content\/uploads\/2013\/02\/chaleco-reflectante1.jpg\",\"width\":500,\"height\":333},{\"@type\":\"BreadcrumbList\",\"@id\":\"https:\/\/www.blogdelaautoescuela.com\/blog\/accesorios-obligatorios-en-los-vehiculos\/#breadcrumb\",\"itemListElement\":[{\"@type\":\"ListItem\",\"position\":1,\"name\":\"Portada\",\"item\":\"https:\/\/www.blogdelaautoescuela.com\/blog\/\"},{\"@type\":\"ListItem\",\"position\":2,\"name\":\"Accesorios obligatorios en los veh\u00ed\u00adculos\"}]},{\"@type\":\"WebSite\",\"@id\":\"https:\/\/www.blogdelaautoescuela.com\/blog\/#website\",\"url\":\"https:\/\/www.blogdelaautoescuela.com\/blog\/\",\"name\":\"Blog de la autoescuela\",\"description\":\"Noticias sobre autoescuelas y seguridad vial\",\"potentialAction\":[{\"@type\":\"SearchAction\",\"target\":{\"@type\":\"EntryPoint\",\"urlTemplate\":\"https:\/\/www.blogdelaautoescuela.com\/blog\/?s={search_term_string}\"},\"query-input\":{\"@type\":\"PropertyValueSpecification\",\"valueRequired\":true,\"valueName\":\"search_term_string\"}}],\"inLanguage\":\"es\"},{\"@type\":\"Person\",\"@id\":\"https:\/\/www.blogdelaautoescuela.com\/blog\/#\/schema\/person\/f209a64ca5dfe74b9acb6317240e792f\",\"name\":\"usr_blogauto\",\"image\":{\"@type\":\"ImageObject\",\"inLanguage\":\"es\",\"@id\":\"https:\/\/www.blogdelaautoescuela.com\/blog\/#\/schema\/person\/image\/\",\"url\":\"https:\/\/secure.gravatar.com\/avatar\/d3939d4ea521ac8421c86d2980321cc9?s=96&d=mm&r=g\",\"contentUrl\":\"https:\/\/secure.gravatar.com\/avatar\/d3939d4ea521ac8421c86d2980321cc9?s=96&d=mm&r=g\",\"caption\":\"usr_blogauto\"},\"description\":\"Blog dedicado a la conducci\u00f3n, las autoescuelas y la seguridad vial. Est\u00e1 creado por un grupo de profesionales de la formaci\u00f3n vial que comparten inquietudes y experiencias. Aqu\u00ed\u00ad podr\u00e1s encontrar informaci\u00f3n variada sobre el d\u00ed\u00ada a d\u00ed\u00ada de la autoescuela, ex\u00e1menes, test o novedades y consejos para una conducci\u00f3n m\u00e1s segura.\",\"sameAs\":[\"http:\/\/www.blogdelaautoescuela.com\/\",\"https:\/\/www.facebook.com\/blogdelaautoescuela\",\"https:\/\/x.com\/autoescuelas\"],\"url\":\"https:\/\/www.blogdelaautoescuela.com\/blog\/author\/usr_blogauto\/\"}]}<\/script>\n<!-- \/ Yoast SEO plugin. -->","yoast_head_json":{"title":"Accesorios obligatorios en los veh\u00ed\u00adculos:","description":"queremos hacer un repaso de la dotaci\u00f3n m\u00ed\u00adnima que el Reglamento General de Veh\u00ed\u00adculos nos exige llevar en nuestro veh\u00ed\u00adculo","robots":{"index":"index","follow":"follow","max-snippet":"max-snippet:-1","max-image-preview":"max-image-preview:large","max-video-preview":"max-video-preview:-1"},"canonical":"https:\/\/www.blogdelaautoescuela.com\/blog\/accesorios-obligatorios-en-los-vehiculos\/","og_locale":"es_ES","og_type":"article","og_title":"Accesorios obligatorios en los veh\u00ed\u00adculos:","og_description":"queremos hacer un repaso de la dotaci\u00f3n m\u00ed\u00adnima que el Reglamento General de Veh\u00ed\u00adculos nos exige llevar en nuestro veh\u00ed\u00adculo","og_url":"https:\/\/www.blogdelaautoescuela.com\/blog\/accesorios-obligatorios-en-los-vehiculos\/","og_site_name":"Blog de la autoescuela","article_author":"https:\/\/www.facebook.com\/blogdelaautoescuela","article_published_time":"2013-02-20T17:20:24+00:00","og_image":[{"width":500,"height":333,"url":"https:\/\/www.blogdelaautoescuela.com\/blog\/wp-content\/uploads\/2013\/02\/chaleco-reflectante1.jpg","type":"image\/jpeg"}],"author":"usr_blogauto","twitter_misc":{"Escrito por":"usr_blogauto","Tiempo de lectura":"1 minuto"},"schema":{"@context":"https:\/\/schema.org","@graph":[{"@type":"WebPage","@id":"https:\/\/www.blogdelaautoescuela.com\/blog\/accesorios-obligatorios-en-los-vehiculos\/","url":"https:\/\/www.blogdelaautoescuela.com\/blog\/accesorios-obligatorios-en-los-vehiculos\/","name":"Accesorios obligatorios en los veh\u00ed\u00adculos:","isPartOf":{"@id":"https:\/\/www.blogdelaautoescuela.com\/blog\/#website"},"primaryImageOfPage":{"@id":"https:\/\/www.blogdelaautoescuela.com\/blog\/accesorios-obligatorios-en-los-vehiculos\/#primaryimage"},"image":{"@id":"https:\/\/www.blogdelaautoescuela.com\/blog\/accesorios-obligatorios-en-los-vehiculos\/#primaryimage"},"thumbnailUrl":"https:\/\/www.blogdelaautoescuela.com\/blog\/wp-content\/uploads\/2013\/02\/chaleco-reflectante1.jpg","datePublished":"2013-02-20T17:20:24+00:00","author":{"@id":"https:\/\/www.blogdelaautoescuela.com\/blog\/#\/schema\/person\/f209a64ca5dfe74b9acb6317240e792f"},"description":"queremos hacer un repaso de la dotaci\u00f3n m\u00ed\u00adnima que el Reglamento General de Veh\u00ed\u00adculos nos exige llevar en nuestro veh\u00ed\u00adculo","breadcrumb":{"@id":"https:\/\/www.blogdelaautoescuela.com\/blog\/accesorios-obligatorios-en-los-vehiculos\/#breadcrumb"},"inLanguage":"es","potentialAction":[{"@type":"ReadAction","target":["https:\/\/www.blogdelaautoescuela.com\/blog\/accesorios-obligatorios-en-los-vehiculos\/"]}]},{"@type":"ImageObject","inLanguage":"es","@id":"https:\/\/www.blogdelaautoescuela.com\/blog\/accesorios-obligatorios-en-los-vehiculos\/#primaryimage","url":"https:\/\/www.blogdelaautoescuela.com\/blog\/wp-content\/uploads\/2013\/02\/chaleco-reflectante1.jpg","contentUrl":"https:\/\/www.blogdelaautoescuela.com\/blog\/wp-content\/uploads\/2013\/02\/chaleco-reflectante1.jpg","width":500,"height":333},{"@type":"BreadcrumbList","@id":"https:\/\/www.blogdelaautoescuela.com\/blog\/accesorios-obligatorios-en-los-vehiculos\/#breadcrumb","itemListElement":[{"@type":"ListItem","position":1,"name":"Portada","item":"https:\/\/www.blogdelaautoescuela.com\/blog\/"},{"@type":"ListItem","position":2,"name":"Accesorios obligatorios en los veh\u00ed\u00adculos"}]},{"@type":"WebSite","@id":"https:\/\/www.blogdelaautoescuela.com\/blog\/#website","url":"https:\/\/www.blogdelaautoescuela.com\/blog\/","name":"Blog de la autoescuela","description":"Noticias sobre autoescuelas y seguridad vial","potentialAction":[{"@type":"SearchAction","target":{"@type":"EntryPoint","urlTemplate":"https:\/\/www.blogdelaautoescuela.com\/blog\/?s={search_term_string}"},"query-input":{"@type":"PropertyValueSpecification","valueRequired":true,"valueName":"search_term_string"}}],"inLanguage":"es"},{"@type":"Person","@id":"https:\/\/www.blogdelaautoescuela.com\/blog\/#\/schema\/person\/f209a64ca5dfe74b9acb6317240e792f","name":"usr_blogauto","image":{"@type":"ImageObject","inLanguage":"es","@id":"https:\/\/www.blogdelaautoescuela.com\/blog\/#\/schema\/person\/image\/","url":"https:\/\/secure.gravatar.com\/avatar\/d3939d4ea521ac8421c86d2980321cc9?s=96&d=mm&r=g","contentUrl":"https:\/\/secure.gravatar.com\/avatar\/d3939d4ea521ac8421c86d2980321cc9?s=96&d=mm&r=g","caption":"usr_blogauto"},"description":"Blog dedicado a la conducci\u00f3n, las autoescuelas y la seguridad vial. Est\u00e1 creado por un grupo de profesionales de la formaci\u00f3n vial que comparten inquietudes y experiencias. Aqu\u00ed\u00ad podr\u00e1s encontrar informaci\u00f3n variada sobre el d\u00ed\u00ada a d\u00ed\u00ada de la autoescuela, ex\u00e1menes, test o novedades y consejos para una conducci\u00f3n m\u00e1s segura.","sameAs":["http:\/\/www.blogdelaautoescuela.com\/","https:\/\/www.facebook.com\/blogdelaautoescuela","https:\/\/x.com\/autoescuelas"],"url":"https:\/\/www.blogdelaautoescuela.com\/blog\/author\/usr_blogauto\/"}]}},"jetpack_featured_media_url":"https:\/\/www.blogdelaautoescuela.com\/blog\/wp-content\/uploads\/2013\/02\/chaleco-reflectante1.jpg","_links":{"self":[{"href":"https:\/\/www.blogdelaautoescuela.com\/blog\/wp-json\/wp\/v2\/posts\/10542","targetHints":{"allow":["GET"]}}],"collection":[{"href":"https:\/\/www.blogdelaautoescuela.com\/blog\/wp-json\/wp\/v2\/posts"}],"about":[{"href":"https:\/\/www.blogdelaautoescuela.com\/blog\/wp-json\/wp\/v2\/types\/post"}],"author":[{"embeddable":true,"href":"https:\/\/www.blogdelaautoescuela.com\/blog\/wp-json\/wp\/v2\/users\/1"}],"replies":[{"embeddable":true,"href":"https:\/\/www.blogdelaautoescuela.com\/blog\/wp-json\/wp\/v2\/comments?post=10542"}],"version-history":[{"count":0,"href":"https:\/\/www.blogdelaautoescuela.com\/blog\/wp-json\/wp\/v2\/posts\/10542\/revisions"}],"wp:featuredmedia":[{"embeddable":true,"href":"https:\/\/www.blogdelaautoescuela.com\/blog\/wp-json\/wp\/v2\/media\/10436"}],"wp:attachment":[{"href":"https:\/\/www.blogdelaautoescuela.com\/blog\/wp-json\/wp\/v2\/media?parent=10542"}],"wp:term":[{"taxonomy":"category","embeddable":true,"href":"https:\/\/www.blogdelaautoescuela.com\/blog\/wp-json\/wp\/v2\/categories?post=10542"},{"taxonomy":"post_tag","embeddable":true,"href":"https:\/\/www.blogdelaautoescuela.com\/blog\/wp-json\/wp\/v2\/tags?post=10542"}],"curies":[{"name":"wp","href":"https:\/\/api.w.org\/{rel}","templated":true}]}}