
{"id":10473,"date":"2013-02-06T17:30:42","date_gmt":"2013-02-06T16:30:42","guid":{"rendered":"http:\/\/www.blogdelaautoescuela.com\/blog\/?p=10473"},"modified":"2013-02-06T17:30:42","modified_gmt":"2013-02-06T16:30:42","slug":"avila-sera-la-primera-ciudad-espanola-en-tener-un-observatorio-local-de-seguridad-vial","status":"publish","type":"post","link":"https:\/\/www.blogdelaautoescuela.com\/blog\/avila-sera-la-primera-ciudad-espanola-en-tener-un-observatorio-local-de-seguridad-vial\/","title":{"rendered":"\u00c1vila ser\u00e1 la primera ciudad espa\u00f1ola en tener un Observatorio Local de Seguridad Vial"},"content":{"rendered":"<p><a href=\"http:\/\/www.blogdelaautoescuela.com\/blog\/wp-content\/uploads\/2009\/08\/trafico-ciudad.jpg\"><img loading=\"lazy\" decoding=\"async\" class=\"aligncenter size-full wp-image-1891\" alt=\"trafico ciudad\" src=\"http:\/\/www.blogdelaautoescuela.com\/blog\/wp-content\/uploads\/2009\/08\/trafico-ciudad.jpg\" width=\"500\" height=\"300\" \/><\/a><\/p>\n<p><strong>\u00c1vila ser\u00e1 la primera ciudad espa\u00f1ola en tener un Observatorio Local de Seguridad Vial<\/strong>, un observatorio que nace con el objetivo de ayudar a la ejecuci\u00f3n de las diferentes fases de<strong>l Plan de Seguridad Vial municipal.<\/strong><\/p>\n<p>Con este <strong>Observatorio<\/strong> se establecer\u00e1 un control peri\u00f3dico y estricto de la eficacia de las medidas que al amparo del nuevo plan de seguridad vial urbana se vayan implementando en la ciudad, lo que sin duda contribuir\u00e1 a reducir la siniestralidad en el casco urbano.<\/p>\n<p><strong>Jos\u00e9 Francisco Hern\u00e1ndez, teniente de alcalde y portavoz del equipo de gobierno en el Ayuntamiento de \u00c1vila<\/strong>, ha sido el encargado de comunicar que este \u20ac\u0153importante e interesante\u20ac\u009d \u00f3rgano consultivo se crear\u00e1 \u20ac\u0153a lo largo del mes de febrero\u20ac\u009d. Adem\u00e1s seg\u00fan ha explicado, \u20ac\u0153Seremos pioneros\u20ac\u009d, ha presumido el teniente de alcalde, quien ha insistido en que \u20ac\u0153no existen observatorios locales\u20ac\u009d de estas caracter\u00ed\u00adsticas, s\u00f3lo un Observatorio Nacional de Seguridad Vial.<\/p>\n<p>El <strong>Observatorio Local de Seguridad Vial,<\/strong> que tendr\u00e1 car\u00e1cter consultivo, estar\u00e1 formado por miembros de la Polic\u00ed\u00ada Local y de la sociedad civil abulense, as\u00ed\u00ad como por los representantes de los cuatro grupos pol\u00ed\u00adticos con representaci\u00f3n municipal.<\/p>\n<p>Sin duda que una vez puesto en marcha el Obsevatorio de esta ciudad castellanoleonesa otros municipios tambi\u00e9n estar\u00e1n interesados en su implataci\u00f3n<\/p>\n","protected":false},"excerpt":{"rendered":"<p>\u00c1vila ser\u00e1 la primera ciudad espa\u00f1ola en tener un Observatorio Local de Seguridad Vial, un observatorio que nace con el objetivo de ayudar a la ejecuci\u00f3n de las diferentes fases del Plan de Seguridad Vial municipal. Con este Observatorio se establecer\u00e1 un control peri\u00f3dico y estricto de la eficacia de las medidas que al amparo [&hellip;]<\/p>\n","protected":false},"author":1,"featured_media":1891,"comment_status":"open","ping_status":"closed","sticky":false,"template":"","format":"standard","meta":{"footnotes":"","jetpack_publicize_message":"","jetpack_publicize_feature_enabled":true,"jetpack_social_post_already_shared":false,"jetpack_social_options":{"image_generator_settings":{"template":"highway","enabled":false},"version":2}},"categories":[12,19],"tags":[192,1672,1678],"class_list":["post-10473","post","type-post","status-publish","format-standard","has-post-thumbnail","hentry","category-noticias","category-seguridad-vial","tag-avila","tag-noticias","tag-seguridad-vial"],"wppr_data":[],"jetpack_publicize_connections":[],"yoast_head":"<!-- This site is optimized with the Yoast SEO plugin v24.7 - https:\/\/yoast.com\/wordpress\/plugins\/seo\/ -->\n<title>\u00c1vila ser\u00e1 la primera ciudad espa\u00f1ola en tener un Observatorio Local de Seguridad Vial<\/title>\n<meta name=\"description\" content=\"\u00c1vila ser\u00e1 la primera ciudad espa\u00f1ola en tener un Observatorio Local de Seguridad Vial, con el objetivo de ayudar a la ejecuci\u00f3n de las diferentes fases del Plan de Seguridad Vial municipal\" \/>\n<meta name=\"robots\" content=\"index, follow, max-snippet:-1, max-image-preview:large, max-video-preview:-1\" \/>\n<link rel=\"canonical\" href=\"https:\/\/www.blogdelaautoescuela.com\/blog\/avila-sera-la-primera-ciudad-espanola-en-tener-un-observatorio-local-de-seguridad-vial\/\" \/>\n<meta property=\"og:locale\" content=\"es_ES\" \/>\n<meta property=\"og:type\" content=\"article\" \/>\n<meta property=\"og:title\" content=\"\u00c1vila ser\u00e1 la primera ciudad espa\u00f1ola en tener un Observatorio Local de Seguridad Vial\" \/>\n<meta property=\"og:description\" content=\"\u00c1vila ser\u00e1 la primera ciudad espa\u00f1ola en tener un Observatorio Local de Seguridad Vial, con el objetivo de ayudar a la ejecuci\u00f3n de las diferentes fases del Plan de Seguridad Vial municipal\" \/>\n<meta property=\"og:url\" content=\"https:\/\/www.blogdelaautoescuela.com\/blog\/avila-sera-la-primera-ciudad-espanola-en-tener-un-observatorio-local-de-seguridad-vial\/\" \/>\n<meta property=\"og:site_name\" content=\"Blog de la autoescuela\" \/>\n<meta property=\"article:author\" content=\"https:\/\/www.facebook.com\/blogdelaautoescuela\" \/>\n<meta property=\"article:published_time\" content=\"2013-02-06T16:30:42+00:00\" \/>\n<meta property=\"og:image\" content=\"https:\/\/www.blogdelaautoescuela.com\/blog\/wp-content\/uploads\/2009\/08\/trafico-ciudad1.jpg\" \/>\n\t<meta property=\"og:image:width\" content=\"400\" \/>\n\t<meta property=\"og:image:height\" content=\"250\" \/>\n\t<meta property=\"og:image:type\" content=\"image\/jpeg\" \/>\n<meta name=\"author\" content=\"usr_blogauto\" \/>\n<meta name=\"twitter:label1\" content=\"Escrito por\" \/>\n\t<meta name=\"twitter:data1\" content=\"usr_blogauto\" \/>\n\t<meta name=\"twitter:label2\" content=\"Tiempo de lectura\" \/>\n\t<meta name=\"twitter:data2\" content=\"1 minuto\" \/>\n<script type=\"application\/ld+json\" class=\"yoast-schema-graph\">{\"@context\":\"https:\/\/schema.org\",\"@graph\":[{\"@type\":\"WebPage\",\"@id\":\"https:\/\/www.blogdelaautoescuela.com\/blog\/avila-sera-la-primera-ciudad-espanola-en-tener-un-observatorio-local-de-seguridad-vial\/\",\"url\":\"https:\/\/www.blogdelaautoescuela.com\/blog\/avila-sera-la-primera-ciudad-espanola-en-tener-un-observatorio-local-de-seguridad-vial\/\",\"name\":\"\u00c1vila ser\u00e1 la primera ciudad espa\u00f1ola en tener un Observatorio Local de Seguridad Vial\",\"isPartOf\":{\"@id\":\"https:\/\/www.blogdelaautoescuela.com\/blog\/#website\"},\"primaryImageOfPage\":{\"@id\":\"https:\/\/www.blogdelaautoescuela.com\/blog\/avila-sera-la-primera-ciudad-espanola-en-tener-un-observatorio-local-de-seguridad-vial\/#primaryimage\"},\"image\":{\"@id\":\"https:\/\/www.blogdelaautoescuela.com\/blog\/avila-sera-la-primera-ciudad-espanola-en-tener-un-observatorio-local-de-seguridad-vial\/#primaryimage\"},\"thumbnailUrl\":\"https:\/\/www.blogdelaautoescuela.com\/blog\/wp-content\/uploads\/2009\/08\/trafico-ciudad1.jpg\",\"datePublished\":\"2013-02-06T16:30:42+00:00\",\"author\":{\"@id\":\"https:\/\/www.blogdelaautoescuela.com\/blog\/#\/schema\/person\/f209a64ca5dfe74b9acb6317240e792f\"},\"description\":\"\u00c1vila ser\u00e1 la primera ciudad espa\u00f1ola en tener un Observatorio Local de Seguridad Vial, con el objetivo de ayudar a la ejecuci\u00f3n de las diferentes fases del Plan de Seguridad Vial municipal\",\"breadcrumb\":{\"@id\":\"https:\/\/www.blogdelaautoescuela.com\/blog\/avila-sera-la-primera-ciudad-espanola-en-tener-un-observatorio-local-de-seguridad-vial\/#breadcrumb\"},\"inLanguage\":\"es\",\"potentialAction\":[{\"@type\":\"ReadAction\",\"target\":[\"https:\/\/www.blogdelaautoescuela.com\/blog\/avila-sera-la-primera-ciudad-espanola-en-tener-un-observatorio-local-de-seguridad-vial\/\"]}]},{\"@type\":\"ImageObject\",\"inLanguage\":\"es\",\"@id\":\"https:\/\/www.blogdelaautoescuela.com\/blog\/avila-sera-la-primera-ciudad-espanola-en-tener-un-observatorio-local-de-seguridad-vial\/#primaryimage\",\"url\":\"https:\/\/www.blogdelaautoescuela.com\/blog\/wp-content\/uploads\/2009\/08\/trafico-ciudad1.jpg\",\"contentUrl\":\"https:\/\/www.blogdelaautoescuela.com\/blog\/wp-content\/uploads\/2009\/08\/trafico-ciudad1.jpg\",\"width\":400,\"height\":250},{\"@type\":\"BreadcrumbList\",\"@id\":\"https:\/\/www.blogdelaautoescuela.com\/blog\/avila-sera-la-primera-ciudad-espanola-en-tener-un-observatorio-local-de-seguridad-vial\/#breadcrumb\",\"itemListElement\":[{\"@type\":\"ListItem\",\"position\":1,\"name\":\"Portada\",\"item\":\"https:\/\/www.blogdelaautoescuela.com\/blog\/\"},{\"@type\":\"ListItem\",\"position\":2,\"name\":\"\u00c1vila ser\u00e1 la primera ciudad espa\u00f1ola en tener un Observatorio Local de Seguridad Vial\"}]},{\"@type\":\"WebSite\",\"@id\":\"https:\/\/www.blogdelaautoescuela.com\/blog\/#website\",\"url\":\"https:\/\/www.blogdelaautoescuela.com\/blog\/\",\"name\":\"Blog de la autoescuela\",\"description\":\"Noticias sobre autoescuelas y seguridad vial\",\"potentialAction\":[{\"@type\":\"SearchAction\",\"target\":{\"@type\":\"EntryPoint\",\"urlTemplate\":\"https:\/\/www.blogdelaautoescuela.com\/blog\/?s={search_term_string}\"},\"query-input\":{\"@type\":\"PropertyValueSpecification\",\"valueRequired\":true,\"valueName\":\"search_term_string\"}}],\"inLanguage\":\"es\"},{\"@type\":\"Person\",\"@id\":\"https:\/\/www.blogdelaautoescuela.com\/blog\/#\/schema\/person\/f209a64ca5dfe74b9acb6317240e792f\",\"name\":\"usr_blogauto\",\"image\":{\"@type\":\"ImageObject\",\"inLanguage\":\"es\",\"@id\":\"https:\/\/www.blogdelaautoescuela.com\/blog\/#\/schema\/person\/image\/\",\"url\":\"https:\/\/secure.gravatar.com\/avatar\/d3939d4ea521ac8421c86d2980321cc9?s=96&d=mm&r=g\",\"contentUrl\":\"https:\/\/secure.gravatar.com\/avatar\/d3939d4ea521ac8421c86d2980321cc9?s=96&d=mm&r=g\",\"caption\":\"usr_blogauto\"},\"description\":\"Blog dedicado a la conducci\u00f3n, las autoescuelas y la seguridad vial. Est\u00e1 creado por un grupo de profesionales de la formaci\u00f3n vial que comparten inquietudes y experiencias. Aqu\u00ed\u00ad podr\u00e1s encontrar informaci\u00f3n variada sobre el d\u00ed\u00ada a d\u00ed\u00ada de la autoescuela, ex\u00e1menes, test o novedades y consejos para una conducci\u00f3n m\u00e1s segura.\",\"sameAs\":[\"http:\/\/www.blogdelaautoescuela.com\/\",\"https:\/\/www.facebook.com\/blogdelaautoescuela\",\"https:\/\/x.com\/autoescuelas\"],\"url\":\"https:\/\/www.blogdelaautoescuela.com\/blog\/author\/usr_blogauto\/\"}]}<\/script>\n<!-- \/ Yoast SEO plugin. -->","yoast_head_json":{"title":"\u00c1vila ser\u00e1 la primera ciudad espa\u00f1ola en tener un Observatorio Local de Seguridad Vial","description":"\u00c1vila ser\u00e1 la primera ciudad espa\u00f1ola en tener un Observatorio Local de Seguridad Vial, con el objetivo de ayudar a la ejecuci\u00f3n de las diferentes fases del Plan de Seguridad Vial municipal","robots":{"index":"index","follow":"follow","max-snippet":"max-snippet:-1","max-image-preview":"max-image-preview:large","max-video-preview":"max-video-preview:-1"},"canonical":"https:\/\/www.blogdelaautoescuela.com\/blog\/avila-sera-la-primera-ciudad-espanola-en-tener-un-observatorio-local-de-seguridad-vial\/","og_locale":"es_ES","og_type":"article","og_title":"\u00c1vila ser\u00e1 la primera ciudad espa\u00f1ola en tener un Observatorio Local de Seguridad Vial","og_description":"\u00c1vila ser\u00e1 la primera ciudad espa\u00f1ola en tener un Observatorio Local de Seguridad Vial, con el objetivo de ayudar a la ejecuci\u00f3n de las diferentes fases del Plan de Seguridad Vial municipal","og_url":"https:\/\/www.blogdelaautoescuela.com\/blog\/avila-sera-la-primera-ciudad-espanola-en-tener-un-observatorio-local-de-seguridad-vial\/","og_site_name":"Blog de la autoescuela","article_author":"https:\/\/www.facebook.com\/blogdelaautoescuela","article_published_time":"2013-02-06T16:30:42+00:00","og_image":[{"width":400,"height":250,"url":"https:\/\/www.blogdelaautoescuela.com\/blog\/wp-content\/uploads\/2009\/08\/trafico-ciudad1.jpg","type":"image\/jpeg"}],"author":"usr_blogauto","twitter_misc":{"Escrito por":"usr_blogauto","Tiempo de lectura":"1 minuto"},"schema":{"@context":"https:\/\/schema.org","@graph":[{"@type":"WebPage","@id":"https:\/\/www.blogdelaautoescuela.com\/blog\/avila-sera-la-primera-ciudad-espanola-en-tener-un-observatorio-local-de-seguridad-vial\/","url":"https:\/\/www.blogdelaautoescuela.com\/blog\/avila-sera-la-primera-ciudad-espanola-en-tener-un-observatorio-local-de-seguridad-vial\/","name":"\u00c1vila ser\u00e1 la primera ciudad espa\u00f1ola en tener un Observatorio Local de Seguridad Vial","isPartOf":{"@id":"https:\/\/www.blogdelaautoescuela.com\/blog\/#website"},"primaryImageOfPage":{"@id":"https:\/\/www.blogdelaautoescuela.com\/blog\/avila-sera-la-primera-ciudad-espanola-en-tener-un-observatorio-local-de-seguridad-vial\/#primaryimage"},"image":{"@id":"https:\/\/www.blogdelaautoescuela.com\/blog\/avila-sera-la-primera-ciudad-espanola-en-tener-un-observatorio-local-de-seguridad-vial\/#primaryimage"},"thumbnailUrl":"https:\/\/www.blogdelaautoescuela.com\/blog\/wp-content\/uploads\/2009\/08\/trafico-ciudad1.jpg","datePublished":"2013-02-06T16:30:42+00:00","author":{"@id":"https:\/\/www.blogdelaautoescuela.com\/blog\/#\/schema\/person\/f209a64ca5dfe74b9acb6317240e792f"},"description":"\u00c1vila ser\u00e1 la primera ciudad espa\u00f1ola en tener un Observatorio Local de Seguridad Vial, con el objetivo de ayudar a la ejecuci\u00f3n de las diferentes fases del Plan de Seguridad Vial municipal","breadcrumb":{"@id":"https:\/\/www.blogdelaautoescuela.com\/blog\/avila-sera-la-primera-ciudad-espanola-en-tener-un-observatorio-local-de-seguridad-vial\/#breadcrumb"},"inLanguage":"es","potentialAction":[{"@type":"ReadAction","target":["https:\/\/www.blogdelaautoescuela.com\/blog\/avila-sera-la-primera-ciudad-espanola-en-tener-un-observatorio-local-de-seguridad-vial\/"]}]},{"@type":"ImageObject","inLanguage":"es","@id":"https:\/\/www.blogdelaautoescuela.com\/blog\/avila-sera-la-primera-ciudad-espanola-en-tener-un-observatorio-local-de-seguridad-vial\/#primaryimage","url":"https:\/\/www.blogdelaautoescuela.com\/blog\/wp-content\/uploads\/2009\/08\/trafico-ciudad1.jpg","contentUrl":"https:\/\/www.blogdelaautoescuela.com\/blog\/wp-content\/uploads\/2009\/08\/trafico-ciudad1.jpg","width":400,"height":250},{"@type":"BreadcrumbList","@id":"https:\/\/www.blogdelaautoescuela.com\/blog\/avila-sera-la-primera-ciudad-espanola-en-tener-un-observatorio-local-de-seguridad-vial\/#breadcrumb","itemListElement":[{"@type":"ListItem","position":1,"name":"Portada","item":"https:\/\/www.blogdelaautoescuela.com\/blog\/"},{"@type":"ListItem","position":2,"name":"\u00c1vila ser\u00e1 la primera ciudad espa\u00f1ola en tener un Observatorio Local de Seguridad Vial"}]},{"@type":"WebSite","@id":"https:\/\/www.blogdelaautoescuela.com\/blog\/#website","url":"https:\/\/www.blogdelaautoescuela.com\/blog\/","name":"Blog de la autoescuela","description":"Noticias sobre autoescuelas y seguridad vial","potentialAction":[{"@type":"SearchAction","target":{"@type":"EntryPoint","urlTemplate":"https:\/\/www.blogdelaautoescuela.com\/blog\/?s={search_term_string}"},"query-input":{"@type":"PropertyValueSpecification","valueRequired":true,"valueName":"search_term_string"}}],"inLanguage":"es"},{"@type":"Person","@id":"https:\/\/www.blogdelaautoescuela.com\/blog\/#\/schema\/person\/f209a64ca5dfe74b9acb6317240e792f","name":"usr_blogauto","image":{"@type":"ImageObject","inLanguage":"es","@id":"https:\/\/www.blogdelaautoescuela.com\/blog\/#\/schema\/person\/image\/","url":"https:\/\/secure.gravatar.com\/avatar\/d3939d4ea521ac8421c86d2980321cc9?s=96&d=mm&r=g","contentUrl":"https:\/\/secure.gravatar.com\/avatar\/d3939d4ea521ac8421c86d2980321cc9?s=96&d=mm&r=g","caption":"usr_blogauto"},"description":"Blog dedicado a la conducci\u00f3n, las autoescuelas y la seguridad vial. Est\u00e1 creado por un grupo de profesionales de la formaci\u00f3n vial que comparten inquietudes y experiencias. Aqu\u00ed\u00ad podr\u00e1s encontrar informaci\u00f3n variada sobre el d\u00ed\u00ada a d\u00ed\u00ada de la autoescuela, ex\u00e1menes, test o novedades y consejos para una conducci\u00f3n m\u00e1s segura.","sameAs":["http:\/\/www.blogdelaautoescuela.com\/","https:\/\/www.facebook.com\/blogdelaautoescuela","https:\/\/x.com\/autoescuelas"],"url":"https:\/\/www.blogdelaautoescuela.com\/blog\/author\/usr_blogauto\/"}]}},"jetpack_featured_media_url":"https:\/\/www.blogdelaautoescuela.com\/blog\/wp-content\/uploads\/2009\/08\/trafico-ciudad1.jpg","_links":{"self":[{"href":"https:\/\/www.blogdelaautoescuela.com\/blog\/wp-json\/wp\/v2\/posts\/10473","targetHints":{"allow":["GET"]}}],"collection":[{"href":"https:\/\/www.blogdelaautoescuela.com\/blog\/wp-json\/wp\/v2\/posts"}],"about":[{"href":"https:\/\/www.blogdelaautoescuela.com\/blog\/wp-json\/wp\/v2\/types\/post"}],"author":[{"embeddable":true,"href":"https:\/\/www.blogdelaautoescuela.com\/blog\/wp-json\/wp\/v2\/users\/1"}],"replies":[{"embeddable":true,"href":"https:\/\/www.blogdelaautoescuela.com\/blog\/wp-json\/wp\/v2\/comments?post=10473"}],"version-history":[{"count":0,"href":"https:\/\/www.blogdelaautoescuela.com\/blog\/wp-json\/wp\/v2\/posts\/10473\/revisions"}],"wp:featuredmedia":[{"embeddable":true,"href":"https:\/\/www.blogdelaautoescuela.com\/blog\/wp-json\/wp\/v2\/media\/1891"}],"wp:attachment":[{"href":"https:\/\/www.blogdelaautoescuela.com\/blog\/wp-json\/wp\/v2\/media?parent=10473"}],"wp:term":[{"taxonomy":"category","embeddable":true,"href":"https:\/\/www.blogdelaautoescuela.com\/blog\/wp-json\/wp\/v2\/categories?post=10473"},{"taxonomy":"post_tag","embeddable":true,"href":"https:\/\/www.blogdelaautoescuela.com\/blog\/wp-json\/wp\/v2\/tags?post=10473"}],"curies":[{"name":"wp","href":"https:\/\/api.w.org\/{rel}","templated":true}]}}