
{"id":10435,"date":"2013-02-01T13:54:06","date_gmt":"2013-02-01T12:54:06","guid":{"rendered":"http:\/\/www.blogdelaautoescuela.com\/blog\/?p=10435"},"modified":"2013-02-01T13:54:06","modified_gmt":"2013-02-01T12:54:06","slug":"es-amarillo-es-feo-no-pega-con-nada-pero-puede-salvarle-la-vida","status":"publish","type":"post","link":"https:\/\/www.blogdelaautoescuela.com\/blog\/es-amarillo-es-feo-no-pega-con-nada-pero-puede-salvarle-la-vida\/","title":{"rendered":"Es amarillo, es feo, no pega con nada pero&#8230; puede salvarle la vida"},"content":{"rendered":"<p><a href=\"http:\/\/www.blogdelaautoescuela.com\/blog\/wp-content\/uploads\/2013\/02\/chaleco-reflectante.jpg\"><img loading=\"lazy\" decoding=\"async\" class=\"aligncenter size-full wp-image-10436\" alt=\"chaleco reflectante\" src=\"http:\/\/www.blogdelaautoescuela.com\/blog\/wp-content\/uploads\/2013\/02\/chaleco-reflectante.jpg\" width=\"500\" height=\"333\" \/><\/a><\/p>\n<p>Est\u00e1 claro que el objetivo de las <strong>campa\u00f1as divulgativas de tr\u00e1f\u00ed\u00adco<\/strong> es que sus mensajes &#8220;calen&#8221; entre los ciudadanos.<\/p>\n<p>Para conseguir impactar, muchas veces las campa\u00f1as de tr\u00e1fico han transmitido <strong>mensajes muy duros, pero nos hemos acostumbrado tanto a ellos que nos hemos inmunizado,<\/strong> por lo que este tipo de anuncios ya no valen, hay que buscar implicar a quienes lo ven.<\/p>\n<p>En general, las campa\u00f1as divulgativas de tra\u00cc\u0081fico forman parte de las estrategias de seguridad vial en todo el mundo. Pero no todos los pai\u00cc\u0081ses tienen la misma filosofi\u00cc\u0081a, ni utilizan los mismos recursos.<\/p>\n<p>Hoy quiero compartir con vosotros una <strong>campa\u00f1a utilizadda en Francia cuando empez\u00f3 a ser obligatorio el uso del chaleco reflectante y el tri\u00e1ngulo de se\u00f1alizaci\u00f3n de peligro.<\/strong><\/p>\n<p>Ya s\u00f3lo la imagen del cartel, en el que utilizan a imagen del emblem\u00e1tico <strong>dise\u00f1ador Karl Lagerfeld<\/strong> capta la atenci\u00f3n de quienes lo ven, y para cumplir su objetivo, conseguir que los franceses empezaran a usar el chaleco reflectante y el tri\u00e1ngulo de se\u00f1alizaci\u00f3n, s\u00f3lo necesitaban un mensaje diferente y contudente<\/p>\n<blockquote><p>\u20ac\u0153Es amarillo, es feo, no pega con nada pero&#8230; puede salvarle la vida.\u20ac\u009d<\/p><\/blockquote>\n<p>Para dar luego otro mensaje secundario:<em> &#8220;El chaleco de seguridad y el tri\u00e1ngulo reflectante ser\u00e1n obligatorios en cada veh\u00ed\u00adculo. Equ\u00ed\u00adpate ahora\u20ac\u009d<\/em><\/p>\n<p>Sin duda esta campa\u00f1a de la <strong>agencia de publicidad Lowe Strateus<\/strong> ha logrado captar mi atenci\u00f3n, espero que a vosotros tambi\u00e9n os haya gustado, y sobre todo que siempre utilic\u00e9is el chaleco reflectante y el tri\u00e1ngulo de se\u00f1alizaci\u00f3n de peligro si os ten\u00e9is que detener en la calzada.<\/p>\n","protected":false},"excerpt":{"rendered":"<p>Est\u00e1 claro que el objetivo de las campa\u00f1as divulgativas de tr\u00e1f\u00ed\u00adco es que sus mensajes &#8220;calen&#8221; entre los ciudadanos. Para conseguir impactar, muchas veces las campa\u00f1as de tr\u00e1fico han transmitido mensajes muy duros, pero nos hemos acostumbrado tanto a ellos que nos hemos inmunizado, por lo que este tipo de anuncios ya no valen, hay [&hellip;]<\/p>\n","protected":false},"author":1,"featured_media":10436,"comment_status":"open","ping_status":"closed","sticky":false,"template":"","format":"standard","meta":{"footnotes":"","jetpack_publicize_message":"","jetpack_publicize_feature_enabled":true,"jetpack_social_post_already_shared":false,"jetpack_social_options":{"image_generator_settings":{"template":"highway","enabled":false},"version":2}},"categories":[4,19],"tags":[1665,313,1167,1678],"class_list":["post-10435","post","type-post","status-publish","format-standard","has-post-thumbnail","hentry","category-campanas-de-seguridad-vial","category-seguridad-vial","tag-campanas-de-seguridad-vial","tag-chaleco-reflectante","tag-seguridad-pasiva","tag-seguridad-vial"],"wppr_data":[],"jetpack_publicize_connections":[],"yoast_head":"<!-- This site is optimized with the Yoast SEO plugin v24.7 - https:\/\/yoast.com\/wordpress\/plugins\/seo\/ -->\n<title>Es amarillo, es feo, no pega con nada pero... puede salvarle la vida<\/title>\n<meta name=\"description\" content=\"quiero compartir con vosotros una campa\u00f1a utilizadda en Francia cuando empez\u00f3 a ser obligatorio el uso del chaleco reflectante y el tri\u00e1ngulo de se\u00f1alizaci\u00f3n de peligro\" \/>\n<meta name=\"robots\" content=\"index, follow, max-snippet:-1, max-image-preview:large, max-video-preview:-1\" \/>\n<link rel=\"canonical\" href=\"https:\/\/www.blogdelaautoescuela.com\/blog\/es-amarillo-es-feo-no-pega-con-nada-pero-puede-salvarle-la-vida\/\" \/>\n<meta property=\"og:locale\" content=\"es_ES\" \/>\n<meta property=\"og:type\" content=\"article\" \/>\n<meta property=\"og:title\" content=\"Es amarillo, es feo, no pega con nada pero... puede salvarle la vida\" \/>\n<meta property=\"og:description\" content=\"quiero compartir con vosotros una campa\u00f1a utilizadda en Francia cuando empez\u00f3 a ser obligatorio el uso del chaleco reflectante y el tri\u00e1ngulo de se\u00f1alizaci\u00f3n de peligro\" \/>\n<meta property=\"og:url\" content=\"https:\/\/www.blogdelaautoescuela.com\/blog\/es-amarillo-es-feo-no-pega-con-nada-pero-puede-salvarle-la-vida\/\" \/>\n<meta property=\"og:site_name\" content=\"Blog de la autoescuela\" \/>\n<meta property=\"article:author\" content=\"https:\/\/www.facebook.com\/blogdelaautoescuela\" \/>\n<meta property=\"article:published_time\" content=\"2013-02-01T12:54:06+00:00\" \/>\n<meta property=\"og:image\" content=\"https:\/\/www.blogdelaautoescuela.com\/blog\/wp-content\/uploads\/2013\/02\/chaleco-reflectante1.jpg\" \/>\n\t<meta property=\"og:image:width\" content=\"500\" \/>\n\t<meta property=\"og:image:height\" content=\"333\" \/>\n\t<meta property=\"og:image:type\" content=\"image\/jpeg\" \/>\n<meta name=\"author\" content=\"usr_blogauto\" \/>\n<meta name=\"twitter:label1\" content=\"Escrito por\" \/>\n\t<meta name=\"twitter:data1\" content=\"usr_blogauto\" \/>\n\t<meta name=\"twitter:label2\" content=\"Tiempo de lectura\" \/>\n\t<meta name=\"twitter:data2\" content=\"1 minuto\" \/>\n<script type=\"application\/ld+json\" class=\"yoast-schema-graph\">{\"@context\":\"https:\/\/schema.org\",\"@graph\":[{\"@type\":\"WebPage\",\"@id\":\"https:\/\/www.blogdelaautoescuela.com\/blog\/es-amarillo-es-feo-no-pega-con-nada-pero-puede-salvarle-la-vida\/\",\"url\":\"https:\/\/www.blogdelaautoescuela.com\/blog\/es-amarillo-es-feo-no-pega-con-nada-pero-puede-salvarle-la-vida\/\",\"name\":\"Es amarillo, es feo, no pega con nada pero... puede salvarle la vida\",\"isPartOf\":{\"@id\":\"https:\/\/www.blogdelaautoescuela.com\/blog\/#website\"},\"primaryImageOfPage\":{\"@id\":\"https:\/\/www.blogdelaautoescuela.com\/blog\/es-amarillo-es-feo-no-pega-con-nada-pero-puede-salvarle-la-vida\/#primaryimage\"},\"image\":{\"@id\":\"https:\/\/www.blogdelaautoescuela.com\/blog\/es-amarillo-es-feo-no-pega-con-nada-pero-puede-salvarle-la-vida\/#primaryimage\"},\"thumbnailUrl\":\"https:\/\/www.blogdelaautoescuela.com\/blog\/wp-content\/uploads\/2013\/02\/chaleco-reflectante1.jpg\",\"datePublished\":\"2013-02-01T12:54:06+00:00\",\"author\":{\"@id\":\"https:\/\/www.blogdelaautoescuela.com\/blog\/#\/schema\/person\/f209a64ca5dfe74b9acb6317240e792f\"},\"description\":\"quiero compartir con vosotros una campa\u00f1a utilizadda en Francia cuando empez\u00f3 a ser obligatorio el uso del chaleco reflectante y el tri\u00e1ngulo de se\u00f1alizaci\u00f3n de peligro\",\"breadcrumb\":{\"@id\":\"https:\/\/www.blogdelaautoescuela.com\/blog\/es-amarillo-es-feo-no-pega-con-nada-pero-puede-salvarle-la-vida\/#breadcrumb\"},\"inLanguage\":\"es\",\"potentialAction\":[{\"@type\":\"ReadAction\",\"target\":[\"https:\/\/www.blogdelaautoescuela.com\/blog\/es-amarillo-es-feo-no-pega-con-nada-pero-puede-salvarle-la-vida\/\"]}]},{\"@type\":\"ImageObject\",\"inLanguage\":\"es\",\"@id\":\"https:\/\/www.blogdelaautoescuela.com\/blog\/es-amarillo-es-feo-no-pega-con-nada-pero-puede-salvarle-la-vida\/#primaryimage\",\"url\":\"https:\/\/www.blogdelaautoescuela.com\/blog\/wp-content\/uploads\/2013\/02\/chaleco-reflectante1.jpg\",\"contentUrl\":\"https:\/\/www.blogdelaautoescuela.com\/blog\/wp-content\/uploads\/2013\/02\/chaleco-reflectante1.jpg\",\"width\":500,\"height\":333},{\"@type\":\"BreadcrumbList\",\"@id\":\"https:\/\/www.blogdelaautoescuela.com\/blog\/es-amarillo-es-feo-no-pega-con-nada-pero-puede-salvarle-la-vida\/#breadcrumb\",\"itemListElement\":[{\"@type\":\"ListItem\",\"position\":1,\"name\":\"Portada\",\"item\":\"https:\/\/www.blogdelaautoescuela.com\/blog\/\"},{\"@type\":\"ListItem\",\"position\":2,\"name\":\"Es amarillo, es feo, no pega con nada pero&#8230; puede salvarle la vida\"}]},{\"@type\":\"WebSite\",\"@id\":\"https:\/\/www.blogdelaautoescuela.com\/blog\/#website\",\"url\":\"https:\/\/www.blogdelaautoescuela.com\/blog\/\",\"name\":\"Blog de la autoescuela\",\"description\":\"Noticias sobre autoescuelas y seguridad vial\",\"potentialAction\":[{\"@type\":\"SearchAction\",\"target\":{\"@type\":\"EntryPoint\",\"urlTemplate\":\"https:\/\/www.blogdelaautoescuela.com\/blog\/?s={search_term_string}\"},\"query-input\":{\"@type\":\"PropertyValueSpecification\",\"valueRequired\":true,\"valueName\":\"search_term_string\"}}],\"inLanguage\":\"es\"},{\"@type\":\"Person\",\"@id\":\"https:\/\/www.blogdelaautoescuela.com\/blog\/#\/schema\/person\/f209a64ca5dfe74b9acb6317240e792f\",\"name\":\"usr_blogauto\",\"image\":{\"@type\":\"ImageObject\",\"inLanguage\":\"es\",\"@id\":\"https:\/\/www.blogdelaautoescuela.com\/blog\/#\/schema\/person\/image\/\",\"url\":\"https:\/\/secure.gravatar.com\/avatar\/d3939d4ea521ac8421c86d2980321cc9?s=96&d=mm&r=g\",\"contentUrl\":\"https:\/\/secure.gravatar.com\/avatar\/d3939d4ea521ac8421c86d2980321cc9?s=96&d=mm&r=g\",\"caption\":\"usr_blogauto\"},\"description\":\"Blog dedicado a la conducci\u00f3n, las autoescuelas y la seguridad vial. Est\u00e1 creado por un grupo de profesionales de la formaci\u00f3n vial que comparten inquietudes y experiencias. Aqu\u00ed\u00ad podr\u00e1s encontrar informaci\u00f3n variada sobre el d\u00ed\u00ada a d\u00ed\u00ada de la autoescuela, ex\u00e1menes, test o novedades y consejos para una conducci\u00f3n m\u00e1s segura.\",\"sameAs\":[\"http:\/\/www.blogdelaautoescuela.com\/\",\"https:\/\/www.facebook.com\/blogdelaautoescuela\",\"https:\/\/x.com\/autoescuelas\"],\"url\":\"https:\/\/www.blogdelaautoescuela.com\/blog\/author\/usr_blogauto\/\"}]}<\/script>\n<!-- \/ Yoast SEO plugin. -->","yoast_head_json":{"title":"Es amarillo, es feo, no pega con nada pero... puede salvarle la vida","description":"quiero compartir con vosotros una campa\u00f1a utilizadda en Francia cuando empez\u00f3 a ser obligatorio el uso del chaleco reflectante y el tri\u00e1ngulo de se\u00f1alizaci\u00f3n de peligro","robots":{"index":"index","follow":"follow","max-snippet":"max-snippet:-1","max-image-preview":"max-image-preview:large","max-video-preview":"max-video-preview:-1"},"canonical":"https:\/\/www.blogdelaautoescuela.com\/blog\/es-amarillo-es-feo-no-pega-con-nada-pero-puede-salvarle-la-vida\/","og_locale":"es_ES","og_type":"article","og_title":"Es amarillo, es feo, no pega con nada pero... puede salvarle la vida","og_description":"quiero compartir con vosotros una campa\u00f1a utilizadda en Francia cuando empez\u00f3 a ser obligatorio el uso del chaleco reflectante y el tri\u00e1ngulo de se\u00f1alizaci\u00f3n de peligro","og_url":"https:\/\/www.blogdelaautoescuela.com\/blog\/es-amarillo-es-feo-no-pega-con-nada-pero-puede-salvarle-la-vida\/","og_site_name":"Blog de la autoescuela","article_author":"https:\/\/www.facebook.com\/blogdelaautoescuela","article_published_time":"2013-02-01T12:54:06+00:00","og_image":[{"width":500,"height":333,"url":"https:\/\/www.blogdelaautoescuela.com\/blog\/wp-content\/uploads\/2013\/02\/chaleco-reflectante1.jpg","type":"image\/jpeg"}],"author":"usr_blogauto","twitter_misc":{"Escrito por":"usr_blogauto","Tiempo de lectura":"1 minuto"},"schema":{"@context":"https:\/\/schema.org","@graph":[{"@type":"WebPage","@id":"https:\/\/www.blogdelaautoescuela.com\/blog\/es-amarillo-es-feo-no-pega-con-nada-pero-puede-salvarle-la-vida\/","url":"https:\/\/www.blogdelaautoescuela.com\/blog\/es-amarillo-es-feo-no-pega-con-nada-pero-puede-salvarle-la-vida\/","name":"Es amarillo, es feo, no pega con nada pero... puede salvarle la vida","isPartOf":{"@id":"https:\/\/www.blogdelaautoescuela.com\/blog\/#website"},"primaryImageOfPage":{"@id":"https:\/\/www.blogdelaautoescuela.com\/blog\/es-amarillo-es-feo-no-pega-con-nada-pero-puede-salvarle-la-vida\/#primaryimage"},"image":{"@id":"https:\/\/www.blogdelaautoescuela.com\/blog\/es-amarillo-es-feo-no-pega-con-nada-pero-puede-salvarle-la-vida\/#primaryimage"},"thumbnailUrl":"https:\/\/www.blogdelaautoescuela.com\/blog\/wp-content\/uploads\/2013\/02\/chaleco-reflectante1.jpg","datePublished":"2013-02-01T12:54:06+00:00","author":{"@id":"https:\/\/www.blogdelaautoescuela.com\/blog\/#\/schema\/person\/f209a64ca5dfe74b9acb6317240e792f"},"description":"quiero compartir con vosotros una campa\u00f1a utilizadda en Francia cuando empez\u00f3 a ser obligatorio el uso del chaleco reflectante y el tri\u00e1ngulo de se\u00f1alizaci\u00f3n de peligro","breadcrumb":{"@id":"https:\/\/www.blogdelaautoescuela.com\/blog\/es-amarillo-es-feo-no-pega-con-nada-pero-puede-salvarle-la-vida\/#breadcrumb"},"inLanguage":"es","potentialAction":[{"@type":"ReadAction","target":["https:\/\/www.blogdelaautoescuela.com\/blog\/es-amarillo-es-feo-no-pega-con-nada-pero-puede-salvarle-la-vida\/"]}]},{"@type":"ImageObject","inLanguage":"es","@id":"https:\/\/www.blogdelaautoescuela.com\/blog\/es-amarillo-es-feo-no-pega-con-nada-pero-puede-salvarle-la-vida\/#primaryimage","url":"https:\/\/www.blogdelaautoescuela.com\/blog\/wp-content\/uploads\/2013\/02\/chaleco-reflectante1.jpg","contentUrl":"https:\/\/www.blogdelaautoescuela.com\/blog\/wp-content\/uploads\/2013\/02\/chaleco-reflectante1.jpg","width":500,"height":333},{"@type":"BreadcrumbList","@id":"https:\/\/www.blogdelaautoescuela.com\/blog\/es-amarillo-es-feo-no-pega-con-nada-pero-puede-salvarle-la-vida\/#breadcrumb","itemListElement":[{"@type":"ListItem","position":1,"name":"Portada","item":"https:\/\/www.blogdelaautoescuela.com\/blog\/"},{"@type":"ListItem","position":2,"name":"Es amarillo, es feo, no pega con nada pero&#8230; puede salvarle la vida"}]},{"@type":"WebSite","@id":"https:\/\/www.blogdelaautoescuela.com\/blog\/#website","url":"https:\/\/www.blogdelaautoescuela.com\/blog\/","name":"Blog de la autoescuela","description":"Noticias sobre autoescuelas y seguridad vial","potentialAction":[{"@type":"SearchAction","target":{"@type":"EntryPoint","urlTemplate":"https:\/\/www.blogdelaautoescuela.com\/blog\/?s={search_term_string}"},"query-input":{"@type":"PropertyValueSpecification","valueRequired":true,"valueName":"search_term_string"}}],"inLanguage":"es"},{"@type":"Person","@id":"https:\/\/www.blogdelaautoescuela.com\/blog\/#\/schema\/person\/f209a64ca5dfe74b9acb6317240e792f","name":"usr_blogauto","image":{"@type":"ImageObject","inLanguage":"es","@id":"https:\/\/www.blogdelaautoescuela.com\/blog\/#\/schema\/person\/image\/","url":"https:\/\/secure.gravatar.com\/avatar\/d3939d4ea521ac8421c86d2980321cc9?s=96&d=mm&r=g","contentUrl":"https:\/\/secure.gravatar.com\/avatar\/d3939d4ea521ac8421c86d2980321cc9?s=96&d=mm&r=g","caption":"usr_blogauto"},"description":"Blog dedicado a la conducci\u00f3n, las autoescuelas y la seguridad vial. Est\u00e1 creado por un grupo de profesionales de la formaci\u00f3n vial que comparten inquietudes y experiencias. Aqu\u00ed\u00ad podr\u00e1s encontrar informaci\u00f3n variada sobre el d\u00ed\u00ada a d\u00ed\u00ada de la autoescuela, ex\u00e1menes, test o novedades y consejos para una conducci\u00f3n m\u00e1s segura.","sameAs":["http:\/\/www.blogdelaautoescuela.com\/","https:\/\/www.facebook.com\/blogdelaautoescuela","https:\/\/x.com\/autoescuelas"],"url":"https:\/\/www.blogdelaautoescuela.com\/blog\/author\/usr_blogauto\/"}]}},"jetpack_featured_media_url":"https:\/\/www.blogdelaautoescuela.com\/blog\/wp-content\/uploads\/2013\/02\/chaleco-reflectante1.jpg","_links":{"self":[{"href":"https:\/\/www.blogdelaautoescuela.com\/blog\/wp-json\/wp\/v2\/posts\/10435","targetHints":{"allow":["GET"]}}],"collection":[{"href":"https:\/\/www.blogdelaautoescuela.com\/blog\/wp-json\/wp\/v2\/posts"}],"about":[{"href":"https:\/\/www.blogdelaautoescuela.com\/blog\/wp-json\/wp\/v2\/types\/post"}],"author":[{"embeddable":true,"href":"https:\/\/www.blogdelaautoescuela.com\/blog\/wp-json\/wp\/v2\/users\/1"}],"replies":[{"embeddable":true,"href":"https:\/\/www.blogdelaautoescuela.com\/blog\/wp-json\/wp\/v2\/comments?post=10435"}],"version-history":[{"count":0,"href":"https:\/\/www.blogdelaautoescuela.com\/blog\/wp-json\/wp\/v2\/posts\/10435\/revisions"}],"wp:featuredmedia":[{"embeddable":true,"href":"https:\/\/www.blogdelaautoescuela.com\/blog\/wp-json\/wp\/v2\/media\/10436"}],"wp:attachment":[{"href":"https:\/\/www.blogdelaautoescuela.com\/blog\/wp-json\/wp\/v2\/media?parent=10435"}],"wp:term":[{"taxonomy":"category","embeddable":true,"href":"https:\/\/www.blogdelaautoescuela.com\/blog\/wp-json\/wp\/v2\/categories?post=10435"},{"taxonomy":"post_tag","embeddable":true,"href":"https:\/\/www.blogdelaautoescuela.com\/blog\/wp-json\/wp\/v2\/tags?post=10435"}],"curies":[{"name":"wp","href":"https:\/\/api.w.org\/{rel}","templated":true}]}}