
{"id":10405,"date":"2013-01-29T17:41:59","date_gmt":"2013-01-29T16:41:59","guid":{"rendered":"http:\/\/www.blogdelaautoescuela.com\/blog\/?p=10405"},"modified":"2013-01-29T17:41:59","modified_gmt":"2013-01-29T16:41:59","slug":"los-ciudadanos-creen-que-los-ciclistas-deberian-llevar-casco-en-ciudad","status":"publish","type":"post","link":"https:\/\/www.blogdelaautoescuela.com\/blog\/los-ciudadanos-creen-que-los-ciclistas-deberian-llevar-casco-en-ciudad\/","title":{"rendered":"Los ciudadanos creen que los ciclistas deber\u00ed\u00adan llevar casco en ciudad"},"content":{"rendered":"<p><img loading=\"lazy\" decoding=\"async\" class=\"aligncenter size-full wp-image-446\" alt=\"bici\" src=\"http:\/\/www.blogdelaautoescuela.com\/blog\/wp-content\/uploads\/2009\/02\/bici.jpg\" width=\"500\" height=\"350\" \/><\/p>\n<p>La <strong>seguridad de los ciclistas<\/strong> es un tema que preocupa a los ciudadanos, y por eso la gran mayor\u00ed\u00ada cree que deber\u00ed\u00ada ser <strong>obligatorio que los ciclistas lleven casco cuando circulan por v\u00ed\u00adas urbanas. <\/strong><\/p>\n<p>Una encuesta llevada a cabo por la<strong> Fundaci\u00f3n CEA (Comisariado Europeo del Autom\u00f3vil)<\/strong> entre 1.100 personas para analizar la situaci\u00f3n del uso de la bicicleta en las ciudades, pone de manifiesto que el el <strong>79,93%<\/strong> de los encuestados creen que <strong>el casco es un instrumento fundamental para minimizar los riesgos en caso de accidente,<\/strong> y un y un <strong>82,03%<\/strong> creen que deber\u00ed\u00ada ser <strong>obligatorio el uso de prendas reflectantes en v\u00ed\u00adas urbanas<\/strong> para mejorar la visibilidad de los ciclistas.<\/p>\n<p>Uno de los datos m\u00e1s preocupantes obtenidos en la encuesta es <strong>casi nadie conoce las normas para circular en bici por la ciudad<\/strong>, de hecho el 92,83% de los participantes reconocen no conocer estas normas. Adem\u00e1s el 97,91% de las personas que han participado en la encuesta creen necesaria la realizaci\u00f3n de<strong> m\u00e1s campa\u00f1as informativas<\/strong> sobre las obligaciones y derechos de los ciclistas.<\/p>\n<p>La bici no es el medio de transporte mayoritario por los espa\u00f1oles, s\u00f3lo el 15% utilizan la bicicleta para sus desplazamientos por la ciudad, pero su uso s\u00ed\u00ad que est\u00e1 creciendo, entre las ciudades a la cabeza del uso de la bici para realizar los desplazamientos diarios se encuentra Sevilla, con un 6,6%, seguida de Valencia y San Sebasti\u00e1n ciudades en las que el uso de la bici representa el 4,5%.<\/p>\n<p>En el <strong>Reglamento General de Circulaci\u00f3n<\/strong> se regula el uso de la bicicleta en un articulado concreto, pero disperso, por lo que desde la Fundaci\u00f3n CEA se exige una regulaci\u00f3n sobre el uso de estos veh\u00ed\u00adculos y la estandarizaci\u00f3n de las normativas municipales.<\/p>\n","protected":false},"excerpt":{"rendered":"<p>La seguridad de los ciclistas es un tema que preocupa a los ciudadanos, y por eso la gran mayor\u00ed\u00ada cree que deber\u00ed\u00ada ser obligatorio que los ciclistas lleven casco cuando circulan por v\u00ed\u00adas urbanas. Una encuesta llevada a cabo por la Fundaci\u00f3n CEA (Comisariado Europeo del Autom\u00f3vil) entre 1.100 personas para analizar la situaci\u00f3n del [&hellip;]<\/p>\n","protected":false},"author":1,"featured_media":446,"comment_status":"open","ping_status":"closed","sticky":false,"template":"","format":"standard","meta":{"footnotes":"","jetpack_publicize_message":"","jetpack_publicize_feature_enabled":true,"jetpack_social_post_already_shared":false,"jetpack_social_options":{"image_generator_settings":{"template":"highway","enabled":false},"version":2}},"categories":[19],"tags":[318,1678],"class_list":["post-10405","post","type-post","status-publish","format-standard","has-post-thumbnail","hentry","category-seguridad-vial","tag-ciclistas","tag-seguridad-vial"],"wppr_data":[],"jetpack_publicize_connections":[],"yoast_head":"<!-- This site is optimized with the Yoast SEO plugin v24.7 - https:\/\/yoast.com\/wordpress\/plugins\/seo\/ -->\n<title>Los ciudadanos creen que los ciclistas deber\u00ed\u00adan llevar casco en ciudad<\/title>\n<meta name=\"description\" content=\"La seguridad de los ciclistas es un tema que preocupa a los ciudadanos, y la gran mayor\u00ed\u00ada cree que deber\u00ed\u00ada ser obligatorio que lleven casco cuando circulan por v\u00ed\u00adas urbanas\" \/>\n<meta name=\"robots\" content=\"index, follow, max-snippet:-1, max-image-preview:large, max-video-preview:-1\" \/>\n<link rel=\"canonical\" href=\"https:\/\/www.blogdelaautoescuela.com\/blog\/los-ciudadanos-creen-que-los-ciclistas-deberian-llevar-casco-en-ciudad\/\" \/>\n<meta property=\"og:locale\" content=\"es_ES\" \/>\n<meta property=\"og:type\" content=\"article\" \/>\n<meta property=\"og:title\" content=\"Los ciudadanos creen que los ciclistas deber\u00ed\u00adan llevar casco en ciudad\" \/>\n<meta property=\"og:description\" content=\"La seguridad de los ciclistas es un tema que preocupa a los ciudadanos, y la gran mayor\u00ed\u00ada cree que deber\u00ed\u00ada ser obligatorio que lleven casco cuando circulan por v\u00ed\u00adas urbanas\" \/>\n<meta property=\"og:url\" content=\"https:\/\/www.blogdelaautoescuela.com\/blog\/los-ciudadanos-creen-que-los-ciclistas-deberian-llevar-casco-en-ciudad\/\" \/>\n<meta property=\"og:site_name\" content=\"Blog de la autoescuela\" \/>\n<meta property=\"article:author\" content=\"https:\/\/www.facebook.com\/blogdelaautoescuela\" \/>\n<meta property=\"article:published_time\" content=\"2013-01-29T16:41:59+00:00\" \/>\n<meta property=\"og:image\" content=\"https:\/\/www.blogdelaautoescuela.com\/blog\/wp-content\/uploads\/2009\/02\/bici1.jpg\" \/>\n\t<meta property=\"og:image:width\" content=\"300\" \/>\n\t<meta property=\"og:image:height\" content=\"205\" \/>\n\t<meta property=\"og:image:type\" content=\"image\/jpeg\" \/>\n<meta name=\"author\" content=\"usr_blogauto\" \/>\n<meta name=\"twitter:label1\" content=\"Escrito por\" \/>\n\t<meta name=\"twitter:data1\" content=\"usr_blogauto\" \/>\n\t<meta name=\"twitter:label2\" content=\"Tiempo de lectura\" \/>\n\t<meta name=\"twitter:data2\" content=\"2 minutos\" \/>\n<script type=\"application\/ld+json\" class=\"yoast-schema-graph\">{\"@context\":\"https:\/\/schema.org\",\"@graph\":[{\"@type\":\"WebPage\",\"@id\":\"https:\/\/www.blogdelaautoescuela.com\/blog\/los-ciudadanos-creen-que-los-ciclistas-deberian-llevar-casco-en-ciudad\/\",\"url\":\"https:\/\/www.blogdelaautoescuela.com\/blog\/los-ciudadanos-creen-que-los-ciclistas-deberian-llevar-casco-en-ciudad\/\",\"name\":\"Los ciudadanos creen que los ciclistas deber\u00ed\u00adan llevar casco en ciudad\",\"isPartOf\":{\"@id\":\"https:\/\/www.blogdelaautoescuela.com\/blog\/#website\"},\"primaryImageOfPage\":{\"@id\":\"https:\/\/www.blogdelaautoescuela.com\/blog\/los-ciudadanos-creen-que-los-ciclistas-deberian-llevar-casco-en-ciudad\/#primaryimage\"},\"image\":{\"@id\":\"https:\/\/www.blogdelaautoescuela.com\/blog\/los-ciudadanos-creen-que-los-ciclistas-deberian-llevar-casco-en-ciudad\/#primaryimage\"},\"thumbnailUrl\":\"https:\/\/www.blogdelaautoescuela.com\/blog\/wp-content\/uploads\/2009\/02\/bici1.jpg\",\"datePublished\":\"2013-01-29T16:41:59+00:00\",\"author\":{\"@id\":\"https:\/\/www.blogdelaautoescuela.com\/blog\/#\/schema\/person\/f209a64ca5dfe74b9acb6317240e792f\"},\"description\":\"La seguridad de los ciclistas es un tema que preocupa a los ciudadanos, y la gran mayor\u00ed\u00ada cree que deber\u00ed\u00ada ser obligatorio que lleven casco cuando circulan por v\u00ed\u00adas urbanas\",\"breadcrumb\":{\"@id\":\"https:\/\/www.blogdelaautoescuela.com\/blog\/los-ciudadanos-creen-que-los-ciclistas-deberian-llevar-casco-en-ciudad\/#breadcrumb\"},\"inLanguage\":\"es\",\"potentialAction\":[{\"@type\":\"ReadAction\",\"target\":[\"https:\/\/www.blogdelaautoescuela.com\/blog\/los-ciudadanos-creen-que-los-ciclistas-deberian-llevar-casco-en-ciudad\/\"]}]},{\"@type\":\"ImageObject\",\"inLanguage\":\"es\",\"@id\":\"https:\/\/www.blogdelaautoescuela.com\/blog\/los-ciudadanos-creen-que-los-ciclistas-deberian-llevar-casco-en-ciudad\/#primaryimage\",\"url\":\"https:\/\/www.blogdelaautoescuela.com\/blog\/wp-content\/uploads\/2009\/02\/bici1.jpg\",\"contentUrl\":\"https:\/\/www.blogdelaautoescuela.com\/blog\/wp-content\/uploads\/2009\/02\/bici1.jpg\",\"width\":300,\"height\":205},{\"@type\":\"BreadcrumbList\",\"@id\":\"https:\/\/www.blogdelaautoescuela.com\/blog\/los-ciudadanos-creen-que-los-ciclistas-deberian-llevar-casco-en-ciudad\/#breadcrumb\",\"itemListElement\":[{\"@type\":\"ListItem\",\"position\":1,\"name\":\"Portada\",\"item\":\"https:\/\/www.blogdelaautoescuela.com\/blog\/\"},{\"@type\":\"ListItem\",\"position\":2,\"name\":\"Los ciudadanos creen que los ciclistas deber\u00ed\u00adan llevar casco en ciudad\"}]},{\"@type\":\"WebSite\",\"@id\":\"https:\/\/www.blogdelaautoescuela.com\/blog\/#website\",\"url\":\"https:\/\/www.blogdelaautoescuela.com\/blog\/\",\"name\":\"Blog de la autoescuela\",\"description\":\"Noticias sobre autoescuelas y seguridad vial\",\"potentialAction\":[{\"@type\":\"SearchAction\",\"target\":{\"@type\":\"EntryPoint\",\"urlTemplate\":\"https:\/\/www.blogdelaautoescuela.com\/blog\/?s={search_term_string}\"},\"query-input\":{\"@type\":\"PropertyValueSpecification\",\"valueRequired\":true,\"valueName\":\"search_term_string\"}}],\"inLanguage\":\"es\"},{\"@type\":\"Person\",\"@id\":\"https:\/\/www.blogdelaautoescuela.com\/blog\/#\/schema\/person\/f209a64ca5dfe74b9acb6317240e792f\",\"name\":\"usr_blogauto\",\"image\":{\"@type\":\"ImageObject\",\"inLanguage\":\"es\",\"@id\":\"https:\/\/www.blogdelaautoescuela.com\/blog\/#\/schema\/person\/image\/\",\"url\":\"https:\/\/secure.gravatar.com\/avatar\/d3939d4ea521ac8421c86d2980321cc9?s=96&d=mm&r=g\",\"contentUrl\":\"https:\/\/secure.gravatar.com\/avatar\/d3939d4ea521ac8421c86d2980321cc9?s=96&d=mm&r=g\",\"caption\":\"usr_blogauto\"},\"description\":\"Blog dedicado a la conducci\u00f3n, las autoescuelas y la seguridad vial. Est\u00e1 creado por un grupo de profesionales de la formaci\u00f3n vial que comparten inquietudes y experiencias. Aqu\u00ed\u00ad podr\u00e1s encontrar informaci\u00f3n variada sobre el d\u00ed\u00ada a d\u00ed\u00ada de la autoescuela, ex\u00e1menes, test o novedades y consejos para una conducci\u00f3n m\u00e1s segura.\",\"sameAs\":[\"http:\/\/www.blogdelaautoescuela.com\/\",\"https:\/\/www.facebook.com\/blogdelaautoescuela\",\"https:\/\/x.com\/autoescuelas\"],\"url\":\"https:\/\/www.blogdelaautoescuela.com\/blog\/author\/usr_blogauto\/\"}]}<\/script>\n<!-- \/ Yoast SEO plugin. -->","yoast_head_json":{"title":"Los ciudadanos creen que los ciclistas deber\u00ed\u00adan llevar casco en ciudad","description":"La seguridad de los ciclistas es un tema que preocupa a los ciudadanos, y la gran mayor\u00ed\u00ada cree que deber\u00ed\u00ada ser obligatorio que lleven casco cuando circulan por v\u00ed\u00adas urbanas","robots":{"index":"index","follow":"follow","max-snippet":"max-snippet:-1","max-image-preview":"max-image-preview:large","max-video-preview":"max-video-preview:-1"},"canonical":"https:\/\/www.blogdelaautoescuela.com\/blog\/los-ciudadanos-creen-que-los-ciclistas-deberian-llevar-casco-en-ciudad\/","og_locale":"es_ES","og_type":"article","og_title":"Los ciudadanos creen que los ciclistas deber\u00ed\u00adan llevar casco en ciudad","og_description":"La seguridad de los ciclistas es un tema que preocupa a los ciudadanos, y la gran mayor\u00ed\u00ada cree que deber\u00ed\u00ada ser obligatorio que lleven casco cuando circulan por v\u00ed\u00adas urbanas","og_url":"https:\/\/www.blogdelaautoescuela.com\/blog\/los-ciudadanos-creen-que-los-ciclistas-deberian-llevar-casco-en-ciudad\/","og_site_name":"Blog de la autoescuela","article_author":"https:\/\/www.facebook.com\/blogdelaautoescuela","article_published_time":"2013-01-29T16:41:59+00:00","og_image":[{"width":300,"height":205,"url":"https:\/\/www.blogdelaautoescuela.com\/blog\/wp-content\/uploads\/2009\/02\/bici1.jpg","type":"image\/jpeg"}],"author":"usr_blogauto","twitter_misc":{"Escrito por":"usr_blogauto","Tiempo de lectura":"2 minutos"},"schema":{"@context":"https:\/\/schema.org","@graph":[{"@type":"WebPage","@id":"https:\/\/www.blogdelaautoescuela.com\/blog\/los-ciudadanos-creen-que-los-ciclistas-deberian-llevar-casco-en-ciudad\/","url":"https:\/\/www.blogdelaautoescuela.com\/blog\/los-ciudadanos-creen-que-los-ciclistas-deberian-llevar-casco-en-ciudad\/","name":"Los ciudadanos creen que los ciclistas deber\u00ed\u00adan llevar casco en ciudad","isPartOf":{"@id":"https:\/\/www.blogdelaautoescuela.com\/blog\/#website"},"primaryImageOfPage":{"@id":"https:\/\/www.blogdelaautoescuela.com\/blog\/los-ciudadanos-creen-que-los-ciclistas-deberian-llevar-casco-en-ciudad\/#primaryimage"},"image":{"@id":"https:\/\/www.blogdelaautoescuela.com\/blog\/los-ciudadanos-creen-que-los-ciclistas-deberian-llevar-casco-en-ciudad\/#primaryimage"},"thumbnailUrl":"https:\/\/www.blogdelaautoescuela.com\/blog\/wp-content\/uploads\/2009\/02\/bici1.jpg","datePublished":"2013-01-29T16:41:59+00:00","author":{"@id":"https:\/\/www.blogdelaautoescuela.com\/blog\/#\/schema\/person\/f209a64ca5dfe74b9acb6317240e792f"},"description":"La seguridad de los ciclistas es un tema que preocupa a los ciudadanos, y la gran mayor\u00ed\u00ada cree que deber\u00ed\u00ada ser obligatorio que lleven casco cuando circulan por v\u00ed\u00adas urbanas","breadcrumb":{"@id":"https:\/\/www.blogdelaautoescuela.com\/blog\/los-ciudadanos-creen-que-los-ciclistas-deberian-llevar-casco-en-ciudad\/#breadcrumb"},"inLanguage":"es","potentialAction":[{"@type":"ReadAction","target":["https:\/\/www.blogdelaautoescuela.com\/blog\/los-ciudadanos-creen-que-los-ciclistas-deberian-llevar-casco-en-ciudad\/"]}]},{"@type":"ImageObject","inLanguage":"es","@id":"https:\/\/www.blogdelaautoescuela.com\/blog\/los-ciudadanos-creen-que-los-ciclistas-deberian-llevar-casco-en-ciudad\/#primaryimage","url":"https:\/\/www.blogdelaautoescuela.com\/blog\/wp-content\/uploads\/2009\/02\/bici1.jpg","contentUrl":"https:\/\/www.blogdelaautoescuela.com\/blog\/wp-content\/uploads\/2009\/02\/bici1.jpg","width":300,"height":205},{"@type":"BreadcrumbList","@id":"https:\/\/www.blogdelaautoescuela.com\/blog\/los-ciudadanos-creen-que-los-ciclistas-deberian-llevar-casco-en-ciudad\/#breadcrumb","itemListElement":[{"@type":"ListItem","position":1,"name":"Portada","item":"https:\/\/www.blogdelaautoescuela.com\/blog\/"},{"@type":"ListItem","position":2,"name":"Los ciudadanos creen que los ciclistas deber\u00ed\u00adan llevar casco en ciudad"}]},{"@type":"WebSite","@id":"https:\/\/www.blogdelaautoescuela.com\/blog\/#website","url":"https:\/\/www.blogdelaautoescuela.com\/blog\/","name":"Blog de la autoescuela","description":"Noticias sobre autoescuelas y seguridad vial","potentialAction":[{"@type":"SearchAction","target":{"@type":"EntryPoint","urlTemplate":"https:\/\/www.blogdelaautoescuela.com\/blog\/?s={search_term_string}"},"query-input":{"@type":"PropertyValueSpecification","valueRequired":true,"valueName":"search_term_string"}}],"inLanguage":"es"},{"@type":"Person","@id":"https:\/\/www.blogdelaautoescuela.com\/blog\/#\/schema\/person\/f209a64ca5dfe74b9acb6317240e792f","name":"usr_blogauto","image":{"@type":"ImageObject","inLanguage":"es","@id":"https:\/\/www.blogdelaautoescuela.com\/blog\/#\/schema\/person\/image\/","url":"https:\/\/secure.gravatar.com\/avatar\/d3939d4ea521ac8421c86d2980321cc9?s=96&d=mm&r=g","contentUrl":"https:\/\/secure.gravatar.com\/avatar\/d3939d4ea521ac8421c86d2980321cc9?s=96&d=mm&r=g","caption":"usr_blogauto"},"description":"Blog dedicado a la conducci\u00f3n, las autoescuelas y la seguridad vial. Est\u00e1 creado por un grupo de profesionales de la formaci\u00f3n vial que comparten inquietudes y experiencias. Aqu\u00ed\u00ad podr\u00e1s encontrar informaci\u00f3n variada sobre el d\u00ed\u00ada a d\u00ed\u00ada de la autoescuela, ex\u00e1menes, test o novedades y consejos para una conducci\u00f3n m\u00e1s segura.","sameAs":["http:\/\/www.blogdelaautoescuela.com\/","https:\/\/www.facebook.com\/blogdelaautoescuela","https:\/\/x.com\/autoescuelas"],"url":"https:\/\/www.blogdelaautoescuela.com\/blog\/author\/usr_blogauto\/"}]}},"jetpack_featured_media_url":"https:\/\/www.blogdelaautoescuela.com\/blog\/wp-content\/uploads\/2009\/02\/bici1.jpg","_links":{"self":[{"href":"https:\/\/www.blogdelaautoescuela.com\/blog\/wp-json\/wp\/v2\/posts\/10405","targetHints":{"allow":["GET"]}}],"collection":[{"href":"https:\/\/www.blogdelaautoescuela.com\/blog\/wp-json\/wp\/v2\/posts"}],"about":[{"href":"https:\/\/www.blogdelaautoescuela.com\/blog\/wp-json\/wp\/v2\/types\/post"}],"author":[{"embeddable":true,"href":"https:\/\/www.blogdelaautoescuela.com\/blog\/wp-json\/wp\/v2\/users\/1"}],"replies":[{"embeddable":true,"href":"https:\/\/www.blogdelaautoescuela.com\/blog\/wp-json\/wp\/v2\/comments?post=10405"}],"version-history":[{"count":0,"href":"https:\/\/www.blogdelaautoescuela.com\/blog\/wp-json\/wp\/v2\/posts\/10405\/revisions"}],"wp:featuredmedia":[{"embeddable":true,"href":"https:\/\/www.blogdelaautoescuela.com\/blog\/wp-json\/wp\/v2\/media\/446"}],"wp:attachment":[{"href":"https:\/\/www.blogdelaautoescuela.com\/blog\/wp-json\/wp\/v2\/media?parent=10405"}],"wp:term":[{"taxonomy":"category","embeddable":true,"href":"https:\/\/www.blogdelaautoescuela.com\/blog\/wp-json\/wp\/v2\/categories?post=10405"},{"taxonomy":"post_tag","embeddable":true,"href":"https:\/\/www.blogdelaautoescuela.com\/blog\/wp-json\/wp\/v2\/tags?post=10405"}],"curies":[{"name":"wp","href":"https:\/\/api.w.org\/{rel}","templated":true}]}}