
{"id":10389,"date":"2013-01-24T17:25:22","date_gmt":"2013-01-24T16:25:22","guid":{"rendered":"http:\/\/www.blogdelaautoescuela.com\/blog\/?p=10389"},"modified":"2013-01-24T17:25:22","modified_gmt":"2013-01-24T16:25:22","slug":"danos-1-segundo-campana-de-concienciacion-vial","status":"publish","type":"post","link":"https:\/\/www.blogdelaautoescuela.com\/blog\/danos-1-segundo-campana-de-concienciacion-vial\/","title":{"rendered":"Danos 1 segundo, campa\u00f1a de concienciaci\u00f3n vial"},"content":{"rendered":"<p><img loading=\"lazy\" decoding=\"async\" class=\"aligncenter size-full wp-image-10390\" alt=\"danos1segundo\" src=\"http:\/\/www.blogdelaautoescuela.com\/blog\/wp-content\/uploads\/2013\/01\/danos1segundo.jpg\" width=\"500\" height=\"293\" \/><\/p>\n<p>Hoy quiero hablaros de la iniciativa<strong> danos 1 segundo<\/strong>, una<strong> campa\u00f1a de concienciaci\u00f3n vial que pretende salvar la vida de los ciclistas.<\/strong><\/p>\n<p>Esta campa\u00f1a de concienciaci\u00f3n est\u00e1 <strong>dirigida a los conductores<\/strong> y promueve que el conductor de un turismo o de un veh\u00ed\u00adculo pesado se lo piense un par de veces antes de adelantar a un ciclista. De hecho, el lema de esta campa\u00f1a es <em>&#8220;Si eres conductor , cuando veas un ciclista piensa 1 segundo sobre lo que tienes que hacer. Es lo que te pedimos. 1 Segundo pueden salvar muchas vidas.&#8221;<\/em><\/p>\n<p>Un segundo no es nada, pero es es mucho, en un s\u00f3lo segundo:<\/p>\n<ul>\n<li>Te da tiempo a reducir la velocidad<\/li>\n<li>Puedes ver si tienes libre para adelantar.<\/li>\n<li>Recuerdas que tienes que dejar 1,5 metros de separaci\u00f3n.<\/li>\n<li>Miras por el espejo retrovisor.<\/li>\n<\/ul>\n<p>Lo que para los ciclistas se traduce en que&#8230; <strong>en 1 Segundo, \u00a1 nos dejar\u00e1s vivir !<\/strong><\/p>\n<p>Desgraciadamente <strong>Espa\u00f1a encabeza la lista europea de los pa\u00ed\u00adses con m\u00e1s ciclistas muertos en las carreteras<\/strong>, y esto no puede continuar as\u00ed\u00ad.<\/p>\n<p>Entre las infracciones que m\u00e1s denuncian sufrir los ciclistas cuando circulan por c\u00ed\u00adas interurbanas se encuentran no respetar la<strong> separaci\u00f3n lateral de 1,5 metros al adelantarlos<\/strong>\u00a0 y adelantarles a una <strong>velocidad excesiva<\/strong>, cuando circules por una carretera y te encuentras con alg\u00fan ciclista no te olvides de que cualquiera de estas infracciones puede acabar con su vida, <strong>a ti s\u00f3lo te costar\u00e1 un segundo pero a ellos les costar\u00e1 la vida.<\/strong><\/p>\n<p>Si quer\u00e9is conocer m\u00e1s sobre <strong>Danos 1 segundo<\/strong> puedes <a href=\"https:\/\/www.facebook.com\/Danos1Segundo\/\">visitar su p\u00e1gina de Facebook<\/a><\/p>\n<p>&nbsp;<\/p>\n","protected":false},"excerpt":{"rendered":"<p>Hoy quiero hablaros de la iniciativa danos 1 segundo, una campa\u00f1a de concienciaci\u00f3n vial que pretende salvar la vida de los ciclistas. Esta campa\u00f1a de concienciaci\u00f3n est\u00e1 dirigida a los conductores y promueve que el conductor de un turismo o de un veh\u00ed\u00adculo pesado se lo piense un par de veces antes de adelantar a [&hellip;]<\/p>\n","protected":false},"author":1,"featured_media":10390,"comment_status":"open","ping_status":"closed","sticky":false,"template":"","format":"standard","meta":{"footnotes":"","jetpack_publicize_message":"","jetpack_publicize_feature_enabled":true,"jetpack_social_post_already_shared":false,"jetpack_social_options":{"image_generator_settings":{"template":"highway","enabled":false},"version":2}},"categories":[4,19],"tags":[255,1665,318,1678],"class_list":["post-10389","post","type-post","status-publish","format-standard","has-post-thumbnail","hentry","category-campanas-de-seguridad-vial","category-seguridad-vial","tag-campanas","tag-campanas-de-seguridad-vial","tag-ciclistas","tag-seguridad-vial"],"wppr_data":[],"jetpack_publicize_connections":[],"yoast_head":"<!-- This site is optimized with the Yoast SEO plugin v24.7 - https:\/\/yoast.com\/wordpress\/plugins\/seo\/ -->\n<title>Danos 1 segundo, campa\u00f1a de concienciaci\u00f3n vial<\/title>\n<meta name=\"description\" content=\"Hoy quiero hablaros de la iniciativa danos 1 segundo, una campa\u00f1a de concienciaci\u00f3n vial que pretende salvar la vida de los ciclistas.\" \/>\n<meta name=\"robots\" content=\"index, follow, max-snippet:-1, max-image-preview:large, max-video-preview:-1\" \/>\n<link rel=\"canonical\" href=\"https:\/\/www.blogdelaautoescuela.com\/blog\/danos-1-segundo-campana-de-concienciacion-vial\/\" \/>\n<meta property=\"og:locale\" content=\"es_ES\" \/>\n<meta property=\"og:type\" content=\"article\" \/>\n<meta property=\"og:title\" content=\"Danos 1 segundo, campa\u00f1a de concienciaci\u00f3n vial\" \/>\n<meta property=\"og:description\" content=\"Hoy quiero hablaros de la iniciativa danos 1 segundo, una campa\u00f1a de concienciaci\u00f3n vial que pretende salvar la vida de los ciclistas.\" \/>\n<meta property=\"og:url\" content=\"https:\/\/www.blogdelaautoescuela.com\/blog\/danos-1-segundo-campana-de-concienciacion-vial\/\" \/>\n<meta property=\"og:site_name\" content=\"Blog de la autoescuela\" \/>\n<meta property=\"article:author\" content=\"https:\/\/www.facebook.com\/blogdelaautoescuela\" \/>\n<meta property=\"article:published_time\" content=\"2013-01-24T16:25:22+00:00\" \/>\n<meta property=\"og:image\" content=\"https:\/\/www.blogdelaautoescuela.com\/blog\/wp-content\/uploads\/2013\/01\/danos1segundo1.jpg\" \/>\n\t<meta property=\"og:image:width\" content=\"500\" \/>\n\t<meta property=\"og:image:height\" content=\"293\" \/>\n\t<meta property=\"og:image:type\" content=\"image\/jpeg\" \/>\n<meta name=\"author\" content=\"usr_blogauto\" \/>\n<meta name=\"twitter:label1\" content=\"Escrito por\" \/>\n\t<meta name=\"twitter:data1\" content=\"usr_blogauto\" \/>\n\t<meta name=\"twitter:label2\" content=\"Tiempo de lectura\" \/>\n\t<meta name=\"twitter:data2\" content=\"1 minuto\" \/>\n<script type=\"application\/ld+json\" class=\"yoast-schema-graph\">{\"@context\":\"https:\/\/schema.org\",\"@graph\":[{\"@type\":\"WebPage\",\"@id\":\"https:\/\/www.blogdelaautoescuela.com\/blog\/danos-1-segundo-campana-de-concienciacion-vial\/\",\"url\":\"https:\/\/www.blogdelaautoescuela.com\/blog\/danos-1-segundo-campana-de-concienciacion-vial\/\",\"name\":\"Danos 1 segundo, campa\u00f1a de concienciaci\u00f3n vial\",\"isPartOf\":{\"@id\":\"https:\/\/www.blogdelaautoescuela.com\/blog\/#website\"},\"primaryImageOfPage\":{\"@id\":\"https:\/\/www.blogdelaautoescuela.com\/blog\/danos-1-segundo-campana-de-concienciacion-vial\/#primaryimage\"},\"image\":{\"@id\":\"https:\/\/www.blogdelaautoescuela.com\/blog\/danos-1-segundo-campana-de-concienciacion-vial\/#primaryimage\"},\"thumbnailUrl\":\"https:\/\/www.blogdelaautoescuela.com\/blog\/wp-content\/uploads\/2013\/01\/danos1segundo1.jpg\",\"datePublished\":\"2013-01-24T16:25:22+00:00\",\"author\":{\"@id\":\"https:\/\/www.blogdelaautoescuela.com\/blog\/#\/schema\/person\/f209a64ca5dfe74b9acb6317240e792f\"},\"description\":\"Hoy quiero hablaros de la iniciativa danos 1 segundo, una campa\u00f1a de concienciaci\u00f3n vial que pretende salvar la vida de los ciclistas.\",\"breadcrumb\":{\"@id\":\"https:\/\/www.blogdelaautoescuela.com\/blog\/danos-1-segundo-campana-de-concienciacion-vial\/#breadcrumb\"},\"inLanguage\":\"es\",\"potentialAction\":[{\"@type\":\"ReadAction\",\"target\":[\"https:\/\/www.blogdelaautoescuela.com\/blog\/danos-1-segundo-campana-de-concienciacion-vial\/\"]}]},{\"@type\":\"ImageObject\",\"inLanguage\":\"es\",\"@id\":\"https:\/\/www.blogdelaautoescuela.com\/blog\/danos-1-segundo-campana-de-concienciacion-vial\/#primaryimage\",\"url\":\"https:\/\/www.blogdelaautoescuela.com\/blog\/wp-content\/uploads\/2013\/01\/danos1segundo1.jpg\",\"contentUrl\":\"https:\/\/www.blogdelaautoescuela.com\/blog\/wp-content\/uploads\/2013\/01\/danos1segundo1.jpg\",\"width\":500,\"height\":293},{\"@type\":\"BreadcrumbList\",\"@id\":\"https:\/\/www.blogdelaautoescuela.com\/blog\/danos-1-segundo-campana-de-concienciacion-vial\/#breadcrumb\",\"itemListElement\":[{\"@type\":\"ListItem\",\"position\":1,\"name\":\"Portada\",\"item\":\"https:\/\/www.blogdelaautoescuela.com\/blog\/\"},{\"@type\":\"ListItem\",\"position\":2,\"name\":\"Danos 1 segundo, campa\u00f1a de concienciaci\u00f3n vial\"}]},{\"@type\":\"WebSite\",\"@id\":\"https:\/\/www.blogdelaautoescuela.com\/blog\/#website\",\"url\":\"https:\/\/www.blogdelaautoescuela.com\/blog\/\",\"name\":\"Blog de la autoescuela\",\"description\":\"Noticias sobre autoescuelas y seguridad vial\",\"potentialAction\":[{\"@type\":\"SearchAction\",\"target\":{\"@type\":\"EntryPoint\",\"urlTemplate\":\"https:\/\/www.blogdelaautoescuela.com\/blog\/?s={search_term_string}\"},\"query-input\":{\"@type\":\"PropertyValueSpecification\",\"valueRequired\":true,\"valueName\":\"search_term_string\"}}],\"inLanguage\":\"es\"},{\"@type\":\"Person\",\"@id\":\"https:\/\/www.blogdelaautoescuela.com\/blog\/#\/schema\/person\/f209a64ca5dfe74b9acb6317240e792f\",\"name\":\"usr_blogauto\",\"image\":{\"@type\":\"ImageObject\",\"inLanguage\":\"es\",\"@id\":\"https:\/\/www.blogdelaautoescuela.com\/blog\/#\/schema\/person\/image\/\",\"url\":\"https:\/\/secure.gravatar.com\/avatar\/d3939d4ea521ac8421c86d2980321cc9?s=96&d=mm&r=g\",\"contentUrl\":\"https:\/\/secure.gravatar.com\/avatar\/d3939d4ea521ac8421c86d2980321cc9?s=96&d=mm&r=g\",\"caption\":\"usr_blogauto\"},\"description\":\"Blog dedicado a la conducci\u00f3n, las autoescuelas y la seguridad vial. Est\u00e1 creado por un grupo de profesionales de la formaci\u00f3n vial que comparten inquietudes y experiencias. Aqu\u00ed\u00ad podr\u00e1s encontrar informaci\u00f3n variada sobre el d\u00ed\u00ada a d\u00ed\u00ada de la autoescuela, ex\u00e1menes, test o novedades y consejos para una conducci\u00f3n m\u00e1s segura.\",\"sameAs\":[\"http:\/\/www.blogdelaautoescuela.com\/\",\"https:\/\/www.facebook.com\/blogdelaautoescuela\",\"https:\/\/x.com\/autoescuelas\"],\"url\":\"https:\/\/www.blogdelaautoescuela.com\/blog\/author\/usr_blogauto\/\"}]}<\/script>\n<!-- \/ Yoast SEO plugin. -->","yoast_head_json":{"title":"Danos 1 segundo, campa\u00f1a de concienciaci\u00f3n vial","description":"Hoy quiero hablaros de la iniciativa danos 1 segundo, una campa\u00f1a de concienciaci\u00f3n vial que pretende salvar la vida de los ciclistas.","robots":{"index":"index","follow":"follow","max-snippet":"max-snippet:-1","max-image-preview":"max-image-preview:large","max-video-preview":"max-video-preview:-1"},"canonical":"https:\/\/www.blogdelaautoescuela.com\/blog\/danos-1-segundo-campana-de-concienciacion-vial\/","og_locale":"es_ES","og_type":"article","og_title":"Danos 1 segundo, campa\u00f1a de concienciaci\u00f3n vial","og_description":"Hoy quiero hablaros de la iniciativa danos 1 segundo, una campa\u00f1a de concienciaci\u00f3n vial que pretende salvar la vida de los ciclistas.","og_url":"https:\/\/www.blogdelaautoescuela.com\/blog\/danos-1-segundo-campana-de-concienciacion-vial\/","og_site_name":"Blog de la autoescuela","article_author":"https:\/\/www.facebook.com\/blogdelaautoescuela","article_published_time":"2013-01-24T16:25:22+00:00","og_image":[{"width":500,"height":293,"url":"https:\/\/www.blogdelaautoescuela.com\/blog\/wp-content\/uploads\/2013\/01\/danos1segundo1.jpg","type":"image\/jpeg"}],"author":"usr_blogauto","twitter_misc":{"Escrito por":"usr_blogauto","Tiempo de lectura":"1 minuto"},"schema":{"@context":"https:\/\/schema.org","@graph":[{"@type":"WebPage","@id":"https:\/\/www.blogdelaautoescuela.com\/blog\/danos-1-segundo-campana-de-concienciacion-vial\/","url":"https:\/\/www.blogdelaautoescuela.com\/blog\/danos-1-segundo-campana-de-concienciacion-vial\/","name":"Danos 1 segundo, campa\u00f1a de concienciaci\u00f3n vial","isPartOf":{"@id":"https:\/\/www.blogdelaautoescuela.com\/blog\/#website"},"primaryImageOfPage":{"@id":"https:\/\/www.blogdelaautoescuela.com\/blog\/danos-1-segundo-campana-de-concienciacion-vial\/#primaryimage"},"image":{"@id":"https:\/\/www.blogdelaautoescuela.com\/blog\/danos-1-segundo-campana-de-concienciacion-vial\/#primaryimage"},"thumbnailUrl":"https:\/\/www.blogdelaautoescuela.com\/blog\/wp-content\/uploads\/2013\/01\/danos1segundo1.jpg","datePublished":"2013-01-24T16:25:22+00:00","author":{"@id":"https:\/\/www.blogdelaautoescuela.com\/blog\/#\/schema\/person\/f209a64ca5dfe74b9acb6317240e792f"},"description":"Hoy quiero hablaros de la iniciativa danos 1 segundo, una campa\u00f1a de concienciaci\u00f3n vial que pretende salvar la vida de los ciclistas.","breadcrumb":{"@id":"https:\/\/www.blogdelaautoescuela.com\/blog\/danos-1-segundo-campana-de-concienciacion-vial\/#breadcrumb"},"inLanguage":"es","potentialAction":[{"@type":"ReadAction","target":["https:\/\/www.blogdelaautoescuela.com\/blog\/danos-1-segundo-campana-de-concienciacion-vial\/"]}]},{"@type":"ImageObject","inLanguage":"es","@id":"https:\/\/www.blogdelaautoescuela.com\/blog\/danos-1-segundo-campana-de-concienciacion-vial\/#primaryimage","url":"https:\/\/www.blogdelaautoescuela.com\/blog\/wp-content\/uploads\/2013\/01\/danos1segundo1.jpg","contentUrl":"https:\/\/www.blogdelaautoescuela.com\/blog\/wp-content\/uploads\/2013\/01\/danos1segundo1.jpg","width":500,"height":293},{"@type":"BreadcrumbList","@id":"https:\/\/www.blogdelaautoescuela.com\/blog\/danos-1-segundo-campana-de-concienciacion-vial\/#breadcrumb","itemListElement":[{"@type":"ListItem","position":1,"name":"Portada","item":"https:\/\/www.blogdelaautoescuela.com\/blog\/"},{"@type":"ListItem","position":2,"name":"Danos 1 segundo, campa\u00f1a de concienciaci\u00f3n vial"}]},{"@type":"WebSite","@id":"https:\/\/www.blogdelaautoescuela.com\/blog\/#website","url":"https:\/\/www.blogdelaautoescuela.com\/blog\/","name":"Blog de la autoescuela","description":"Noticias sobre autoescuelas y seguridad vial","potentialAction":[{"@type":"SearchAction","target":{"@type":"EntryPoint","urlTemplate":"https:\/\/www.blogdelaautoescuela.com\/blog\/?s={search_term_string}"},"query-input":{"@type":"PropertyValueSpecification","valueRequired":true,"valueName":"search_term_string"}}],"inLanguage":"es"},{"@type":"Person","@id":"https:\/\/www.blogdelaautoescuela.com\/blog\/#\/schema\/person\/f209a64ca5dfe74b9acb6317240e792f","name":"usr_blogauto","image":{"@type":"ImageObject","inLanguage":"es","@id":"https:\/\/www.blogdelaautoescuela.com\/blog\/#\/schema\/person\/image\/","url":"https:\/\/secure.gravatar.com\/avatar\/d3939d4ea521ac8421c86d2980321cc9?s=96&d=mm&r=g","contentUrl":"https:\/\/secure.gravatar.com\/avatar\/d3939d4ea521ac8421c86d2980321cc9?s=96&d=mm&r=g","caption":"usr_blogauto"},"description":"Blog dedicado a la conducci\u00f3n, las autoescuelas y la seguridad vial. Est\u00e1 creado por un grupo de profesionales de la formaci\u00f3n vial que comparten inquietudes y experiencias. Aqu\u00ed\u00ad podr\u00e1s encontrar informaci\u00f3n variada sobre el d\u00ed\u00ada a d\u00ed\u00ada de la autoescuela, ex\u00e1menes, test o novedades y consejos para una conducci\u00f3n m\u00e1s segura.","sameAs":["http:\/\/www.blogdelaautoescuela.com\/","https:\/\/www.facebook.com\/blogdelaautoescuela","https:\/\/x.com\/autoescuelas"],"url":"https:\/\/www.blogdelaautoescuela.com\/blog\/author\/usr_blogauto\/"}]}},"jetpack_featured_media_url":"https:\/\/www.blogdelaautoescuela.com\/blog\/wp-content\/uploads\/2013\/01\/danos1segundo1.jpg","_links":{"self":[{"href":"https:\/\/www.blogdelaautoescuela.com\/blog\/wp-json\/wp\/v2\/posts\/10389","targetHints":{"allow":["GET"]}}],"collection":[{"href":"https:\/\/www.blogdelaautoescuela.com\/blog\/wp-json\/wp\/v2\/posts"}],"about":[{"href":"https:\/\/www.blogdelaautoescuela.com\/blog\/wp-json\/wp\/v2\/types\/post"}],"author":[{"embeddable":true,"href":"https:\/\/www.blogdelaautoescuela.com\/blog\/wp-json\/wp\/v2\/users\/1"}],"replies":[{"embeddable":true,"href":"https:\/\/www.blogdelaautoescuela.com\/blog\/wp-json\/wp\/v2\/comments?post=10389"}],"version-history":[{"count":1,"href":"https:\/\/www.blogdelaautoescuela.com\/blog\/wp-json\/wp\/v2\/posts\/10389\/revisions"}],"predecessor-version":[{"id":16250,"href":"https:\/\/www.blogdelaautoescuela.com\/blog\/wp-json\/wp\/v2\/posts\/10389\/revisions\/16250"}],"wp:featuredmedia":[{"embeddable":true,"href":"https:\/\/www.blogdelaautoescuela.com\/blog\/wp-json\/wp\/v2\/media\/10390"}],"wp:attachment":[{"href":"https:\/\/www.blogdelaautoescuela.com\/blog\/wp-json\/wp\/v2\/media?parent=10389"}],"wp:term":[{"taxonomy":"category","embeddable":true,"href":"https:\/\/www.blogdelaautoescuela.com\/blog\/wp-json\/wp\/v2\/categories?post=10389"},{"taxonomy":"post_tag","embeddable":true,"href":"https:\/\/www.blogdelaautoescuela.com\/blog\/wp-json\/wp\/v2\/tags?post=10389"}],"curies":[{"name":"wp","href":"https:\/\/api.w.org\/{rel}","templated":true}]}}