
{"id":10380,"date":"2013-01-23T17:17:15","date_gmt":"2013-01-23T16:17:15","guid":{"rendered":"http:\/\/www.blogdelaautoescuela.com\/blog\/?p=10380"},"modified":"2013-01-23T17:17:15","modified_gmt":"2013-01-23T16:17:15","slug":"el-poli-paco-visita-los-colegios-gallegos","status":"publish","type":"post","link":"https:\/\/www.blogdelaautoescuela.com\/blog\/el-poli-paco-visita-los-colegios-gallegos\/","title":{"rendered":"El &quot;Poli Paco&quot; visita los colegios gallegos"},"content":{"rendered":"<p><img loading=\"lazy\" decoding=\"async\" class=\"aligncenter size-full wp-image-10381\" alt=\"poli paco\" src=\"http:\/\/www.blogdelaautoescuela.com\/blog\/wp-content\/uploads\/2013\/01\/poli-paco.png\" width=\"400\" height=\"280\" \/><\/p>\n<p>Si algo realmente importante en materia de <strong>seguridad vial<\/strong> es formar a los <strong>m\u00e1s peque\u00f1os<\/strong>, no s\u00f3lo son el colectivo m\u00e1s vulnerable ante el tr\u00e1fico, tambi\u00e9n son los conductores del futuro, as\u00ed\u00ad que est\u00e9n bien formados es fundamental.<\/p>\n<p>Para mejorar la<strong> educaci\u00f3n vial de los m\u00e1s peque\u00f1os la Polic\u00ed\u00ada Local de Pontevedra est\u00e1 visitando los colegios<\/strong>, pero no como lo hac\u00ed\u00adan otros a\u00f1os, este a\u00f1o para estar m\u00e1s cercanos con los ni\u00f1os llevan con ellos al <strong>&#8220;Poli Paco&#8221;, un mu\u00f1eco de gui\u00f1ol<\/strong> que les recuerda a los <strong>alumnos de entre 3 y 7 a\u00f1os<\/strong> las normas de seguridad vial, y que adem\u00e1s conoce sus nombres para llamar a\u00fan m\u00e1s su atenci\u00f3n.<\/p>\n<p>El<strong> &#8220;Poli Paco&#8221;,<\/strong>explica a los peque\u00f1os, entre otras cuestiones, la importancia de conocer la direcci\u00f3n en la que viven para poder pedir ayuda en caso de p\u00e9rdida.<\/p>\n<p>Los ni\u00f1os adem\u00e1s tambi\u00e9n disfrutan durante la divertida jornada de seguridad vial con la proyecci\u00f3n de una<strong> pel\u00ed\u00adcula de dibujos animados sobre c\u00f3mo comportarse en la calle<\/strong>, y con una <strong>representaci\u00f3n con t\u00ed\u00adteres<\/strong> de un cuento en el que los protagonistas pusieron de relevancia la importancia de las normas.<\/p>\n<p>Sin duda este pionero m\u00e9todo de educaci\u00f3n vial puesto en marcha en Galicia va a hacer que los ni\u00f1os tengan m\u00e1s inter\u00e9s por la seguridad vial.<\/p>\n","protected":false},"excerpt":{"rendered":"<p>Si algo realmente importante en materia de seguridad vial es formar a los m\u00e1s peque\u00f1os, no s\u00f3lo son el colectivo m\u00e1s vulnerable ante el tr\u00e1fico, tambi\u00e9n son los conductores del futuro, as\u00ed\u00ad que est\u00e9n bien formados es fundamental. Para mejorar la educaci\u00f3n vial de los m\u00e1s peque\u00f1os la Polic\u00ed\u00ada Local de Pontevedra est\u00e1 visitando los [&hellip;]<\/p>\n","protected":false},"author":1,"featured_media":10381,"comment_status":"open","ping_status":"closed","sticky":false,"template":"","format":"standard","meta":{"footnotes":"","jetpack_publicize_message":"","jetpack_publicize_feature_enabled":true,"jetpack_social_post_already_shared":false,"jetpack_social_options":{"image_generator_settings":{"template":"highway","enabled":false},"version":2}},"categories":[19],"tags":[527,1678],"class_list":["post-10380","post","type-post","status-publish","format-standard","has-post-thumbnail","hentry","category-seguridad-vial","tag-educacion-vial","tag-seguridad-vial"],"wppr_data":[],"jetpack_publicize_connections":[],"yoast_head":"<!-- This site is optimized with the Yoast SEO plugin v24.7 - https:\/\/yoast.com\/wordpress\/plugins\/seo\/ -->\n<title>El &quot;Poli Paco&quot; visita los colegios gallegos<\/title>\n<meta name=\"description\" content=\"&quot;Poli Paco&quot;, un mu\u00f1eco de gui\u00f1ol que les recuerda a los alumnos de entre 3 y 7 a\u00f1os las normas de seguridad vial, y que adem\u00e1s conoce sus nombres\" \/>\n<meta name=\"robots\" content=\"index, follow, max-snippet:-1, max-image-preview:large, max-video-preview:-1\" \/>\n<link rel=\"canonical\" href=\"https:\/\/www.blogdelaautoescuela.com\/blog\/el-poli-paco-visita-los-colegios-gallegos\/\" \/>\n<meta property=\"og:locale\" content=\"es_ES\" \/>\n<meta property=\"og:type\" content=\"article\" \/>\n<meta property=\"og:title\" content=\"El &quot;Poli Paco&quot; visita los colegios gallegos\" \/>\n<meta property=\"og:description\" content=\"&quot;Poli Paco&quot;, un mu\u00f1eco de gui\u00f1ol que les recuerda a los alumnos de entre 3 y 7 a\u00f1os las normas de seguridad vial, y que adem\u00e1s conoce sus nombres\" \/>\n<meta property=\"og:url\" content=\"https:\/\/www.blogdelaautoescuela.com\/blog\/el-poli-paco-visita-los-colegios-gallegos\/\" \/>\n<meta property=\"og:site_name\" content=\"Blog de la autoescuela\" \/>\n<meta property=\"article:author\" content=\"https:\/\/www.facebook.com\/blogdelaautoescuela\" \/>\n<meta property=\"article:published_time\" content=\"2013-01-23T16:17:15+00:00\" \/>\n<meta property=\"og:image\" content=\"https:\/\/www.blogdelaautoescuela.com\/blog\/wp-content\/uploads\/2013\/01\/poli-paco1.png\" \/>\n\t<meta property=\"og:image:width\" content=\"400\" \/>\n\t<meta property=\"og:image:height\" content=\"280\" \/>\n\t<meta property=\"og:image:type\" content=\"image\/png\" \/>\n<meta name=\"author\" content=\"usr_blogauto\" \/>\n<meta name=\"twitter:label1\" content=\"Escrito por\" \/>\n\t<meta name=\"twitter:data1\" content=\"usr_blogauto\" \/>\n\t<meta name=\"twitter:label2\" content=\"Tiempo de lectura\" \/>\n\t<meta name=\"twitter:data2\" content=\"1 minuto\" \/>\n<script type=\"application\/ld+json\" class=\"yoast-schema-graph\">{\"@context\":\"https:\/\/schema.org\",\"@graph\":[{\"@type\":\"WebPage\",\"@id\":\"https:\/\/www.blogdelaautoescuela.com\/blog\/el-poli-paco-visita-los-colegios-gallegos\/\",\"url\":\"https:\/\/www.blogdelaautoescuela.com\/blog\/el-poli-paco-visita-los-colegios-gallegos\/\",\"name\":\"El \\\"Poli Paco\\\" visita los colegios gallegos\",\"isPartOf\":{\"@id\":\"https:\/\/www.blogdelaautoescuela.com\/blog\/#website\"},\"primaryImageOfPage\":{\"@id\":\"https:\/\/www.blogdelaautoescuela.com\/blog\/el-poli-paco-visita-los-colegios-gallegos\/#primaryimage\"},\"image\":{\"@id\":\"https:\/\/www.blogdelaautoescuela.com\/blog\/el-poli-paco-visita-los-colegios-gallegos\/#primaryimage\"},\"thumbnailUrl\":\"https:\/\/www.blogdelaautoescuela.com\/blog\/wp-content\/uploads\/2013\/01\/poli-paco1.png\",\"datePublished\":\"2013-01-23T16:17:15+00:00\",\"author\":{\"@id\":\"https:\/\/www.blogdelaautoescuela.com\/blog\/#\/schema\/person\/f209a64ca5dfe74b9acb6317240e792f\"},\"description\":\"\\\"Poli Paco\\\", un mu\u00f1eco de gui\u00f1ol que les recuerda a los alumnos de entre 3 y 7 a\u00f1os las normas de seguridad vial, y que adem\u00e1s conoce sus nombres\",\"breadcrumb\":{\"@id\":\"https:\/\/www.blogdelaautoescuela.com\/blog\/el-poli-paco-visita-los-colegios-gallegos\/#breadcrumb\"},\"inLanguage\":\"es\",\"potentialAction\":[{\"@type\":\"ReadAction\",\"target\":[\"https:\/\/www.blogdelaautoescuela.com\/blog\/el-poli-paco-visita-los-colegios-gallegos\/\"]}]},{\"@type\":\"ImageObject\",\"inLanguage\":\"es\",\"@id\":\"https:\/\/www.blogdelaautoescuela.com\/blog\/el-poli-paco-visita-los-colegios-gallegos\/#primaryimage\",\"url\":\"https:\/\/www.blogdelaautoescuela.com\/blog\/wp-content\/uploads\/2013\/01\/poli-paco1.png\",\"contentUrl\":\"https:\/\/www.blogdelaautoescuela.com\/blog\/wp-content\/uploads\/2013\/01\/poli-paco1.png\",\"width\":400,\"height\":280},{\"@type\":\"BreadcrumbList\",\"@id\":\"https:\/\/www.blogdelaautoescuela.com\/blog\/el-poli-paco-visita-los-colegios-gallegos\/#breadcrumb\",\"itemListElement\":[{\"@type\":\"ListItem\",\"position\":1,\"name\":\"Portada\",\"item\":\"https:\/\/www.blogdelaautoescuela.com\/blog\/\"},{\"@type\":\"ListItem\",\"position\":2,\"name\":\"El &quot;Poli Paco&quot; visita los colegios gallegos\"}]},{\"@type\":\"WebSite\",\"@id\":\"https:\/\/www.blogdelaautoescuela.com\/blog\/#website\",\"url\":\"https:\/\/www.blogdelaautoescuela.com\/blog\/\",\"name\":\"Blog de la autoescuela\",\"description\":\"Noticias sobre autoescuelas y seguridad vial\",\"potentialAction\":[{\"@type\":\"SearchAction\",\"target\":{\"@type\":\"EntryPoint\",\"urlTemplate\":\"https:\/\/www.blogdelaautoescuela.com\/blog\/?s={search_term_string}\"},\"query-input\":{\"@type\":\"PropertyValueSpecification\",\"valueRequired\":true,\"valueName\":\"search_term_string\"}}],\"inLanguage\":\"es\"},{\"@type\":\"Person\",\"@id\":\"https:\/\/www.blogdelaautoescuela.com\/blog\/#\/schema\/person\/f209a64ca5dfe74b9acb6317240e792f\",\"name\":\"usr_blogauto\",\"image\":{\"@type\":\"ImageObject\",\"inLanguage\":\"es\",\"@id\":\"https:\/\/www.blogdelaautoescuela.com\/blog\/#\/schema\/person\/image\/\",\"url\":\"https:\/\/secure.gravatar.com\/avatar\/d3939d4ea521ac8421c86d2980321cc9?s=96&d=mm&r=g\",\"contentUrl\":\"https:\/\/secure.gravatar.com\/avatar\/d3939d4ea521ac8421c86d2980321cc9?s=96&d=mm&r=g\",\"caption\":\"usr_blogauto\"},\"description\":\"Blog dedicado a la conducci\u00f3n, las autoescuelas y la seguridad vial. Est\u00e1 creado por un grupo de profesionales de la formaci\u00f3n vial que comparten inquietudes y experiencias. Aqu\u00ed\u00ad podr\u00e1s encontrar informaci\u00f3n variada sobre el d\u00ed\u00ada a d\u00ed\u00ada de la autoescuela, ex\u00e1menes, test o novedades y consejos para una conducci\u00f3n m\u00e1s segura.\",\"sameAs\":[\"http:\/\/www.blogdelaautoescuela.com\/\",\"https:\/\/www.facebook.com\/blogdelaautoescuela\",\"https:\/\/x.com\/autoescuelas\"],\"url\":\"https:\/\/www.blogdelaautoescuela.com\/blog\/author\/usr_blogauto\/\"}]}<\/script>\n<!-- \/ Yoast SEO plugin. -->","yoast_head_json":{"title":"El \"Poli Paco\" visita los colegios gallegos","description":"\"Poli Paco\", un mu\u00f1eco de gui\u00f1ol que les recuerda a los alumnos de entre 3 y 7 a\u00f1os las normas de seguridad vial, y que adem\u00e1s conoce sus nombres","robots":{"index":"index","follow":"follow","max-snippet":"max-snippet:-1","max-image-preview":"max-image-preview:large","max-video-preview":"max-video-preview:-1"},"canonical":"https:\/\/www.blogdelaautoescuela.com\/blog\/el-poli-paco-visita-los-colegios-gallegos\/","og_locale":"es_ES","og_type":"article","og_title":"El \"Poli Paco\" visita los colegios gallegos","og_description":"\"Poli Paco\", un mu\u00f1eco de gui\u00f1ol que les recuerda a los alumnos de entre 3 y 7 a\u00f1os las normas de seguridad vial, y que adem\u00e1s conoce sus nombres","og_url":"https:\/\/www.blogdelaautoescuela.com\/blog\/el-poli-paco-visita-los-colegios-gallegos\/","og_site_name":"Blog de la autoescuela","article_author":"https:\/\/www.facebook.com\/blogdelaautoescuela","article_published_time":"2013-01-23T16:17:15+00:00","og_image":[{"width":400,"height":280,"url":"https:\/\/www.blogdelaautoescuela.com\/blog\/wp-content\/uploads\/2013\/01\/poli-paco1.png","type":"image\/png"}],"author":"usr_blogauto","twitter_misc":{"Escrito por":"usr_blogauto","Tiempo de lectura":"1 minuto"},"schema":{"@context":"https:\/\/schema.org","@graph":[{"@type":"WebPage","@id":"https:\/\/www.blogdelaautoescuela.com\/blog\/el-poli-paco-visita-los-colegios-gallegos\/","url":"https:\/\/www.blogdelaautoescuela.com\/blog\/el-poli-paco-visita-los-colegios-gallegos\/","name":"El \"Poli Paco\" visita los colegios gallegos","isPartOf":{"@id":"https:\/\/www.blogdelaautoescuela.com\/blog\/#website"},"primaryImageOfPage":{"@id":"https:\/\/www.blogdelaautoescuela.com\/blog\/el-poli-paco-visita-los-colegios-gallegos\/#primaryimage"},"image":{"@id":"https:\/\/www.blogdelaautoescuela.com\/blog\/el-poli-paco-visita-los-colegios-gallegos\/#primaryimage"},"thumbnailUrl":"https:\/\/www.blogdelaautoescuela.com\/blog\/wp-content\/uploads\/2013\/01\/poli-paco1.png","datePublished":"2013-01-23T16:17:15+00:00","author":{"@id":"https:\/\/www.blogdelaautoescuela.com\/blog\/#\/schema\/person\/f209a64ca5dfe74b9acb6317240e792f"},"description":"\"Poli Paco\", un mu\u00f1eco de gui\u00f1ol que les recuerda a los alumnos de entre 3 y 7 a\u00f1os las normas de seguridad vial, y que adem\u00e1s conoce sus nombres","breadcrumb":{"@id":"https:\/\/www.blogdelaautoescuela.com\/blog\/el-poli-paco-visita-los-colegios-gallegos\/#breadcrumb"},"inLanguage":"es","potentialAction":[{"@type":"ReadAction","target":["https:\/\/www.blogdelaautoescuela.com\/blog\/el-poli-paco-visita-los-colegios-gallegos\/"]}]},{"@type":"ImageObject","inLanguage":"es","@id":"https:\/\/www.blogdelaautoescuela.com\/blog\/el-poli-paco-visita-los-colegios-gallegos\/#primaryimage","url":"https:\/\/www.blogdelaautoescuela.com\/blog\/wp-content\/uploads\/2013\/01\/poli-paco1.png","contentUrl":"https:\/\/www.blogdelaautoescuela.com\/blog\/wp-content\/uploads\/2013\/01\/poli-paco1.png","width":400,"height":280},{"@type":"BreadcrumbList","@id":"https:\/\/www.blogdelaautoescuela.com\/blog\/el-poli-paco-visita-los-colegios-gallegos\/#breadcrumb","itemListElement":[{"@type":"ListItem","position":1,"name":"Portada","item":"https:\/\/www.blogdelaautoescuela.com\/blog\/"},{"@type":"ListItem","position":2,"name":"El &quot;Poli Paco&quot; visita los colegios gallegos"}]},{"@type":"WebSite","@id":"https:\/\/www.blogdelaautoescuela.com\/blog\/#website","url":"https:\/\/www.blogdelaautoescuela.com\/blog\/","name":"Blog de la autoescuela","description":"Noticias sobre autoescuelas y seguridad vial","potentialAction":[{"@type":"SearchAction","target":{"@type":"EntryPoint","urlTemplate":"https:\/\/www.blogdelaautoescuela.com\/blog\/?s={search_term_string}"},"query-input":{"@type":"PropertyValueSpecification","valueRequired":true,"valueName":"search_term_string"}}],"inLanguage":"es"},{"@type":"Person","@id":"https:\/\/www.blogdelaautoescuela.com\/blog\/#\/schema\/person\/f209a64ca5dfe74b9acb6317240e792f","name":"usr_blogauto","image":{"@type":"ImageObject","inLanguage":"es","@id":"https:\/\/www.blogdelaautoescuela.com\/blog\/#\/schema\/person\/image\/","url":"https:\/\/secure.gravatar.com\/avatar\/d3939d4ea521ac8421c86d2980321cc9?s=96&d=mm&r=g","contentUrl":"https:\/\/secure.gravatar.com\/avatar\/d3939d4ea521ac8421c86d2980321cc9?s=96&d=mm&r=g","caption":"usr_blogauto"},"description":"Blog dedicado a la conducci\u00f3n, las autoescuelas y la seguridad vial. Est\u00e1 creado por un grupo de profesionales de la formaci\u00f3n vial que comparten inquietudes y experiencias. Aqu\u00ed\u00ad podr\u00e1s encontrar informaci\u00f3n variada sobre el d\u00ed\u00ada a d\u00ed\u00ada de la autoescuela, ex\u00e1menes, test o novedades y consejos para una conducci\u00f3n m\u00e1s segura.","sameAs":["http:\/\/www.blogdelaautoescuela.com\/","https:\/\/www.facebook.com\/blogdelaautoescuela","https:\/\/x.com\/autoescuelas"],"url":"https:\/\/www.blogdelaautoescuela.com\/blog\/author\/usr_blogauto\/"}]}},"jetpack_featured_media_url":"https:\/\/www.blogdelaautoescuela.com\/blog\/wp-content\/uploads\/2013\/01\/poli-paco1.png","_links":{"self":[{"href":"https:\/\/www.blogdelaautoescuela.com\/blog\/wp-json\/wp\/v2\/posts\/10380","targetHints":{"allow":["GET"]}}],"collection":[{"href":"https:\/\/www.blogdelaautoescuela.com\/blog\/wp-json\/wp\/v2\/posts"}],"about":[{"href":"https:\/\/www.blogdelaautoescuela.com\/blog\/wp-json\/wp\/v2\/types\/post"}],"author":[{"embeddable":true,"href":"https:\/\/www.blogdelaautoescuela.com\/blog\/wp-json\/wp\/v2\/users\/1"}],"replies":[{"embeddable":true,"href":"https:\/\/www.blogdelaautoescuela.com\/blog\/wp-json\/wp\/v2\/comments?post=10380"}],"version-history":[{"count":0,"href":"https:\/\/www.blogdelaautoescuela.com\/blog\/wp-json\/wp\/v2\/posts\/10380\/revisions"}],"wp:featuredmedia":[{"embeddable":true,"href":"https:\/\/www.blogdelaautoescuela.com\/blog\/wp-json\/wp\/v2\/media\/10381"}],"wp:attachment":[{"href":"https:\/\/www.blogdelaautoescuela.com\/blog\/wp-json\/wp\/v2\/media?parent=10380"}],"wp:term":[{"taxonomy":"category","embeddable":true,"href":"https:\/\/www.blogdelaautoescuela.com\/blog\/wp-json\/wp\/v2\/categories?post=10380"},{"taxonomy":"post_tag","embeddable":true,"href":"https:\/\/www.blogdelaautoescuela.com\/blog\/wp-json\/wp\/v2\/tags?post=10380"}],"curies":[{"name":"wp","href":"https:\/\/api.w.org\/{rel}","templated":true}]}}