
{"id":10244,"date":"2012-12-19T10:59:09","date_gmt":"2012-12-19T09:59:09","guid":{"rendered":"http:\/\/www.blogdelaautoescuela.com\/blog\/?p=10244"},"modified":"2012-12-19T10:59:09","modified_gmt":"2012-12-19T09:59:09","slug":"al-volante-gente-despierta","status":"publish","type":"post","link":"https:\/\/www.blogdelaautoescuela.com\/blog\/al-volante-gente-despierta\/","title":{"rendered":"Al volante gente despierta"},"content":{"rendered":"<p style=\"text-align: center;\"><img loading=\"lazy\" decoding=\"async\" class=\"size-full wp-image-10245 aligncenter\" title=\"Al volante gente despierta\" src=\"http:\/\/www.blogdelaautoescuela.com\/blog\/wp-content\/uploads\/2012\/12\/Captura-de-pantalla-2012-12-19-a-las-10.58.25.png\" alt=\"Al volante gente despierta\" width=\"400\" height=\"137\" \/><\/p>\n<p>La <strong>somnolencia al volante<\/strong> es uno de los peligros m\u00e1s importantes a los que se puede enfrentar un conductor, por eso, y para concienciar a los conductores de la importancia de combatir el sue\u00f1o si vamos a conducir la <strong>Federaci\u00f3n Espa\u00f1ola del Caf\u00e9 ha puesto en marcha la campa\u00f1a &#8220;Al volante, gente despierta&#8221;.<\/strong><\/p>\n<p>Seg\u00fan recuerda la <strong>Federaci\u00f3n del Caf\u00e9, muchos conductores &#8220;se duermen con facilidad&#8221; cuando conducen<\/strong>, lo que multiplica las posibilidades de sufrir un accidente, la somnolencia est\u00e1 detr\u00e1s de entre el 15 y el 30% de los accidentes y hay evidencias cient\u00ed\u00adficas que demuestran que tras una pausa de 15 minutos y una taza de caf\u00e9, los conductores realizan un manejo del veh\u00ed\u00adculo m\u00e1s preciso y seguro.<\/p>\n<p>Para poner en marcha esta campa\u00f1a la <strong>Federaci\u00f3n Espa\u00f1ola del Caf\u00e9<\/strong> ha contado con la colaboraci\u00f3n de la <strong>Confederaci\u00f3n Nacional de Autoescuelas (CNAE)<\/strong> y la de <strong>Confederaci\u00f3n Nacional del Transporte de Mercanc\u00ed\u00adas.<\/strong><\/p>\n<p>Con el lema <strong>&#8220;Al volante, gente despierta&#8221;, se pretende dar a conocer los efectos positivos del consumo responsable de cafe\u00ed\u00adna<\/strong> en la capacidad de alerta, y para ello se prev\u00e9 la distribuci\u00f3n de 15.000 folletos divulgativos en los centros de formaci\u00f3n de transportistas y la inclusi\u00f3n de mensajes en ese sentido en 150.000 manuales de circulaci\u00f3n de las autoescuelas.<\/p>\n<p><strong>Juan Cam\u00ed\u00adn, presidente de la Federaci\u00f3n Espa\u00f1ola del Caf\u00e9<\/strong>, ha explicado que <em>\u20ac\u0153Esta campa\u00f1a nace con vocaci\u00f3n de continuidad y esperamos que en los pr\u00f3ximos meses se vayan sumando a la iniciativa m\u00e1s instituciones. El objetivo \u00faltimo es poder concienciar a los conductores de todos los colectivos\u20ac\u009d<\/em><\/p>\n","protected":false},"excerpt":{"rendered":"<p>La somnolencia al volante es uno de los peligros m\u00e1s importantes a los que se puede enfrentar un conductor, por eso, y para concienciar a los conductores de la importancia de combatir el sue\u00f1o si vamos a conducir la Federaci\u00f3n Espa\u00f1ola del Caf\u00e9 ha puesto en marcha la campa\u00f1a &#8220;Al volante, gente despierta&#8221;. Seg\u00fan recuerda [&hellip;]<\/p>\n","protected":false},"author":1,"featured_media":10245,"comment_status":"open","ping_status":"closed","sticky":false,"template":"","format":"standard","meta":{"footnotes":"","jetpack_publicize_message":"","jetpack_publicize_feature_enabled":true,"jetpack_social_post_already_shared":false,"jetpack_social_options":{"image_generator_settings":{"template":"highway","enabled":false},"version":2}},"categories":[4,19],"tags":[1665,1678,1259],"class_list":["post-10244","post","type-post","status-publish","format-standard","has-post-thumbnail","hentry","category-campanas-de-seguridad-vial","category-seguridad-vial","tag-campanas-de-seguridad-vial","tag-seguridad-vial","tag-somnolencia"],"wppr_data":[],"jetpack_publicize_connections":[],"yoast_head":"<!-- This site is optimized with the Yoast SEO plugin v24.7 - https:\/\/yoast.com\/wordpress\/plugins\/seo\/ -->\n<title>Al volante gente despierta<\/title>\n<meta name=\"description\" content=\"La somnolencia al volante es uno de los peligros m\u00e1s importantes, por eso, la Federaci\u00f3n Espa\u00f1ola del Caf\u00e9 ha puesto en marcha la campa\u00f1a &quot;Al volante, gente despierta&quot;\" \/>\n<meta name=\"robots\" content=\"index, follow, max-snippet:-1, max-image-preview:large, max-video-preview:-1\" \/>\n<link rel=\"canonical\" href=\"https:\/\/www.blogdelaautoescuela.com\/blog\/al-volante-gente-despierta\/\" \/>\n<meta property=\"og:locale\" content=\"es_ES\" \/>\n<meta property=\"og:type\" content=\"article\" \/>\n<meta property=\"og:title\" content=\"Al volante gente despierta\" \/>\n<meta property=\"og:description\" content=\"La somnolencia al volante es uno de los peligros m\u00e1s importantes, por eso, la Federaci\u00f3n Espa\u00f1ola del Caf\u00e9 ha puesto en marcha la campa\u00f1a &quot;Al volante, gente despierta&quot;\" \/>\n<meta property=\"og:url\" content=\"https:\/\/www.blogdelaautoescuela.com\/blog\/al-volante-gente-despierta\/\" \/>\n<meta property=\"og:site_name\" content=\"Blog de la autoescuela\" \/>\n<meta property=\"article:author\" content=\"https:\/\/www.facebook.com\/blogdelaautoescuela\" \/>\n<meta property=\"article:published_time\" content=\"2012-12-19T09:59:09+00:00\" \/>\n<meta property=\"og:image\" content=\"https:\/\/www.blogdelaautoescuela.com\/blog\/wp-content\/uploads\/2012\/12\/Captura-de-pantalla-2012-12-19-a-las-10.58.251.png\" \/>\n\t<meta property=\"og:image:width\" content=\"400\" \/>\n\t<meta property=\"og:image:height\" content=\"137\" \/>\n\t<meta property=\"og:image:type\" content=\"image\/png\" \/>\n<meta name=\"author\" content=\"usr_blogauto\" \/>\n<meta name=\"twitter:label1\" content=\"Escrito por\" \/>\n\t<meta name=\"twitter:data1\" content=\"usr_blogauto\" \/>\n\t<meta name=\"twitter:label2\" content=\"Tiempo de lectura\" \/>\n\t<meta name=\"twitter:data2\" content=\"1 minuto\" \/>\n<script type=\"application\/ld+json\" class=\"yoast-schema-graph\">{\"@context\":\"https:\/\/schema.org\",\"@graph\":[{\"@type\":\"WebPage\",\"@id\":\"https:\/\/www.blogdelaautoescuela.com\/blog\/al-volante-gente-despierta\/\",\"url\":\"https:\/\/www.blogdelaautoescuela.com\/blog\/al-volante-gente-despierta\/\",\"name\":\"Al volante gente despierta\",\"isPartOf\":{\"@id\":\"https:\/\/www.blogdelaautoescuela.com\/blog\/#website\"},\"primaryImageOfPage\":{\"@id\":\"https:\/\/www.blogdelaautoescuela.com\/blog\/al-volante-gente-despierta\/#primaryimage\"},\"image\":{\"@id\":\"https:\/\/www.blogdelaautoescuela.com\/blog\/al-volante-gente-despierta\/#primaryimage\"},\"thumbnailUrl\":\"https:\/\/www.blogdelaautoescuela.com\/blog\/wp-content\/uploads\/2012\/12\/Captura-de-pantalla-2012-12-19-a-las-10.58.251.png\",\"datePublished\":\"2012-12-19T09:59:09+00:00\",\"author\":{\"@id\":\"https:\/\/www.blogdelaautoescuela.com\/blog\/#\/schema\/person\/f209a64ca5dfe74b9acb6317240e792f\"},\"description\":\"La somnolencia al volante es uno de los peligros m\u00e1s importantes, por eso, la Federaci\u00f3n Espa\u00f1ola del Caf\u00e9 ha puesto en marcha la campa\u00f1a \\\"Al volante, gente despierta\\\"\",\"breadcrumb\":{\"@id\":\"https:\/\/www.blogdelaautoescuela.com\/blog\/al-volante-gente-despierta\/#breadcrumb\"},\"inLanguage\":\"es\",\"potentialAction\":[{\"@type\":\"ReadAction\",\"target\":[\"https:\/\/www.blogdelaautoescuela.com\/blog\/al-volante-gente-despierta\/\"]}]},{\"@type\":\"ImageObject\",\"inLanguage\":\"es\",\"@id\":\"https:\/\/www.blogdelaautoescuela.com\/blog\/al-volante-gente-despierta\/#primaryimage\",\"url\":\"https:\/\/www.blogdelaautoescuela.com\/blog\/wp-content\/uploads\/2012\/12\/Captura-de-pantalla-2012-12-19-a-las-10.58.251.png\",\"contentUrl\":\"https:\/\/www.blogdelaautoescuela.com\/blog\/wp-content\/uploads\/2012\/12\/Captura-de-pantalla-2012-12-19-a-las-10.58.251.png\",\"width\":400,\"height\":137,\"caption\":\"Al volante gente despierta\"},{\"@type\":\"BreadcrumbList\",\"@id\":\"https:\/\/www.blogdelaautoescuela.com\/blog\/al-volante-gente-despierta\/#breadcrumb\",\"itemListElement\":[{\"@type\":\"ListItem\",\"position\":1,\"name\":\"Portada\",\"item\":\"https:\/\/www.blogdelaautoescuela.com\/blog\/\"},{\"@type\":\"ListItem\",\"position\":2,\"name\":\"Al volante gente despierta\"}]},{\"@type\":\"WebSite\",\"@id\":\"https:\/\/www.blogdelaautoescuela.com\/blog\/#website\",\"url\":\"https:\/\/www.blogdelaautoescuela.com\/blog\/\",\"name\":\"Blog de la autoescuela\",\"description\":\"Noticias sobre autoescuelas y seguridad vial\",\"potentialAction\":[{\"@type\":\"SearchAction\",\"target\":{\"@type\":\"EntryPoint\",\"urlTemplate\":\"https:\/\/www.blogdelaautoescuela.com\/blog\/?s={search_term_string}\"},\"query-input\":{\"@type\":\"PropertyValueSpecification\",\"valueRequired\":true,\"valueName\":\"search_term_string\"}}],\"inLanguage\":\"es\"},{\"@type\":\"Person\",\"@id\":\"https:\/\/www.blogdelaautoescuela.com\/blog\/#\/schema\/person\/f209a64ca5dfe74b9acb6317240e792f\",\"name\":\"usr_blogauto\",\"image\":{\"@type\":\"ImageObject\",\"inLanguage\":\"es\",\"@id\":\"https:\/\/www.blogdelaautoescuela.com\/blog\/#\/schema\/person\/image\/\",\"url\":\"https:\/\/secure.gravatar.com\/avatar\/d3939d4ea521ac8421c86d2980321cc9?s=96&d=mm&r=g\",\"contentUrl\":\"https:\/\/secure.gravatar.com\/avatar\/d3939d4ea521ac8421c86d2980321cc9?s=96&d=mm&r=g\",\"caption\":\"usr_blogauto\"},\"description\":\"Blog dedicado a la conducci\u00f3n, las autoescuelas y la seguridad vial. Est\u00e1 creado por un grupo de profesionales de la formaci\u00f3n vial que comparten inquietudes y experiencias. Aqu\u00ed\u00ad podr\u00e1s encontrar informaci\u00f3n variada sobre el d\u00ed\u00ada a d\u00ed\u00ada de la autoescuela, ex\u00e1menes, test o novedades y consejos para una conducci\u00f3n m\u00e1s segura.\",\"sameAs\":[\"http:\/\/www.blogdelaautoescuela.com\/\",\"https:\/\/www.facebook.com\/blogdelaautoescuela\",\"https:\/\/x.com\/autoescuelas\"],\"url\":\"https:\/\/www.blogdelaautoescuela.com\/blog\/author\/usr_blogauto\/\"}]}<\/script>\n<!-- \/ Yoast SEO plugin. -->","yoast_head_json":{"title":"Al volante gente despierta","description":"La somnolencia al volante es uno de los peligros m\u00e1s importantes, por eso, la Federaci\u00f3n Espa\u00f1ola del Caf\u00e9 ha puesto en marcha la campa\u00f1a \"Al volante, gente despierta\"","robots":{"index":"index","follow":"follow","max-snippet":"max-snippet:-1","max-image-preview":"max-image-preview:large","max-video-preview":"max-video-preview:-1"},"canonical":"https:\/\/www.blogdelaautoescuela.com\/blog\/al-volante-gente-despierta\/","og_locale":"es_ES","og_type":"article","og_title":"Al volante gente despierta","og_description":"La somnolencia al volante es uno de los peligros m\u00e1s importantes, por eso, la Federaci\u00f3n Espa\u00f1ola del Caf\u00e9 ha puesto en marcha la campa\u00f1a \"Al volante, gente despierta\"","og_url":"https:\/\/www.blogdelaautoescuela.com\/blog\/al-volante-gente-despierta\/","og_site_name":"Blog de la autoescuela","article_author":"https:\/\/www.facebook.com\/blogdelaautoescuela","article_published_time":"2012-12-19T09:59:09+00:00","og_image":[{"width":400,"height":137,"url":"https:\/\/www.blogdelaautoescuela.com\/blog\/wp-content\/uploads\/2012\/12\/Captura-de-pantalla-2012-12-19-a-las-10.58.251.png","type":"image\/png"}],"author":"usr_blogauto","twitter_misc":{"Escrito por":"usr_blogauto","Tiempo de lectura":"1 minuto"},"schema":{"@context":"https:\/\/schema.org","@graph":[{"@type":"WebPage","@id":"https:\/\/www.blogdelaautoescuela.com\/blog\/al-volante-gente-despierta\/","url":"https:\/\/www.blogdelaautoescuela.com\/blog\/al-volante-gente-despierta\/","name":"Al volante gente despierta","isPartOf":{"@id":"https:\/\/www.blogdelaautoescuela.com\/blog\/#website"},"primaryImageOfPage":{"@id":"https:\/\/www.blogdelaautoescuela.com\/blog\/al-volante-gente-despierta\/#primaryimage"},"image":{"@id":"https:\/\/www.blogdelaautoescuela.com\/blog\/al-volante-gente-despierta\/#primaryimage"},"thumbnailUrl":"https:\/\/www.blogdelaautoescuela.com\/blog\/wp-content\/uploads\/2012\/12\/Captura-de-pantalla-2012-12-19-a-las-10.58.251.png","datePublished":"2012-12-19T09:59:09+00:00","author":{"@id":"https:\/\/www.blogdelaautoescuela.com\/blog\/#\/schema\/person\/f209a64ca5dfe74b9acb6317240e792f"},"description":"La somnolencia al volante es uno de los peligros m\u00e1s importantes, por eso, la Federaci\u00f3n Espa\u00f1ola del Caf\u00e9 ha puesto en marcha la campa\u00f1a \"Al volante, gente despierta\"","breadcrumb":{"@id":"https:\/\/www.blogdelaautoescuela.com\/blog\/al-volante-gente-despierta\/#breadcrumb"},"inLanguage":"es","potentialAction":[{"@type":"ReadAction","target":["https:\/\/www.blogdelaautoescuela.com\/blog\/al-volante-gente-despierta\/"]}]},{"@type":"ImageObject","inLanguage":"es","@id":"https:\/\/www.blogdelaautoescuela.com\/blog\/al-volante-gente-despierta\/#primaryimage","url":"https:\/\/www.blogdelaautoescuela.com\/blog\/wp-content\/uploads\/2012\/12\/Captura-de-pantalla-2012-12-19-a-las-10.58.251.png","contentUrl":"https:\/\/www.blogdelaautoescuela.com\/blog\/wp-content\/uploads\/2012\/12\/Captura-de-pantalla-2012-12-19-a-las-10.58.251.png","width":400,"height":137,"caption":"Al volante gente despierta"},{"@type":"BreadcrumbList","@id":"https:\/\/www.blogdelaautoescuela.com\/blog\/al-volante-gente-despierta\/#breadcrumb","itemListElement":[{"@type":"ListItem","position":1,"name":"Portada","item":"https:\/\/www.blogdelaautoescuela.com\/blog\/"},{"@type":"ListItem","position":2,"name":"Al volante gente despierta"}]},{"@type":"WebSite","@id":"https:\/\/www.blogdelaautoescuela.com\/blog\/#website","url":"https:\/\/www.blogdelaautoescuela.com\/blog\/","name":"Blog de la autoescuela","description":"Noticias sobre autoescuelas y seguridad vial","potentialAction":[{"@type":"SearchAction","target":{"@type":"EntryPoint","urlTemplate":"https:\/\/www.blogdelaautoescuela.com\/blog\/?s={search_term_string}"},"query-input":{"@type":"PropertyValueSpecification","valueRequired":true,"valueName":"search_term_string"}}],"inLanguage":"es"},{"@type":"Person","@id":"https:\/\/www.blogdelaautoescuela.com\/blog\/#\/schema\/person\/f209a64ca5dfe74b9acb6317240e792f","name":"usr_blogauto","image":{"@type":"ImageObject","inLanguage":"es","@id":"https:\/\/www.blogdelaautoescuela.com\/blog\/#\/schema\/person\/image\/","url":"https:\/\/secure.gravatar.com\/avatar\/d3939d4ea521ac8421c86d2980321cc9?s=96&d=mm&r=g","contentUrl":"https:\/\/secure.gravatar.com\/avatar\/d3939d4ea521ac8421c86d2980321cc9?s=96&d=mm&r=g","caption":"usr_blogauto"},"description":"Blog dedicado a la conducci\u00f3n, las autoescuelas y la seguridad vial. Est\u00e1 creado por un grupo de profesionales de la formaci\u00f3n vial que comparten inquietudes y experiencias. Aqu\u00ed\u00ad podr\u00e1s encontrar informaci\u00f3n variada sobre el d\u00ed\u00ada a d\u00ed\u00ada de la autoescuela, ex\u00e1menes, test o novedades y consejos para una conducci\u00f3n m\u00e1s segura.","sameAs":["http:\/\/www.blogdelaautoescuela.com\/","https:\/\/www.facebook.com\/blogdelaautoescuela","https:\/\/x.com\/autoescuelas"],"url":"https:\/\/www.blogdelaautoescuela.com\/blog\/author\/usr_blogauto\/"}]}},"jetpack_featured_media_url":"https:\/\/www.blogdelaautoescuela.com\/blog\/wp-content\/uploads\/2012\/12\/Captura-de-pantalla-2012-12-19-a-las-10.58.251.png","_links":{"self":[{"href":"https:\/\/www.blogdelaautoescuela.com\/blog\/wp-json\/wp\/v2\/posts\/10244","targetHints":{"allow":["GET"]}}],"collection":[{"href":"https:\/\/www.blogdelaautoescuela.com\/blog\/wp-json\/wp\/v2\/posts"}],"about":[{"href":"https:\/\/www.blogdelaautoescuela.com\/blog\/wp-json\/wp\/v2\/types\/post"}],"author":[{"embeddable":true,"href":"https:\/\/www.blogdelaautoescuela.com\/blog\/wp-json\/wp\/v2\/users\/1"}],"replies":[{"embeddable":true,"href":"https:\/\/www.blogdelaautoescuela.com\/blog\/wp-json\/wp\/v2\/comments?post=10244"}],"version-history":[{"count":0,"href":"https:\/\/www.blogdelaautoescuela.com\/blog\/wp-json\/wp\/v2\/posts\/10244\/revisions"}],"wp:featuredmedia":[{"embeddable":true,"href":"https:\/\/www.blogdelaautoescuela.com\/blog\/wp-json\/wp\/v2\/media\/10245"}],"wp:attachment":[{"href":"https:\/\/www.blogdelaautoescuela.com\/blog\/wp-json\/wp\/v2\/media?parent=10244"}],"wp:term":[{"taxonomy":"category","embeddable":true,"href":"https:\/\/www.blogdelaautoescuela.com\/blog\/wp-json\/wp\/v2\/categories?post=10244"},{"taxonomy":"post_tag","embeddable":true,"href":"https:\/\/www.blogdelaautoescuela.com\/blog\/wp-json\/wp\/v2\/tags?post=10244"}],"curies":[{"name":"wp","href":"https:\/\/api.w.org\/{rel}","templated":true}]}}